{"id":388,"date":"2023-08-03T17:23:27","date_gmt":"2023-08-03T17:23:27","guid":{"rendered":"https:\/\/cabellonews.com\/?p=388"},"modified":"2023-08-15T17:24:15","modified_gmt":"2023-08-15T17:24:15","slug":"reporta-salud-incremento-de-enfermedad-diarreica-aguda","status":"publish","type":"post","link":"https:\/\/cabellonews.com\/?p=388","title":{"rendered":"Reporta Salud incremento de enfermedad diarreica aguda"},"content":{"rendered":"\n<p>-Por altas temperaturas y mal manejo de los alimentos<\/p>\n\n\n\n<p>Agosto 03 de 2023<\/p>\n\n\n\n<p>Ciudad Victoria, Tamaulipas.- Las Enfermedades Diarreicas Agudas (EDAS) suelen incrementarse durante la temporada de calor y en este a\u00f1o, Tamaulipas registra m\u00e1s de 91 mil casos de este padecimiento.<\/p>\n\n\n\n<p>Lo anterior lo inform\u00f3 el secretario de Salud, Vicente Joel Hern\u00e1ndez Navarro, al se\u00f1alar que en este a\u00f1o se han registrado 4 brotes de EDAS en el estado, detectados en las jurisdicciones sanitarias de Tampico, Matamoros, Reynosa y Jaumave, en los cuales se vieron afectadas cerca de 50 personas por el consumo de alimentos mal elaborados y manipulados.<\/p>\n\n\n\n<p>\u201cLas altas temperaturas han tenido picos muy altos en el estado y durante las \u00faltimas semanas, este tipo de padecimiento registra una mayor incidencia en el n\u00famero de casos, reportando semanalmente cerca de 5 mil pacientes con esta enfermedad\u201d, dijo.<\/p>\n\n\n\n<p>El titular de Salud, hizo un llamado a la poblaci\u00f3n para adoptar pr\u00e1cticas de higiene en el manejo de los alimentos, cuidar su manipulaci\u00f3n y refrigeraci\u00f3n para evitar su contaminaci\u00f3n, lavarse las manos con frecuencia, as\u00ed como tener especial cuidado en que lugares consumir nuestros alimentos, ya que son parte primordial en la prevenci\u00f3n de las EDAS.<\/p>\n\n\n\n<p>La diarrea es la disminuci\u00f3n de la consistencia usual de las heces y el aumento en la frecuencia diaria de evacuaciones en el individuo, que podr\u00eda ser de m\u00e1s de tres veces al d\u00eda; puede llegar a acompa\u00f1arse de otros s\u00edntomas como v\u00f3mito, dolor abdominal, fiebre y en casos graves llega a la deshidrataci\u00f3n y para prevenirla, es importante dar l\u00edquidos desde su inicio para evitar la p\u00e9rdida de agua y sales.<\/p>\n\n\n\n<p>Por \u00faltimo, recomend\u00f3 consumir agua potable o hervirla por lo menos durante 10 minutos; lavarse las manos con frecuencia con agua y jab\u00f3n antes de preparar y dar los alimentos, despu\u00e9s de ir al ba\u00f1o, cambiar los pa\u00f1ales de los ni\u00f1os o atender a un enfermo, entre otras precauciones.<\/p>\n\n\n<figure class=\"wp-block-post-featured-image\"><img width=\"240\" height=\"172\" src=\"https:\/\/cabellonews.com\/wp-content\/uploads\/2023\/08\/e1506b9e-0794-4152-89fa-ae5af4736a8d-240x172.jpeg\" class=\"attachment-post-thumbnail size-post-thumbnail wp-post-image\" alt=\"\" decoding=\"async\" loading=\"lazy\" \/><\/figure>\n\n\n<pre class=\"wp-block-code\"><code>     *    *   *<\/code><\/pre>\n","protected":false},"excerpt":{"rendered":"<p>-Por altas temperaturas y mal manejo de los alimentos Agosto 03 de 2023 Ciudad Victoria, Tamaulipas.- Las Enfermedades Diarreicas Agudas (EDAS) suelen incrementarse durante la temporada de calor y en este a\u00f1o, Tamaulipas registra m\u00e1s de 91 mil casos de este padecimiento. Lo anterior lo inform\u00f3 el secretario de Salud, Vicente Joel Hern\u00e1ndez Navarro, al se\u00f1alar que en este a\u00f1o se han registrado 4 brotes de EDAS en el estado, detectados en las jurisdicciones sanitarias de Tampico, Matamoros, Reynosa y Jaumave, en los cuales se vieron afectadas cerca de 50&hellip;<\/p>\n","protected":false},"author":1,"featured_media":389,"comment_status":"open","ping_status":"open","sticky":false,"template":"","format":"standard","meta":[],"categories":[1],"tags":[],"gutentor_comment":0,"yoast_head":"<!-- This site is optimized with the Yoast SEO plugin v20.10 - https:\/\/yoast.com\/wordpress\/plugins\/seo\/ -->\n<title>Reporta Salud incremento de enfermedad diarreica aguda - cabellonews.com<\/title>\n<meta name=\"robots\" content=\"index, follow, max-snippet:-1, max-image-preview:large, max-video-preview:-1\" \/>\n<link rel=\"canonical\" href=\"https:\/\/cabellonews.com\/?p=388\" \/>\n<meta property=\"og:locale\" content=\"en_US\" \/>\n<meta property=\"og:type\" content=\"article\" \/>\n<meta property=\"og:title\" content=\"Reporta Salud incremento de enfermedad diarreica aguda - cabellonews.com\" \/>\n<meta property=\"og:description\" content=\"-Por altas temperaturas y mal manejo de los alimentos Agosto 03 de 2023 Ciudad Victoria, Tamaulipas.- Las Enfermedades Diarreicas Agudas (EDAS) suelen incrementarse durante la temporada de calor y en este a\u00f1o, Tamaulipas registra m\u00e1s de 91 mil casos de este padecimiento. Lo anterior lo inform\u00f3 el secretario de Salud, Vicente Joel Hern\u00e1ndez Navarro, al se\u00f1alar que en este a\u00f1o se han registrado 4 brotes de EDAS en el estado, detectados en las jurisdicciones sanitarias de Tampico, Matamoros, Reynosa y Jaumave, en los cuales se vieron afectadas cerca de 50&hellip;\" \/>\n<meta property=\"og:url\" content=\"https:\/\/cabellonews.com\/?p=388\" \/>\n<meta property=\"og:site_name\" content=\"cabellonews.com\" \/>\n<meta property=\"article:published_time\" content=\"2023-08-03T17:23:27+00:00\" \/>\n<meta property=\"article:modified_time\" content=\"2023-08-15T17:24:15+00:00\" \/>\n<meta property=\"og:image\" content=\"http:\/\/cabellonews.com\/wp-content\/uploads\/2023\/08\/e1506b9e-0794-4152-89fa-ae5af4736a8d.jpeg\" \/>\n\t<meta property=\"og:image:width\" content=\"1024\" \/>\n\t<meta property=\"og:image:height\" content=\"698\" \/>\n\t<meta property=\"og:image:type\" content=\"image\/jpeg\" \/>\n<meta name=\"author\" content=\"cabellonews.com\" \/>\n<meta name=\"twitter:card\" content=\"summary_large_image\" \/>\n<meta name=\"twitter:label1\" content=\"Written by\" \/>\n\t<meta name=\"twitter:data1\" content=\"cabellonews.com\" \/>\n\t<meta name=\"twitter:label2\" content=\"Est. reading time\" \/>\n\t<meta name=\"twitter:data2\" content=\"2 minutes\" \/>\n<script type=\"application\/ld+json\" class=\"yoast-schema-graph\">{\"@context\":\"https:\/\/schema.org\",\"@graph\":[{\"@type\":\"WebPage\",\"@id\":\"https:\/\/cabellonews.com\/?p=388\",\"url\":\"https:\/\/cabellonews.com\/?p=388\",\"name\":\"Reporta Salud incremento de enfermedad diarreica aguda - cabellonews.com\",\"isPartOf\":{\"@id\":\"https:\/\/cabellonews.com\/#website\"},\"datePublished\":\"2023-08-03T17:23:27+00:00\",\"dateModified\":\"2023-08-15T17:24:15+00:00\",\"author\":{\"@id\":\"https:\/\/cabellonews.com\/#\/schema\/person\/7afe73bafa6cc5a24fd4c67dfd4379d8\"},\"breadcrumb\":{\"@id\":\"https:\/\/cabellonews.com\/?p=388#breadcrumb\"},\"inLanguage\":\"en-US\",\"potentialAction\":[{\"@type\":\"ReadAction\",\"target\":[\"https:\/\/cabellonews.com\/?p=388\"]}]},{\"@type\":\"BreadcrumbList\",\"@id\":\"https:\/\/cabellonews.com\/?p=388#breadcrumb\",\"itemListElement\":[{\"@type\":\"ListItem\",\"position\":1,\"name\":\"Inicio\",\"item\":\"https:\/\/cabellonews.com\/\"},{\"@type\":\"ListItem\",\"position\":2,\"name\":\"Reporta Salud incremento de enfermedad diarreica aguda\"}]},{\"@type\":\"WebSite\",\"@id\":\"https:\/\/cabellonews.com\/#website\",\"url\":\"https:\/\/cabellonews.com\/\",\"name\":\"cabellonews.com\",\"description\":\"Con Cobertura En Tamaulipas Y norte de Veracruz\",\"potentialAction\":[{\"@type\":\"SearchAction\",\"target\":{\"@type\":\"EntryPoint\",\"urlTemplate\":\"https:\/\/cabellonews.com\/?s={search_term_string}\"},\"query-input\":\"required name=search_term_string\"}],\"inLanguage\":\"en-US\"},{\"@type\":\"Person\",\"@id\":\"https:\/\/cabellonews.com\/#\/schema\/person\/7afe73bafa6cc5a24fd4c67dfd4379d8\",\"name\":\"cabellonews.com\",\"image\":{\"@type\":\"ImageObject\",\"inLanguage\":\"en-US\",\"@id\":\"https:\/\/cabellonews.com\/#\/schema\/person\/image\/\",\"url\":\"https:\/\/secure.gravatar.com\/avatar\/8d6324fc2806389aad4cd38639618406?s=96&d=mm&r=g\",\"contentUrl\":\"https:\/\/secure.gravatar.com\/avatar\/8d6324fc2806389aad4cd38639618406?s=96&d=mm&r=g\",\"caption\":\"cabellonews.com\"},\"sameAs\":[\"http:\/\/cabellonews.com\"],\"url\":\"https:\/\/cabellonews.com\/?author=1\"}]}<\/script>\n<!-- \/ Yoast SEO plugin. -->","yoast_head_json":{"title":"Reporta Salud incremento de enfermedad diarreica aguda - cabellonews.com","robots":{"index":"index","follow":"follow","max-snippet":"max-snippet:-1","max-image-preview":"max-image-preview:large","max-video-preview":"max-video-preview:-1"},"canonical":"https:\/\/cabellonews.com\/?p=388","og_locale":"en_US","og_type":"article","og_title":"Reporta Salud incremento de enfermedad diarreica aguda - cabellonews.com","og_description":"-Por altas temperaturas y mal manejo de los alimentos Agosto 03 de 2023 Ciudad Victoria, Tamaulipas.- Las Enfermedades Diarreicas Agudas (EDAS) suelen incrementarse durante la temporada de calor y en este a\u00f1o, Tamaulipas registra m\u00e1s de 91 mil casos de este padecimiento. Lo anterior lo inform\u00f3 el secretario de Salud, Vicente Joel Hern\u00e1ndez Navarro, al se\u00f1alar que en este a\u00f1o se han registrado 4 brotes de EDAS en el estado, detectados en las jurisdicciones sanitarias de Tampico, Matamoros, Reynosa y Jaumave, en los cuales se vieron afectadas cerca de 50&hellip;","og_url":"https:\/\/cabellonews.com\/?p=388","og_site_name":"cabellonews.com","article_published_time":"2023-08-03T17:23:27+00:00","article_modified_time":"2023-08-15T17:24:15+00:00","og_image":[{"width":1024,"height":698,"url":"http:\/\/cabellonews.com\/wp-content\/uploads\/2023\/08\/e1506b9e-0794-4152-89fa-ae5af4736a8d.jpeg","type":"image\/jpeg"}],"author":"cabellonews.com","twitter_card":"summary_large_image","twitter_misc":{"Written by":"cabellonews.com","Est. reading time":"2 minutes"},"schema":{"@context":"https:\/\/schema.org","@graph":[{"@type":"WebPage","@id":"https:\/\/cabellonews.com\/?p=388","url":"https:\/\/cabellonews.com\/?p=388","name":"Reporta Salud incremento de enfermedad diarreica aguda - cabellonews.com","isPartOf":{"@id":"https:\/\/cabellonews.com\/#website"},"datePublished":"2023-08-03T17:23:27+00:00","dateModified":"2023-08-15T17:24:15+00:00","author":{"@id":"https:\/\/cabellonews.com\/#\/schema\/person\/7afe73bafa6cc5a24fd4c67dfd4379d8"},"breadcrumb":{"@id":"https:\/\/cabellonews.com\/?p=388#breadcrumb"},"inLanguage":"en-US","potentialAction":[{"@type":"ReadAction","target":["https:\/\/cabellonews.com\/?p=388"]}]},{"@type":"BreadcrumbList","@id":"https:\/\/cabellonews.com\/?p=388#breadcrumb","itemListElement":[{"@type":"ListItem","position":1,"name":"Inicio","item":"https:\/\/cabellonews.com\/"},{"@type":"ListItem","position":2,"name":"Reporta Salud incremento de enfermedad diarreica aguda"}]},{"@type":"WebSite","@id":"https:\/\/cabellonews.com\/#website","url":"https:\/\/cabellonews.com\/","name":"cabellonews.com","description":"Con Cobertura En Tamaulipas Y norte de Veracruz","potentialAction":[{"@type":"SearchAction","target":{"@type":"EntryPoint","urlTemplate":"https:\/\/cabellonews.com\/?s={search_term_string}"},"query-input":"required name=search_term_string"}],"inLanguage":"en-US"},{"@type":"Person","@id":"https:\/\/cabellonews.com\/#\/schema\/person\/7afe73bafa6cc5a24fd4c67dfd4379d8","name":"cabellonews.com","image":{"@type":"ImageObject","inLanguage":"en-US","@id":"https:\/\/cabellonews.com\/#\/schema\/person\/image\/","url":"https:\/\/secure.gravatar.com\/avatar\/8d6324fc2806389aad4cd38639618406?s=96&d=mm&r=g","contentUrl":"https:\/\/secure.gravatar.com\/avatar\/8d6324fc2806389aad4cd38639618406?s=96&d=mm&r=g","caption":"cabellonews.com"},"sameAs":["http:\/\/cabellonews.com"],"url":"https:\/\/cabellonews.com\/?author=1"}]}},"_links":{"self":[{"href":"https:\/\/cabellonews.com\/index.php?rest_route=\/wp\/v2\/posts\/388"}],"collection":[{"href":"https:\/\/cabellonews.com\/index.php?rest_route=\/wp\/v2\/posts"}],"about":[{"href":"https:\/\/cabellonews.com\/index.php?rest_route=\/wp\/v2\/types\/post"}],"author":[{"embeddable":true,"href":"https:\/\/cabellonews.com\/index.php?rest_route=\/wp\/v2\/users\/1"}],"replies":[{"embeddable":true,"href":"https:\/\/cabellonews.com\/index.php?rest_route=%2Fwp%2Fv2%2Fcomments&post=388"}],"version-history":[{"count":1,"href":"https:\/\/cabellonews.com\/index.php?rest_route=\/wp\/v2\/posts\/388\/revisions"}],"predecessor-version":[{"id":390,"href":"https:\/\/cabellonews.com\/index.php?rest_route=\/wp\/v2\/posts\/388\/revisions\/390"}],"wp:featuredmedia":[{"embeddable":true,"href":"https:\/\/cabellonews.com\/index.php?rest_route=\/wp\/v2\/media\/389"}],"wp:attachment":[{"href":"https:\/\/cabellonews.com\/index.php?rest_route=%2Fwp%2Fv2%2Fmedia&parent=388"}],"wp:term":[{"taxonomy":"category","embeddable":true,"href":"https:\/\/cabellonews.com\/index.php?rest_route=%2Fwp%2Fv2%2Fcategories&post=388"},{"taxonomy":"post_tag","embeddable":true,"href":"https:\/\/cabellonews.com\/index.php?rest_route=%2Fwp%2Fv2%2Ftags&post=388"}],"curies":[{"name":"wp","href":"https:\/\/api.w.org\/{rel}","templated":true}]}}