{"id":385,"date":"2023-08-03T17:21:53","date_gmt":"2023-08-03T17:21:53","guid":{"rendered":"https:\/\/cabellonews.com\/?p=385"},"modified":"2023-08-15T17:22:33","modified_gmt":"2023-08-15T17:22:33","slug":"reinician-actividades-en-la-universidad-tecnologica-de-nuevo-laredo","status":"publish","type":"post","link":"https:\/\/cabellonews.com\/?p=385","title":{"rendered":"Reinician actividades en la Universidad Tecnol\u00f3gica de Nuevo Laredo"},"content":{"rendered":"\n<p>Agosto 03 de 2023<\/p>\n\n\n\n<p>Nuevo Laredo, Tamaulipas.\u2013 Luego del periodo vacacional, m\u00e1s de mil 300 estudiantes, docentes y personal administrativo de la Universidad Tecnol\u00f3gica de Nuevo Laredo, reiniciaron sus actividades acad\u00e9micas durante la primer semana de agosto, lo que representa la recta final del segundo cuatrimestre del a\u00f1o.<\/p>\n\n\n\n<p>Adem\u00e1s, las y los estudiantes de nuevo ingreso, inscritos al tercer y \u00faltimo cuatrimestre del a\u00f1o, atienden el curso proped\u00e9utico en preparaci\u00f3n al examen CENEVAL, programado para el pr\u00f3ximo s\u00e1bado cinco de agosto.<\/p>\n\n\n\n<p>Con gran entusiasmo y renovadas energ\u00edas, las y los alumnos, junto al personal educativo, esperan concluir el presente cuatrimestre de manera exitosa y continuar su formaci\u00f3n en el cuatrimestre septiembre-diciembre, previsto a iniciar el lunes 4 de septiembre.<\/p>\n\n\n\n<p>El regreso a clases en la Universidad Tecnol\u00f3gica de Nuevo Laredo representa la oportunidad para que las y los j\u00f3venes prosigan con su trayectoria acad\u00e9mica y construyan su futuro, acorde a las pol\u00edticas que garantizan una educaci\u00f3n de calidad, tal como el gobierno de Am\u00e9rico Villarreal Anaya lo ha dispuesto y cumplido a trav\u00e9s de la Secretar\u00eda de Educaci\u00f3n de Tamaulipas.<\/p>\n\n\n<figure class=\"wp-block-post-featured-image\"><img width=\"240\" height=\"172\" src=\"https:\/\/cabellonews.com\/wp-content\/uploads\/2023\/08\/7fd74df0-91b7-492b-bd3e-0904b6306713-240x172.jpeg\" class=\"attachment-post-thumbnail size-post-thumbnail wp-post-image\" alt=\"\" decoding=\"async\" loading=\"lazy\" \/><\/figure>\n\n\n<pre class=\"wp-block-code\"><code>   *    *   *<\/code><\/pre>\n","protected":false},"excerpt":{"rendered":"<p>Agosto 03 de 2023 Nuevo Laredo, Tamaulipas.\u2013 Luego del periodo vacacional, m\u00e1s de mil 300 estudiantes, docentes y personal administrativo de la Universidad Tecnol\u00f3gica de Nuevo Laredo, reiniciaron sus actividades acad\u00e9micas durante la primer semana de agosto, lo que representa la recta final del segundo cuatrimestre del a\u00f1o. Adem\u00e1s, las y los estudiantes de nuevo ingreso, inscritos al tercer y \u00faltimo cuatrimestre del a\u00f1o, atienden el curso proped\u00e9utico en preparaci\u00f3n al examen CENEVAL, programado para el pr\u00f3ximo s\u00e1bado cinco de agosto. Con gran entusiasmo y renovadas energ\u00edas, las y los&hellip;<\/p>\n","protected":false},"author":1,"featured_media":386,"comment_status":"open","ping_status":"open","sticky":false,"template":"","format":"standard","meta":[],"categories":[1],"tags":[],"gutentor_comment":0,"yoast_head":"<!-- This site is optimized with the Yoast SEO plugin v20.10 - https:\/\/yoast.com\/wordpress\/plugins\/seo\/ -->\n<title>Reinician actividades en la Universidad Tecnol\u00f3gica de Nuevo Laredo - cabellonews.com<\/title>\n<meta name=\"robots\" content=\"index, follow, max-snippet:-1, max-image-preview:large, max-video-preview:-1\" \/>\n<link rel=\"canonical\" href=\"https:\/\/cabellonews.com\/?p=385\" \/>\n<meta property=\"og:locale\" content=\"en_US\" \/>\n<meta property=\"og:type\" content=\"article\" \/>\n<meta property=\"og:title\" content=\"Reinician actividades en la Universidad Tecnol\u00f3gica de Nuevo Laredo - cabellonews.com\" \/>\n<meta property=\"og:description\" content=\"Agosto 03 de 2023 Nuevo Laredo, Tamaulipas.\u2013 Luego del periodo vacacional, m\u00e1s de mil 300 estudiantes, docentes y personal administrativo de la Universidad Tecnol\u00f3gica de Nuevo Laredo, reiniciaron sus actividades acad\u00e9micas durante la primer semana de agosto, lo que representa la recta final del segundo cuatrimestre del a\u00f1o. Adem\u00e1s, las y los estudiantes de nuevo ingreso, inscritos al tercer y \u00faltimo cuatrimestre del a\u00f1o, atienden el curso proped\u00e9utico en preparaci\u00f3n al examen CENEVAL, programado para el pr\u00f3ximo s\u00e1bado cinco de agosto. Con gran entusiasmo y renovadas energ\u00edas, las y los&hellip;\" \/>\n<meta property=\"og:url\" content=\"https:\/\/cabellonews.com\/?p=385\" \/>\n<meta property=\"og:site_name\" content=\"cabellonews.com\" \/>\n<meta property=\"article:published_time\" content=\"2023-08-03T17:21:53+00:00\" \/>\n<meta property=\"article:modified_time\" content=\"2023-08-15T17:22:33+00:00\" \/>\n<meta property=\"og:image\" content=\"http:\/\/cabellonews.com\/wp-content\/uploads\/2023\/08\/7fd74df0-91b7-492b-bd3e-0904b6306713.jpeg\" \/>\n\t<meta property=\"og:image:width\" content=\"1024\" \/>\n\t<meta property=\"og:image:height\" content=\"682\" \/>\n\t<meta property=\"og:image:type\" content=\"image\/jpeg\" \/>\n<meta name=\"author\" content=\"cabellonews.com\" \/>\n<meta name=\"twitter:card\" content=\"summary_large_image\" \/>\n<meta name=\"twitter:label1\" content=\"Written by\" \/>\n\t<meta name=\"twitter:data1\" content=\"cabellonews.com\" \/>\n\t<meta name=\"twitter:label2\" content=\"Est. reading time\" \/>\n\t<meta name=\"twitter:data2\" content=\"1 minute\" \/>\n<script type=\"application\/ld+json\" class=\"yoast-schema-graph\">{\"@context\":\"https:\/\/schema.org\",\"@graph\":[{\"@type\":\"WebPage\",\"@id\":\"https:\/\/cabellonews.com\/?p=385\",\"url\":\"https:\/\/cabellonews.com\/?p=385\",\"name\":\"Reinician actividades en la Universidad Tecnol\u00f3gica de Nuevo Laredo - cabellonews.com\",\"isPartOf\":{\"@id\":\"https:\/\/cabellonews.com\/#website\"},\"datePublished\":\"2023-08-03T17:21:53+00:00\",\"dateModified\":\"2023-08-15T17:22:33+00:00\",\"author\":{\"@id\":\"https:\/\/cabellonews.com\/#\/schema\/person\/7afe73bafa6cc5a24fd4c67dfd4379d8\"},\"breadcrumb\":{\"@id\":\"https:\/\/cabellonews.com\/?p=385#breadcrumb\"},\"inLanguage\":\"en-US\",\"potentialAction\":[{\"@type\":\"ReadAction\",\"target\":[\"https:\/\/cabellonews.com\/?p=385\"]}]},{\"@type\":\"BreadcrumbList\",\"@id\":\"https:\/\/cabellonews.com\/?p=385#breadcrumb\",\"itemListElement\":[{\"@type\":\"ListItem\",\"position\":1,\"name\":\"Inicio\",\"item\":\"https:\/\/cabellonews.com\/\"},{\"@type\":\"ListItem\",\"position\":2,\"name\":\"Reinician actividades en la Universidad Tecnol\u00f3gica de Nuevo Laredo\"}]},{\"@type\":\"WebSite\",\"@id\":\"https:\/\/cabellonews.com\/#website\",\"url\":\"https:\/\/cabellonews.com\/\",\"name\":\"cabellonews.com\",\"description\":\"Con Cobertura En Tamaulipas Y norte de Veracruz\",\"potentialAction\":[{\"@type\":\"SearchAction\",\"target\":{\"@type\":\"EntryPoint\",\"urlTemplate\":\"https:\/\/cabellonews.com\/?s={search_term_string}\"},\"query-input\":\"required name=search_term_string\"}],\"inLanguage\":\"en-US\"},{\"@type\":\"Person\",\"@id\":\"https:\/\/cabellonews.com\/#\/schema\/person\/7afe73bafa6cc5a24fd4c67dfd4379d8\",\"name\":\"cabellonews.com\",\"image\":{\"@type\":\"ImageObject\",\"inLanguage\":\"en-US\",\"@id\":\"https:\/\/cabellonews.com\/#\/schema\/person\/image\/\",\"url\":\"https:\/\/secure.gravatar.com\/avatar\/8d6324fc2806389aad4cd38639618406?s=96&d=mm&r=g\",\"contentUrl\":\"https:\/\/secure.gravatar.com\/avatar\/8d6324fc2806389aad4cd38639618406?s=96&d=mm&r=g\",\"caption\":\"cabellonews.com\"},\"sameAs\":[\"http:\/\/cabellonews.com\"],\"url\":\"https:\/\/cabellonews.com\/?author=1\"}]}<\/script>\n<!-- \/ Yoast SEO plugin. -->","yoast_head_json":{"title":"Reinician actividades en la Universidad Tecnol\u00f3gica de Nuevo Laredo - cabellonews.com","robots":{"index":"index","follow":"follow","max-snippet":"max-snippet:-1","max-image-preview":"max-image-preview:large","max-video-preview":"max-video-preview:-1"},"canonical":"https:\/\/cabellonews.com\/?p=385","og_locale":"en_US","og_type":"article","og_title":"Reinician actividades en la Universidad Tecnol\u00f3gica de Nuevo Laredo - cabellonews.com","og_description":"Agosto 03 de 2023 Nuevo Laredo, Tamaulipas.\u2013 Luego del periodo vacacional, m\u00e1s de mil 300 estudiantes, docentes y personal administrativo de la Universidad Tecnol\u00f3gica de Nuevo Laredo, reiniciaron sus actividades acad\u00e9micas durante la primer semana de agosto, lo que representa la recta final del segundo cuatrimestre del a\u00f1o. Adem\u00e1s, las y los estudiantes de nuevo ingreso, inscritos al tercer y \u00faltimo cuatrimestre del a\u00f1o, atienden el curso proped\u00e9utico en preparaci\u00f3n al examen CENEVAL, programado para el pr\u00f3ximo s\u00e1bado cinco de agosto. Con gran entusiasmo y renovadas energ\u00edas, las y los&hellip;","og_url":"https:\/\/cabellonews.com\/?p=385","og_site_name":"cabellonews.com","article_published_time":"2023-08-03T17:21:53+00:00","article_modified_time":"2023-08-15T17:22:33+00:00","og_image":[{"width":1024,"height":682,"url":"http:\/\/cabellonews.com\/wp-content\/uploads\/2023\/08\/7fd74df0-91b7-492b-bd3e-0904b6306713.jpeg","type":"image\/jpeg"}],"author":"cabellonews.com","twitter_card":"summary_large_image","twitter_misc":{"Written by":"cabellonews.com","Est. reading time":"1 minute"},"schema":{"@context":"https:\/\/schema.org","@graph":[{"@type":"WebPage","@id":"https:\/\/cabellonews.com\/?p=385","url":"https:\/\/cabellonews.com\/?p=385","name":"Reinician actividades en la Universidad Tecnol\u00f3gica de Nuevo Laredo - cabellonews.com","isPartOf":{"@id":"https:\/\/cabellonews.com\/#website"},"datePublished":"2023-08-03T17:21:53+00:00","dateModified":"2023-08-15T17:22:33+00:00","author":{"@id":"https:\/\/cabellonews.com\/#\/schema\/person\/7afe73bafa6cc5a24fd4c67dfd4379d8"},"breadcrumb":{"@id":"https:\/\/cabellonews.com\/?p=385#breadcrumb"},"inLanguage":"en-US","potentialAction":[{"@type":"ReadAction","target":["https:\/\/cabellonews.com\/?p=385"]}]},{"@type":"BreadcrumbList","@id":"https:\/\/cabellonews.com\/?p=385#breadcrumb","itemListElement":[{"@type":"ListItem","position":1,"name":"Inicio","item":"https:\/\/cabellonews.com\/"},{"@type":"ListItem","position":2,"name":"Reinician actividades en la Universidad Tecnol\u00f3gica de Nuevo Laredo"}]},{"@type":"WebSite","@id":"https:\/\/cabellonews.com\/#website","url":"https:\/\/cabellonews.com\/","name":"cabellonews.com","description":"Con Cobertura En Tamaulipas Y norte de Veracruz","potentialAction":[{"@type":"SearchAction","target":{"@type":"EntryPoint","urlTemplate":"https:\/\/cabellonews.com\/?s={search_term_string}"},"query-input":"required name=search_term_string"}],"inLanguage":"en-US"},{"@type":"Person","@id":"https:\/\/cabellonews.com\/#\/schema\/person\/7afe73bafa6cc5a24fd4c67dfd4379d8","name":"cabellonews.com","image":{"@type":"ImageObject","inLanguage":"en-US","@id":"https:\/\/cabellonews.com\/#\/schema\/person\/image\/","url":"https:\/\/secure.gravatar.com\/avatar\/8d6324fc2806389aad4cd38639618406?s=96&d=mm&r=g","contentUrl":"https:\/\/secure.gravatar.com\/avatar\/8d6324fc2806389aad4cd38639618406?s=96&d=mm&r=g","caption":"cabellonews.com"},"sameAs":["http:\/\/cabellonews.com"],"url":"https:\/\/cabellonews.com\/?author=1"}]}},"_links":{"self":[{"href":"https:\/\/cabellonews.com\/index.php?rest_route=\/wp\/v2\/posts\/385"}],"collection":[{"href":"https:\/\/cabellonews.com\/index.php?rest_route=\/wp\/v2\/posts"}],"about":[{"href":"https:\/\/cabellonews.com\/index.php?rest_route=\/wp\/v2\/types\/post"}],"author":[{"embeddable":true,"href":"https:\/\/cabellonews.com\/index.php?rest_route=\/wp\/v2\/users\/1"}],"replies":[{"embeddable":true,"href":"https:\/\/cabellonews.com\/index.php?rest_route=%2Fwp%2Fv2%2Fcomments&post=385"}],"version-history":[{"count":1,"href":"https:\/\/cabellonews.com\/index.php?rest_route=\/wp\/v2\/posts\/385\/revisions"}],"predecessor-version":[{"id":387,"href":"https:\/\/cabellonews.com\/index.php?rest_route=\/wp\/v2\/posts\/385\/revisions\/387"}],"wp:featuredmedia":[{"embeddable":true,"href":"https:\/\/cabellonews.com\/index.php?rest_route=\/wp\/v2\/media\/386"}],"wp:attachment":[{"href":"https:\/\/cabellonews.com\/index.php?rest_route=%2Fwp%2Fv2%2Fmedia&parent=385"}],"wp:term":[{"taxonomy":"category","embeddable":true,"href":"https:\/\/cabellonews.com\/index.php?rest_route=%2Fwp%2Fv2%2Fcategories&post=385"},{"taxonomy":"post_tag","embeddable":true,"href":"https:\/\/cabellonews.com\/index.php?rest_route=%2Fwp%2Fv2%2Ftags&post=385"}],"curies":[{"name":"wp","href":"https:\/\/api.w.org\/{rel}","templated":true}]}}