{"id":364,"date":"2023-08-04T23:24:50","date_gmt":"2023-08-04T23:24:50","guid":{"rendered":"https:\/\/cabellonews.com\/?p=364"},"modified":"2023-08-04T23:24:51","modified_gmt":"2023-08-04T23:24:51","slug":"autoridades-realizan-revision-interinstitucional-en-cedes-nuevo-laredo","status":"publish","type":"post","link":"https:\/\/cabellonews.com\/?p=364","title":{"rendered":"Autoridades realizan revisi\u00f3n interinstitucional en CEDES Nuevo Laredo"},"content":{"rendered":"\n<p>Nuevo Laredo, Tamaulipas.- En coordinaci\u00f3n con la Secretar\u00eda de la Defensa Nacional (SEDENA), la Comisi\u00f3n de Derechos Humanos del Estado de Tamaulipas (CODHET), Guardia Nacional (GN) y la Fiscal\u00eda General de Justicia del Estado de Tamaulipas (FGJT), personal de la Guardia Estatal llev\u00f3 a cabo una revisi\u00f3n en el Centro de Ejecuci\u00f3n de Sanciones (CEDES) en el municipio de Nuevo Laredo.<\/p>\n\n\n\n<p>En esta actividad participaron elementos de los Cuerpos de Vigilancia Custodia y Seguridad as\u00ed como 60 efectivos y un binomio canino de la Guardia Estatal pertenecientes a la coordinaci\u00f3n de este municipio.<\/p>\n\n\n\n<p>Resultado de esta revisi\u00f3n se encontraron y aseguraron aparatos electr\u00f3nicos, entre ellos un bafle, 25 bocinas, cuatro televisores, un codificador, 18 memorias USB, 24 ventiladores hechizos, nueve calentadores, cuatro controles de televisor, una bater\u00eda, un reproductor DVD, tres parrillas el\u00e9ctricas, una b\u00e1scula el\u00e9ctrica y una cafetera.<\/p>\n\n\n\n<p>Adicionalmente se hallaron cinco tijeras, 18 encendedores, 50 gorras de b\u00e9isbol, 10 pares de zapatos, cuatro cinturones, 12 pantalones obscuros, 29 playeras obscuras, 15 chamarras y una carriola porta beb\u00e9.<\/p>\n\n\n\n<p>Esta revisi\u00f3n se realiz\u00f3 con apego estricto a los Derechos Humanos de las personas privadas de la libertad (PPLs) y se llevan a cabo de manera peri\u00f3dica con el objetivo de mantener la seguridad al interior de los centros penitenciarios de la entidad.<\/p>\n\n\n<figure class=\"wp-block-post-featured-image\"><img width=\"240\" height=\"172\" src=\"https:\/\/cabellonews.com\/wp-content\/uploads\/2023\/08\/7573ae5e-e780-4785-a36b-0ba9751250a4-240x172.jpeg\" class=\"attachment-post-thumbnail size-post-thumbnail wp-post-image\" alt=\"\" decoding=\"async\" loading=\"lazy\" \/><\/figure>","protected":false},"excerpt":{"rendered":"<p>Nuevo Laredo, Tamaulipas.- En coordinaci\u00f3n con la Secretar\u00eda de la Defensa Nacional (SEDENA), la Comisi\u00f3n de Derechos Humanos del Estado de Tamaulipas (CODHET), Guardia Nacional (GN) y la Fiscal\u00eda General de Justicia del Estado de Tamaulipas (FGJT), personal de la Guardia Estatal llev\u00f3 a cabo una revisi\u00f3n en el Centro de Ejecuci\u00f3n de Sanciones (CEDES) en el municipio de Nuevo Laredo. En esta actividad participaron elementos de los Cuerpos de Vigilancia Custodia y Seguridad as\u00ed como 60 efectivos y un binomio canino de la Guardia Estatal pertenecientes a la coordinaci\u00f3n&hellip;<\/p>\n","protected":false},"author":1,"featured_media":365,"comment_status":"open","ping_status":"open","sticky":false,"template":"","format":"standard","meta":[],"categories":[1],"tags":[],"gutentor_comment":0,"yoast_head":"<!-- This site is optimized with the Yoast SEO plugin v20.10 - https:\/\/yoast.com\/wordpress\/plugins\/seo\/ -->\n<title>Autoridades realizan revisi\u00f3n interinstitucional en CEDES Nuevo Laredo - cabellonews.com<\/title>\n<meta name=\"robots\" content=\"index, follow, max-snippet:-1, max-image-preview:large, max-video-preview:-1\" \/>\n<link rel=\"canonical\" href=\"https:\/\/cabellonews.com\/?p=364\" \/>\n<meta property=\"og:locale\" content=\"en_US\" \/>\n<meta property=\"og:type\" content=\"article\" \/>\n<meta property=\"og:title\" content=\"Autoridades realizan revisi\u00f3n interinstitucional en CEDES Nuevo Laredo - cabellonews.com\" \/>\n<meta property=\"og:description\" content=\"Nuevo Laredo, Tamaulipas.- En coordinaci\u00f3n con la Secretar\u00eda de la Defensa Nacional (SEDENA), la Comisi\u00f3n de Derechos Humanos del Estado de Tamaulipas (CODHET), Guardia Nacional (GN) y la Fiscal\u00eda General de Justicia del Estado de Tamaulipas (FGJT), personal de la Guardia Estatal llev\u00f3 a cabo una revisi\u00f3n en el Centro de Ejecuci\u00f3n de Sanciones (CEDES) en el municipio de Nuevo Laredo. En esta actividad participaron elementos de los Cuerpos de Vigilancia Custodia y Seguridad as\u00ed como 60 efectivos y un binomio canino de la Guardia Estatal pertenecientes a la coordinaci\u00f3n&hellip;\" \/>\n<meta property=\"og:url\" content=\"https:\/\/cabellonews.com\/?p=364\" \/>\n<meta property=\"og:site_name\" content=\"cabellonews.com\" \/>\n<meta property=\"article:published_time\" content=\"2023-08-04T23:24:50+00:00\" \/>\n<meta property=\"article:modified_time\" content=\"2023-08-04T23:24:51+00:00\" \/>\n<meta property=\"og:image\" content=\"http:\/\/cabellonews.com\/wp-content\/uploads\/2023\/08\/7573ae5e-e780-4785-a36b-0ba9751250a4.jpeg\" \/>\n\t<meta property=\"og:image:width\" content=\"589\" \/>\n\t<meta property=\"og:image:height\" content=\"555\" \/>\n\t<meta property=\"og:image:type\" content=\"image\/jpeg\" \/>\n<meta name=\"author\" content=\"cabellonews.com\" \/>\n<meta name=\"twitter:card\" content=\"summary_large_image\" \/>\n<meta name=\"twitter:label1\" content=\"Written by\" \/>\n\t<meta name=\"twitter:data1\" content=\"cabellonews.com\" \/>\n\t<meta name=\"twitter:label2\" content=\"Est. reading time\" \/>\n\t<meta name=\"twitter:data2\" content=\"1 minute\" \/>\n<script type=\"application\/ld+json\" class=\"yoast-schema-graph\">{\"@context\":\"https:\/\/schema.org\",\"@graph\":[{\"@type\":\"WebPage\",\"@id\":\"https:\/\/cabellonews.com\/?p=364\",\"url\":\"https:\/\/cabellonews.com\/?p=364\",\"name\":\"Autoridades realizan revisi\u00f3n interinstitucional en CEDES Nuevo Laredo - cabellonews.com\",\"isPartOf\":{\"@id\":\"https:\/\/cabellonews.com\/#website\"},\"datePublished\":\"2023-08-04T23:24:50+00:00\",\"dateModified\":\"2023-08-04T23:24:51+00:00\",\"author\":{\"@id\":\"https:\/\/cabellonews.com\/#\/schema\/person\/7afe73bafa6cc5a24fd4c67dfd4379d8\"},\"breadcrumb\":{\"@id\":\"https:\/\/cabellonews.com\/?p=364#breadcrumb\"},\"inLanguage\":\"en-US\",\"potentialAction\":[{\"@type\":\"ReadAction\",\"target\":[\"https:\/\/cabellonews.com\/?p=364\"]}]},{\"@type\":\"BreadcrumbList\",\"@id\":\"https:\/\/cabellonews.com\/?p=364#breadcrumb\",\"itemListElement\":[{\"@type\":\"ListItem\",\"position\":1,\"name\":\"Inicio\",\"item\":\"https:\/\/cabellonews.com\/\"},{\"@type\":\"ListItem\",\"position\":2,\"name\":\"Autoridades realizan revisi\u00f3n interinstitucional en CEDES Nuevo Laredo\"}]},{\"@type\":\"WebSite\",\"@id\":\"https:\/\/cabellonews.com\/#website\",\"url\":\"https:\/\/cabellonews.com\/\",\"name\":\"cabellonews.com\",\"description\":\"Con Cobertura En Tamaulipas Y norte de Veracruz\",\"potentialAction\":[{\"@type\":\"SearchAction\",\"target\":{\"@type\":\"EntryPoint\",\"urlTemplate\":\"https:\/\/cabellonews.com\/?s={search_term_string}\"},\"query-input\":\"required name=search_term_string\"}],\"inLanguage\":\"en-US\"},{\"@type\":\"Person\",\"@id\":\"https:\/\/cabellonews.com\/#\/schema\/person\/7afe73bafa6cc5a24fd4c67dfd4379d8\",\"name\":\"cabellonews.com\",\"image\":{\"@type\":\"ImageObject\",\"inLanguage\":\"en-US\",\"@id\":\"https:\/\/cabellonews.com\/#\/schema\/person\/image\/\",\"url\":\"https:\/\/secure.gravatar.com\/avatar\/8d6324fc2806389aad4cd38639618406?s=96&d=mm&r=g\",\"contentUrl\":\"https:\/\/secure.gravatar.com\/avatar\/8d6324fc2806389aad4cd38639618406?s=96&d=mm&r=g\",\"caption\":\"cabellonews.com\"},\"sameAs\":[\"http:\/\/cabellonews.com\"],\"url\":\"https:\/\/cabellonews.com\/?author=1\"}]}<\/script>\n<!-- \/ Yoast SEO plugin. -->","yoast_head_json":{"title":"Autoridades realizan revisi\u00f3n interinstitucional en CEDES Nuevo Laredo - cabellonews.com","robots":{"index":"index","follow":"follow","max-snippet":"max-snippet:-1","max-image-preview":"max-image-preview:large","max-video-preview":"max-video-preview:-1"},"canonical":"https:\/\/cabellonews.com\/?p=364","og_locale":"en_US","og_type":"article","og_title":"Autoridades realizan revisi\u00f3n interinstitucional en CEDES Nuevo Laredo - cabellonews.com","og_description":"Nuevo Laredo, Tamaulipas.- En coordinaci\u00f3n con la Secretar\u00eda de la Defensa Nacional (SEDENA), la Comisi\u00f3n de Derechos Humanos del Estado de Tamaulipas (CODHET), Guardia Nacional (GN) y la Fiscal\u00eda General de Justicia del Estado de Tamaulipas (FGJT), personal de la Guardia Estatal llev\u00f3 a cabo una revisi\u00f3n en el Centro de Ejecuci\u00f3n de Sanciones (CEDES) en el municipio de Nuevo Laredo. En esta actividad participaron elementos de los Cuerpos de Vigilancia Custodia y Seguridad as\u00ed como 60 efectivos y un binomio canino de la Guardia Estatal pertenecientes a la coordinaci\u00f3n&hellip;","og_url":"https:\/\/cabellonews.com\/?p=364","og_site_name":"cabellonews.com","article_published_time":"2023-08-04T23:24:50+00:00","article_modified_time":"2023-08-04T23:24:51+00:00","og_image":[{"width":589,"height":555,"url":"http:\/\/cabellonews.com\/wp-content\/uploads\/2023\/08\/7573ae5e-e780-4785-a36b-0ba9751250a4.jpeg","type":"image\/jpeg"}],"author":"cabellonews.com","twitter_card":"summary_large_image","twitter_misc":{"Written by":"cabellonews.com","Est. reading time":"1 minute"},"schema":{"@context":"https:\/\/schema.org","@graph":[{"@type":"WebPage","@id":"https:\/\/cabellonews.com\/?p=364","url":"https:\/\/cabellonews.com\/?p=364","name":"Autoridades realizan revisi\u00f3n interinstitucional en CEDES Nuevo Laredo - cabellonews.com","isPartOf":{"@id":"https:\/\/cabellonews.com\/#website"},"datePublished":"2023-08-04T23:24:50+00:00","dateModified":"2023-08-04T23:24:51+00:00","author":{"@id":"https:\/\/cabellonews.com\/#\/schema\/person\/7afe73bafa6cc5a24fd4c67dfd4379d8"},"breadcrumb":{"@id":"https:\/\/cabellonews.com\/?p=364#breadcrumb"},"inLanguage":"en-US","potentialAction":[{"@type":"ReadAction","target":["https:\/\/cabellonews.com\/?p=364"]}]},{"@type":"BreadcrumbList","@id":"https:\/\/cabellonews.com\/?p=364#breadcrumb","itemListElement":[{"@type":"ListItem","position":1,"name":"Inicio","item":"https:\/\/cabellonews.com\/"},{"@type":"ListItem","position":2,"name":"Autoridades realizan revisi\u00f3n interinstitucional en CEDES Nuevo Laredo"}]},{"@type":"WebSite","@id":"https:\/\/cabellonews.com\/#website","url":"https:\/\/cabellonews.com\/","name":"cabellonews.com","description":"Con Cobertura En Tamaulipas Y norte de Veracruz","potentialAction":[{"@type":"SearchAction","target":{"@type":"EntryPoint","urlTemplate":"https:\/\/cabellonews.com\/?s={search_term_string}"},"query-input":"required name=search_term_string"}],"inLanguage":"en-US"},{"@type":"Person","@id":"https:\/\/cabellonews.com\/#\/schema\/person\/7afe73bafa6cc5a24fd4c67dfd4379d8","name":"cabellonews.com","image":{"@type":"ImageObject","inLanguage":"en-US","@id":"https:\/\/cabellonews.com\/#\/schema\/person\/image\/","url":"https:\/\/secure.gravatar.com\/avatar\/8d6324fc2806389aad4cd38639618406?s=96&d=mm&r=g","contentUrl":"https:\/\/secure.gravatar.com\/avatar\/8d6324fc2806389aad4cd38639618406?s=96&d=mm&r=g","caption":"cabellonews.com"},"sameAs":["http:\/\/cabellonews.com"],"url":"https:\/\/cabellonews.com\/?author=1"}]}},"_links":{"self":[{"href":"https:\/\/cabellonews.com\/index.php?rest_route=\/wp\/v2\/posts\/364"}],"collection":[{"href":"https:\/\/cabellonews.com\/index.php?rest_route=\/wp\/v2\/posts"}],"about":[{"href":"https:\/\/cabellonews.com\/index.php?rest_route=\/wp\/v2\/types\/post"}],"author":[{"embeddable":true,"href":"https:\/\/cabellonews.com\/index.php?rest_route=\/wp\/v2\/users\/1"}],"replies":[{"embeddable":true,"href":"https:\/\/cabellonews.com\/index.php?rest_route=%2Fwp%2Fv2%2Fcomments&post=364"}],"version-history":[{"count":1,"href":"https:\/\/cabellonews.com\/index.php?rest_route=\/wp\/v2\/posts\/364\/revisions"}],"predecessor-version":[{"id":366,"href":"https:\/\/cabellonews.com\/index.php?rest_route=\/wp\/v2\/posts\/364\/revisions\/366"}],"wp:featuredmedia":[{"embeddable":true,"href":"https:\/\/cabellonews.com\/index.php?rest_route=\/wp\/v2\/media\/365"}],"wp:attachment":[{"href":"https:\/\/cabellonews.com\/index.php?rest_route=%2Fwp%2Fv2%2Fmedia&parent=364"}],"wp:term":[{"taxonomy":"category","embeddable":true,"href":"https:\/\/cabellonews.com\/index.php?rest_route=%2Fwp%2Fv2%2Fcategories&post=364"},{"taxonomy":"post_tag","embeddable":true,"href":"https:\/\/cabellonews.com\/index.php?rest_route=%2Fwp%2Fv2%2Ftags&post=364"}],"curies":[{"name":"wp","href":"https:\/\/api.w.org\/{rel}","templated":true}]}}