{"id":360,"date":"2023-08-03T23:02:29","date_gmt":"2023-08-03T23:02:29","guid":{"rendered":"https:\/\/cabellonews.com\/?p=360"},"modified":"2023-08-03T23:02:29","modified_gmt":"2023-08-03T23:02:29","slug":"capacitara-usjt-un-total-de-2-mil-200-elementos-de-la-guardia-estatal-y-fiscalia-para-este-2023","status":"publish","type":"post","link":"https:\/\/cabellonews.com\/?p=360","title":{"rendered":"Capacitar\u00e1 USJT un total de 2 mil 200 elementos de la guardia estatal y fiscal\u00eda para este 2023."},"content":{"rendered":"\n<p>-La visi\u00f3n del gobernador Am\u00e9rico Villarreal Anaya es contar con una polic\u00eda m\u00e1s humanista con esp\u00edritu de servicio a la sociedad.<\/p>\n\n\n\n<p>Ciudad Victoria, Tamaulipas.- Para antes de que concluya el 2023, la Universidad de Seguridad y Justicia de Tamaulipas (USJT) capacitar\u00e1 a un total de 2 mil 200 elementos en activo de la Guardia Estatal, siguiendo con los lineamientos marcados por el gobernador Am\u00e9rico Villarreal Anaya de contar con elementos que respeten los Derechos Humanos y tengan esp\u00edritu de servicio a la sociedad en general.<\/p>\n\n\n\n<p>En conferencia de prensa, el rector de la USJT, Willy Z\u00fa\u00f1iga Castillo, inform\u00f3 que por parte de la Secretar\u00eda de Seguridad P\u00fablica de Tamaulipas (SSPT) se tiene una meta de 500 nuevos elementos para la Guardia Estatal y, actualmente, son 340 cadetes quienes se encuentran recibiendo una capacitaci\u00f3n de aproximadamente 6 meses.<\/p>\n\n\n\n<p>\u201cTenemos planeado capacitar en este a\u00f1o a 1 mil 600 elementos activos en competencias b\u00e1sicas donde se aborda el readiestramiento policial, quienes cursan materias sobre derechos humanos, armamento y tiro, conducci\u00f3n de veh\u00edculos, primeros auxilios, entre otros\u201d, se\u00f1al\u00f3.<\/p>\n\n\n\n<p>Dijo que se les instruye tambi\u00e9n a los elementos como primer respondiente; es decir, c\u00f3mo atender a la ciudadan\u00eda en caso de suscitarse alg\u00fan incidente, ya que generalmente son los polic\u00edas quienes llegan primero al lugar de los hechos y deben saber tambi\u00e9n coordinarse con otras autoridades.<\/p>\n\n\n\n<p>El curso de formaci\u00f3n inicial consta de 980 horas de capacitaci\u00f3n dirigido a elementos de Seguridad P\u00fablica, el cual busca crear polic\u00edas preventivos; as\u00ed como custodios y gu\u00edas t\u00e9cnicos.<\/p>\n\n\n\n<p>Z\u00fa\u00f1iga Castillo dijo que a su vez, la USJT ofrece capacitaci\u00f3n a 140 elementos de la Fiscal\u00eda General de Justicia del Estado de Tamaulipas en diversos cursos especializados para hacer m\u00e1s eficiente el desempe\u00f1o de sus funciones, como formaci\u00f3n para ministerios p\u00fablicos, de investigaci\u00f3n, en protocolos de personas desaparecidas, secuestros, entre otros.<\/p>\n\n\n\n<figure class=\"wp-block-video\"><video controls src=\"https:\/\/cabellonews.com\/wp-content\/uploads\/2023\/08\/3b9b370a-2060-46a0-8d85-d04ac418ac53.mp4\"><\/video><\/figure>\n\n\n<figure class=\"wp-block-post-featured-image\"><img width=\"240\" height=\"172\" src=\"https:\/\/cabellonews.com\/wp-content\/uploads\/2023\/08\/IMG_9895-240x172.jpeg\" class=\"attachment-post-thumbnail size-post-thumbnail wp-post-image\" alt=\"\" decoding=\"async\" loading=\"lazy\" \/><\/figure>","protected":false},"excerpt":{"rendered":"<p>-La visi\u00f3n del gobernador Am\u00e9rico Villarreal Anaya es contar con una polic\u00eda m\u00e1s humanista con esp\u00edritu de servicio a la sociedad. Ciudad Victoria, Tamaulipas.- Para antes de que concluya el 2023, la Universidad de Seguridad y Justicia de Tamaulipas (USJT) capacitar\u00e1 a un total de 2 mil 200 elementos en activo de la Guardia Estatal, siguiendo con los lineamientos marcados por el gobernador Am\u00e9rico Villarreal Anaya de contar con elementos que respeten los Derechos Humanos y tengan esp\u00edritu de servicio a la sociedad en general. En conferencia de prensa, el&hellip;<\/p>\n","protected":false},"author":1,"featured_media":362,"comment_status":"open","ping_status":"open","sticky":false,"template":"","format":"standard","meta":[],"categories":[1],"tags":[],"gutentor_comment":0,"yoast_head":"<!-- This site is optimized with the Yoast SEO plugin v20.10 - https:\/\/yoast.com\/wordpress\/plugins\/seo\/ -->\n<title>Capacitar\u00e1 USJT un total de 2 mil 200 elementos de la guardia estatal y fiscal\u00eda para este 2023. - cabellonews.com<\/title>\n<meta name=\"robots\" content=\"index, follow, max-snippet:-1, max-image-preview:large, max-video-preview:-1\" \/>\n<link rel=\"canonical\" href=\"https:\/\/cabellonews.com\/?p=360\" \/>\n<meta property=\"og:locale\" content=\"en_US\" \/>\n<meta property=\"og:type\" content=\"article\" \/>\n<meta property=\"og:title\" content=\"Capacitar\u00e1 USJT un total de 2 mil 200 elementos de la guardia estatal y fiscal\u00eda para este 2023. - cabellonews.com\" \/>\n<meta property=\"og:description\" content=\"-La visi\u00f3n del gobernador Am\u00e9rico Villarreal Anaya es contar con una polic\u00eda m\u00e1s humanista con esp\u00edritu de servicio a la sociedad. Ciudad Victoria, Tamaulipas.- Para antes de que concluya el 2023, la Universidad de Seguridad y Justicia de Tamaulipas (USJT) capacitar\u00e1 a un total de 2 mil 200 elementos en activo de la Guardia Estatal, siguiendo con los lineamientos marcados por el gobernador Am\u00e9rico Villarreal Anaya de contar con elementos que respeten los Derechos Humanos y tengan esp\u00edritu de servicio a la sociedad en general. En conferencia de prensa, el&hellip;\" \/>\n<meta property=\"og:url\" content=\"https:\/\/cabellonews.com\/?p=360\" \/>\n<meta property=\"og:site_name\" content=\"cabellonews.com\" \/>\n<meta property=\"article:published_time\" content=\"2023-08-03T23:02:29+00:00\" \/>\n<meta property=\"og:image\" content=\"http:\/\/cabellonews.com\/wp-content\/uploads\/2023\/08\/IMG_9895.jpeg\" \/>\n\t<meta property=\"og:image:width\" content=\"759\" \/>\n\t<meta property=\"og:image:height\" content=\"437\" \/>\n\t<meta property=\"og:image:type\" content=\"image\/jpeg\" \/>\n<meta name=\"author\" content=\"cabellonews.com\" \/>\n<meta name=\"twitter:card\" content=\"summary_large_image\" \/>\n<meta name=\"twitter:label1\" content=\"Written by\" \/>\n\t<meta name=\"twitter:data1\" content=\"cabellonews.com\" \/>\n\t<meta name=\"twitter:label2\" content=\"Est. reading time\" \/>\n\t<meta name=\"twitter:data2\" content=\"2 minutes\" \/>\n<script type=\"application\/ld+json\" class=\"yoast-schema-graph\">{\"@context\":\"https:\/\/schema.org\",\"@graph\":[{\"@type\":\"WebPage\",\"@id\":\"https:\/\/cabellonews.com\/?p=360\",\"url\":\"https:\/\/cabellonews.com\/?p=360\",\"name\":\"Capacitar\u00e1 USJT un total de 2 mil 200 elementos de la guardia estatal y fiscal\u00eda para este 2023. - cabellonews.com\",\"isPartOf\":{\"@id\":\"https:\/\/cabellonews.com\/#website\"},\"datePublished\":\"2023-08-03T23:02:29+00:00\",\"dateModified\":\"2023-08-03T23:02:29+00:00\",\"author\":{\"@id\":\"https:\/\/cabellonews.com\/#\/schema\/person\/7afe73bafa6cc5a24fd4c67dfd4379d8\"},\"breadcrumb\":{\"@id\":\"https:\/\/cabellonews.com\/?p=360#breadcrumb\"},\"inLanguage\":\"en-US\",\"potentialAction\":[{\"@type\":\"ReadAction\",\"target\":[\"https:\/\/cabellonews.com\/?p=360\"]}]},{\"@type\":\"BreadcrumbList\",\"@id\":\"https:\/\/cabellonews.com\/?p=360#breadcrumb\",\"itemListElement\":[{\"@type\":\"ListItem\",\"position\":1,\"name\":\"Inicio\",\"item\":\"https:\/\/cabellonews.com\/\"},{\"@type\":\"ListItem\",\"position\":2,\"name\":\"Capacitar\u00e1 USJT un total de 2 mil 200 elementos de la guardia estatal y fiscal\u00eda para este 2023.\"}]},{\"@type\":\"WebSite\",\"@id\":\"https:\/\/cabellonews.com\/#website\",\"url\":\"https:\/\/cabellonews.com\/\",\"name\":\"cabellonews.com\",\"description\":\"Con Cobertura En Tamaulipas Y norte de Veracruz\",\"potentialAction\":[{\"@type\":\"SearchAction\",\"target\":{\"@type\":\"EntryPoint\",\"urlTemplate\":\"https:\/\/cabellonews.com\/?s={search_term_string}\"},\"query-input\":\"required name=search_term_string\"}],\"inLanguage\":\"en-US\"},{\"@type\":\"Person\",\"@id\":\"https:\/\/cabellonews.com\/#\/schema\/person\/7afe73bafa6cc5a24fd4c67dfd4379d8\",\"name\":\"cabellonews.com\",\"image\":{\"@type\":\"ImageObject\",\"inLanguage\":\"en-US\",\"@id\":\"https:\/\/cabellonews.com\/#\/schema\/person\/image\/\",\"url\":\"https:\/\/secure.gravatar.com\/avatar\/8d6324fc2806389aad4cd38639618406?s=96&d=mm&r=g\",\"contentUrl\":\"https:\/\/secure.gravatar.com\/avatar\/8d6324fc2806389aad4cd38639618406?s=96&d=mm&r=g\",\"caption\":\"cabellonews.com\"},\"sameAs\":[\"http:\/\/cabellonews.com\"],\"url\":\"https:\/\/cabellonews.com\/?author=1\"}]}<\/script>\n<!-- \/ Yoast SEO plugin. -->","yoast_head_json":{"title":"Capacitar\u00e1 USJT un total de 2 mil 200 elementos de la guardia estatal y fiscal\u00eda para este 2023. - cabellonews.com","robots":{"index":"index","follow":"follow","max-snippet":"max-snippet:-1","max-image-preview":"max-image-preview:large","max-video-preview":"max-video-preview:-1"},"canonical":"https:\/\/cabellonews.com\/?p=360","og_locale":"en_US","og_type":"article","og_title":"Capacitar\u00e1 USJT un total de 2 mil 200 elementos de la guardia estatal y fiscal\u00eda para este 2023. - cabellonews.com","og_description":"-La visi\u00f3n del gobernador Am\u00e9rico Villarreal Anaya es contar con una polic\u00eda m\u00e1s humanista con esp\u00edritu de servicio a la sociedad. Ciudad Victoria, Tamaulipas.- Para antes de que concluya el 2023, la Universidad de Seguridad y Justicia de Tamaulipas (USJT) capacitar\u00e1 a un total de 2 mil 200 elementos en activo de la Guardia Estatal, siguiendo con los lineamientos marcados por el gobernador Am\u00e9rico Villarreal Anaya de contar con elementos que respeten los Derechos Humanos y tengan esp\u00edritu de servicio a la sociedad en general. En conferencia de prensa, el&hellip;","og_url":"https:\/\/cabellonews.com\/?p=360","og_site_name":"cabellonews.com","article_published_time":"2023-08-03T23:02:29+00:00","og_image":[{"width":759,"height":437,"url":"http:\/\/cabellonews.com\/wp-content\/uploads\/2023\/08\/IMG_9895.jpeg","type":"image\/jpeg"}],"author":"cabellonews.com","twitter_card":"summary_large_image","twitter_misc":{"Written by":"cabellonews.com","Est. reading time":"2 minutes"},"schema":{"@context":"https:\/\/schema.org","@graph":[{"@type":"WebPage","@id":"https:\/\/cabellonews.com\/?p=360","url":"https:\/\/cabellonews.com\/?p=360","name":"Capacitar\u00e1 USJT un total de 2 mil 200 elementos de la guardia estatal y fiscal\u00eda para este 2023. - cabellonews.com","isPartOf":{"@id":"https:\/\/cabellonews.com\/#website"},"datePublished":"2023-08-03T23:02:29+00:00","dateModified":"2023-08-03T23:02:29+00:00","author":{"@id":"https:\/\/cabellonews.com\/#\/schema\/person\/7afe73bafa6cc5a24fd4c67dfd4379d8"},"breadcrumb":{"@id":"https:\/\/cabellonews.com\/?p=360#breadcrumb"},"inLanguage":"en-US","potentialAction":[{"@type":"ReadAction","target":["https:\/\/cabellonews.com\/?p=360"]}]},{"@type":"BreadcrumbList","@id":"https:\/\/cabellonews.com\/?p=360#breadcrumb","itemListElement":[{"@type":"ListItem","position":1,"name":"Inicio","item":"https:\/\/cabellonews.com\/"},{"@type":"ListItem","position":2,"name":"Capacitar\u00e1 USJT un total de 2 mil 200 elementos de la guardia estatal y fiscal\u00eda para este 2023."}]},{"@type":"WebSite","@id":"https:\/\/cabellonews.com\/#website","url":"https:\/\/cabellonews.com\/","name":"cabellonews.com","description":"Con Cobertura En Tamaulipas Y norte de Veracruz","potentialAction":[{"@type":"SearchAction","target":{"@type":"EntryPoint","urlTemplate":"https:\/\/cabellonews.com\/?s={search_term_string}"},"query-input":"required name=search_term_string"}],"inLanguage":"en-US"},{"@type":"Person","@id":"https:\/\/cabellonews.com\/#\/schema\/person\/7afe73bafa6cc5a24fd4c67dfd4379d8","name":"cabellonews.com","image":{"@type":"ImageObject","inLanguage":"en-US","@id":"https:\/\/cabellonews.com\/#\/schema\/person\/image\/","url":"https:\/\/secure.gravatar.com\/avatar\/8d6324fc2806389aad4cd38639618406?s=96&d=mm&r=g","contentUrl":"https:\/\/secure.gravatar.com\/avatar\/8d6324fc2806389aad4cd38639618406?s=96&d=mm&r=g","caption":"cabellonews.com"},"sameAs":["http:\/\/cabellonews.com"],"url":"https:\/\/cabellonews.com\/?author=1"}]}},"_links":{"self":[{"href":"https:\/\/cabellonews.com\/index.php?rest_route=\/wp\/v2\/posts\/360"}],"collection":[{"href":"https:\/\/cabellonews.com\/index.php?rest_route=\/wp\/v2\/posts"}],"about":[{"href":"https:\/\/cabellonews.com\/index.php?rest_route=\/wp\/v2\/types\/post"}],"author":[{"embeddable":true,"href":"https:\/\/cabellonews.com\/index.php?rest_route=\/wp\/v2\/users\/1"}],"replies":[{"embeddable":true,"href":"https:\/\/cabellonews.com\/index.php?rest_route=%2Fwp%2Fv2%2Fcomments&post=360"}],"version-history":[{"count":1,"href":"https:\/\/cabellonews.com\/index.php?rest_route=\/wp\/v2\/posts\/360\/revisions"}],"predecessor-version":[{"id":363,"href":"https:\/\/cabellonews.com\/index.php?rest_route=\/wp\/v2\/posts\/360\/revisions\/363"}],"wp:featuredmedia":[{"embeddable":true,"href":"https:\/\/cabellonews.com\/index.php?rest_route=\/wp\/v2\/media\/362"}],"wp:attachment":[{"href":"https:\/\/cabellonews.com\/index.php?rest_route=%2Fwp%2Fv2%2Fmedia&parent=360"}],"wp:term":[{"taxonomy":"category","embeddable":true,"href":"https:\/\/cabellonews.com\/index.php?rest_route=%2Fwp%2Fv2%2Fcategories&post=360"},{"taxonomy":"post_tag","embeddable":true,"href":"https:\/\/cabellonews.com\/index.php?rest_route=%2Fwp%2Fv2%2Ftags&post=360"}],"curies":[{"name":"wp","href":"https:\/\/api.w.org\/{rel}","templated":true}]}}