{"id":349,"date":"2023-08-01T19:20:55","date_gmt":"2023-08-01T19:20:55","guid":{"rendered":"https:\/\/cabellonews.com\/?p=349"},"modified":"2023-08-01T19:20:55","modified_gmt":"2023-08-01T19:20:55","slug":"ipsset-apoya-con-creditos-para-utiles-escolares","status":"publish","type":"post","link":"https:\/\/cabellonews.com\/?p=349","title":{"rendered":"IPSSET apoya con cr\u00e9ditos para \u00fatiles escolares"},"content":{"rendered":"\n<p>Agosto 01 de 2023<\/p>\n\n\n\n<p>Ciudad Victoria, Tamaulipas.- En apoyo a la econom\u00eda de los servidores p\u00fablicos del Gobierno del Estado, el Instituto de Previsi\u00f3n y Seguridad Social del Estado de Tamaulipas, pone a disposici\u00f3n de los trabajadores durante todo el mes de agosto, un pr\u00e9stamo para \u00fatiles escolares por la cantidad de $1,200 a pagar a ocho quincenas sin intereses.<\/p>\n\n\n\n<p>Dicho cr\u00e9dito puede solicitarlo el personal sindicalizado, de confianza y extraordinario, que tenga aportaciones al Fondo de Pensiones de m\u00e1s de 6 meses, as\u00ed como pensionados y pensionistas del IPSSET; siempre y cuando cumplan con los requisitos establecidos y cuenten con capacidad de pago.<\/p>\n\n\n\n<p>El monto de $1,200 por concepto de pr\u00e9stamo se otorga por alumno, por lo que, si el servidor p\u00fablico es estudiante o tiene m\u00e1s de un hijo estudiante en los niveles de preescolar a universidad, puede solicitar m\u00e1s de un cr\u00e9dito, siempre y cuando cuente con capacidad de pago.<\/p>\n\n\n\n<p>El IPSSET ha beneficiado durante el a\u00f1o 2023 a m\u00e1s de 5 mil 400 trabajadores del Gobierno del Estado, pensionados y pensionistas, por un monto de m\u00e1s de 340 millones de pesos.<\/p>\n\n\n\n<p>La informaci\u00f3n sobre el Tabulador 2023, los requisitos para el tr\u00e1mite, y los formatos para solicitar el pr\u00e9stamo est\u00e1n disponibles en la p\u00e1gina www.tamaulipas.gob.mx\/ipsset. Para aclaraciones se dispone del correo prestaciones.ipsset@tamaulipas.gob.mx y tel\u00e9fono 834-318-7300 ext. 76443, 76448 y 76416.<\/p>\n\n\n<figure class=\"wp-block-post-featured-image\"><img width=\"240\" height=\"172\" src=\"https:\/\/cabellonews.com\/wp-content\/uploads\/2023\/08\/bec4c342-ee8e-4219-9020-7601e5c36372-240x172.jpeg\" class=\"attachment-post-thumbnail size-post-thumbnail wp-post-image\" alt=\"\" decoding=\"async\" loading=\"lazy\" \/><\/figure>\n\n\n<pre class=\"wp-block-code\"><code>    *   *  *<\/code><\/pre>\n","protected":false},"excerpt":{"rendered":"<p>Agosto 01 de 2023 Ciudad Victoria, Tamaulipas.- En apoyo a la econom\u00eda de los servidores p\u00fablicos del Gobierno del Estado, el Instituto de Previsi\u00f3n y Seguridad Social del Estado de Tamaulipas, pone a disposici\u00f3n de los trabajadores durante todo el mes de agosto, un pr\u00e9stamo para \u00fatiles escolares por la cantidad de $1,200 a pagar a ocho quincenas sin intereses. Dicho cr\u00e9dito puede solicitarlo el personal sindicalizado, de confianza y extraordinario, que tenga aportaciones al Fondo de Pensiones de m\u00e1s de 6 meses, as\u00ed como pensionados y pensionistas del IPSSET;&hellip;<\/p>\n","protected":false},"author":1,"featured_media":350,"comment_status":"open","ping_status":"open","sticky":false,"template":"","format":"standard","meta":[],"categories":[1],"tags":[],"gutentor_comment":0,"yoast_head":"<!-- This site is optimized with the Yoast SEO plugin v20.10 - https:\/\/yoast.com\/wordpress\/plugins\/seo\/ -->\n<title>IPSSET apoya con cr\u00e9ditos para \u00fatiles escolares - cabellonews.com<\/title>\n<meta name=\"robots\" content=\"index, follow, max-snippet:-1, max-image-preview:large, max-video-preview:-1\" \/>\n<link rel=\"canonical\" href=\"https:\/\/cabellonews.com\/?p=349\" \/>\n<meta property=\"og:locale\" content=\"en_US\" \/>\n<meta property=\"og:type\" content=\"article\" \/>\n<meta property=\"og:title\" content=\"IPSSET apoya con cr\u00e9ditos para \u00fatiles escolares - cabellonews.com\" \/>\n<meta property=\"og:description\" content=\"Agosto 01 de 2023 Ciudad Victoria, Tamaulipas.- En apoyo a la econom\u00eda de los servidores p\u00fablicos del Gobierno del Estado, el Instituto de Previsi\u00f3n y Seguridad Social del Estado de Tamaulipas, pone a disposici\u00f3n de los trabajadores durante todo el mes de agosto, un pr\u00e9stamo para \u00fatiles escolares por la cantidad de $1,200 a pagar a ocho quincenas sin intereses. Dicho cr\u00e9dito puede solicitarlo el personal sindicalizado, de confianza y extraordinario, que tenga aportaciones al Fondo de Pensiones de m\u00e1s de 6 meses, as\u00ed como pensionados y pensionistas del IPSSET;&hellip;\" \/>\n<meta property=\"og:url\" content=\"https:\/\/cabellonews.com\/?p=349\" \/>\n<meta property=\"og:site_name\" content=\"cabellonews.com\" \/>\n<meta property=\"article:published_time\" content=\"2023-08-01T19:20:55+00:00\" \/>\n<meta property=\"og:image\" content=\"http:\/\/cabellonews.com\/wp-content\/uploads\/2023\/08\/bec4c342-ee8e-4219-9020-7601e5c36372.jpeg\" \/>\n\t<meta property=\"og:image:width\" content=\"1024\" \/>\n\t<meta property=\"og:image:height\" content=\"683\" \/>\n\t<meta property=\"og:image:type\" content=\"image\/jpeg\" \/>\n<meta name=\"author\" content=\"cabellonews.com\" \/>\n<meta name=\"twitter:card\" content=\"summary_large_image\" \/>\n<meta name=\"twitter:label1\" content=\"Written by\" \/>\n\t<meta name=\"twitter:data1\" content=\"cabellonews.com\" \/>\n\t<meta name=\"twitter:label2\" content=\"Est. reading time\" \/>\n\t<meta name=\"twitter:data2\" content=\"2 minutes\" \/>\n<script type=\"application\/ld+json\" class=\"yoast-schema-graph\">{\"@context\":\"https:\/\/schema.org\",\"@graph\":[{\"@type\":\"WebPage\",\"@id\":\"https:\/\/cabellonews.com\/?p=349\",\"url\":\"https:\/\/cabellonews.com\/?p=349\",\"name\":\"IPSSET apoya con cr\u00e9ditos para \u00fatiles escolares - cabellonews.com\",\"isPartOf\":{\"@id\":\"https:\/\/cabellonews.com\/#website\"},\"datePublished\":\"2023-08-01T19:20:55+00:00\",\"dateModified\":\"2023-08-01T19:20:55+00:00\",\"author\":{\"@id\":\"https:\/\/cabellonews.com\/#\/schema\/person\/7afe73bafa6cc5a24fd4c67dfd4379d8\"},\"breadcrumb\":{\"@id\":\"https:\/\/cabellonews.com\/?p=349#breadcrumb\"},\"inLanguage\":\"en-US\",\"potentialAction\":[{\"@type\":\"ReadAction\",\"target\":[\"https:\/\/cabellonews.com\/?p=349\"]}]},{\"@type\":\"BreadcrumbList\",\"@id\":\"https:\/\/cabellonews.com\/?p=349#breadcrumb\",\"itemListElement\":[{\"@type\":\"ListItem\",\"position\":1,\"name\":\"Inicio\",\"item\":\"https:\/\/cabellonews.com\/\"},{\"@type\":\"ListItem\",\"position\":2,\"name\":\"IPSSET apoya con cr\u00e9ditos para \u00fatiles escolares\"}]},{\"@type\":\"WebSite\",\"@id\":\"https:\/\/cabellonews.com\/#website\",\"url\":\"https:\/\/cabellonews.com\/\",\"name\":\"cabellonews.com\",\"description\":\"Con Cobertura En Tamaulipas Y norte de Veracruz\",\"potentialAction\":[{\"@type\":\"SearchAction\",\"target\":{\"@type\":\"EntryPoint\",\"urlTemplate\":\"https:\/\/cabellonews.com\/?s={search_term_string}\"},\"query-input\":\"required name=search_term_string\"}],\"inLanguage\":\"en-US\"},{\"@type\":\"Person\",\"@id\":\"https:\/\/cabellonews.com\/#\/schema\/person\/7afe73bafa6cc5a24fd4c67dfd4379d8\",\"name\":\"cabellonews.com\",\"image\":{\"@type\":\"ImageObject\",\"inLanguage\":\"en-US\",\"@id\":\"https:\/\/cabellonews.com\/#\/schema\/person\/image\/\",\"url\":\"https:\/\/secure.gravatar.com\/avatar\/8d6324fc2806389aad4cd38639618406?s=96&d=mm&r=g\",\"contentUrl\":\"https:\/\/secure.gravatar.com\/avatar\/8d6324fc2806389aad4cd38639618406?s=96&d=mm&r=g\",\"caption\":\"cabellonews.com\"},\"sameAs\":[\"http:\/\/cabellonews.com\"],\"url\":\"https:\/\/cabellonews.com\/?author=1\"}]}<\/script>\n<!-- \/ Yoast SEO plugin. -->","yoast_head_json":{"title":"IPSSET apoya con cr\u00e9ditos para \u00fatiles escolares - cabellonews.com","robots":{"index":"index","follow":"follow","max-snippet":"max-snippet:-1","max-image-preview":"max-image-preview:large","max-video-preview":"max-video-preview:-1"},"canonical":"https:\/\/cabellonews.com\/?p=349","og_locale":"en_US","og_type":"article","og_title":"IPSSET apoya con cr\u00e9ditos para \u00fatiles escolares - cabellonews.com","og_description":"Agosto 01 de 2023 Ciudad Victoria, Tamaulipas.- En apoyo a la econom\u00eda de los servidores p\u00fablicos del Gobierno del Estado, el Instituto de Previsi\u00f3n y Seguridad Social del Estado de Tamaulipas, pone a disposici\u00f3n de los trabajadores durante todo el mes de agosto, un pr\u00e9stamo para \u00fatiles escolares por la cantidad de $1,200 a pagar a ocho quincenas sin intereses. Dicho cr\u00e9dito puede solicitarlo el personal sindicalizado, de confianza y extraordinario, que tenga aportaciones al Fondo de Pensiones de m\u00e1s de 6 meses, as\u00ed como pensionados y pensionistas del IPSSET;&hellip;","og_url":"https:\/\/cabellonews.com\/?p=349","og_site_name":"cabellonews.com","article_published_time":"2023-08-01T19:20:55+00:00","og_image":[{"width":1024,"height":683,"url":"http:\/\/cabellonews.com\/wp-content\/uploads\/2023\/08\/bec4c342-ee8e-4219-9020-7601e5c36372.jpeg","type":"image\/jpeg"}],"author":"cabellonews.com","twitter_card":"summary_large_image","twitter_misc":{"Written by":"cabellonews.com","Est. reading time":"2 minutes"},"schema":{"@context":"https:\/\/schema.org","@graph":[{"@type":"WebPage","@id":"https:\/\/cabellonews.com\/?p=349","url":"https:\/\/cabellonews.com\/?p=349","name":"IPSSET apoya con cr\u00e9ditos para \u00fatiles escolares - cabellonews.com","isPartOf":{"@id":"https:\/\/cabellonews.com\/#website"},"datePublished":"2023-08-01T19:20:55+00:00","dateModified":"2023-08-01T19:20:55+00:00","author":{"@id":"https:\/\/cabellonews.com\/#\/schema\/person\/7afe73bafa6cc5a24fd4c67dfd4379d8"},"breadcrumb":{"@id":"https:\/\/cabellonews.com\/?p=349#breadcrumb"},"inLanguage":"en-US","potentialAction":[{"@type":"ReadAction","target":["https:\/\/cabellonews.com\/?p=349"]}]},{"@type":"BreadcrumbList","@id":"https:\/\/cabellonews.com\/?p=349#breadcrumb","itemListElement":[{"@type":"ListItem","position":1,"name":"Inicio","item":"https:\/\/cabellonews.com\/"},{"@type":"ListItem","position":2,"name":"IPSSET apoya con cr\u00e9ditos para \u00fatiles escolares"}]},{"@type":"WebSite","@id":"https:\/\/cabellonews.com\/#website","url":"https:\/\/cabellonews.com\/","name":"cabellonews.com","description":"Con Cobertura En Tamaulipas Y norte de Veracruz","potentialAction":[{"@type":"SearchAction","target":{"@type":"EntryPoint","urlTemplate":"https:\/\/cabellonews.com\/?s={search_term_string}"},"query-input":"required name=search_term_string"}],"inLanguage":"en-US"},{"@type":"Person","@id":"https:\/\/cabellonews.com\/#\/schema\/person\/7afe73bafa6cc5a24fd4c67dfd4379d8","name":"cabellonews.com","image":{"@type":"ImageObject","inLanguage":"en-US","@id":"https:\/\/cabellonews.com\/#\/schema\/person\/image\/","url":"https:\/\/secure.gravatar.com\/avatar\/8d6324fc2806389aad4cd38639618406?s=96&d=mm&r=g","contentUrl":"https:\/\/secure.gravatar.com\/avatar\/8d6324fc2806389aad4cd38639618406?s=96&d=mm&r=g","caption":"cabellonews.com"},"sameAs":["http:\/\/cabellonews.com"],"url":"https:\/\/cabellonews.com\/?author=1"}]}},"_links":{"self":[{"href":"https:\/\/cabellonews.com\/index.php?rest_route=\/wp\/v2\/posts\/349"}],"collection":[{"href":"https:\/\/cabellonews.com\/index.php?rest_route=\/wp\/v2\/posts"}],"about":[{"href":"https:\/\/cabellonews.com\/index.php?rest_route=\/wp\/v2\/types\/post"}],"author":[{"embeddable":true,"href":"https:\/\/cabellonews.com\/index.php?rest_route=\/wp\/v2\/users\/1"}],"replies":[{"embeddable":true,"href":"https:\/\/cabellonews.com\/index.php?rest_route=%2Fwp%2Fv2%2Fcomments&post=349"}],"version-history":[{"count":1,"href":"https:\/\/cabellonews.com\/index.php?rest_route=\/wp\/v2\/posts\/349\/revisions"}],"predecessor-version":[{"id":351,"href":"https:\/\/cabellonews.com\/index.php?rest_route=\/wp\/v2\/posts\/349\/revisions\/351"}],"wp:featuredmedia":[{"embeddable":true,"href":"https:\/\/cabellonews.com\/index.php?rest_route=\/wp\/v2\/media\/350"}],"wp:attachment":[{"href":"https:\/\/cabellonews.com\/index.php?rest_route=%2Fwp%2Fv2%2Fmedia&parent=349"}],"wp:term":[{"taxonomy":"category","embeddable":true,"href":"https:\/\/cabellonews.com\/index.php?rest_route=%2Fwp%2Fv2%2Fcategories&post=349"},{"taxonomy":"post_tag","embeddable":true,"href":"https:\/\/cabellonews.com\/index.php?rest_route=%2Fwp%2Fv2%2Ftags&post=349"}],"curies":[{"name":"wp","href":"https:\/\/api.w.org\/{rel}","templated":true}]}}