{"id":343,"date":"2023-07-27T21:19:31","date_gmt":"2023-07-27T21:19:31","guid":{"rendered":"https:\/\/cabellonews.com\/?p=343"},"modified":"2023-07-27T21:19:31","modified_gmt":"2023-07-27T21:19:31","slug":"jovenes-de-tamaulipas-a-favor-de-claudia-sheinbaum","status":"publish","type":"post","link":"https:\/\/cabellonews.com\/?p=343","title":{"rendered":"J\u00f3venes de Tamaulipas a favor de Claudia Sheinbaum"},"content":{"rendered":"\n<p>En fechas recientes circul\u00f3 en redes sociales un video en el que alrededor de 15 j\u00f3venes de Tamaulipas se pronuncian a favor de la doctora Claudia Sheinbaum. En el video de poco menos de un minuto de duraci\u00f3n, las y los j\u00f3venes, en su mayor\u00eda vistiendo verde, destacan las razones por las que la Doctora es la mejor opci\u00f3n para Tamaulipas.<\/p>\n\n\n\n<p>Para Fernando Pumarejo, Claudia representa la continuaci\u00f3n de la transformaci\u00f3n. Vanessa Salazar, de Jim\u00e9nez, destaca los proyectos ambientales y de innovaci\u00f3n de Sheinbaum; Keila Lugo de Padilla menciona que es tiempo de que las mujeres representen a la ciudadan\u00eda; Manuel Mu\u00f1oz Hinojosa cierra el video afirmando que en Tamaulipas y en la encuesta, Claudia es la respuesta.<\/p>\n\n\n\n<p>Durante el video, se puede ver a varias y varios j\u00f3venes haciendo la se\u00f1al de una C con la mano. El video est\u00e1 disponible en la siguiente liga: https:\/\/m.facebook.com\/story.php?story_fbid=pfbid02ppN41EAeqFQQRAwAuEXUuvQhZLpZKoqqsb2tEi9KpBBQaBopohxK2kf1WgnUKiLCl&amp;id=826204160&amp;mibextid=qC1gEa<\/p>\n\n\n<figure class=\"wp-block-post-featured-image\"><img width=\"240\" height=\"172\" src=\"https:\/\/cabellonews.com\/wp-content\/uploads\/2023\/07\/443d7a64-d4f7-4c9e-8a1b-a6f58a5ba2b1-240x172.jpeg\" class=\"attachment-post-thumbnail size-post-thumbnail wp-post-image\" alt=\"\" decoding=\"async\" loading=\"lazy\" \/><\/figure>\n\n\n<p><\/p>\n","protected":false},"excerpt":{"rendered":"<p>En fechas recientes circul\u00f3 en redes sociales un video en el que alrededor de 15 j\u00f3venes de Tamaulipas se pronuncian a favor de la doctora Claudia Sheinbaum. En el video de poco menos de un minuto de duraci\u00f3n, las y los j\u00f3venes, en su mayor\u00eda vistiendo verde, destacan las razones por las que la Doctora es la mejor opci\u00f3n para Tamaulipas. Para Fernando Pumarejo, Claudia representa la continuaci\u00f3n de la transformaci\u00f3n. Vanessa Salazar, de Jim\u00e9nez, destaca los proyectos ambientales y de innovaci\u00f3n de Sheinbaum; Keila Lugo de Padilla menciona que&hellip;<\/p>\n","protected":false},"author":1,"featured_media":344,"comment_status":"open","ping_status":"open","sticky":false,"template":"","format":"standard","meta":[],"categories":[1],"tags":[],"gutentor_comment":0,"yoast_head":"<!-- This site is optimized with the Yoast SEO plugin v20.10 - https:\/\/yoast.com\/wordpress\/plugins\/seo\/ -->\n<title>J\u00f3venes de Tamaulipas a favor de Claudia Sheinbaum - cabellonews.com<\/title>\n<meta name=\"robots\" content=\"index, follow, max-snippet:-1, max-image-preview:large, max-video-preview:-1\" \/>\n<link rel=\"canonical\" href=\"https:\/\/cabellonews.com\/?p=343\" \/>\n<meta property=\"og:locale\" content=\"en_US\" \/>\n<meta property=\"og:type\" content=\"article\" \/>\n<meta property=\"og:title\" content=\"J\u00f3venes de Tamaulipas a favor de Claudia Sheinbaum - cabellonews.com\" \/>\n<meta property=\"og:description\" content=\"En fechas recientes circul\u00f3 en redes sociales un video en el que alrededor de 15 j\u00f3venes de Tamaulipas se pronuncian a favor de la doctora Claudia Sheinbaum. En el video de poco menos de un minuto de duraci\u00f3n, las y los j\u00f3venes, en su mayor\u00eda vistiendo verde, destacan las razones por las que la Doctora es la mejor opci\u00f3n para Tamaulipas. Para Fernando Pumarejo, Claudia representa la continuaci\u00f3n de la transformaci\u00f3n. Vanessa Salazar, de Jim\u00e9nez, destaca los proyectos ambientales y de innovaci\u00f3n de Sheinbaum; Keila Lugo de Padilla menciona que&hellip;\" \/>\n<meta property=\"og:url\" content=\"https:\/\/cabellonews.com\/?p=343\" \/>\n<meta property=\"og:site_name\" content=\"cabellonews.com\" \/>\n<meta property=\"article:published_time\" content=\"2023-07-27T21:19:31+00:00\" \/>\n<meta property=\"og:image\" content=\"http:\/\/cabellonews.com\/wp-content\/uploads\/2023\/07\/443d7a64-d4f7-4c9e-8a1b-a6f58a5ba2b1.jpeg\" \/>\n\t<meta property=\"og:image:width\" content=\"1600\" \/>\n\t<meta property=\"og:image:height\" content=\"1600\" \/>\n\t<meta property=\"og:image:type\" content=\"image\/jpeg\" \/>\n<meta name=\"author\" content=\"cabellonews.com\" \/>\n<meta name=\"twitter:card\" content=\"summary_large_image\" \/>\n<meta name=\"twitter:label1\" content=\"Written by\" \/>\n\t<meta name=\"twitter:data1\" content=\"cabellonews.com\" \/>\n\t<meta name=\"twitter:label2\" content=\"Est. reading time\" \/>\n\t<meta name=\"twitter:data2\" content=\"1 minute\" \/>\n<script type=\"application\/ld+json\" class=\"yoast-schema-graph\">{\"@context\":\"https:\/\/schema.org\",\"@graph\":[{\"@type\":\"WebPage\",\"@id\":\"https:\/\/cabellonews.com\/?p=343\",\"url\":\"https:\/\/cabellonews.com\/?p=343\",\"name\":\"J\u00f3venes de Tamaulipas a favor de Claudia Sheinbaum - cabellonews.com\",\"isPartOf\":{\"@id\":\"https:\/\/cabellonews.com\/#website\"},\"datePublished\":\"2023-07-27T21:19:31+00:00\",\"dateModified\":\"2023-07-27T21:19:31+00:00\",\"author\":{\"@id\":\"https:\/\/cabellonews.com\/#\/schema\/person\/7afe73bafa6cc5a24fd4c67dfd4379d8\"},\"breadcrumb\":{\"@id\":\"https:\/\/cabellonews.com\/?p=343#breadcrumb\"},\"inLanguage\":\"en-US\",\"potentialAction\":[{\"@type\":\"ReadAction\",\"target\":[\"https:\/\/cabellonews.com\/?p=343\"]}]},{\"@type\":\"BreadcrumbList\",\"@id\":\"https:\/\/cabellonews.com\/?p=343#breadcrumb\",\"itemListElement\":[{\"@type\":\"ListItem\",\"position\":1,\"name\":\"Inicio\",\"item\":\"https:\/\/cabellonews.com\/\"},{\"@type\":\"ListItem\",\"position\":2,\"name\":\"J\u00f3venes de Tamaulipas a favor de Claudia Sheinbaum\"}]},{\"@type\":\"WebSite\",\"@id\":\"https:\/\/cabellonews.com\/#website\",\"url\":\"https:\/\/cabellonews.com\/\",\"name\":\"cabellonews.com\",\"description\":\"Con Cobertura En Tamaulipas Y norte de Veracruz\",\"potentialAction\":[{\"@type\":\"SearchAction\",\"target\":{\"@type\":\"EntryPoint\",\"urlTemplate\":\"https:\/\/cabellonews.com\/?s={search_term_string}\"},\"query-input\":\"required name=search_term_string\"}],\"inLanguage\":\"en-US\"},{\"@type\":\"Person\",\"@id\":\"https:\/\/cabellonews.com\/#\/schema\/person\/7afe73bafa6cc5a24fd4c67dfd4379d8\",\"name\":\"cabellonews.com\",\"image\":{\"@type\":\"ImageObject\",\"inLanguage\":\"en-US\",\"@id\":\"https:\/\/cabellonews.com\/#\/schema\/person\/image\/\",\"url\":\"https:\/\/secure.gravatar.com\/avatar\/8d6324fc2806389aad4cd38639618406?s=96&d=mm&r=g\",\"contentUrl\":\"https:\/\/secure.gravatar.com\/avatar\/8d6324fc2806389aad4cd38639618406?s=96&d=mm&r=g\",\"caption\":\"cabellonews.com\"},\"sameAs\":[\"http:\/\/cabellonews.com\"],\"url\":\"https:\/\/cabellonews.com\/?author=1\"}]}<\/script>\n<!-- \/ Yoast SEO plugin. -->","yoast_head_json":{"title":"J\u00f3venes de Tamaulipas a favor de Claudia Sheinbaum - cabellonews.com","robots":{"index":"index","follow":"follow","max-snippet":"max-snippet:-1","max-image-preview":"max-image-preview:large","max-video-preview":"max-video-preview:-1"},"canonical":"https:\/\/cabellonews.com\/?p=343","og_locale":"en_US","og_type":"article","og_title":"J\u00f3venes de Tamaulipas a favor de Claudia Sheinbaum - cabellonews.com","og_description":"En fechas recientes circul\u00f3 en redes sociales un video en el que alrededor de 15 j\u00f3venes de Tamaulipas se pronuncian a favor de la doctora Claudia Sheinbaum. En el video de poco menos de un minuto de duraci\u00f3n, las y los j\u00f3venes, en su mayor\u00eda vistiendo verde, destacan las razones por las que la Doctora es la mejor opci\u00f3n para Tamaulipas. Para Fernando Pumarejo, Claudia representa la continuaci\u00f3n de la transformaci\u00f3n. Vanessa Salazar, de Jim\u00e9nez, destaca los proyectos ambientales y de innovaci\u00f3n de Sheinbaum; Keila Lugo de Padilla menciona que&hellip;","og_url":"https:\/\/cabellonews.com\/?p=343","og_site_name":"cabellonews.com","article_published_time":"2023-07-27T21:19:31+00:00","og_image":[{"width":1600,"height":1600,"url":"http:\/\/cabellonews.com\/wp-content\/uploads\/2023\/07\/443d7a64-d4f7-4c9e-8a1b-a6f58a5ba2b1.jpeg","type":"image\/jpeg"}],"author":"cabellonews.com","twitter_card":"summary_large_image","twitter_misc":{"Written by":"cabellonews.com","Est. reading time":"1 minute"},"schema":{"@context":"https:\/\/schema.org","@graph":[{"@type":"WebPage","@id":"https:\/\/cabellonews.com\/?p=343","url":"https:\/\/cabellonews.com\/?p=343","name":"J\u00f3venes de Tamaulipas a favor de Claudia Sheinbaum - cabellonews.com","isPartOf":{"@id":"https:\/\/cabellonews.com\/#website"},"datePublished":"2023-07-27T21:19:31+00:00","dateModified":"2023-07-27T21:19:31+00:00","author":{"@id":"https:\/\/cabellonews.com\/#\/schema\/person\/7afe73bafa6cc5a24fd4c67dfd4379d8"},"breadcrumb":{"@id":"https:\/\/cabellonews.com\/?p=343#breadcrumb"},"inLanguage":"en-US","potentialAction":[{"@type":"ReadAction","target":["https:\/\/cabellonews.com\/?p=343"]}]},{"@type":"BreadcrumbList","@id":"https:\/\/cabellonews.com\/?p=343#breadcrumb","itemListElement":[{"@type":"ListItem","position":1,"name":"Inicio","item":"https:\/\/cabellonews.com\/"},{"@type":"ListItem","position":2,"name":"J\u00f3venes de Tamaulipas a favor de Claudia Sheinbaum"}]},{"@type":"WebSite","@id":"https:\/\/cabellonews.com\/#website","url":"https:\/\/cabellonews.com\/","name":"cabellonews.com","description":"Con Cobertura En Tamaulipas Y norte de Veracruz","potentialAction":[{"@type":"SearchAction","target":{"@type":"EntryPoint","urlTemplate":"https:\/\/cabellonews.com\/?s={search_term_string}"},"query-input":"required name=search_term_string"}],"inLanguage":"en-US"},{"@type":"Person","@id":"https:\/\/cabellonews.com\/#\/schema\/person\/7afe73bafa6cc5a24fd4c67dfd4379d8","name":"cabellonews.com","image":{"@type":"ImageObject","inLanguage":"en-US","@id":"https:\/\/cabellonews.com\/#\/schema\/person\/image\/","url":"https:\/\/secure.gravatar.com\/avatar\/8d6324fc2806389aad4cd38639618406?s=96&d=mm&r=g","contentUrl":"https:\/\/secure.gravatar.com\/avatar\/8d6324fc2806389aad4cd38639618406?s=96&d=mm&r=g","caption":"cabellonews.com"},"sameAs":["http:\/\/cabellonews.com"],"url":"https:\/\/cabellonews.com\/?author=1"}]}},"_links":{"self":[{"href":"https:\/\/cabellonews.com\/index.php?rest_route=\/wp\/v2\/posts\/343"}],"collection":[{"href":"https:\/\/cabellonews.com\/index.php?rest_route=\/wp\/v2\/posts"}],"about":[{"href":"https:\/\/cabellonews.com\/index.php?rest_route=\/wp\/v2\/types\/post"}],"author":[{"embeddable":true,"href":"https:\/\/cabellonews.com\/index.php?rest_route=\/wp\/v2\/users\/1"}],"replies":[{"embeddable":true,"href":"https:\/\/cabellonews.com\/index.php?rest_route=%2Fwp%2Fv2%2Fcomments&post=343"}],"version-history":[{"count":1,"href":"https:\/\/cabellonews.com\/index.php?rest_route=\/wp\/v2\/posts\/343\/revisions"}],"predecessor-version":[{"id":345,"href":"https:\/\/cabellonews.com\/index.php?rest_route=\/wp\/v2\/posts\/343\/revisions\/345"}],"wp:featuredmedia":[{"embeddable":true,"href":"https:\/\/cabellonews.com\/index.php?rest_route=\/wp\/v2\/media\/344"}],"wp:attachment":[{"href":"https:\/\/cabellonews.com\/index.php?rest_route=%2Fwp%2Fv2%2Fmedia&parent=343"}],"wp:term":[{"taxonomy":"category","embeddable":true,"href":"https:\/\/cabellonews.com\/index.php?rest_route=%2Fwp%2Fv2%2Fcategories&post=343"},{"taxonomy":"post_tag","embeddable":true,"href":"https:\/\/cabellonews.com\/index.php?rest_route=%2Fwp%2Fv2%2Ftags&post=343"}],"curies":[{"name":"wp","href":"https:\/\/api.w.org\/{rel}","templated":true}]}}