{"id":340,"date":"2023-07-26T01:27:11","date_gmt":"2023-07-26T01:27:11","guid":{"rendered":"https:\/\/cabellonews.com\/?p=340"},"modified":"2023-07-26T01:27:11","modified_gmt":"2023-07-26T01:27:11","slug":"realizan-con-exito-trasplante-multiorganico-en-hospital-general-de-tampico","status":"publish","type":"post","link":"https:\/\/cabellonews.com\/?p=340","title":{"rendered":"Realizan con \u00e9xito trasplante multiorg\u00e1nico en Hospital General de Tampico"},"content":{"rendered":"\n<p>Julio 25 de 2023<\/p>\n\n\n\n<p>Tampico, Tamaulipas.- El Hospital General de Tampico \u201cDr. Carlos Canseco\u201d, logr\u00f3 la donaci\u00f3n multiorg\u00e1nica de un paciente, ya que su familia de buen coraz\u00f3n, dio una nueva oportunidad de vida con esta acci\u00f3n altruista a cuatro personas.<\/p>\n\n\n\n<p>Lo anterior lo inform\u00f3 el secretario de Salud, Vicente Joel Hern\u00e1ndez Navarro, al se\u00f1alar que luego de seis a\u00f1os, no se hab\u00eda hecho una donaci\u00f3n de este tipo en esta unidad hospitalaria.<\/p>\n\n\n\n<p>Dijo que fue este lunes 24 de julio, que se realizaron los procedimientos correspondientes para obtener la donaci\u00f3n de dos c\u00f3rneas y dos ri\u00f1ones de un paciente que se encontraba en terapia intensiva, luego de sufrir una ca\u00edda y ser declarado con muerte cerebral.<\/p>\n\n\n\n<p>\u201cGracias a los familiares del paciente, quienes de manera altruista tomaron la decisi\u00f3n de realizar las donaci\u00f3n multi\u00f3rganica y que al considerarse que era apto para proceder a esta acci\u00f3n, se lograr\u00e1 beneficiar a cuatro personas\u201d, expuso Hern\u00e1ndez Navarro.<\/p>\n\n\n\n<p>Se\u00f1al\u00f3 que desde el 2017 no se realizaba una donaci\u00f3n de este tipo en esta unidad hospitalaria y con el trabajo de los m\u00e9dicos pertenecientes a la Secretaria de Salud, se obtuvo con \u00e9xito este procedimiento que beneficiar\u00e1 a dos tamaulipecos y dos pacientes que requieren de trasplantes de ri\u00f1\u00f3n del estado de Nuevo Le\u00f3n.<\/p>\n\n\n\n<p>\u201cEl trabajo intenso se logr\u00f3 con la participaci\u00f3n del equipo de trasplantes de esta instituci\u00f3n, as\u00ed como del personal del Centro Regional de Urgencias M\u00e9dicas, Cruz Roja y Protecci\u00f3n Civil delegaci\u00f3n sur, quienes obtuvieron el equipo procurador, desde el hospital hasta el aeropuerto, para garantizar las condiciones de los \u00f3rganos donados\u201d, mencion\u00f3.<\/p>\n\n\n\n<p>Detall\u00f3 que el paciente, sufri\u00f3 una ca\u00edda y fue declarado con muerte cerebral, y al ser donador se le realiz\u00f3 un peque\u00f1o homenaje con el personal del Hospital General \u201cDr. Carlos Canseco\u201d, quienes adem\u00e1s agradecieron a sus familiares por aceptar esta buena acci\u00f3n, para dar vida a otras personas.<\/p>\n\n\n<figure class=\"wp-block-post-featured-image\"><img width=\"240\" height=\"172\" src=\"https:\/\/cabellonews.com\/wp-content\/uploads\/2023\/07\/cc4f1b82-6e46-45fb-93c2-10cdae1982a1-240x172.jpeg\" class=\"attachment-post-thumbnail size-post-thumbnail wp-post-image\" alt=\"\" decoding=\"async\" loading=\"lazy\" \/><\/figure>\n\n\n<pre class=\"wp-block-code\"><code>       *   *  *<\/code><\/pre>\n","protected":false},"excerpt":{"rendered":"<p>Julio 25 de 2023 Tampico, Tamaulipas.- El Hospital General de Tampico \u201cDr. Carlos Canseco\u201d, logr\u00f3 la donaci\u00f3n multiorg\u00e1nica de un paciente, ya que su familia de buen coraz\u00f3n, dio una nueva oportunidad de vida con esta acci\u00f3n altruista a cuatro personas. Lo anterior lo inform\u00f3 el secretario de Salud, Vicente Joel Hern\u00e1ndez Navarro, al se\u00f1alar que luego de seis a\u00f1os, no se hab\u00eda hecho una donaci\u00f3n de este tipo en esta unidad hospitalaria. Dijo que fue este lunes 24 de julio, que se realizaron los procedimientos correspondientes para obtener la&hellip;<\/p>\n","protected":false},"author":1,"featured_media":341,"comment_status":"open","ping_status":"open","sticky":false,"template":"","format":"standard","meta":[],"categories":[1],"tags":[],"gutentor_comment":0,"yoast_head":"<!-- This site is optimized with the Yoast SEO plugin v20.10 - https:\/\/yoast.com\/wordpress\/plugins\/seo\/ -->\n<title>Realizan con \u00e9xito trasplante multiorg\u00e1nico en Hospital General de Tampico - cabellonews.com<\/title>\n<meta name=\"robots\" content=\"index, follow, max-snippet:-1, max-image-preview:large, max-video-preview:-1\" \/>\n<link rel=\"canonical\" href=\"https:\/\/cabellonews.com\/?p=340\" \/>\n<meta property=\"og:locale\" content=\"en_US\" \/>\n<meta property=\"og:type\" content=\"article\" \/>\n<meta property=\"og:title\" content=\"Realizan con \u00e9xito trasplante multiorg\u00e1nico en Hospital General de Tampico - cabellonews.com\" \/>\n<meta property=\"og:description\" content=\"Julio 25 de 2023 Tampico, Tamaulipas.- El Hospital General de Tampico \u201cDr. Carlos Canseco\u201d, logr\u00f3 la donaci\u00f3n multiorg\u00e1nica de un paciente, ya que su familia de buen coraz\u00f3n, dio una nueva oportunidad de vida con esta acci\u00f3n altruista a cuatro personas. Lo anterior lo inform\u00f3 el secretario de Salud, Vicente Joel Hern\u00e1ndez Navarro, al se\u00f1alar que luego de seis a\u00f1os, no se hab\u00eda hecho una donaci\u00f3n de este tipo en esta unidad hospitalaria. Dijo que fue este lunes 24 de julio, que se realizaron los procedimientos correspondientes para obtener la&hellip;\" \/>\n<meta property=\"og:url\" content=\"https:\/\/cabellonews.com\/?p=340\" \/>\n<meta property=\"og:site_name\" content=\"cabellonews.com\" \/>\n<meta property=\"article:published_time\" content=\"2023-07-26T01:27:11+00:00\" \/>\n<meta property=\"og:image\" content=\"http:\/\/cabellonews.com\/wp-content\/uploads\/2023\/07\/cc4f1b82-6e46-45fb-93c2-10cdae1982a1.jpeg\" \/>\n\t<meta property=\"og:image:width\" content=\"1024\" \/>\n\t<meta property=\"og:image:height\" content=\"576\" \/>\n\t<meta property=\"og:image:type\" content=\"image\/jpeg\" \/>\n<meta name=\"author\" content=\"cabellonews.com\" \/>\n<meta name=\"twitter:card\" content=\"summary_large_image\" \/>\n<meta name=\"twitter:label1\" content=\"Written by\" \/>\n\t<meta name=\"twitter:data1\" content=\"cabellonews.com\" \/>\n\t<meta name=\"twitter:label2\" content=\"Est. reading time\" \/>\n\t<meta name=\"twitter:data2\" content=\"2 minutes\" \/>\n<script type=\"application\/ld+json\" class=\"yoast-schema-graph\">{\"@context\":\"https:\/\/schema.org\",\"@graph\":[{\"@type\":\"WebPage\",\"@id\":\"https:\/\/cabellonews.com\/?p=340\",\"url\":\"https:\/\/cabellonews.com\/?p=340\",\"name\":\"Realizan con \u00e9xito trasplante multiorg\u00e1nico en Hospital General de Tampico - cabellonews.com\",\"isPartOf\":{\"@id\":\"https:\/\/cabellonews.com\/#website\"},\"datePublished\":\"2023-07-26T01:27:11+00:00\",\"dateModified\":\"2023-07-26T01:27:11+00:00\",\"author\":{\"@id\":\"https:\/\/cabellonews.com\/#\/schema\/person\/7afe73bafa6cc5a24fd4c67dfd4379d8\"},\"breadcrumb\":{\"@id\":\"https:\/\/cabellonews.com\/?p=340#breadcrumb\"},\"inLanguage\":\"en-US\",\"potentialAction\":[{\"@type\":\"ReadAction\",\"target\":[\"https:\/\/cabellonews.com\/?p=340\"]}]},{\"@type\":\"BreadcrumbList\",\"@id\":\"https:\/\/cabellonews.com\/?p=340#breadcrumb\",\"itemListElement\":[{\"@type\":\"ListItem\",\"position\":1,\"name\":\"Inicio\",\"item\":\"https:\/\/cabellonews.com\/\"},{\"@type\":\"ListItem\",\"position\":2,\"name\":\"Realizan con \u00e9xito trasplante multiorg\u00e1nico en Hospital General de Tampico\"}]},{\"@type\":\"WebSite\",\"@id\":\"https:\/\/cabellonews.com\/#website\",\"url\":\"https:\/\/cabellonews.com\/\",\"name\":\"cabellonews.com\",\"description\":\"Con Cobertura En Tamaulipas Y norte de Veracruz\",\"potentialAction\":[{\"@type\":\"SearchAction\",\"target\":{\"@type\":\"EntryPoint\",\"urlTemplate\":\"https:\/\/cabellonews.com\/?s={search_term_string}\"},\"query-input\":\"required name=search_term_string\"}],\"inLanguage\":\"en-US\"},{\"@type\":\"Person\",\"@id\":\"https:\/\/cabellonews.com\/#\/schema\/person\/7afe73bafa6cc5a24fd4c67dfd4379d8\",\"name\":\"cabellonews.com\",\"image\":{\"@type\":\"ImageObject\",\"inLanguage\":\"en-US\",\"@id\":\"https:\/\/cabellonews.com\/#\/schema\/person\/image\/\",\"url\":\"https:\/\/secure.gravatar.com\/avatar\/8d6324fc2806389aad4cd38639618406?s=96&d=mm&r=g\",\"contentUrl\":\"https:\/\/secure.gravatar.com\/avatar\/8d6324fc2806389aad4cd38639618406?s=96&d=mm&r=g\",\"caption\":\"cabellonews.com\"},\"sameAs\":[\"http:\/\/cabellonews.com\"],\"url\":\"https:\/\/cabellonews.com\/?author=1\"}]}<\/script>\n<!-- \/ Yoast SEO plugin. -->","yoast_head_json":{"title":"Realizan con \u00e9xito trasplante multiorg\u00e1nico en Hospital General de Tampico - cabellonews.com","robots":{"index":"index","follow":"follow","max-snippet":"max-snippet:-1","max-image-preview":"max-image-preview:large","max-video-preview":"max-video-preview:-1"},"canonical":"https:\/\/cabellonews.com\/?p=340","og_locale":"en_US","og_type":"article","og_title":"Realizan con \u00e9xito trasplante multiorg\u00e1nico en Hospital General de Tampico - cabellonews.com","og_description":"Julio 25 de 2023 Tampico, Tamaulipas.- El Hospital General de Tampico \u201cDr. Carlos Canseco\u201d, logr\u00f3 la donaci\u00f3n multiorg\u00e1nica de un paciente, ya que su familia de buen coraz\u00f3n, dio una nueva oportunidad de vida con esta acci\u00f3n altruista a cuatro personas. Lo anterior lo inform\u00f3 el secretario de Salud, Vicente Joel Hern\u00e1ndez Navarro, al se\u00f1alar que luego de seis a\u00f1os, no se hab\u00eda hecho una donaci\u00f3n de este tipo en esta unidad hospitalaria. Dijo que fue este lunes 24 de julio, que se realizaron los procedimientos correspondientes para obtener la&hellip;","og_url":"https:\/\/cabellonews.com\/?p=340","og_site_name":"cabellonews.com","article_published_time":"2023-07-26T01:27:11+00:00","og_image":[{"width":1024,"height":576,"url":"http:\/\/cabellonews.com\/wp-content\/uploads\/2023\/07\/cc4f1b82-6e46-45fb-93c2-10cdae1982a1.jpeg","type":"image\/jpeg"}],"author":"cabellonews.com","twitter_card":"summary_large_image","twitter_misc":{"Written by":"cabellonews.com","Est. reading time":"2 minutes"},"schema":{"@context":"https:\/\/schema.org","@graph":[{"@type":"WebPage","@id":"https:\/\/cabellonews.com\/?p=340","url":"https:\/\/cabellonews.com\/?p=340","name":"Realizan con \u00e9xito trasplante multiorg\u00e1nico en Hospital General de Tampico - cabellonews.com","isPartOf":{"@id":"https:\/\/cabellonews.com\/#website"},"datePublished":"2023-07-26T01:27:11+00:00","dateModified":"2023-07-26T01:27:11+00:00","author":{"@id":"https:\/\/cabellonews.com\/#\/schema\/person\/7afe73bafa6cc5a24fd4c67dfd4379d8"},"breadcrumb":{"@id":"https:\/\/cabellonews.com\/?p=340#breadcrumb"},"inLanguage":"en-US","potentialAction":[{"@type":"ReadAction","target":["https:\/\/cabellonews.com\/?p=340"]}]},{"@type":"BreadcrumbList","@id":"https:\/\/cabellonews.com\/?p=340#breadcrumb","itemListElement":[{"@type":"ListItem","position":1,"name":"Inicio","item":"https:\/\/cabellonews.com\/"},{"@type":"ListItem","position":2,"name":"Realizan con \u00e9xito trasplante multiorg\u00e1nico en Hospital General de Tampico"}]},{"@type":"WebSite","@id":"https:\/\/cabellonews.com\/#website","url":"https:\/\/cabellonews.com\/","name":"cabellonews.com","description":"Con Cobertura En Tamaulipas Y norte de Veracruz","potentialAction":[{"@type":"SearchAction","target":{"@type":"EntryPoint","urlTemplate":"https:\/\/cabellonews.com\/?s={search_term_string}"},"query-input":"required name=search_term_string"}],"inLanguage":"en-US"},{"@type":"Person","@id":"https:\/\/cabellonews.com\/#\/schema\/person\/7afe73bafa6cc5a24fd4c67dfd4379d8","name":"cabellonews.com","image":{"@type":"ImageObject","inLanguage":"en-US","@id":"https:\/\/cabellonews.com\/#\/schema\/person\/image\/","url":"https:\/\/secure.gravatar.com\/avatar\/8d6324fc2806389aad4cd38639618406?s=96&d=mm&r=g","contentUrl":"https:\/\/secure.gravatar.com\/avatar\/8d6324fc2806389aad4cd38639618406?s=96&d=mm&r=g","caption":"cabellonews.com"},"sameAs":["http:\/\/cabellonews.com"],"url":"https:\/\/cabellonews.com\/?author=1"}]}},"_links":{"self":[{"href":"https:\/\/cabellonews.com\/index.php?rest_route=\/wp\/v2\/posts\/340"}],"collection":[{"href":"https:\/\/cabellonews.com\/index.php?rest_route=\/wp\/v2\/posts"}],"about":[{"href":"https:\/\/cabellonews.com\/index.php?rest_route=\/wp\/v2\/types\/post"}],"author":[{"embeddable":true,"href":"https:\/\/cabellonews.com\/index.php?rest_route=\/wp\/v2\/users\/1"}],"replies":[{"embeddable":true,"href":"https:\/\/cabellonews.com\/index.php?rest_route=%2Fwp%2Fv2%2Fcomments&post=340"}],"version-history":[{"count":1,"href":"https:\/\/cabellonews.com\/index.php?rest_route=\/wp\/v2\/posts\/340\/revisions"}],"predecessor-version":[{"id":342,"href":"https:\/\/cabellonews.com\/index.php?rest_route=\/wp\/v2\/posts\/340\/revisions\/342"}],"wp:featuredmedia":[{"embeddable":true,"href":"https:\/\/cabellonews.com\/index.php?rest_route=\/wp\/v2\/media\/341"}],"wp:attachment":[{"href":"https:\/\/cabellonews.com\/index.php?rest_route=%2Fwp%2Fv2%2Fmedia&parent=340"}],"wp:term":[{"taxonomy":"category","embeddable":true,"href":"https:\/\/cabellonews.com\/index.php?rest_route=%2Fwp%2Fv2%2Fcategories&post=340"},{"taxonomy":"post_tag","embeddable":true,"href":"https:\/\/cabellonews.com\/index.php?rest_route=%2Fwp%2Fv2%2Ftags&post=340"}],"curies":[{"name":"wp","href":"https:\/\/api.w.org\/{rel}","templated":true}]}}