{"id":333,"date":"2023-07-22T18:53:33","date_gmt":"2023-07-22T18:53:33","guid":{"rendered":"https:\/\/cabellonews.com\/?p=333"},"modified":"2023-07-22T18:53:34","modified_gmt":"2023-07-22T18:53:34","slug":"anuncia-gobierno-del-estado-rehabilitacion-del-dique-el-camalote","status":"publish","type":"post","link":"https:\/\/cabellonews.com\/?p=333","title":{"rendered":"Anuncia Gobierno del Estado rehabilitaci\u00f3n del dique El Camalote"},"content":{"rendered":"\n<p>Por instrucciones del Gobernador de Tamaulipas, Dr. Am\u00e9rico Villarreal Anaya, el secretario de Recursos Hidr\u00e1ulicos para el Desarrollo Social en el Estado, Ing. Ra\u00fal Quiroga \u00c1lvarez realiz\u00f3 una gira de supervisi\u00f3n al dique El Camalote, acompa\u00f1ado del gerente general de COMAPA Sur, Mtro. Francisco Jos\u00e9 Gonz\u00e1lez Casanova, donde el funcionario estatal hizo el anuncio de que en breve fecha ser\u00e1 rehabilitado ese sistema regulador del abasto de agua a las lagunas, mediante una fuerte inversi\u00f3n entre la federaci\u00f3n y el estado.<\/p>\n\n\n\n<p>De acuerdo a las declaraciones del secretario, se trata de una obra muy importante para la captaci\u00f3n del agua que surte a las ciudades de la zona sur y tendr\u00e1 una inversi\u00f3n de 23 millones 794 mil pesos y los trabajos iniciar\u00e1n a la mayor brevedad, luego de que se cuenta ya con todos los requisitos que rigen para este tipo de obras.<\/p>\n\n\n\n<p>Es prioridad del Gobernador Villarreal Anaya, se\u00f1al\u00f3 Quiroga \u00c1lvarez, aplicar una pol\u00edtica humanista que tienda al bienestar de los ciudadanos, por lo que la obra de El Camalote se convierte en una necesidad imperiosa, que el Gobierno del Estado, con apoyo de la federaci\u00f3n, impuls\u00f3 para su realizaci\u00f3n en gestiones llevadas a cabo en las altas esferas del Gobierno Federal.<\/p>\n\n\n\n<p>Asimismo, explic\u00f3 que la obra consiste en la rehabilitaci\u00f3n de las escotaduras en el estero de El Camalote, la cual ser\u00e1 ejecutada por una empresa responsable y profesional del ramo.<\/p>\n\n\n\n<p>Los funcionarios del sistema h\u00eddrico de Tamaulipas y de la zona conurbada visitaron tambi\u00e9n la Casa de la Naturaleza, donde se iniciaron los primeros procesos de potabilizaci\u00f3n del agua; igualmente en una embarcaci\u00f3n menor surcaron las aguas del r\u00edo Tames\u00ed y de la Laguna de El Chairel, as\u00ed como la bocatoma del vital l\u00edquido.<\/p>\n\n\n\n<p>Por \u00faltimo, la comitiva visit\u00f3 las instalaciones de la Planta Altavista, donde constataron el buen funcionamiento de todo el sistema operativo.<\/p>\n\n\n<figure class=\"wp-block-post-featured-image\"><img width=\"240\" height=\"172\" src=\"https:\/\/cabellonews.com\/wp-content\/uploads\/2023\/07\/7FE0218C-48BD-4678-80D6-6B591D6BD7FD-240x172.jpeg\" class=\"attachment-post-thumbnail size-post-thumbnail wp-post-image\" alt=\"\" decoding=\"async\" loading=\"lazy\" \/><\/figure>","protected":false},"excerpt":{"rendered":"<p>Por instrucciones del Gobernador de Tamaulipas, Dr. Am\u00e9rico Villarreal Anaya, el secretario de Recursos Hidr\u00e1ulicos para el Desarrollo Social en el Estado, Ing. Ra\u00fal Quiroga \u00c1lvarez realiz\u00f3 una gira de supervisi\u00f3n al dique El Camalote, acompa\u00f1ado del gerente general de COMAPA Sur, Mtro. Francisco Jos\u00e9 Gonz\u00e1lez Casanova, donde el funcionario estatal hizo el anuncio de que en breve fecha ser\u00e1 rehabilitado ese sistema regulador del abasto de agua a las lagunas, mediante una fuerte inversi\u00f3n entre la federaci\u00f3n y el estado. De acuerdo a las declaraciones del secretario, se trata&hellip;<\/p>\n","protected":false},"author":1,"featured_media":334,"comment_status":"open","ping_status":"open","sticky":false,"template":"","format":"standard","meta":[],"categories":[1],"tags":[],"gutentor_comment":0,"yoast_head":"<!-- This site is optimized with the Yoast SEO plugin v20.10 - https:\/\/yoast.com\/wordpress\/plugins\/seo\/ -->\n<title>Anuncia Gobierno del Estado rehabilitaci\u00f3n del dique El Camalote - cabellonews.com<\/title>\n<meta name=\"robots\" content=\"index, follow, max-snippet:-1, max-image-preview:large, max-video-preview:-1\" \/>\n<link rel=\"canonical\" href=\"https:\/\/cabellonews.com\/?p=333\" \/>\n<meta property=\"og:locale\" content=\"en_US\" \/>\n<meta property=\"og:type\" content=\"article\" \/>\n<meta property=\"og:title\" content=\"Anuncia Gobierno del Estado rehabilitaci\u00f3n del dique El Camalote - cabellonews.com\" \/>\n<meta property=\"og:description\" content=\"Por instrucciones del Gobernador de Tamaulipas, Dr. Am\u00e9rico Villarreal Anaya, el secretario de Recursos Hidr\u00e1ulicos para el Desarrollo Social en el Estado, Ing. Ra\u00fal Quiroga \u00c1lvarez realiz\u00f3 una gira de supervisi\u00f3n al dique El Camalote, acompa\u00f1ado del gerente general de COMAPA Sur, Mtro. Francisco Jos\u00e9 Gonz\u00e1lez Casanova, donde el funcionario estatal hizo el anuncio de que en breve fecha ser\u00e1 rehabilitado ese sistema regulador del abasto de agua a las lagunas, mediante una fuerte inversi\u00f3n entre la federaci\u00f3n y el estado. De acuerdo a las declaraciones del secretario, se trata&hellip;\" \/>\n<meta property=\"og:url\" content=\"https:\/\/cabellonews.com\/?p=333\" \/>\n<meta property=\"og:site_name\" content=\"cabellonews.com\" \/>\n<meta property=\"article:published_time\" content=\"2023-07-22T18:53:33+00:00\" \/>\n<meta property=\"article:modified_time\" content=\"2023-07-22T18:53:34+00:00\" \/>\n<meta property=\"og:image\" content=\"http:\/\/cabellonews.com\/wp-content\/uploads\/2023\/07\/7FE0218C-48BD-4678-80D6-6B591D6BD7FD.jpeg\" \/>\n\t<meta property=\"og:image:width\" content=\"1600\" \/>\n\t<meta property=\"og:image:height\" content=\"739\" \/>\n\t<meta property=\"og:image:type\" content=\"image\/jpeg\" \/>\n<meta name=\"author\" content=\"cabellonews.com\" \/>\n<meta name=\"twitter:card\" content=\"summary_large_image\" \/>\n<meta name=\"twitter:label1\" content=\"Written by\" \/>\n\t<meta name=\"twitter:data1\" content=\"cabellonews.com\" \/>\n\t<meta name=\"twitter:label2\" content=\"Est. reading time\" \/>\n\t<meta name=\"twitter:data2\" content=\"2 minutes\" \/>\n<script type=\"application\/ld+json\" class=\"yoast-schema-graph\">{\"@context\":\"https:\/\/schema.org\",\"@graph\":[{\"@type\":\"WebPage\",\"@id\":\"https:\/\/cabellonews.com\/?p=333\",\"url\":\"https:\/\/cabellonews.com\/?p=333\",\"name\":\"Anuncia Gobierno del Estado rehabilitaci\u00f3n del dique El Camalote - cabellonews.com\",\"isPartOf\":{\"@id\":\"https:\/\/cabellonews.com\/#website\"},\"datePublished\":\"2023-07-22T18:53:33+00:00\",\"dateModified\":\"2023-07-22T18:53:34+00:00\",\"author\":{\"@id\":\"https:\/\/cabellonews.com\/#\/schema\/person\/7afe73bafa6cc5a24fd4c67dfd4379d8\"},\"breadcrumb\":{\"@id\":\"https:\/\/cabellonews.com\/?p=333#breadcrumb\"},\"inLanguage\":\"en-US\",\"potentialAction\":[{\"@type\":\"ReadAction\",\"target\":[\"https:\/\/cabellonews.com\/?p=333\"]}]},{\"@type\":\"BreadcrumbList\",\"@id\":\"https:\/\/cabellonews.com\/?p=333#breadcrumb\",\"itemListElement\":[{\"@type\":\"ListItem\",\"position\":1,\"name\":\"Inicio\",\"item\":\"https:\/\/cabellonews.com\/\"},{\"@type\":\"ListItem\",\"position\":2,\"name\":\"Anuncia Gobierno del Estado rehabilitaci\u00f3n del dique El Camalote\"}]},{\"@type\":\"WebSite\",\"@id\":\"https:\/\/cabellonews.com\/#website\",\"url\":\"https:\/\/cabellonews.com\/\",\"name\":\"cabellonews.com\",\"description\":\"Con Cobertura En Tamaulipas Y norte de Veracruz\",\"potentialAction\":[{\"@type\":\"SearchAction\",\"target\":{\"@type\":\"EntryPoint\",\"urlTemplate\":\"https:\/\/cabellonews.com\/?s={search_term_string}\"},\"query-input\":\"required name=search_term_string\"}],\"inLanguage\":\"en-US\"},{\"@type\":\"Person\",\"@id\":\"https:\/\/cabellonews.com\/#\/schema\/person\/7afe73bafa6cc5a24fd4c67dfd4379d8\",\"name\":\"cabellonews.com\",\"image\":{\"@type\":\"ImageObject\",\"inLanguage\":\"en-US\",\"@id\":\"https:\/\/cabellonews.com\/#\/schema\/person\/image\/\",\"url\":\"https:\/\/secure.gravatar.com\/avatar\/8d6324fc2806389aad4cd38639618406?s=96&d=mm&r=g\",\"contentUrl\":\"https:\/\/secure.gravatar.com\/avatar\/8d6324fc2806389aad4cd38639618406?s=96&d=mm&r=g\",\"caption\":\"cabellonews.com\"},\"sameAs\":[\"http:\/\/cabellonews.com\"],\"url\":\"https:\/\/cabellonews.com\/?author=1\"}]}<\/script>\n<!-- \/ Yoast SEO plugin. -->","yoast_head_json":{"title":"Anuncia Gobierno del Estado rehabilitaci\u00f3n del dique El Camalote - cabellonews.com","robots":{"index":"index","follow":"follow","max-snippet":"max-snippet:-1","max-image-preview":"max-image-preview:large","max-video-preview":"max-video-preview:-1"},"canonical":"https:\/\/cabellonews.com\/?p=333","og_locale":"en_US","og_type":"article","og_title":"Anuncia Gobierno del Estado rehabilitaci\u00f3n del dique El Camalote - cabellonews.com","og_description":"Por instrucciones del Gobernador de Tamaulipas, Dr. Am\u00e9rico Villarreal Anaya, el secretario de Recursos Hidr\u00e1ulicos para el Desarrollo Social en el Estado, Ing. Ra\u00fal Quiroga \u00c1lvarez realiz\u00f3 una gira de supervisi\u00f3n al dique El Camalote, acompa\u00f1ado del gerente general de COMAPA Sur, Mtro. Francisco Jos\u00e9 Gonz\u00e1lez Casanova, donde el funcionario estatal hizo el anuncio de que en breve fecha ser\u00e1 rehabilitado ese sistema regulador del abasto de agua a las lagunas, mediante una fuerte inversi\u00f3n entre la federaci\u00f3n y el estado. De acuerdo a las declaraciones del secretario, se trata&hellip;","og_url":"https:\/\/cabellonews.com\/?p=333","og_site_name":"cabellonews.com","article_published_time":"2023-07-22T18:53:33+00:00","article_modified_time":"2023-07-22T18:53:34+00:00","og_image":[{"width":1600,"height":739,"url":"http:\/\/cabellonews.com\/wp-content\/uploads\/2023\/07\/7FE0218C-48BD-4678-80D6-6B591D6BD7FD.jpeg","type":"image\/jpeg"}],"author":"cabellonews.com","twitter_card":"summary_large_image","twitter_misc":{"Written by":"cabellonews.com","Est. reading time":"2 minutes"},"schema":{"@context":"https:\/\/schema.org","@graph":[{"@type":"WebPage","@id":"https:\/\/cabellonews.com\/?p=333","url":"https:\/\/cabellonews.com\/?p=333","name":"Anuncia Gobierno del Estado rehabilitaci\u00f3n del dique El Camalote - cabellonews.com","isPartOf":{"@id":"https:\/\/cabellonews.com\/#website"},"datePublished":"2023-07-22T18:53:33+00:00","dateModified":"2023-07-22T18:53:34+00:00","author":{"@id":"https:\/\/cabellonews.com\/#\/schema\/person\/7afe73bafa6cc5a24fd4c67dfd4379d8"},"breadcrumb":{"@id":"https:\/\/cabellonews.com\/?p=333#breadcrumb"},"inLanguage":"en-US","potentialAction":[{"@type":"ReadAction","target":["https:\/\/cabellonews.com\/?p=333"]}]},{"@type":"BreadcrumbList","@id":"https:\/\/cabellonews.com\/?p=333#breadcrumb","itemListElement":[{"@type":"ListItem","position":1,"name":"Inicio","item":"https:\/\/cabellonews.com\/"},{"@type":"ListItem","position":2,"name":"Anuncia Gobierno del Estado rehabilitaci\u00f3n del dique El Camalote"}]},{"@type":"WebSite","@id":"https:\/\/cabellonews.com\/#website","url":"https:\/\/cabellonews.com\/","name":"cabellonews.com","description":"Con Cobertura En Tamaulipas Y norte de Veracruz","potentialAction":[{"@type":"SearchAction","target":{"@type":"EntryPoint","urlTemplate":"https:\/\/cabellonews.com\/?s={search_term_string}"},"query-input":"required name=search_term_string"}],"inLanguage":"en-US"},{"@type":"Person","@id":"https:\/\/cabellonews.com\/#\/schema\/person\/7afe73bafa6cc5a24fd4c67dfd4379d8","name":"cabellonews.com","image":{"@type":"ImageObject","inLanguage":"en-US","@id":"https:\/\/cabellonews.com\/#\/schema\/person\/image\/","url":"https:\/\/secure.gravatar.com\/avatar\/8d6324fc2806389aad4cd38639618406?s=96&d=mm&r=g","contentUrl":"https:\/\/secure.gravatar.com\/avatar\/8d6324fc2806389aad4cd38639618406?s=96&d=mm&r=g","caption":"cabellonews.com"},"sameAs":["http:\/\/cabellonews.com"],"url":"https:\/\/cabellonews.com\/?author=1"}]}},"_links":{"self":[{"href":"https:\/\/cabellonews.com\/index.php?rest_route=\/wp\/v2\/posts\/333"}],"collection":[{"href":"https:\/\/cabellonews.com\/index.php?rest_route=\/wp\/v2\/posts"}],"about":[{"href":"https:\/\/cabellonews.com\/index.php?rest_route=\/wp\/v2\/types\/post"}],"author":[{"embeddable":true,"href":"https:\/\/cabellonews.com\/index.php?rest_route=\/wp\/v2\/users\/1"}],"replies":[{"embeddable":true,"href":"https:\/\/cabellonews.com\/index.php?rest_route=%2Fwp%2Fv2%2Fcomments&post=333"}],"version-history":[{"count":1,"href":"https:\/\/cabellonews.com\/index.php?rest_route=\/wp\/v2\/posts\/333\/revisions"}],"predecessor-version":[{"id":335,"href":"https:\/\/cabellonews.com\/index.php?rest_route=\/wp\/v2\/posts\/333\/revisions\/335"}],"wp:featuredmedia":[{"embeddable":true,"href":"https:\/\/cabellonews.com\/index.php?rest_route=\/wp\/v2\/media\/334"}],"wp:attachment":[{"href":"https:\/\/cabellonews.com\/index.php?rest_route=%2Fwp%2Fv2%2Fmedia&parent=333"}],"wp:term":[{"taxonomy":"category","embeddable":true,"href":"https:\/\/cabellonews.com\/index.php?rest_route=%2Fwp%2Fv2%2Fcategories&post=333"},{"taxonomy":"post_tag","embeddable":true,"href":"https:\/\/cabellonews.com\/index.php?rest_route=%2Fwp%2Fv2%2Ftags&post=333"}],"curies":[{"name":"wp","href":"https:\/\/api.w.org\/{rel}","templated":true}]}}