{"id":308,"date":"2023-07-09T06:07:28","date_gmt":"2023-07-09T06:07:28","guid":{"rendered":"https:\/\/cabellonews.com\/?p=308"},"modified":"2023-07-11T06:08:37","modified_gmt":"2023-07-11T06:08:37","slug":"inicia-americo-gestion-para-reclasificar-tarifas-de-energia-electrica","status":"publish","type":"post","link":"https:\/\/cabellonews.com\/?p=308","title":{"rendered":"Inicia Am\u00e9rico gesti\u00f3n para reclasificar tarifas de energ\u00eda el\u00e9ctrica"},"content":{"rendered":"\n<p>-Gobierno de Tamaulipas encabeza un reclamo popular que data de hace m\u00e1s de 30 a\u00f1os<\/p>\n\n\n\n<p>Julio 09 de 2023<\/p>\n\n\n\n<p>Ciudad Victoria, Tamaulipas.- Ante la ola de calor que impacta al Estado, el gobernador Am\u00e9rico Villarreal Anaya inici\u00f3 formalmente una gesti\u00f3n ante las instancias correspondientes con el prop\u00f3sito de reclasificar las tarifas el\u00e9ctricas en la entidad, una medida que beneficiar\u00e1 a las familias tamaulipecas.<\/p>\n\n\n\n<p>Durante una reuni\u00f3n celebrada este s\u00e1bado, en Casa Tamaulipas, el mandatario tamaulipeco y el titular de la Comisi\u00f3n de Energ\u00eda Estatal Jos\u00e9 Ram\u00f3n Silva Arizabalo revisaron la problem\u00e1tica, acordando formular la solicitud con el objetivo establecido.<\/p>\n\n\n\n<p>El gobernador mencion\u00f3 que ante las altas temperaturas que se registran en la entidad con gran impacto en el consumo de energ\u00eda de los hogares, ya que en algunos municipios este a\u00f1o se han alcanzado temperaturas hist\u00f3ricas, se tom\u00f3 la iniciativa de encabezar un reclamo de las y los tamaulipecos que data de hace m\u00e1s de 30 a\u00f1os.<\/p>\n\n\n\n<p>Agreg\u00f3 que la petici\u00f3n se basa en el hecho de que Tamaulipas es el principal productor de energ\u00eda del pa\u00eds, lo que permite abastecer incluso la demanda de otros estados, por lo que consider\u00f3 necesario que se realicen los estudios que se\u00f1alan las normas, previos al establecimiento de un convenio con las autoridades del sector el\u00e9ctrico.<\/p>\n\n\n\n<p>Asimismo, record\u00f3 que el Gobierno Federal autoriz\u00f3 un presupuesto de 9 mil millones de pesos para fortalecer la red de transmisi\u00f3n de energ\u00eda en Tamaulipas y contribuir a la meta para lograr la autosuficiencia energ\u00e9tica del pa\u00eds.<\/p>\n\n\n<figure class=\"wp-block-post-featured-image\"><img width=\"240\" height=\"172\" src=\"https:\/\/cabellonews.com\/wp-content\/uploads\/2023\/07\/DE9493F4-14CE-42E7-8177-5804A32FB173-240x172.jpeg\" class=\"attachment-post-thumbnail size-post-thumbnail wp-post-image\" alt=\"\" decoding=\"async\" loading=\"lazy\" \/><\/figure>\n\n\n<pre class=\"wp-block-code\"><code>        *   *  *<\/code><\/pre>\n","protected":false},"excerpt":{"rendered":"<p>-Gobierno de Tamaulipas encabeza un reclamo popular que data de hace m\u00e1s de 30 a\u00f1os Julio 09 de 2023 Ciudad Victoria, Tamaulipas.- Ante la ola de calor que impacta al Estado, el gobernador Am\u00e9rico Villarreal Anaya inici\u00f3 formalmente una gesti\u00f3n ante las instancias correspondientes con el prop\u00f3sito de reclasificar las tarifas el\u00e9ctricas en la entidad, una medida que beneficiar\u00e1 a las familias tamaulipecas. Durante una reuni\u00f3n celebrada este s\u00e1bado, en Casa Tamaulipas, el mandatario tamaulipeco y el titular de la Comisi\u00f3n de Energ\u00eda Estatal Jos\u00e9 Ram\u00f3n Silva Arizabalo revisaron la&hellip;<\/p>\n","protected":false},"author":1,"featured_media":309,"comment_status":"open","ping_status":"open","sticky":false,"template":"","format":"standard","meta":[],"categories":[1],"tags":[],"gutentor_comment":0,"yoast_head":"<!-- This site is optimized with the Yoast SEO plugin v20.10 - https:\/\/yoast.com\/wordpress\/plugins\/seo\/ -->\n<title>Inicia Am\u00e9rico gesti\u00f3n para reclasificar tarifas de energ\u00eda el\u00e9ctrica - cabellonews.com<\/title>\n<meta name=\"robots\" content=\"index, follow, max-snippet:-1, max-image-preview:large, max-video-preview:-1\" \/>\n<link rel=\"canonical\" href=\"https:\/\/cabellonews.com\/?p=308\" \/>\n<meta property=\"og:locale\" content=\"en_US\" \/>\n<meta property=\"og:type\" content=\"article\" \/>\n<meta property=\"og:title\" content=\"Inicia Am\u00e9rico gesti\u00f3n para reclasificar tarifas de energ\u00eda el\u00e9ctrica - cabellonews.com\" \/>\n<meta property=\"og:description\" content=\"-Gobierno de Tamaulipas encabeza un reclamo popular que data de hace m\u00e1s de 30 a\u00f1os Julio 09 de 2023 Ciudad Victoria, Tamaulipas.- Ante la ola de calor que impacta al Estado, el gobernador Am\u00e9rico Villarreal Anaya inici\u00f3 formalmente una gesti\u00f3n ante las instancias correspondientes con el prop\u00f3sito de reclasificar las tarifas el\u00e9ctricas en la entidad, una medida que beneficiar\u00e1 a las familias tamaulipecas. Durante una reuni\u00f3n celebrada este s\u00e1bado, en Casa Tamaulipas, el mandatario tamaulipeco y el titular de la Comisi\u00f3n de Energ\u00eda Estatal Jos\u00e9 Ram\u00f3n Silva Arizabalo revisaron la&hellip;\" \/>\n<meta property=\"og:url\" content=\"https:\/\/cabellonews.com\/?p=308\" \/>\n<meta property=\"og:site_name\" content=\"cabellonews.com\" \/>\n<meta property=\"article:published_time\" content=\"2023-07-09T06:07:28+00:00\" \/>\n<meta property=\"article:modified_time\" content=\"2023-07-11T06:08:37+00:00\" \/>\n<meta property=\"og:image\" content=\"http:\/\/cabellonews.com\/wp-content\/uploads\/2023\/07\/DE9493F4-14CE-42E7-8177-5804A32FB173.jpeg\" \/>\n\t<meta property=\"og:image:width\" content=\"1483\" \/>\n\t<meta property=\"og:image:height\" content=\"989\" \/>\n\t<meta property=\"og:image:type\" content=\"image\/jpeg\" \/>\n<meta name=\"author\" content=\"cabellonews.com\" \/>\n<meta name=\"twitter:card\" content=\"summary_large_image\" \/>\n<meta name=\"twitter:label1\" content=\"Written by\" \/>\n\t<meta name=\"twitter:data1\" content=\"cabellonews.com\" \/>\n\t<meta name=\"twitter:label2\" content=\"Est. reading time\" \/>\n\t<meta name=\"twitter:data2\" content=\"2 minutes\" \/>\n<script type=\"application\/ld+json\" class=\"yoast-schema-graph\">{\"@context\":\"https:\/\/schema.org\",\"@graph\":[{\"@type\":\"WebPage\",\"@id\":\"https:\/\/cabellonews.com\/?p=308\",\"url\":\"https:\/\/cabellonews.com\/?p=308\",\"name\":\"Inicia Am\u00e9rico gesti\u00f3n para reclasificar tarifas de energ\u00eda el\u00e9ctrica - cabellonews.com\",\"isPartOf\":{\"@id\":\"https:\/\/cabellonews.com\/#website\"},\"datePublished\":\"2023-07-09T06:07:28+00:00\",\"dateModified\":\"2023-07-11T06:08:37+00:00\",\"author\":{\"@id\":\"https:\/\/cabellonews.com\/#\/schema\/person\/7afe73bafa6cc5a24fd4c67dfd4379d8\"},\"breadcrumb\":{\"@id\":\"https:\/\/cabellonews.com\/?p=308#breadcrumb\"},\"inLanguage\":\"en-US\",\"potentialAction\":[{\"@type\":\"ReadAction\",\"target\":[\"https:\/\/cabellonews.com\/?p=308\"]}]},{\"@type\":\"BreadcrumbList\",\"@id\":\"https:\/\/cabellonews.com\/?p=308#breadcrumb\",\"itemListElement\":[{\"@type\":\"ListItem\",\"position\":1,\"name\":\"Inicio\",\"item\":\"https:\/\/cabellonews.com\/\"},{\"@type\":\"ListItem\",\"position\":2,\"name\":\"Inicia Am\u00e9rico gesti\u00f3n para reclasificar tarifas de energ\u00eda el\u00e9ctrica\"}]},{\"@type\":\"WebSite\",\"@id\":\"https:\/\/cabellonews.com\/#website\",\"url\":\"https:\/\/cabellonews.com\/\",\"name\":\"cabellonews.com\",\"description\":\"Con Cobertura En Tamaulipas Y norte de Veracruz\",\"potentialAction\":[{\"@type\":\"SearchAction\",\"target\":{\"@type\":\"EntryPoint\",\"urlTemplate\":\"https:\/\/cabellonews.com\/?s={search_term_string}\"},\"query-input\":\"required name=search_term_string\"}],\"inLanguage\":\"en-US\"},{\"@type\":\"Person\",\"@id\":\"https:\/\/cabellonews.com\/#\/schema\/person\/7afe73bafa6cc5a24fd4c67dfd4379d8\",\"name\":\"cabellonews.com\",\"image\":{\"@type\":\"ImageObject\",\"inLanguage\":\"en-US\",\"@id\":\"https:\/\/cabellonews.com\/#\/schema\/person\/image\/\",\"url\":\"https:\/\/secure.gravatar.com\/avatar\/8d6324fc2806389aad4cd38639618406?s=96&d=mm&r=g\",\"contentUrl\":\"https:\/\/secure.gravatar.com\/avatar\/8d6324fc2806389aad4cd38639618406?s=96&d=mm&r=g\",\"caption\":\"cabellonews.com\"},\"sameAs\":[\"http:\/\/cabellonews.com\"],\"url\":\"https:\/\/cabellonews.com\/?author=1\"}]}<\/script>\n<!-- \/ Yoast SEO plugin. -->","yoast_head_json":{"title":"Inicia Am\u00e9rico gesti\u00f3n para reclasificar tarifas de energ\u00eda el\u00e9ctrica - cabellonews.com","robots":{"index":"index","follow":"follow","max-snippet":"max-snippet:-1","max-image-preview":"max-image-preview:large","max-video-preview":"max-video-preview:-1"},"canonical":"https:\/\/cabellonews.com\/?p=308","og_locale":"en_US","og_type":"article","og_title":"Inicia Am\u00e9rico gesti\u00f3n para reclasificar tarifas de energ\u00eda el\u00e9ctrica - cabellonews.com","og_description":"-Gobierno de Tamaulipas encabeza un reclamo popular que data de hace m\u00e1s de 30 a\u00f1os Julio 09 de 2023 Ciudad Victoria, Tamaulipas.- Ante la ola de calor que impacta al Estado, el gobernador Am\u00e9rico Villarreal Anaya inici\u00f3 formalmente una gesti\u00f3n ante las instancias correspondientes con el prop\u00f3sito de reclasificar las tarifas el\u00e9ctricas en la entidad, una medida que beneficiar\u00e1 a las familias tamaulipecas. Durante una reuni\u00f3n celebrada este s\u00e1bado, en Casa Tamaulipas, el mandatario tamaulipeco y el titular de la Comisi\u00f3n de Energ\u00eda Estatal Jos\u00e9 Ram\u00f3n Silva Arizabalo revisaron la&hellip;","og_url":"https:\/\/cabellonews.com\/?p=308","og_site_name":"cabellonews.com","article_published_time":"2023-07-09T06:07:28+00:00","article_modified_time":"2023-07-11T06:08:37+00:00","og_image":[{"width":1483,"height":989,"url":"http:\/\/cabellonews.com\/wp-content\/uploads\/2023\/07\/DE9493F4-14CE-42E7-8177-5804A32FB173.jpeg","type":"image\/jpeg"}],"author":"cabellonews.com","twitter_card":"summary_large_image","twitter_misc":{"Written by":"cabellonews.com","Est. reading time":"2 minutes"},"schema":{"@context":"https:\/\/schema.org","@graph":[{"@type":"WebPage","@id":"https:\/\/cabellonews.com\/?p=308","url":"https:\/\/cabellonews.com\/?p=308","name":"Inicia Am\u00e9rico gesti\u00f3n para reclasificar tarifas de energ\u00eda el\u00e9ctrica - cabellonews.com","isPartOf":{"@id":"https:\/\/cabellonews.com\/#website"},"datePublished":"2023-07-09T06:07:28+00:00","dateModified":"2023-07-11T06:08:37+00:00","author":{"@id":"https:\/\/cabellonews.com\/#\/schema\/person\/7afe73bafa6cc5a24fd4c67dfd4379d8"},"breadcrumb":{"@id":"https:\/\/cabellonews.com\/?p=308#breadcrumb"},"inLanguage":"en-US","potentialAction":[{"@type":"ReadAction","target":["https:\/\/cabellonews.com\/?p=308"]}]},{"@type":"BreadcrumbList","@id":"https:\/\/cabellonews.com\/?p=308#breadcrumb","itemListElement":[{"@type":"ListItem","position":1,"name":"Inicio","item":"https:\/\/cabellonews.com\/"},{"@type":"ListItem","position":2,"name":"Inicia Am\u00e9rico gesti\u00f3n para reclasificar tarifas de energ\u00eda el\u00e9ctrica"}]},{"@type":"WebSite","@id":"https:\/\/cabellonews.com\/#website","url":"https:\/\/cabellonews.com\/","name":"cabellonews.com","description":"Con Cobertura En Tamaulipas Y norte de Veracruz","potentialAction":[{"@type":"SearchAction","target":{"@type":"EntryPoint","urlTemplate":"https:\/\/cabellonews.com\/?s={search_term_string}"},"query-input":"required name=search_term_string"}],"inLanguage":"en-US"},{"@type":"Person","@id":"https:\/\/cabellonews.com\/#\/schema\/person\/7afe73bafa6cc5a24fd4c67dfd4379d8","name":"cabellonews.com","image":{"@type":"ImageObject","inLanguage":"en-US","@id":"https:\/\/cabellonews.com\/#\/schema\/person\/image\/","url":"https:\/\/secure.gravatar.com\/avatar\/8d6324fc2806389aad4cd38639618406?s=96&d=mm&r=g","contentUrl":"https:\/\/secure.gravatar.com\/avatar\/8d6324fc2806389aad4cd38639618406?s=96&d=mm&r=g","caption":"cabellonews.com"},"sameAs":["http:\/\/cabellonews.com"],"url":"https:\/\/cabellonews.com\/?author=1"}]}},"_links":{"self":[{"href":"https:\/\/cabellonews.com\/index.php?rest_route=\/wp\/v2\/posts\/308"}],"collection":[{"href":"https:\/\/cabellonews.com\/index.php?rest_route=\/wp\/v2\/posts"}],"about":[{"href":"https:\/\/cabellonews.com\/index.php?rest_route=\/wp\/v2\/types\/post"}],"author":[{"embeddable":true,"href":"https:\/\/cabellonews.com\/index.php?rest_route=\/wp\/v2\/users\/1"}],"replies":[{"embeddable":true,"href":"https:\/\/cabellonews.com\/index.php?rest_route=%2Fwp%2Fv2%2Fcomments&post=308"}],"version-history":[{"count":1,"href":"https:\/\/cabellonews.com\/index.php?rest_route=\/wp\/v2\/posts\/308\/revisions"}],"predecessor-version":[{"id":310,"href":"https:\/\/cabellonews.com\/index.php?rest_route=\/wp\/v2\/posts\/308\/revisions\/310"}],"wp:featuredmedia":[{"embeddable":true,"href":"https:\/\/cabellonews.com\/index.php?rest_route=\/wp\/v2\/media\/309"}],"wp:attachment":[{"href":"https:\/\/cabellonews.com\/index.php?rest_route=%2Fwp%2Fv2%2Fmedia&parent=308"}],"wp:term":[{"taxonomy":"category","embeddable":true,"href":"https:\/\/cabellonews.com\/index.php?rest_route=%2Fwp%2Fv2%2Fcategories&post=308"},{"taxonomy":"post_tag","embeddable":true,"href":"https:\/\/cabellonews.com\/index.php?rest_route=%2Fwp%2Fv2%2Ftags&post=308"}],"curies":[{"name":"wp","href":"https:\/\/api.w.org\/{rel}","templated":true}]}}