{"id":305,"date":"2023-07-08T05:51:33","date_gmt":"2023-07-08T05:51:33","guid":{"rendered":"https:\/\/cabellonews.com\/?p=305"},"modified":"2023-07-11T05:52:13","modified_gmt":"2023-07-11T05:52:13","slug":"realizan-primer-foro-interconectando-ciudades-inteligentes-capitulo-tamaulipas-en-ciudad-victoria","status":"publish","type":"post","link":"https:\/\/cabellonews.com\/?p=305","title":{"rendered":"Realizan Primer Foro Interconectando Ciudades Inteligentes \u201cCap\u00edtulo Tamaulipas\u201d en Ciudad Victoria"},"content":{"rendered":"\n<p>Julio 08 de 2023<\/p>\n\n\n\n<p>Ciudad Victoria, Tamaulipas.- La Comisi\u00f3n de Energ\u00eda de Tamaulipas en coordinaci\u00f3n con la Secretar\u00eda de Relaciones Exteriores realiz\u00f3 el primer Foro Interconectando Ciudades Inteligentes \u201cCap\u00edtulo Tamaulipas\u201d , evento que se realiz\u00f3 los d\u00edas 6 y 7 de julio en el Polyforum de la capital tamaulipeca y donde participaron otras dependencias como el Ayuntamiento de Victoria.<\/p>\n\n\n\n<p>Este evento se presentaron diferentes paneles con expertos en los temas referentes la Agenda 2030, sector energ\u00e9tico, gesti\u00f3n integral del agua, modalidad urbana y temas sociales; adem\u00e1s de talleres urbanos con la participaci\u00f3n de los asistentes.<\/p>\n\n\n\n<p>El titular de la CETAM, Jos\u00e9 Ram\u00f3n Silva expuso los proyectos estrat\u00e9gicos que tiene el Gobierno de Tamaulipas, resaltando la fortaleza y el potencial energ\u00e9tico que cuenta la entidad.<\/p>\n\n\n\n<p>Se tuvo la participaci\u00f3n de j\u00f3venes, estudiantes, secretarios del gabinete, expertos y ciudadan\u00eda general. Tambi\u00e9n se expuso el museo itinerante de los Objetivos de Desarrollo Sostenible (ODS) a cargo del Ayuntamiento de Victoria que preside Eduardo Gatt\u00e1s.<\/p>\n\n\n\n<p>Explic\u00f3 que esta iniciativa de la Secretar\u00eda de Relaciones Exteriores se despliega en colaboraci\u00f3n con ONU-Habitat, el programa de la ONU que promueve el desarrollo sostenible de las ciudades como parte de los planes y trabajos de la presidencia de la asamblea que ostenta M\u00e9xico.<\/p>\n\n\n<figure class=\"wp-block-post-featured-image\"><img width=\"240\" height=\"172\" src=\"https:\/\/cabellonews.com\/wp-content\/uploads\/2023\/07\/EA4060AA-F55F-4835-8C79-BCC6B1BDB085-240x172.jpeg\" class=\"attachment-post-thumbnail size-post-thumbnail wp-post-image\" alt=\"\" decoding=\"async\" loading=\"lazy\" \/><\/figure>\n\n\n<pre class=\"wp-block-code\"><code>        *   *   *<\/code><\/pre>\n","protected":false},"excerpt":{"rendered":"<p>Julio 08 de 2023 Ciudad Victoria, Tamaulipas.- La Comisi\u00f3n de Energ\u00eda de Tamaulipas en coordinaci\u00f3n con la Secretar\u00eda de Relaciones Exteriores realiz\u00f3 el primer Foro Interconectando Ciudades Inteligentes \u201cCap\u00edtulo Tamaulipas\u201d , evento que se realiz\u00f3 los d\u00edas 6 y 7 de julio en el Polyforum de la capital tamaulipeca y donde participaron otras dependencias como el Ayuntamiento de Victoria. Este evento se presentaron diferentes paneles con expertos en los temas referentes la Agenda 2030, sector energ\u00e9tico, gesti\u00f3n integral del agua, modalidad urbana y temas sociales; adem\u00e1s de talleres urbanos con&hellip;<\/p>\n","protected":false},"author":1,"featured_media":306,"comment_status":"open","ping_status":"open","sticky":false,"template":"","format":"standard","meta":[],"categories":[1],"tags":[],"gutentor_comment":0,"yoast_head":"<!-- This site is optimized with the Yoast SEO plugin v20.10 - https:\/\/yoast.com\/wordpress\/plugins\/seo\/ -->\n<title>Realizan Primer Foro Interconectando Ciudades Inteligentes \u201cCap\u00edtulo Tamaulipas\u201d en Ciudad Victoria - cabellonews.com<\/title>\n<meta name=\"robots\" content=\"index, follow, max-snippet:-1, max-image-preview:large, max-video-preview:-1\" \/>\n<link rel=\"canonical\" href=\"https:\/\/cabellonews.com\/?p=305\" \/>\n<meta property=\"og:locale\" content=\"en_US\" \/>\n<meta property=\"og:type\" content=\"article\" \/>\n<meta property=\"og:title\" content=\"Realizan Primer Foro Interconectando Ciudades Inteligentes \u201cCap\u00edtulo Tamaulipas\u201d en Ciudad Victoria - cabellonews.com\" \/>\n<meta property=\"og:description\" content=\"Julio 08 de 2023 Ciudad Victoria, Tamaulipas.- La Comisi\u00f3n de Energ\u00eda de Tamaulipas en coordinaci\u00f3n con la Secretar\u00eda de Relaciones Exteriores realiz\u00f3 el primer Foro Interconectando Ciudades Inteligentes \u201cCap\u00edtulo Tamaulipas\u201d , evento que se realiz\u00f3 los d\u00edas 6 y 7 de julio en el Polyforum de la capital tamaulipeca y donde participaron otras dependencias como el Ayuntamiento de Victoria. Este evento se presentaron diferentes paneles con expertos en los temas referentes la Agenda 2030, sector energ\u00e9tico, gesti\u00f3n integral del agua, modalidad urbana y temas sociales; adem\u00e1s de talleres urbanos con&hellip;\" \/>\n<meta property=\"og:url\" content=\"https:\/\/cabellonews.com\/?p=305\" \/>\n<meta property=\"og:site_name\" content=\"cabellonews.com\" \/>\n<meta property=\"article:published_time\" content=\"2023-07-08T05:51:33+00:00\" \/>\n<meta property=\"article:modified_time\" content=\"2023-07-11T05:52:13+00:00\" \/>\n<meta property=\"og:image\" content=\"http:\/\/cabellonews.com\/wp-content\/uploads\/2023\/07\/EA4060AA-F55F-4835-8C79-BCC6B1BDB085.jpeg\" \/>\n\t<meta property=\"og:image:width\" content=\"1024\" \/>\n\t<meta property=\"og:image:height\" content=\"683\" \/>\n\t<meta property=\"og:image:type\" content=\"image\/jpeg\" \/>\n<meta name=\"author\" content=\"cabellonews.com\" \/>\n<meta name=\"twitter:card\" content=\"summary_large_image\" \/>\n<meta name=\"twitter:label1\" content=\"Written by\" \/>\n\t<meta name=\"twitter:data1\" content=\"cabellonews.com\" \/>\n\t<meta name=\"twitter:label2\" content=\"Est. reading time\" \/>\n\t<meta name=\"twitter:data2\" content=\"1 minute\" \/>\n<script type=\"application\/ld+json\" class=\"yoast-schema-graph\">{\"@context\":\"https:\/\/schema.org\",\"@graph\":[{\"@type\":\"WebPage\",\"@id\":\"https:\/\/cabellonews.com\/?p=305\",\"url\":\"https:\/\/cabellonews.com\/?p=305\",\"name\":\"Realizan Primer Foro Interconectando Ciudades Inteligentes \u201cCap\u00edtulo Tamaulipas\u201d en Ciudad Victoria - cabellonews.com\",\"isPartOf\":{\"@id\":\"https:\/\/cabellonews.com\/#website\"},\"datePublished\":\"2023-07-08T05:51:33+00:00\",\"dateModified\":\"2023-07-11T05:52:13+00:00\",\"author\":{\"@id\":\"https:\/\/cabellonews.com\/#\/schema\/person\/7afe73bafa6cc5a24fd4c67dfd4379d8\"},\"breadcrumb\":{\"@id\":\"https:\/\/cabellonews.com\/?p=305#breadcrumb\"},\"inLanguage\":\"en-US\",\"potentialAction\":[{\"@type\":\"ReadAction\",\"target\":[\"https:\/\/cabellonews.com\/?p=305\"]}]},{\"@type\":\"BreadcrumbList\",\"@id\":\"https:\/\/cabellonews.com\/?p=305#breadcrumb\",\"itemListElement\":[{\"@type\":\"ListItem\",\"position\":1,\"name\":\"Inicio\",\"item\":\"https:\/\/cabellonews.com\/\"},{\"@type\":\"ListItem\",\"position\":2,\"name\":\"Realizan Primer Foro Interconectando Ciudades Inteligentes \u201cCap\u00edtulo Tamaulipas\u201d en Ciudad Victoria\"}]},{\"@type\":\"WebSite\",\"@id\":\"https:\/\/cabellonews.com\/#website\",\"url\":\"https:\/\/cabellonews.com\/\",\"name\":\"cabellonews.com\",\"description\":\"Con Cobertura En Tamaulipas Y norte de Veracruz\",\"potentialAction\":[{\"@type\":\"SearchAction\",\"target\":{\"@type\":\"EntryPoint\",\"urlTemplate\":\"https:\/\/cabellonews.com\/?s={search_term_string}\"},\"query-input\":\"required name=search_term_string\"}],\"inLanguage\":\"en-US\"},{\"@type\":\"Person\",\"@id\":\"https:\/\/cabellonews.com\/#\/schema\/person\/7afe73bafa6cc5a24fd4c67dfd4379d8\",\"name\":\"cabellonews.com\",\"image\":{\"@type\":\"ImageObject\",\"inLanguage\":\"en-US\",\"@id\":\"https:\/\/cabellonews.com\/#\/schema\/person\/image\/\",\"url\":\"https:\/\/secure.gravatar.com\/avatar\/8d6324fc2806389aad4cd38639618406?s=96&d=mm&r=g\",\"contentUrl\":\"https:\/\/secure.gravatar.com\/avatar\/8d6324fc2806389aad4cd38639618406?s=96&d=mm&r=g\",\"caption\":\"cabellonews.com\"},\"sameAs\":[\"http:\/\/cabellonews.com\"],\"url\":\"https:\/\/cabellonews.com\/?author=1\"}]}<\/script>\n<!-- \/ Yoast SEO plugin. -->","yoast_head_json":{"title":"Realizan Primer Foro Interconectando Ciudades Inteligentes \u201cCap\u00edtulo Tamaulipas\u201d en Ciudad Victoria - cabellonews.com","robots":{"index":"index","follow":"follow","max-snippet":"max-snippet:-1","max-image-preview":"max-image-preview:large","max-video-preview":"max-video-preview:-1"},"canonical":"https:\/\/cabellonews.com\/?p=305","og_locale":"en_US","og_type":"article","og_title":"Realizan Primer Foro Interconectando Ciudades Inteligentes \u201cCap\u00edtulo Tamaulipas\u201d en Ciudad Victoria - cabellonews.com","og_description":"Julio 08 de 2023 Ciudad Victoria, Tamaulipas.- La Comisi\u00f3n de Energ\u00eda de Tamaulipas en coordinaci\u00f3n con la Secretar\u00eda de Relaciones Exteriores realiz\u00f3 el primer Foro Interconectando Ciudades Inteligentes \u201cCap\u00edtulo Tamaulipas\u201d , evento que se realiz\u00f3 los d\u00edas 6 y 7 de julio en el Polyforum de la capital tamaulipeca y donde participaron otras dependencias como el Ayuntamiento de Victoria. Este evento se presentaron diferentes paneles con expertos en los temas referentes la Agenda 2030, sector energ\u00e9tico, gesti\u00f3n integral del agua, modalidad urbana y temas sociales; adem\u00e1s de talleres urbanos con&hellip;","og_url":"https:\/\/cabellonews.com\/?p=305","og_site_name":"cabellonews.com","article_published_time":"2023-07-08T05:51:33+00:00","article_modified_time":"2023-07-11T05:52:13+00:00","og_image":[{"width":1024,"height":683,"url":"http:\/\/cabellonews.com\/wp-content\/uploads\/2023\/07\/EA4060AA-F55F-4835-8C79-BCC6B1BDB085.jpeg","type":"image\/jpeg"}],"author":"cabellonews.com","twitter_card":"summary_large_image","twitter_misc":{"Written by":"cabellonews.com","Est. reading time":"1 minute"},"schema":{"@context":"https:\/\/schema.org","@graph":[{"@type":"WebPage","@id":"https:\/\/cabellonews.com\/?p=305","url":"https:\/\/cabellonews.com\/?p=305","name":"Realizan Primer Foro Interconectando Ciudades Inteligentes \u201cCap\u00edtulo Tamaulipas\u201d en Ciudad Victoria - cabellonews.com","isPartOf":{"@id":"https:\/\/cabellonews.com\/#website"},"datePublished":"2023-07-08T05:51:33+00:00","dateModified":"2023-07-11T05:52:13+00:00","author":{"@id":"https:\/\/cabellonews.com\/#\/schema\/person\/7afe73bafa6cc5a24fd4c67dfd4379d8"},"breadcrumb":{"@id":"https:\/\/cabellonews.com\/?p=305#breadcrumb"},"inLanguage":"en-US","potentialAction":[{"@type":"ReadAction","target":["https:\/\/cabellonews.com\/?p=305"]}]},{"@type":"BreadcrumbList","@id":"https:\/\/cabellonews.com\/?p=305#breadcrumb","itemListElement":[{"@type":"ListItem","position":1,"name":"Inicio","item":"https:\/\/cabellonews.com\/"},{"@type":"ListItem","position":2,"name":"Realizan Primer Foro Interconectando Ciudades Inteligentes \u201cCap\u00edtulo Tamaulipas\u201d en Ciudad Victoria"}]},{"@type":"WebSite","@id":"https:\/\/cabellonews.com\/#website","url":"https:\/\/cabellonews.com\/","name":"cabellonews.com","description":"Con Cobertura En Tamaulipas Y norte de Veracruz","potentialAction":[{"@type":"SearchAction","target":{"@type":"EntryPoint","urlTemplate":"https:\/\/cabellonews.com\/?s={search_term_string}"},"query-input":"required name=search_term_string"}],"inLanguage":"en-US"},{"@type":"Person","@id":"https:\/\/cabellonews.com\/#\/schema\/person\/7afe73bafa6cc5a24fd4c67dfd4379d8","name":"cabellonews.com","image":{"@type":"ImageObject","inLanguage":"en-US","@id":"https:\/\/cabellonews.com\/#\/schema\/person\/image\/","url":"https:\/\/secure.gravatar.com\/avatar\/8d6324fc2806389aad4cd38639618406?s=96&d=mm&r=g","contentUrl":"https:\/\/secure.gravatar.com\/avatar\/8d6324fc2806389aad4cd38639618406?s=96&d=mm&r=g","caption":"cabellonews.com"},"sameAs":["http:\/\/cabellonews.com"],"url":"https:\/\/cabellonews.com\/?author=1"}]}},"_links":{"self":[{"href":"https:\/\/cabellonews.com\/index.php?rest_route=\/wp\/v2\/posts\/305"}],"collection":[{"href":"https:\/\/cabellonews.com\/index.php?rest_route=\/wp\/v2\/posts"}],"about":[{"href":"https:\/\/cabellonews.com\/index.php?rest_route=\/wp\/v2\/types\/post"}],"author":[{"embeddable":true,"href":"https:\/\/cabellonews.com\/index.php?rest_route=\/wp\/v2\/users\/1"}],"replies":[{"embeddable":true,"href":"https:\/\/cabellonews.com\/index.php?rest_route=%2Fwp%2Fv2%2Fcomments&post=305"}],"version-history":[{"count":1,"href":"https:\/\/cabellonews.com\/index.php?rest_route=\/wp\/v2\/posts\/305\/revisions"}],"predecessor-version":[{"id":307,"href":"https:\/\/cabellonews.com\/index.php?rest_route=\/wp\/v2\/posts\/305\/revisions\/307"}],"wp:featuredmedia":[{"embeddable":true,"href":"https:\/\/cabellonews.com\/index.php?rest_route=\/wp\/v2\/media\/306"}],"wp:attachment":[{"href":"https:\/\/cabellonews.com\/index.php?rest_route=%2Fwp%2Fv2%2Fmedia&parent=305"}],"wp:term":[{"taxonomy":"category","embeddable":true,"href":"https:\/\/cabellonews.com\/index.php?rest_route=%2Fwp%2Fv2%2Fcategories&post=305"},{"taxonomy":"post_tag","embeddable":true,"href":"https:\/\/cabellonews.com\/index.php?rest_route=%2Fwp%2Fv2%2Ftags&post=305"}],"curies":[{"name":"wp","href":"https:\/\/api.w.org\/{rel}","templated":true}]}}