{"id":295,"date":"2023-07-04T05:43:45","date_gmt":"2023-07-04T05:43:45","guid":{"rendered":"https:\/\/cabellonews.com\/?p=295"},"modified":"2023-07-11T05:44:43","modified_gmt":"2023-07-11T05:44:43","slug":"inaugura-secretario-de-turismo-nueva-ruta-aerea-reynosa-tampico-veracruz","status":"publish","type":"post","link":"https:\/\/cabellonews.com\/?p=295","title":{"rendered":"Inaugura secretario de Turismo nueva ruta a\u00e9rea Reynosa-Tampico-Veracruz"},"content":{"rendered":"\n<p>Julio 04 de 2023<\/p>\n\n\n\n<p>Tampico, Tamaulipas. &#8211; El secretario de Turismo de Tamaulipas, Benjam\u00edn Hern\u00e1ndez Rodr\u00edguez y directivos de la aerol\u00ednea Aerus inauguraron la nueva ruta Tampico-Reynosa-Veracruz, cuyos d\u00edas de operaci\u00f3n ser\u00e1n lunes, martes, mi\u00e9rcoles, jueves y viernes, con dos vuelos y s\u00e1bado y domingo, con un vuelo.<\/p>\n\n\n\n<p>El funcionario estatal dio la bienvenida, hizo el corte de list\u00f3n y recibi\u00f3 en el Aeropuerto Internacional de Tampico, la nueva ruta a\u00e9rea que conecta Tampico con Reynosa, y al estado de Veracruz, operada por la aerol\u00ednea Aerus.<\/p>\n\n\n\n<p>Se\u00f1al\u00f3 que la incorporaci\u00f3n de esta ruta fortalece el potencial tur\u00edstico y econ\u00f3mico de ambas ciudades y con el estado vecino, ya que la conexi\u00f3n directa entre Tampico y Reynosa no solo mejorar\u00e1 la accesibilidad y comodidad para los viajeros, sino que tambi\u00e9n abrir\u00e1 nuevas oportunidades para el desarrollo del turismo en la zona.<\/p>\n\n\n\n<p>Asimismo, dijo que otro punto importante es que la proximidad de Reynosa a la frontera con los Estados Unidos brinda una oportunidad \u00fanica para atraer visitantes internacionales y fomentar el turismo de compras, as\u00ed como fortalecer los lazos entre ambos pa\u00edses, por lo que esta nueva ruta a\u00e9rea es un paso importante hacia la integraci\u00f3n y la cooperaci\u00f3n regional, impulsando el crecimiento econ\u00f3mico y creando un ambiente propicio para la inversi\u00f3n y la colaboraci\u00f3n transfronteriza.<\/p>\n\n\n\n<p>Se espera impulsar la llegada de visitantes tanto nacionales como internacionales, fomentando el intercambio cultural, el crecimiento de la industria hotelera y el incremento de actividades recreativas.<\/p>\n\n\n\n<p>El secretario de Turismo celebr\u00f3 este logro y reafirm\u00f3 el compromiso del gobierno de Am\u00e9rico Villarreal Anaya para seguir impulsando el turismo como un pilar fundamental para el desarrollo estatal.<\/p>\n\n\n\n<p>\u201cLa puesta en marcha de esta ruta representa un \u00e9xito importante para el desarrollo tur\u00edstico del estado, ya que promueve la integraci\u00f3n de los atractivos tur\u00edsticos de Tamaulipas con el estado de Veracruz. Los visitantes ahora pueden explorar las playas de la zona sur del estado, la rica historia y cultura de Tampico, as\u00ed como disfrutar de los espacios tur\u00edsticos y la frontera de la ciudad de Reynosa, sin las limitaciones de las distancias terrestres\u201d, se\u00f1al\u00f3.<\/p>\n\n\n\n<p>Hern\u00e1ndez Rodr\u00edguez reconoci\u00f3 la visi\u00f3n estrat\u00e9gica de Aerus, al identificar el potencial del estado y comprometerse a brindar un servicio de calidad y confiabilidad a los viajeros, demostrando su compromiso con el desarrollo del turismo en la entidad, y su iniciativa es un ejemplo para otras compa\u00f1\u00edas del sector.<\/p>\n\n\n\n<p>\u201cReconocemos la importancia de una amplia conectividad a\u00e9rea para el desarrollo tur\u00edstico sostenible, y estamos comprometidos en establecer alianzas estrat\u00e9gicas con aerol\u00edneas nacionales e internacionales para ofrecer a los visitantes una mayor accesibilidad a los diversos destinos tur\u00edsticos de nuestra entidad\u201d, refiri\u00f3.<\/p>\n\n\n\n<p>Asegur\u00f3 que adem\u00e1s de la nueva ruta Reynosa-Tampico-Veracruz, el gobierno de Am\u00e9rico Villarreal Anaya y la Secretar\u00eda de Turismo trabajan para habilitar m\u00e1s rutas a\u00e9reas en el estado y promover el turismo en beneficio de todos los habitantes de la entidad: \u201c\u00a1Juntos transformamos el turismo en Tamaulipas!\u201d.<\/p>\n\n\n<figure class=\"wp-block-post-featured-image\"><img width=\"240\" height=\"172\" src=\"https:\/\/cabellonews.com\/wp-content\/uploads\/2023\/07\/3E51CC5A-8D8E-497B-A171-A31980192EF6-240x172.jpeg\" class=\"attachment-post-thumbnail size-post-thumbnail wp-post-image\" alt=\"\" decoding=\"async\" loading=\"lazy\" \/><\/figure>\n\n\n<pre class=\"wp-block-code\"><code>       *  * *<\/code><\/pre>\n","protected":false},"excerpt":{"rendered":"<p>Julio 04 de 2023 Tampico, Tamaulipas. &#8211; El secretario de Turismo de Tamaulipas, Benjam\u00edn Hern\u00e1ndez Rodr\u00edguez y directivos de la aerol\u00ednea Aerus inauguraron la nueva ruta Tampico-Reynosa-Veracruz, cuyos d\u00edas de operaci\u00f3n ser\u00e1n lunes, martes, mi\u00e9rcoles, jueves y viernes, con dos vuelos y s\u00e1bado y domingo, con un vuelo. El funcionario estatal dio la bienvenida, hizo el corte de list\u00f3n y recibi\u00f3 en el Aeropuerto Internacional de Tampico, la nueva ruta a\u00e9rea que conecta Tampico con Reynosa, y al estado de Veracruz, operada por la aerol\u00ednea Aerus. Se\u00f1al\u00f3 que la incorporaci\u00f3n&hellip;<\/p>\n","protected":false},"author":1,"featured_media":296,"comment_status":"open","ping_status":"open","sticky":false,"template":"","format":"standard","meta":[],"categories":[1],"tags":[],"gutentor_comment":0,"yoast_head":"<!-- This site is optimized with the Yoast SEO plugin v20.10 - https:\/\/yoast.com\/wordpress\/plugins\/seo\/ -->\n<title>Inaugura secretario de Turismo nueva ruta a\u00e9rea Reynosa-Tampico-Veracruz - cabellonews.com<\/title>\n<meta name=\"robots\" content=\"index, follow, max-snippet:-1, max-image-preview:large, max-video-preview:-1\" \/>\n<link rel=\"canonical\" href=\"https:\/\/cabellonews.com\/?p=295\" \/>\n<meta property=\"og:locale\" content=\"en_US\" \/>\n<meta property=\"og:type\" content=\"article\" \/>\n<meta property=\"og:title\" content=\"Inaugura secretario de Turismo nueva ruta a\u00e9rea Reynosa-Tampico-Veracruz - cabellonews.com\" \/>\n<meta property=\"og:description\" content=\"Julio 04 de 2023 Tampico, Tamaulipas. &#8211; El secretario de Turismo de Tamaulipas, Benjam\u00edn Hern\u00e1ndez Rodr\u00edguez y directivos de la aerol\u00ednea Aerus inauguraron la nueva ruta Tampico-Reynosa-Veracruz, cuyos d\u00edas de operaci\u00f3n ser\u00e1n lunes, martes, mi\u00e9rcoles, jueves y viernes, con dos vuelos y s\u00e1bado y domingo, con un vuelo. El funcionario estatal dio la bienvenida, hizo el corte de list\u00f3n y recibi\u00f3 en el Aeropuerto Internacional de Tampico, la nueva ruta a\u00e9rea que conecta Tampico con Reynosa, y al estado de Veracruz, operada por la aerol\u00ednea Aerus. Se\u00f1al\u00f3 que la incorporaci\u00f3n&hellip;\" \/>\n<meta property=\"og:url\" content=\"https:\/\/cabellonews.com\/?p=295\" \/>\n<meta property=\"og:site_name\" content=\"cabellonews.com\" \/>\n<meta property=\"article:published_time\" content=\"2023-07-04T05:43:45+00:00\" \/>\n<meta property=\"article:modified_time\" content=\"2023-07-11T05:44:43+00:00\" \/>\n<meta property=\"og:image\" content=\"http:\/\/cabellonews.com\/wp-content\/uploads\/2023\/07\/3E51CC5A-8D8E-497B-A171-A31980192EF6.jpeg\" \/>\n\t<meta property=\"og:image:width\" content=\"1024\" \/>\n\t<meta property=\"og:image:height\" content=\"768\" \/>\n\t<meta property=\"og:image:type\" content=\"image\/jpeg\" \/>\n<meta name=\"author\" content=\"cabellonews.com\" \/>\n<meta name=\"twitter:card\" content=\"summary_large_image\" \/>\n<meta name=\"twitter:label1\" content=\"Written by\" \/>\n\t<meta name=\"twitter:data1\" content=\"cabellonews.com\" \/>\n\t<meta name=\"twitter:label2\" content=\"Est. reading time\" \/>\n\t<meta name=\"twitter:data2\" content=\"3 minutes\" \/>\n<script type=\"application\/ld+json\" class=\"yoast-schema-graph\">{\"@context\":\"https:\/\/schema.org\",\"@graph\":[{\"@type\":\"WebPage\",\"@id\":\"https:\/\/cabellonews.com\/?p=295\",\"url\":\"https:\/\/cabellonews.com\/?p=295\",\"name\":\"Inaugura secretario de Turismo nueva ruta a\u00e9rea Reynosa-Tampico-Veracruz - cabellonews.com\",\"isPartOf\":{\"@id\":\"https:\/\/cabellonews.com\/#website\"},\"datePublished\":\"2023-07-04T05:43:45+00:00\",\"dateModified\":\"2023-07-11T05:44:43+00:00\",\"author\":{\"@id\":\"https:\/\/cabellonews.com\/#\/schema\/person\/7afe73bafa6cc5a24fd4c67dfd4379d8\"},\"breadcrumb\":{\"@id\":\"https:\/\/cabellonews.com\/?p=295#breadcrumb\"},\"inLanguage\":\"en-US\",\"potentialAction\":[{\"@type\":\"ReadAction\",\"target\":[\"https:\/\/cabellonews.com\/?p=295\"]}]},{\"@type\":\"BreadcrumbList\",\"@id\":\"https:\/\/cabellonews.com\/?p=295#breadcrumb\",\"itemListElement\":[{\"@type\":\"ListItem\",\"position\":1,\"name\":\"Inicio\",\"item\":\"https:\/\/cabellonews.com\/\"},{\"@type\":\"ListItem\",\"position\":2,\"name\":\"Inaugura secretario de Turismo nueva ruta a\u00e9rea Reynosa-Tampico-Veracruz\"}]},{\"@type\":\"WebSite\",\"@id\":\"https:\/\/cabellonews.com\/#website\",\"url\":\"https:\/\/cabellonews.com\/\",\"name\":\"cabellonews.com\",\"description\":\"Con Cobertura En Tamaulipas Y norte de Veracruz\",\"potentialAction\":[{\"@type\":\"SearchAction\",\"target\":{\"@type\":\"EntryPoint\",\"urlTemplate\":\"https:\/\/cabellonews.com\/?s={search_term_string}\"},\"query-input\":\"required name=search_term_string\"}],\"inLanguage\":\"en-US\"},{\"@type\":\"Person\",\"@id\":\"https:\/\/cabellonews.com\/#\/schema\/person\/7afe73bafa6cc5a24fd4c67dfd4379d8\",\"name\":\"cabellonews.com\",\"image\":{\"@type\":\"ImageObject\",\"inLanguage\":\"en-US\",\"@id\":\"https:\/\/cabellonews.com\/#\/schema\/person\/image\/\",\"url\":\"https:\/\/secure.gravatar.com\/avatar\/8d6324fc2806389aad4cd38639618406?s=96&d=mm&r=g\",\"contentUrl\":\"https:\/\/secure.gravatar.com\/avatar\/8d6324fc2806389aad4cd38639618406?s=96&d=mm&r=g\",\"caption\":\"cabellonews.com\"},\"sameAs\":[\"http:\/\/cabellonews.com\"],\"url\":\"https:\/\/cabellonews.com\/?author=1\"}]}<\/script>\n<!-- \/ Yoast SEO plugin. -->","yoast_head_json":{"title":"Inaugura secretario de Turismo nueva ruta a\u00e9rea Reynosa-Tampico-Veracruz - cabellonews.com","robots":{"index":"index","follow":"follow","max-snippet":"max-snippet:-1","max-image-preview":"max-image-preview:large","max-video-preview":"max-video-preview:-1"},"canonical":"https:\/\/cabellonews.com\/?p=295","og_locale":"en_US","og_type":"article","og_title":"Inaugura secretario de Turismo nueva ruta a\u00e9rea Reynosa-Tampico-Veracruz - cabellonews.com","og_description":"Julio 04 de 2023 Tampico, Tamaulipas. &#8211; El secretario de Turismo de Tamaulipas, Benjam\u00edn Hern\u00e1ndez Rodr\u00edguez y directivos de la aerol\u00ednea Aerus inauguraron la nueva ruta Tampico-Reynosa-Veracruz, cuyos d\u00edas de operaci\u00f3n ser\u00e1n lunes, martes, mi\u00e9rcoles, jueves y viernes, con dos vuelos y s\u00e1bado y domingo, con un vuelo. El funcionario estatal dio la bienvenida, hizo el corte de list\u00f3n y recibi\u00f3 en el Aeropuerto Internacional de Tampico, la nueva ruta a\u00e9rea que conecta Tampico con Reynosa, y al estado de Veracruz, operada por la aerol\u00ednea Aerus. Se\u00f1al\u00f3 que la incorporaci\u00f3n&hellip;","og_url":"https:\/\/cabellonews.com\/?p=295","og_site_name":"cabellonews.com","article_published_time":"2023-07-04T05:43:45+00:00","article_modified_time":"2023-07-11T05:44:43+00:00","og_image":[{"width":1024,"height":768,"url":"http:\/\/cabellonews.com\/wp-content\/uploads\/2023\/07\/3E51CC5A-8D8E-497B-A171-A31980192EF6.jpeg","type":"image\/jpeg"}],"author":"cabellonews.com","twitter_card":"summary_large_image","twitter_misc":{"Written by":"cabellonews.com","Est. reading time":"3 minutes"},"schema":{"@context":"https:\/\/schema.org","@graph":[{"@type":"WebPage","@id":"https:\/\/cabellonews.com\/?p=295","url":"https:\/\/cabellonews.com\/?p=295","name":"Inaugura secretario de Turismo nueva ruta a\u00e9rea Reynosa-Tampico-Veracruz - cabellonews.com","isPartOf":{"@id":"https:\/\/cabellonews.com\/#website"},"datePublished":"2023-07-04T05:43:45+00:00","dateModified":"2023-07-11T05:44:43+00:00","author":{"@id":"https:\/\/cabellonews.com\/#\/schema\/person\/7afe73bafa6cc5a24fd4c67dfd4379d8"},"breadcrumb":{"@id":"https:\/\/cabellonews.com\/?p=295#breadcrumb"},"inLanguage":"en-US","potentialAction":[{"@type":"ReadAction","target":["https:\/\/cabellonews.com\/?p=295"]}]},{"@type":"BreadcrumbList","@id":"https:\/\/cabellonews.com\/?p=295#breadcrumb","itemListElement":[{"@type":"ListItem","position":1,"name":"Inicio","item":"https:\/\/cabellonews.com\/"},{"@type":"ListItem","position":2,"name":"Inaugura secretario de Turismo nueva ruta a\u00e9rea Reynosa-Tampico-Veracruz"}]},{"@type":"WebSite","@id":"https:\/\/cabellonews.com\/#website","url":"https:\/\/cabellonews.com\/","name":"cabellonews.com","description":"Con Cobertura En Tamaulipas Y norte de Veracruz","potentialAction":[{"@type":"SearchAction","target":{"@type":"EntryPoint","urlTemplate":"https:\/\/cabellonews.com\/?s={search_term_string}"},"query-input":"required name=search_term_string"}],"inLanguage":"en-US"},{"@type":"Person","@id":"https:\/\/cabellonews.com\/#\/schema\/person\/7afe73bafa6cc5a24fd4c67dfd4379d8","name":"cabellonews.com","image":{"@type":"ImageObject","inLanguage":"en-US","@id":"https:\/\/cabellonews.com\/#\/schema\/person\/image\/","url":"https:\/\/secure.gravatar.com\/avatar\/8d6324fc2806389aad4cd38639618406?s=96&d=mm&r=g","contentUrl":"https:\/\/secure.gravatar.com\/avatar\/8d6324fc2806389aad4cd38639618406?s=96&d=mm&r=g","caption":"cabellonews.com"},"sameAs":["http:\/\/cabellonews.com"],"url":"https:\/\/cabellonews.com\/?author=1"}]}},"_links":{"self":[{"href":"https:\/\/cabellonews.com\/index.php?rest_route=\/wp\/v2\/posts\/295"}],"collection":[{"href":"https:\/\/cabellonews.com\/index.php?rest_route=\/wp\/v2\/posts"}],"about":[{"href":"https:\/\/cabellonews.com\/index.php?rest_route=\/wp\/v2\/types\/post"}],"author":[{"embeddable":true,"href":"https:\/\/cabellonews.com\/index.php?rest_route=\/wp\/v2\/users\/1"}],"replies":[{"embeddable":true,"href":"https:\/\/cabellonews.com\/index.php?rest_route=%2Fwp%2Fv2%2Fcomments&post=295"}],"version-history":[{"count":1,"href":"https:\/\/cabellonews.com\/index.php?rest_route=\/wp\/v2\/posts\/295\/revisions"}],"predecessor-version":[{"id":297,"href":"https:\/\/cabellonews.com\/index.php?rest_route=\/wp\/v2\/posts\/295\/revisions\/297"}],"wp:featuredmedia":[{"embeddable":true,"href":"https:\/\/cabellonews.com\/index.php?rest_route=\/wp\/v2\/media\/296"}],"wp:attachment":[{"href":"https:\/\/cabellonews.com\/index.php?rest_route=%2Fwp%2Fv2%2Fmedia&parent=295"}],"wp:term":[{"taxonomy":"category","embeddable":true,"href":"https:\/\/cabellonews.com\/index.php?rest_route=%2Fwp%2Fv2%2Fcategories&post=295"},{"taxonomy":"post_tag","embeddable":true,"href":"https:\/\/cabellonews.com\/index.php?rest_route=%2Fwp%2Fv2%2Ftags&post=295"}],"curies":[{"name":"wp","href":"https:\/\/api.w.org\/{rel}","templated":true}]}}