{"id":292,"date":"2023-07-03T05:41:22","date_gmt":"2023-07-03T05:41:22","guid":{"rendered":"https:\/\/cabellonews.com\/?p=292"},"modified":"2023-07-11T05:42:01","modified_gmt":"2023-07-11T05:42:01","slug":"disciplina-y-actualizacion-financiera-ejes-del-gobierno-de-tamaulipas-secretaria-de-finanzas","status":"publish","type":"post","link":"https:\/\/cabellonews.com\/?p=292","title":{"rendered":"Disciplina y actualizaci\u00f3n financiera; ejes del Gobierno de Tamaulipas: Secretaria de Finanzas"},"content":{"rendered":"\n<p>Julio 03 de 2023<\/p>\n\n\n\n<p>Guadalajara, Jalisco.\u2013 Tamaulipas particip\u00f3 en la Reuni\u00f3n Nacional de Funcionarios Fiscales realizada el pasado 30 de junio, reuni\u00f3n en la que se intercambian experiencias exitosas en materia de presupuesto p\u00fablico y donde se dan cita los titulares de las Haciendas P\u00fablicas de todo el pa\u00eds, se\u00f1al\u00f3 la secretaria de Finanzas, Adriana Lozano Rodr\u00edguez.<\/p>\n\n\n\n<p>\u201cLa actualizaci\u00f3n en temas fiscales es primordial para el gobierno que encabeza el Dr. Am\u00e9rico Villarreal Anaya; en estos foros nacionales se tratan temas sobre coordinaci\u00f3n presupuestaria, coordinaci\u00f3n financiera, coordinaci\u00f3n fiscal; lo que da como resultado la disciplina financiera que es uno de los ejes del Gobierno de Tamaulipas\u201d, expres\u00f3 la tesorera estatal.<\/p>\n\n\n\n<p>La Reuni\u00f3n Nacional de Funcionarios Fiscales, es el \u00f3rgano m\u00e1ximo del Sistema Nacional de Coordinaci\u00f3n Fiscal y se integra por el Secretario de Hacienda y Cr\u00e9dito P\u00fablico y los y las representantes de las Secretar\u00edas de Finanzas de cada una de las 32 entidades federativas.<\/p>\n\n\n<figure class=\"wp-block-post-featured-image\"><img width=\"240\" height=\"172\" src=\"https:\/\/cabellonews.com\/wp-content\/uploads\/2023\/07\/6B6D3BC0-B502-4B3E-B732-D862727510F8-240x172.jpeg\" class=\"attachment-post-thumbnail size-post-thumbnail wp-post-image\" alt=\"\" decoding=\"async\" loading=\"lazy\" \/><\/figure>\n\n\n<pre class=\"wp-block-code\"><code>      *   *  *<\/code><\/pre>\n","protected":false},"excerpt":{"rendered":"<p>Julio 03 de 2023 Guadalajara, Jalisco.\u2013 Tamaulipas particip\u00f3 en la Reuni\u00f3n Nacional de Funcionarios Fiscales realizada el pasado 30 de junio, reuni\u00f3n en la que se intercambian experiencias exitosas en materia de presupuesto p\u00fablico y donde se dan cita los titulares de las Haciendas P\u00fablicas de todo el pa\u00eds, se\u00f1al\u00f3 la secretaria de Finanzas, Adriana Lozano Rodr\u00edguez. \u201cLa actualizaci\u00f3n en temas fiscales es primordial para el gobierno que encabeza el Dr. Am\u00e9rico Villarreal Anaya; en estos foros nacionales se tratan temas sobre coordinaci\u00f3n presupuestaria, coordinaci\u00f3n financiera, coordinaci\u00f3n fiscal; lo que&hellip;<\/p>\n","protected":false},"author":1,"featured_media":293,"comment_status":"open","ping_status":"open","sticky":false,"template":"","format":"standard","meta":[],"categories":[1],"tags":[],"gutentor_comment":0,"yoast_head":"<!-- This site is optimized with the Yoast SEO plugin v20.10 - https:\/\/yoast.com\/wordpress\/plugins\/seo\/ -->\n<title>Disciplina y actualizaci\u00f3n financiera; ejes del Gobierno de Tamaulipas: Secretaria de Finanzas - cabellonews.com<\/title>\n<meta name=\"robots\" content=\"index, follow, max-snippet:-1, max-image-preview:large, max-video-preview:-1\" \/>\n<link rel=\"canonical\" href=\"https:\/\/cabellonews.com\/?p=292\" \/>\n<meta property=\"og:locale\" content=\"en_US\" \/>\n<meta property=\"og:type\" content=\"article\" \/>\n<meta property=\"og:title\" content=\"Disciplina y actualizaci\u00f3n financiera; ejes del Gobierno de Tamaulipas: Secretaria de Finanzas - cabellonews.com\" \/>\n<meta property=\"og:description\" content=\"Julio 03 de 2023 Guadalajara, Jalisco.\u2013 Tamaulipas particip\u00f3 en la Reuni\u00f3n Nacional de Funcionarios Fiscales realizada el pasado 30 de junio, reuni\u00f3n en la que se intercambian experiencias exitosas en materia de presupuesto p\u00fablico y donde se dan cita los titulares de las Haciendas P\u00fablicas de todo el pa\u00eds, se\u00f1al\u00f3 la secretaria de Finanzas, Adriana Lozano Rodr\u00edguez. \u201cLa actualizaci\u00f3n en temas fiscales es primordial para el gobierno que encabeza el Dr. Am\u00e9rico Villarreal Anaya; en estos foros nacionales se tratan temas sobre coordinaci\u00f3n presupuestaria, coordinaci\u00f3n financiera, coordinaci\u00f3n fiscal; lo que&hellip;\" \/>\n<meta property=\"og:url\" content=\"https:\/\/cabellonews.com\/?p=292\" \/>\n<meta property=\"og:site_name\" content=\"cabellonews.com\" \/>\n<meta property=\"article:published_time\" content=\"2023-07-03T05:41:22+00:00\" \/>\n<meta property=\"article:modified_time\" content=\"2023-07-11T05:42:01+00:00\" \/>\n<meta property=\"og:image\" content=\"http:\/\/cabellonews.com\/wp-content\/uploads\/2023\/07\/6B6D3BC0-B502-4B3E-B732-D862727510F8.jpeg\" \/>\n\t<meta property=\"og:image:width\" content=\"1024\" \/>\n\t<meta property=\"og:image:height\" content=\"812\" \/>\n\t<meta property=\"og:image:type\" content=\"image\/jpeg\" \/>\n<meta name=\"author\" content=\"cabellonews.com\" \/>\n<meta name=\"twitter:card\" content=\"summary_large_image\" \/>\n<meta name=\"twitter:label1\" content=\"Written by\" \/>\n\t<meta name=\"twitter:data1\" content=\"cabellonews.com\" \/>\n\t<meta name=\"twitter:label2\" content=\"Est. reading time\" \/>\n\t<meta name=\"twitter:data2\" content=\"1 minute\" \/>\n<script type=\"application\/ld+json\" class=\"yoast-schema-graph\">{\"@context\":\"https:\/\/schema.org\",\"@graph\":[{\"@type\":\"WebPage\",\"@id\":\"https:\/\/cabellonews.com\/?p=292\",\"url\":\"https:\/\/cabellonews.com\/?p=292\",\"name\":\"Disciplina y actualizaci\u00f3n financiera; ejes del Gobierno de Tamaulipas: Secretaria de Finanzas - cabellonews.com\",\"isPartOf\":{\"@id\":\"https:\/\/cabellonews.com\/#website\"},\"datePublished\":\"2023-07-03T05:41:22+00:00\",\"dateModified\":\"2023-07-11T05:42:01+00:00\",\"author\":{\"@id\":\"https:\/\/cabellonews.com\/#\/schema\/person\/7afe73bafa6cc5a24fd4c67dfd4379d8\"},\"breadcrumb\":{\"@id\":\"https:\/\/cabellonews.com\/?p=292#breadcrumb\"},\"inLanguage\":\"en-US\",\"potentialAction\":[{\"@type\":\"ReadAction\",\"target\":[\"https:\/\/cabellonews.com\/?p=292\"]}]},{\"@type\":\"BreadcrumbList\",\"@id\":\"https:\/\/cabellonews.com\/?p=292#breadcrumb\",\"itemListElement\":[{\"@type\":\"ListItem\",\"position\":1,\"name\":\"Inicio\",\"item\":\"https:\/\/cabellonews.com\/\"},{\"@type\":\"ListItem\",\"position\":2,\"name\":\"Disciplina y actualizaci\u00f3n financiera; ejes del Gobierno de Tamaulipas: Secretaria de Finanzas\"}]},{\"@type\":\"WebSite\",\"@id\":\"https:\/\/cabellonews.com\/#website\",\"url\":\"https:\/\/cabellonews.com\/\",\"name\":\"cabellonews.com\",\"description\":\"Con Cobertura En Tamaulipas Y norte de Veracruz\",\"potentialAction\":[{\"@type\":\"SearchAction\",\"target\":{\"@type\":\"EntryPoint\",\"urlTemplate\":\"https:\/\/cabellonews.com\/?s={search_term_string}\"},\"query-input\":\"required name=search_term_string\"}],\"inLanguage\":\"en-US\"},{\"@type\":\"Person\",\"@id\":\"https:\/\/cabellonews.com\/#\/schema\/person\/7afe73bafa6cc5a24fd4c67dfd4379d8\",\"name\":\"cabellonews.com\",\"image\":{\"@type\":\"ImageObject\",\"inLanguage\":\"en-US\",\"@id\":\"https:\/\/cabellonews.com\/#\/schema\/person\/image\/\",\"url\":\"https:\/\/secure.gravatar.com\/avatar\/8d6324fc2806389aad4cd38639618406?s=96&d=mm&r=g\",\"contentUrl\":\"https:\/\/secure.gravatar.com\/avatar\/8d6324fc2806389aad4cd38639618406?s=96&d=mm&r=g\",\"caption\":\"cabellonews.com\"},\"sameAs\":[\"http:\/\/cabellonews.com\"],\"url\":\"https:\/\/cabellonews.com\/?author=1\"}]}<\/script>\n<!-- \/ Yoast SEO plugin. -->","yoast_head_json":{"title":"Disciplina y actualizaci\u00f3n financiera; ejes del Gobierno de Tamaulipas: Secretaria de Finanzas - cabellonews.com","robots":{"index":"index","follow":"follow","max-snippet":"max-snippet:-1","max-image-preview":"max-image-preview:large","max-video-preview":"max-video-preview:-1"},"canonical":"https:\/\/cabellonews.com\/?p=292","og_locale":"en_US","og_type":"article","og_title":"Disciplina y actualizaci\u00f3n financiera; ejes del Gobierno de Tamaulipas: Secretaria de Finanzas - cabellonews.com","og_description":"Julio 03 de 2023 Guadalajara, Jalisco.\u2013 Tamaulipas particip\u00f3 en la Reuni\u00f3n Nacional de Funcionarios Fiscales realizada el pasado 30 de junio, reuni\u00f3n en la que se intercambian experiencias exitosas en materia de presupuesto p\u00fablico y donde se dan cita los titulares de las Haciendas P\u00fablicas de todo el pa\u00eds, se\u00f1al\u00f3 la secretaria de Finanzas, Adriana Lozano Rodr\u00edguez. \u201cLa actualizaci\u00f3n en temas fiscales es primordial para el gobierno que encabeza el Dr. Am\u00e9rico Villarreal Anaya; en estos foros nacionales se tratan temas sobre coordinaci\u00f3n presupuestaria, coordinaci\u00f3n financiera, coordinaci\u00f3n fiscal; lo que&hellip;","og_url":"https:\/\/cabellonews.com\/?p=292","og_site_name":"cabellonews.com","article_published_time":"2023-07-03T05:41:22+00:00","article_modified_time":"2023-07-11T05:42:01+00:00","og_image":[{"width":1024,"height":812,"url":"http:\/\/cabellonews.com\/wp-content\/uploads\/2023\/07\/6B6D3BC0-B502-4B3E-B732-D862727510F8.jpeg","type":"image\/jpeg"}],"author":"cabellonews.com","twitter_card":"summary_large_image","twitter_misc":{"Written by":"cabellonews.com","Est. reading time":"1 minute"},"schema":{"@context":"https:\/\/schema.org","@graph":[{"@type":"WebPage","@id":"https:\/\/cabellonews.com\/?p=292","url":"https:\/\/cabellonews.com\/?p=292","name":"Disciplina y actualizaci\u00f3n financiera; ejes del Gobierno de Tamaulipas: Secretaria de Finanzas - cabellonews.com","isPartOf":{"@id":"https:\/\/cabellonews.com\/#website"},"datePublished":"2023-07-03T05:41:22+00:00","dateModified":"2023-07-11T05:42:01+00:00","author":{"@id":"https:\/\/cabellonews.com\/#\/schema\/person\/7afe73bafa6cc5a24fd4c67dfd4379d8"},"breadcrumb":{"@id":"https:\/\/cabellonews.com\/?p=292#breadcrumb"},"inLanguage":"en-US","potentialAction":[{"@type":"ReadAction","target":["https:\/\/cabellonews.com\/?p=292"]}]},{"@type":"BreadcrumbList","@id":"https:\/\/cabellonews.com\/?p=292#breadcrumb","itemListElement":[{"@type":"ListItem","position":1,"name":"Inicio","item":"https:\/\/cabellonews.com\/"},{"@type":"ListItem","position":2,"name":"Disciplina y actualizaci\u00f3n financiera; ejes del Gobierno de Tamaulipas: Secretaria de Finanzas"}]},{"@type":"WebSite","@id":"https:\/\/cabellonews.com\/#website","url":"https:\/\/cabellonews.com\/","name":"cabellonews.com","description":"Con Cobertura En Tamaulipas Y norte de Veracruz","potentialAction":[{"@type":"SearchAction","target":{"@type":"EntryPoint","urlTemplate":"https:\/\/cabellonews.com\/?s={search_term_string}"},"query-input":"required name=search_term_string"}],"inLanguage":"en-US"},{"@type":"Person","@id":"https:\/\/cabellonews.com\/#\/schema\/person\/7afe73bafa6cc5a24fd4c67dfd4379d8","name":"cabellonews.com","image":{"@type":"ImageObject","inLanguage":"en-US","@id":"https:\/\/cabellonews.com\/#\/schema\/person\/image\/","url":"https:\/\/secure.gravatar.com\/avatar\/8d6324fc2806389aad4cd38639618406?s=96&d=mm&r=g","contentUrl":"https:\/\/secure.gravatar.com\/avatar\/8d6324fc2806389aad4cd38639618406?s=96&d=mm&r=g","caption":"cabellonews.com"},"sameAs":["http:\/\/cabellonews.com"],"url":"https:\/\/cabellonews.com\/?author=1"}]}},"_links":{"self":[{"href":"https:\/\/cabellonews.com\/index.php?rest_route=\/wp\/v2\/posts\/292"}],"collection":[{"href":"https:\/\/cabellonews.com\/index.php?rest_route=\/wp\/v2\/posts"}],"about":[{"href":"https:\/\/cabellonews.com\/index.php?rest_route=\/wp\/v2\/types\/post"}],"author":[{"embeddable":true,"href":"https:\/\/cabellonews.com\/index.php?rest_route=\/wp\/v2\/users\/1"}],"replies":[{"embeddable":true,"href":"https:\/\/cabellonews.com\/index.php?rest_route=%2Fwp%2Fv2%2Fcomments&post=292"}],"version-history":[{"count":1,"href":"https:\/\/cabellonews.com\/index.php?rest_route=\/wp\/v2\/posts\/292\/revisions"}],"predecessor-version":[{"id":294,"href":"https:\/\/cabellonews.com\/index.php?rest_route=\/wp\/v2\/posts\/292\/revisions\/294"}],"wp:featuredmedia":[{"embeddable":true,"href":"https:\/\/cabellonews.com\/index.php?rest_route=\/wp\/v2\/media\/293"}],"wp:attachment":[{"href":"https:\/\/cabellonews.com\/index.php?rest_route=%2Fwp%2Fv2%2Fmedia&parent=292"}],"wp:term":[{"taxonomy":"category","embeddable":true,"href":"https:\/\/cabellonews.com\/index.php?rest_route=%2Fwp%2Fv2%2Fcategories&post=292"},{"taxonomy":"post_tag","embeddable":true,"href":"https:\/\/cabellonews.com\/index.php?rest_route=%2Fwp%2Fv2%2Ftags&post=292"}],"curies":[{"name":"wp","href":"https:\/\/api.w.org\/{rel}","templated":true}]}}