{"id":289,"date":"2023-07-03T05:35:54","date_gmt":"2023-07-03T05:35:54","guid":{"rendered":"https:\/\/cabellonews.com\/?p=289"},"modified":"2023-07-11T05:36:37","modified_gmt":"2023-07-11T05:36:37","slug":"llevan-buenas-noticias-el-gobernador-y-la-presidenta-del-dif-tamaulipas-al-albergue-nuestra-casita-en-altamira","status":"publish","type":"post","link":"https:\/\/cabellonews.com\/?p=289","title":{"rendered":"Llevan buenas noticias el Gobernador y la Presidenta del DIF Tamaulipas al albergue Nuestra Casita en Altamira"},"content":{"rendered":"\n<p>-Presentan el proyecto de construcci\u00f3n de un corredor que los comunique con el CRIT<\/p>\n\n\n\n<p>Julio 03 de 2023<\/p>\n\n\n\n<p>Altamira, Tamaulipas. Como la cristalizaci\u00f3n de un sue\u00f1o anhelado por varios a\u00f1os, fue presentado el proyecto de construcci\u00f3n del corredor que unir\u00e1 de manera directa al albergue Nuestra Casita con el CRIT; esto durante la visita que realizaron el doctor Am\u00e9rico Villarreal Anaya gobernador del estado y la doctora Mar\u00eda Santiago de Villarreal presidenta del DIF Tamaulipas, acompa\u00f1ados de Fernando Landeros Verdugo, presidente de la Fundaci\u00f3n Telet\u00f3n M\u00e9xico.<\/p>\n\n\n\n<p>Este albergue proporciona hospedaje a las familias que acuden a los diferentes servicios que proporciona el Centro de Rehabilitaci\u00f3n e Inclusi\u00f3n Infantil Telet\u00f3n de esta ciudad, y con esta construcci\u00f3n los pacientes llegar\u00e1n de una manera m\u00e1s segura y r\u00e1pida a sus citas.<\/p>\n\n\n\n<p>El director general del Sistema DIF Tamaulipas, Geancarlo Bonetta Cavazos declar\u00f3 que este tipo de proyectos les permite a los pacientes y sus familias, tener un lugar acogedor y acorde a las necesidades de sus usuarios, adem\u00e1s de que en ese albergue se cuenta con una red de apoyo para todas las personas que lo lleguen a necesitar.<\/p>\n\n\n<figure class=\"wp-block-post-featured-image\"><img width=\"240\" height=\"172\" src=\"https:\/\/cabellonews.com\/wp-content\/uploads\/2023\/07\/B53975C9-E5A5-4933-B62C-4CFDB03F5E07-240x172.jpeg\" class=\"attachment-post-thumbnail size-post-thumbnail wp-post-image\" alt=\"\" decoding=\"async\" loading=\"lazy\" \/><\/figure>\n\n\n<pre class=\"wp-block-code\"><code>       *   *  *<\/code><\/pre>\n","protected":false},"excerpt":{"rendered":"<p>-Presentan el proyecto de construcci\u00f3n de un corredor que los comunique con el CRIT Julio 03 de 2023 Altamira, Tamaulipas. Como la cristalizaci\u00f3n de un sue\u00f1o anhelado por varios a\u00f1os, fue presentado el proyecto de construcci\u00f3n del corredor que unir\u00e1 de manera directa al albergue Nuestra Casita con el CRIT; esto durante la visita que realizaron el doctor Am\u00e9rico Villarreal Anaya gobernador del estado y la doctora Mar\u00eda Santiago de Villarreal presidenta del DIF Tamaulipas, acompa\u00f1ados de Fernando Landeros Verdugo, presidente de la Fundaci\u00f3n Telet\u00f3n M\u00e9xico. Este albergue proporciona hospedaje&hellip;<\/p>\n","protected":false},"author":1,"featured_media":283,"comment_status":"open","ping_status":"open","sticky":false,"template":"","format":"standard","meta":[],"categories":[1],"tags":[],"gutentor_comment":0,"yoast_head":"<!-- This site is optimized with the Yoast SEO plugin v20.10 - https:\/\/yoast.com\/wordpress\/plugins\/seo\/ -->\n<title>Llevan buenas noticias el Gobernador y la Presidenta del DIF Tamaulipas al albergue Nuestra Casita en Altamira - cabellonews.com<\/title>\n<meta name=\"robots\" content=\"index, follow, max-snippet:-1, max-image-preview:large, max-video-preview:-1\" \/>\n<link rel=\"canonical\" href=\"https:\/\/cabellonews.com\/?p=289\" \/>\n<meta property=\"og:locale\" content=\"en_US\" \/>\n<meta property=\"og:type\" content=\"article\" \/>\n<meta property=\"og:title\" content=\"Llevan buenas noticias el Gobernador y la Presidenta del DIF Tamaulipas al albergue Nuestra Casita en Altamira - cabellonews.com\" \/>\n<meta property=\"og:description\" content=\"-Presentan el proyecto de construcci\u00f3n de un corredor que los comunique con el CRIT Julio 03 de 2023 Altamira, Tamaulipas. Como la cristalizaci\u00f3n de un sue\u00f1o anhelado por varios a\u00f1os, fue presentado el proyecto de construcci\u00f3n del corredor que unir\u00e1 de manera directa al albergue Nuestra Casita con el CRIT; esto durante la visita que realizaron el doctor Am\u00e9rico Villarreal Anaya gobernador del estado y la doctora Mar\u00eda Santiago de Villarreal presidenta del DIF Tamaulipas, acompa\u00f1ados de Fernando Landeros Verdugo, presidente de la Fundaci\u00f3n Telet\u00f3n M\u00e9xico. Este albergue proporciona hospedaje&hellip;\" \/>\n<meta property=\"og:url\" content=\"https:\/\/cabellonews.com\/?p=289\" \/>\n<meta property=\"og:site_name\" content=\"cabellonews.com\" \/>\n<meta property=\"article:published_time\" content=\"2023-07-03T05:35:54+00:00\" \/>\n<meta property=\"article:modified_time\" content=\"2023-07-11T05:36:37+00:00\" \/>\n<meta property=\"og:image\" content=\"http:\/\/cabellonews.com\/wp-content\/uploads\/2023\/07\/B53975C9-E5A5-4933-B62C-4CFDB03F5E07.jpeg\" \/>\n\t<meta property=\"og:image:width\" content=\"1024\" \/>\n\t<meta property=\"og:image:height\" content=\"575\" \/>\n\t<meta property=\"og:image:type\" content=\"image\/jpeg\" \/>\n<meta name=\"author\" content=\"cabellonews.com\" \/>\n<meta name=\"twitter:card\" content=\"summary_large_image\" \/>\n<meta name=\"twitter:label1\" content=\"Written by\" \/>\n\t<meta name=\"twitter:data1\" content=\"cabellonews.com\" \/>\n\t<meta name=\"twitter:label2\" content=\"Est. reading time\" \/>\n\t<meta name=\"twitter:data2\" content=\"1 minute\" \/>\n<script type=\"application\/ld+json\" class=\"yoast-schema-graph\">{\"@context\":\"https:\/\/schema.org\",\"@graph\":[{\"@type\":\"WebPage\",\"@id\":\"https:\/\/cabellonews.com\/?p=289\",\"url\":\"https:\/\/cabellonews.com\/?p=289\",\"name\":\"Llevan buenas noticias el Gobernador y la Presidenta del DIF Tamaulipas al albergue Nuestra Casita en Altamira - cabellonews.com\",\"isPartOf\":{\"@id\":\"https:\/\/cabellonews.com\/#website\"},\"datePublished\":\"2023-07-03T05:35:54+00:00\",\"dateModified\":\"2023-07-11T05:36:37+00:00\",\"author\":{\"@id\":\"https:\/\/cabellonews.com\/#\/schema\/person\/7afe73bafa6cc5a24fd4c67dfd4379d8\"},\"breadcrumb\":{\"@id\":\"https:\/\/cabellonews.com\/?p=289#breadcrumb\"},\"inLanguage\":\"en-US\",\"potentialAction\":[{\"@type\":\"ReadAction\",\"target\":[\"https:\/\/cabellonews.com\/?p=289\"]}]},{\"@type\":\"BreadcrumbList\",\"@id\":\"https:\/\/cabellonews.com\/?p=289#breadcrumb\",\"itemListElement\":[{\"@type\":\"ListItem\",\"position\":1,\"name\":\"Inicio\",\"item\":\"https:\/\/cabellonews.com\/\"},{\"@type\":\"ListItem\",\"position\":2,\"name\":\"Llevan buenas noticias el Gobernador y la Presidenta del DIF Tamaulipas al albergue Nuestra Casita en Altamira\"}]},{\"@type\":\"WebSite\",\"@id\":\"https:\/\/cabellonews.com\/#website\",\"url\":\"https:\/\/cabellonews.com\/\",\"name\":\"cabellonews.com\",\"description\":\"Con Cobertura En Tamaulipas Y norte de Veracruz\",\"potentialAction\":[{\"@type\":\"SearchAction\",\"target\":{\"@type\":\"EntryPoint\",\"urlTemplate\":\"https:\/\/cabellonews.com\/?s={search_term_string}\"},\"query-input\":\"required name=search_term_string\"}],\"inLanguage\":\"en-US\"},{\"@type\":\"Person\",\"@id\":\"https:\/\/cabellonews.com\/#\/schema\/person\/7afe73bafa6cc5a24fd4c67dfd4379d8\",\"name\":\"cabellonews.com\",\"image\":{\"@type\":\"ImageObject\",\"inLanguage\":\"en-US\",\"@id\":\"https:\/\/cabellonews.com\/#\/schema\/person\/image\/\",\"url\":\"https:\/\/secure.gravatar.com\/avatar\/8d6324fc2806389aad4cd38639618406?s=96&d=mm&r=g\",\"contentUrl\":\"https:\/\/secure.gravatar.com\/avatar\/8d6324fc2806389aad4cd38639618406?s=96&d=mm&r=g\",\"caption\":\"cabellonews.com\"},\"sameAs\":[\"http:\/\/cabellonews.com\"],\"url\":\"https:\/\/cabellonews.com\/?author=1\"}]}<\/script>\n<!-- \/ Yoast SEO plugin. -->","yoast_head_json":{"title":"Llevan buenas noticias el Gobernador y la Presidenta del DIF Tamaulipas al albergue Nuestra Casita en Altamira - cabellonews.com","robots":{"index":"index","follow":"follow","max-snippet":"max-snippet:-1","max-image-preview":"max-image-preview:large","max-video-preview":"max-video-preview:-1"},"canonical":"https:\/\/cabellonews.com\/?p=289","og_locale":"en_US","og_type":"article","og_title":"Llevan buenas noticias el Gobernador y la Presidenta del DIF Tamaulipas al albergue Nuestra Casita en Altamira - cabellonews.com","og_description":"-Presentan el proyecto de construcci\u00f3n de un corredor que los comunique con el CRIT Julio 03 de 2023 Altamira, Tamaulipas. Como la cristalizaci\u00f3n de un sue\u00f1o anhelado por varios a\u00f1os, fue presentado el proyecto de construcci\u00f3n del corredor que unir\u00e1 de manera directa al albergue Nuestra Casita con el CRIT; esto durante la visita que realizaron el doctor Am\u00e9rico Villarreal Anaya gobernador del estado y la doctora Mar\u00eda Santiago de Villarreal presidenta del DIF Tamaulipas, acompa\u00f1ados de Fernando Landeros Verdugo, presidente de la Fundaci\u00f3n Telet\u00f3n M\u00e9xico. Este albergue proporciona hospedaje&hellip;","og_url":"https:\/\/cabellonews.com\/?p=289","og_site_name":"cabellonews.com","article_published_time":"2023-07-03T05:35:54+00:00","article_modified_time":"2023-07-11T05:36:37+00:00","og_image":[{"width":1024,"height":575,"url":"http:\/\/cabellonews.com\/wp-content\/uploads\/2023\/07\/B53975C9-E5A5-4933-B62C-4CFDB03F5E07.jpeg","type":"image\/jpeg"}],"author":"cabellonews.com","twitter_card":"summary_large_image","twitter_misc":{"Written by":"cabellonews.com","Est. reading time":"1 minute"},"schema":{"@context":"https:\/\/schema.org","@graph":[{"@type":"WebPage","@id":"https:\/\/cabellonews.com\/?p=289","url":"https:\/\/cabellonews.com\/?p=289","name":"Llevan buenas noticias el Gobernador y la Presidenta del DIF Tamaulipas al albergue Nuestra Casita en Altamira - cabellonews.com","isPartOf":{"@id":"https:\/\/cabellonews.com\/#website"},"datePublished":"2023-07-03T05:35:54+00:00","dateModified":"2023-07-11T05:36:37+00:00","author":{"@id":"https:\/\/cabellonews.com\/#\/schema\/person\/7afe73bafa6cc5a24fd4c67dfd4379d8"},"breadcrumb":{"@id":"https:\/\/cabellonews.com\/?p=289#breadcrumb"},"inLanguage":"en-US","potentialAction":[{"@type":"ReadAction","target":["https:\/\/cabellonews.com\/?p=289"]}]},{"@type":"BreadcrumbList","@id":"https:\/\/cabellonews.com\/?p=289#breadcrumb","itemListElement":[{"@type":"ListItem","position":1,"name":"Inicio","item":"https:\/\/cabellonews.com\/"},{"@type":"ListItem","position":2,"name":"Llevan buenas noticias el Gobernador y la Presidenta del DIF Tamaulipas al albergue Nuestra Casita en Altamira"}]},{"@type":"WebSite","@id":"https:\/\/cabellonews.com\/#website","url":"https:\/\/cabellonews.com\/","name":"cabellonews.com","description":"Con Cobertura En Tamaulipas Y norte de Veracruz","potentialAction":[{"@type":"SearchAction","target":{"@type":"EntryPoint","urlTemplate":"https:\/\/cabellonews.com\/?s={search_term_string}"},"query-input":"required name=search_term_string"}],"inLanguage":"en-US"},{"@type":"Person","@id":"https:\/\/cabellonews.com\/#\/schema\/person\/7afe73bafa6cc5a24fd4c67dfd4379d8","name":"cabellonews.com","image":{"@type":"ImageObject","inLanguage":"en-US","@id":"https:\/\/cabellonews.com\/#\/schema\/person\/image\/","url":"https:\/\/secure.gravatar.com\/avatar\/8d6324fc2806389aad4cd38639618406?s=96&d=mm&r=g","contentUrl":"https:\/\/secure.gravatar.com\/avatar\/8d6324fc2806389aad4cd38639618406?s=96&d=mm&r=g","caption":"cabellonews.com"},"sameAs":["http:\/\/cabellonews.com"],"url":"https:\/\/cabellonews.com\/?author=1"}]}},"_links":{"self":[{"href":"https:\/\/cabellonews.com\/index.php?rest_route=\/wp\/v2\/posts\/289"}],"collection":[{"href":"https:\/\/cabellonews.com\/index.php?rest_route=\/wp\/v2\/posts"}],"about":[{"href":"https:\/\/cabellonews.com\/index.php?rest_route=\/wp\/v2\/types\/post"}],"author":[{"embeddable":true,"href":"https:\/\/cabellonews.com\/index.php?rest_route=\/wp\/v2\/users\/1"}],"replies":[{"embeddable":true,"href":"https:\/\/cabellonews.com\/index.php?rest_route=%2Fwp%2Fv2%2Fcomments&post=289"}],"version-history":[{"count":1,"href":"https:\/\/cabellonews.com\/index.php?rest_route=\/wp\/v2\/posts\/289\/revisions"}],"predecessor-version":[{"id":290,"href":"https:\/\/cabellonews.com\/index.php?rest_route=\/wp\/v2\/posts\/289\/revisions\/290"}],"wp:featuredmedia":[{"embeddable":true,"href":"https:\/\/cabellonews.com\/index.php?rest_route=\/wp\/v2\/media\/283"}],"wp:attachment":[{"href":"https:\/\/cabellonews.com\/index.php?rest_route=%2Fwp%2Fv2%2Fmedia&parent=289"}],"wp:term":[{"taxonomy":"category","embeddable":true,"href":"https:\/\/cabellonews.com\/index.php?rest_route=%2Fwp%2Fv2%2Fcategories&post=289"},{"taxonomy":"post_tag","embeddable":true,"href":"https:\/\/cabellonews.com\/index.php?rest_route=%2Fwp%2Fv2%2Ftags&post=289"}],"curies":[{"name":"wp","href":"https:\/\/api.w.org\/{rel}","templated":true}]}}