{"id":278,"date":"2023-07-01T05:27:49","date_gmt":"2023-07-01T05:27:49","guid":{"rendered":"https:\/\/cabellonews.com\/?p=278"},"modified":"2023-07-11T05:28:37","modified_gmt":"2023-07-11T05:28:37","slug":"analizan-esquemas-de-financiamiento-para-planta-tratadora-de-agua-residuales","status":"publish","type":"post","link":"https:\/\/cabellonews.com\/?p=278","title":{"rendered":"Analizan esquemas de financiamiento para planta tratadora de agua residuales"},"content":{"rendered":"\n<p>Julio 01 de 2023<\/p>\n\n\n\n<p>Nuevo Laredo, Tamaulipas. &#8211; Con el objetivo de analizar esquemas financieros para la rehabilitaci\u00f3n de la Planta Internacional de Tratamiento de Aguas Residuales de Nuevo Laredo, en una primera etapa de acciones emergentes y con planes para tratar 1,100 litros por segundo (L\/S) y completar el proyecto hasta 1,360 l\/s de su capacidad instalada, la Secretar\u00eda de Recursos Hidr\u00e1ulicos para el Desarrollo Social sostuvo una reuni\u00f3n este viernes en este municipio.<\/p>\n\n\n\n<p>En este encuentro, el responsable de la SRH, Ra\u00fal Quiroga \u00c1lvarez, indic\u00f3, que el gobernador Am\u00e9rico Villarreal Anaya, ha estado atento y ha dado las instrucciones de que se trabaje en ello y se avance en el problema de saneamiento de agua de este municipio para mejorar la calidad de este suministro para las familias de esta poblaci\u00f3n.<\/p>\n\n\n\n<p>Nuevo Laredo, explic\u00f3, es la frontera m\u00e1s din\u00e1mica de M\u00e9xico que demanda soluciones integrales de largo plazo a dicha problem\u00e1tica, por lo que el mandatario estatal ha sido muy preciso de trabajar en ello para dar soluci\u00f3n lo m\u00e1s pronto posible a la rehabilitaci\u00f3n de la planta internacional de tratamiento de aguas residuales.<\/p>\n\n\n\n<p>En esta reuni\u00f3n, se realiz\u00f3 un an\u00e1lisis de escenarios de inversi\u00f3n y propuestas de soluci\u00f3n atendiendo a la sensibilidad en el municipio a un proyecto de esta envergadura.<\/p>\n\n\n\n<p>Participaron en este encuentro, la Comisi\u00f3n Internacional de L\u00edmites y Aguas (Secci\u00f3n M\u00e9xico) CILA (representaci\u00f3n Nuevo Laredo), la Comisi\u00f3n Nacional del Agua, oficinas centrales a trav\u00e9s de la Gerencia de Ingenier\u00eda y asuntos binacionales del agua, Organismo de Cuenca R\u00edo Bravo, directores del Banco de Desarrollo de Am\u00e9rica del Norte (NADBank), la representante oficial de Asuntos Pol\u00edticos y Econ\u00f3micos del Consulado General de Estados Unidos de Am\u00e9rica en Nuevo Laredo, as\u00ed como representantes del Ayuntamiento y COMAPA de esta localidad.<\/p>\n\n\n<figure class=\"wp-block-post-featured-image\"><img width=\"240\" height=\"172\" src=\"https:\/\/cabellonews.com\/wp-content\/uploads\/2023\/07\/24B8E02D-271C-46CA-A5E5-68ACBAC9D439-240x172.jpeg\" class=\"attachment-post-thumbnail size-post-thumbnail wp-post-image\" alt=\"\" decoding=\"async\" loading=\"lazy\" \/><\/figure>\n\n\n<pre class=\"wp-block-code\"><code>       *   *  *<\/code><\/pre>\n","protected":false},"excerpt":{"rendered":"<p>Julio 01 de 2023 Nuevo Laredo, Tamaulipas. &#8211; Con el objetivo de analizar esquemas financieros para la rehabilitaci\u00f3n de la Planta Internacional de Tratamiento de Aguas Residuales de Nuevo Laredo, en una primera etapa de acciones emergentes y con planes para tratar 1,100 litros por segundo (L\/S) y completar el proyecto hasta 1,360 l\/s de su capacidad instalada, la Secretar\u00eda de Recursos Hidr\u00e1ulicos para el Desarrollo Social sostuvo una reuni\u00f3n este viernes en este municipio. En este encuentro, el responsable de la SRH, Ra\u00fal Quiroga \u00c1lvarez, indic\u00f3, que el gobernador&hellip;<\/p>\n","protected":false},"author":1,"featured_media":279,"comment_status":"open","ping_status":"open","sticky":false,"template":"","format":"standard","meta":[],"categories":[1],"tags":[],"gutentor_comment":0,"yoast_head":"<!-- This site is optimized with the Yoast SEO plugin v20.10 - https:\/\/yoast.com\/wordpress\/plugins\/seo\/ -->\n<title>Analizan esquemas de financiamiento para planta tratadora de agua residuales - cabellonews.com<\/title>\n<meta name=\"robots\" content=\"index, follow, max-snippet:-1, max-image-preview:large, max-video-preview:-1\" \/>\n<link rel=\"canonical\" href=\"https:\/\/cabellonews.com\/?p=278\" \/>\n<meta property=\"og:locale\" content=\"en_US\" \/>\n<meta property=\"og:type\" content=\"article\" \/>\n<meta property=\"og:title\" content=\"Analizan esquemas de financiamiento para planta tratadora de agua residuales - cabellonews.com\" \/>\n<meta property=\"og:description\" content=\"Julio 01 de 2023 Nuevo Laredo, Tamaulipas. &#8211; Con el objetivo de analizar esquemas financieros para la rehabilitaci\u00f3n de la Planta Internacional de Tratamiento de Aguas Residuales de Nuevo Laredo, en una primera etapa de acciones emergentes y con planes para tratar 1,100 litros por segundo (L\/S) y completar el proyecto hasta 1,360 l\/s de su capacidad instalada, la Secretar\u00eda de Recursos Hidr\u00e1ulicos para el Desarrollo Social sostuvo una reuni\u00f3n este viernes en este municipio. En este encuentro, el responsable de la SRH, Ra\u00fal Quiroga \u00c1lvarez, indic\u00f3, que el gobernador&hellip;\" \/>\n<meta property=\"og:url\" content=\"https:\/\/cabellonews.com\/?p=278\" \/>\n<meta property=\"og:site_name\" content=\"cabellonews.com\" \/>\n<meta property=\"article:published_time\" content=\"2023-07-01T05:27:49+00:00\" \/>\n<meta property=\"article:modified_time\" content=\"2023-07-11T05:28:37+00:00\" \/>\n<meta property=\"og:image\" content=\"http:\/\/cabellonews.com\/wp-content\/uploads\/2023\/07\/24B8E02D-271C-46CA-A5E5-68ACBAC9D439.jpeg\" \/>\n\t<meta property=\"og:image:width\" content=\"1024\" \/>\n\t<meta property=\"og:image:height\" content=\"494\" \/>\n\t<meta property=\"og:image:type\" content=\"image\/jpeg\" \/>\n<meta name=\"author\" content=\"cabellonews.com\" \/>\n<meta name=\"twitter:card\" content=\"summary_large_image\" \/>\n<meta name=\"twitter:label1\" content=\"Written by\" \/>\n\t<meta name=\"twitter:data1\" content=\"cabellonews.com\" \/>\n\t<meta name=\"twitter:label2\" content=\"Est. reading time\" \/>\n\t<meta name=\"twitter:data2\" content=\"2 minutes\" \/>\n<script type=\"application\/ld+json\" class=\"yoast-schema-graph\">{\"@context\":\"https:\/\/schema.org\",\"@graph\":[{\"@type\":\"WebPage\",\"@id\":\"https:\/\/cabellonews.com\/?p=278\",\"url\":\"https:\/\/cabellonews.com\/?p=278\",\"name\":\"Analizan esquemas de financiamiento para planta tratadora de agua residuales - cabellonews.com\",\"isPartOf\":{\"@id\":\"https:\/\/cabellonews.com\/#website\"},\"datePublished\":\"2023-07-01T05:27:49+00:00\",\"dateModified\":\"2023-07-11T05:28:37+00:00\",\"author\":{\"@id\":\"https:\/\/cabellonews.com\/#\/schema\/person\/7afe73bafa6cc5a24fd4c67dfd4379d8\"},\"breadcrumb\":{\"@id\":\"https:\/\/cabellonews.com\/?p=278#breadcrumb\"},\"inLanguage\":\"en-US\",\"potentialAction\":[{\"@type\":\"ReadAction\",\"target\":[\"https:\/\/cabellonews.com\/?p=278\"]}]},{\"@type\":\"BreadcrumbList\",\"@id\":\"https:\/\/cabellonews.com\/?p=278#breadcrumb\",\"itemListElement\":[{\"@type\":\"ListItem\",\"position\":1,\"name\":\"Inicio\",\"item\":\"https:\/\/cabellonews.com\/\"},{\"@type\":\"ListItem\",\"position\":2,\"name\":\"Analizan esquemas de financiamiento para planta tratadora de agua residuales\"}]},{\"@type\":\"WebSite\",\"@id\":\"https:\/\/cabellonews.com\/#website\",\"url\":\"https:\/\/cabellonews.com\/\",\"name\":\"cabellonews.com\",\"description\":\"Con Cobertura En Tamaulipas Y norte de Veracruz\",\"potentialAction\":[{\"@type\":\"SearchAction\",\"target\":{\"@type\":\"EntryPoint\",\"urlTemplate\":\"https:\/\/cabellonews.com\/?s={search_term_string}\"},\"query-input\":\"required name=search_term_string\"}],\"inLanguage\":\"en-US\"},{\"@type\":\"Person\",\"@id\":\"https:\/\/cabellonews.com\/#\/schema\/person\/7afe73bafa6cc5a24fd4c67dfd4379d8\",\"name\":\"cabellonews.com\",\"image\":{\"@type\":\"ImageObject\",\"inLanguage\":\"en-US\",\"@id\":\"https:\/\/cabellonews.com\/#\/schema\/person\/image\/\",\"url\":\"https:\/\/secure.gravatar.com\/avatar\/8d6324fc2806389aad4cd38639618406?s=96&d=mm&r=g\",\"contentUrl\":\"https:\/\/secure.gravatar.com\/avatar\/8d6324fc2806389aad4cd38639618406?s=96&d=mm&r=g\",\"caption\":\"cabellonews.com\"},\"sameAs\":[\"http:\/\/cabellonews.com\"],\"url\":\"https:\/\/cabellonews.com\/?author=1\"}]}<\/script>\n<!-- \/ Yoast SEO plugin. -->","yoast_head_json":{"title":"Analizan esquemas de financiamiento para planta tratadora de agua residuales - cabellonews.com","robots":{"index":"index","follow":"follow","max-snippet":"max-snippet:-1","max-image-preview":"max-image-preview:large","max-video-preview":"max-video-preview:-1"},"canonical":"https:\/\/cabellonews.com\/?p=278","og_locale":"en_US","og_type":"article","og_title":"Analizan esquemas de financiamiento para planta tratadora de agua residuales - cabellonews.com","og_description":"Julio 01 de 2023 Nuevo Laredo, Tamaulipas. &#8211; Con el objetivo de analizar esquemas financieros para la rehabilitaci\u00f3n de la Planta Internacional de Tratamiento de Aguas Residuales de Nuevo Laredo, en una primera etapa de acciones emergentes y con planes para tratar 1,100 litros por segundo (L\/S) y completar el proyecto hasta 1,360 l\/s de su capacidad instalada, la Secretar\u00eda de Recursos Hidr\u00e1ulicos para el Desarrollo Social sostuvo una reuni\u00f3n este viernes en este municipio. En este encuentro, el responsable de la SRH, Ra\u00fal Quiroga \u00c1lvarez, indic\u00f3, que el gobernador&hellip;","og_url":"https:\/\/cabellonews.com\/?p=278","og_site_name":"cabellonews.com","article_published_time":"2023-07-01T05:27:49+00:00","article_modified_time":"2023-07-11T05:28:37+00:00","og_image":[{"width":1024,"height":494,"url":"http:\/\/cabellonews.com\/wp-content\/uploads\/2023\/07\/24B8E02D-271C-46CA-A5E5-68ACBAC9D439.jpeg","type":"image\/jpeg"}],"author":"cabellonews.com","twitter_card":"summary_large_image","twitter_misc":{"Written by":"cabellonews.com","Est. reading time":"2 minutes"},"schema":{"@context":"https:\/\/schema.org","@graph":[{"@type":"WebPage","@id":"https:\/\/cabellonews.com\/?p=278","url":"https:\/\/cabellonews.com\/?p=278","name":"Analizan esquemas de financiamiento para planta tratadora de agua residuales - cabellonews.com","isPartOf":{"@id":"https:\/\/cabellonews.com\/#website"},"datePublished":"2023-07-01T05:27:49+00:00","dateModified":"2023-07-11T05:28:37+00:00","author":{"@id":"https:\/\/cabellonews.com\/#\/schema\/person\/7afe73bafa6cc5a24fd4c67dfd4379d8"},"breadcrumb":{"@id":"https:\/\/cabellonews.com\/?p=278#breadcrumb"},"inLanguage":"en-US","potentialAction":[{"@type":"ReadAction","target":["https:\/\/cabellonews.com\/?p=278"]}]},{"@type":"BreadcrumbList","@id":"https:\/\/cabellonews.com\/?p=278#breadcrumb","itemListElement":[{"@type":"ListItem","position":1,"name":"Inicio","item":"https:\/\/cabellonews.com\/"},{"@type":"ListItem","position":2,"name":"Analizan esquemas de financiamiento para planta tratadora de agua residuales"}]},{"@type":"WebSite","@id":"https:\/\/cabellonews.com\/#website","url":"https:\/\/cabellonews.com\/","name":"cabellonews.com","description":"Con Cobertura En Tamaulipas Y norte de Veracruz","potentialAction":[{"@type":"SearchAction","target":{"@type":"EntryPoint","urlTemplate":"https:\/\/cabellonews.com\/?s={search_term_string}"},"query-input":"required name=search_term_string"}],"inLanguage":"en-US"},{"@type":"Person","@id":"https:\/\/cabellonews.com\/#\/schema\/person\/7afe73bafa6cc5a24fd4c67dfd4379d8","name":"cabellonews.com","image":{"@type":"ImageObject","inLanguage":"en-US","@id":"https:\/\/cabellonews.com\/#\/schema\/person\/image\/","url":"https:\/\/secure.gravatar.com\/avatar\/8d6324fc2806389aad4cd38639618406?s=96&d=mm&r=g","contentUrl":"https:\/\/secure.gravatar.com\/avatar\/8d6324fc2806389aad4cd38639618406?s=96&d=mm&r=g","caption":"cabellonews.com"},"sameAs":["http:\/\/cabellonews.com"],"url":"https:\/\/cabellonews.com\/?author=1"}]}},"_links":{"self":[{"href":"https:\/\/cabellonews.com\/index.php?rest_route=\/wp\/v2\/posts\/278"}],"collection":[{"href":"https:\/\/cabellonews.com\/index.php?rest_route=\/wp\/v2\/posts"}],"about":[{"href":"https:\/\/cabellonews.com\/index.php?rest_route=\/wp\/v2\/types\/post"}],"author":[{"embeddable":true,"href":"https:\/\/cabellonews.com\/index.php?rest_route=\/wp\/v2\/users\/1"}],"replies":[{"embeddable":true,"href":"https:\/\/cabellonews.com\/index.php?rest_route=%2Fwp%2Fv2%2Fcomments&post=278"}],"version-history":[{"count":1,"href":"https:\/\/cabellonews.com\/index.php?rest_route=\/wp\/v2\/posts\/278\/revisions"}],"predecessor-version":[{"id":280,"href":"https:\/\/cabellonews.com\/index.php?rest_route=\/wp\/v2\/posts\/278\/revisions\/280"}],"wp:featuredmedia":[{"embeddable":true,"href":"https:\/\/cabellonews.com\/index.php?rest_route=\/wp\/v2\/media\/279"}],"wp:attachment":[{"href":"https:\/\/cabellonews.com\/index.php?rest_route=%2Fwp%2Fv2%2Fmedia&parent=278"}],"wp:term":[{"taxonomy":"category","embeddable":true,"href":"https:\/\/cabellonews.com\/index.php?rest_route=%2Fwp%2Fv2%2Fcategories&post=278"},{"taxonomy":"post_tag","embeddable":true,"href":"https:\/\/cabellonews.com\/index.php?rest_route=%2Fwp%2Fv2%2Ftags&post=278"}],"curies":[{"name":"wp","href":"https:\/\/api.w.org\/{rel}","templated":true}]}}