{"id":257,"date":"2023-07-04T18:58:00","date_gmt":"2023-07-04T18:58:00","guid":{"rendered":"https:\/\/cabellonews.com\/?p=257"},"modified":"2023-07-04T19:01:23","modified_gmt":"2023-07-04T19:01:23","slug":"lamenta-amlo-agresion-a-secretario-general-de-gobierno-y-externa-apoyo-al-gobernador","status":"publish","type":"post","link":"https:\/\/cabellonews.com\/?p=257","title":{"rendered":"Lamenta AMLO agresi\u00f3n a secretario general de Gobierno y externa apoyo al gobernador"},"content":{"rendered":"\n<p>Julio 04 de 2023<\/p>\n\n\n\n<p>Ciudad de M\u00e9xico.- El presidente Andr\u00e9s Manuel L\u00f3pez Obrador lament\u00f3 el ataque que sufrieron los veh\u00edculos donde viajaba el secretario general de Gobierno de Tamaulipas, H\u00e9ctor Joel Villegas Gonz\u00e1lez. Consider\u00f3 que luego del triunfo del gobernador Am\u00e9rico Villarreal quedaron \u201cresentidos\u201d y \u201creaccionarios\u201d, quienes quieren enrarecer la vida p\u00fablica del Estado.<\/p>\n\n\n\n<p>\u201cReitero que fue una haza\u00f1a del pueblo de Tamaulipas, el haber elegido al doctor Am\u00e9rico Villarreal como gobernador, porque llevaban much\u00edsimo tiempo en Tamaulipas sin un gobernador con esas caracter\u00edsticas. Lamentablemente hab\u00edan padecido de muy malos gobernadores. Y ahora tienen un hombre \u00edntegro en el gobierno, una gente honesta, limpia. Y desde luego quedaron algunos resentidos como es natural, y est\u00e1n queriendo enrarecer la vida p\u00fablica en Tamaulipas\u201d, apunt\u00f3.<\/p>\n\n\n\n<p>En la conferencia de prensa matutina, el titular del Ejecutivo Federal refrend\u00f3 que ya se est\u00e1 realizando la investigaci\u00f3n correspondiente de los hechos, de los que -dijo-, afortunadamente sali\u00f3 ileso el secretario de Gobierno y sus acompa\u00f1antes.<\/p>\n\n\n\n<p>A pregunta expresa de los medios de comunicaci\u00f3n, el primer mandatario de la naci\u00f3n fue enf\u00e1tico en se\u00f1alar que el gobierno del doctor Am\u00e9rico Villarreal Anaya tiene todo su apoyo, y mencion\u00f3 que instruy\u00f3 al secretario de Marina, almirante Jos\u00e9 Rafael Ojeda Dur\u00e1n acudir a Matamoros para externar todo el apoyo y solidaridad del Gobierno de M\u00e9xico.<\/p>\n\n\n\n<p>En Palacio Nacional, el presidente L\u00f3pez Obrador explic\u00f3 que al llegar la Cuarta Transformaci\u00f3n a Tamaulipas quedaron inconformes grupos reaccionarios.<\/p>\n\n\n\n<p>\u201cSiempre suceden estas cosas. Hay reacciones, de ah\u00ed viene la palabra reaccionario, el t\u00e9rmino reaccionario, que se aplica con m\u00e1s intensidad cuando se da la confrontaci\u00f3n entre liberales y conservadores, en la \u00e9poca de la lucha del presidente Ju\u00e1rez. Y as\u00ed sigue, pero vamos a seguir adelante\u201d.<\/p>\n\n\n\n<p>Es importante mencionar que el secretario general de Gobierno, H\u00e9ctor Joel Villegas se mantiene laborando en sus actividades con toda normalidad, as\u00ed como las oficinas e instituciones p\u00fablicas del Estado trabajan en sus horarios habituales para las y los tamaulipecos.<\/p>\n\n\n\n<figure class=\"wp-block-video alignleft\"><video controls src=\"https:\/\/cabellonews.com\/wp-content\/uploads\/2023\/07\/trim.77A408C0-6CC0-4F3D-B5E2-8B1C17D191E5-1.mov\"><\/video><\/figure>\n\n\n<figure class=\"wp-block-post-featured-image\"><img width=\"240\" height=\"172\" src=\"https:\/\/cabellonews.com\/wp-content\/uploads\/2023\/07\/90E18A71-7521-4586-B69D-688809B0C861-240x172.jpeg\" class=\"attachment-post-thumbnail size-post-thumbnail wp-post-image\" alt=\"\" decoding=\"async\" loading=\"lazy\" \/><\/figure>","protected":false},"excerpt":{"rendered":"<p>Julio 04 de 2023 Ciudad de M\u00e9xico.- El presidente Andr\u00e9s Manuel L\u00f3pez Obrador lament\u00f3 el ataque que sufrieron los veh\u00edculos donde viajaba el secretario general de Gobierno de Tamaulipas, H\u00e9ctor Joel Villegas Gonz\u00e1lez. Consider\u00f3 que luego del triunfo del gobernador Am\u00e9rico Villarreal quedaron \u201cresentidos\u201d y \u201creaccionarios\u201d, quienes quieren enrarecer la vida p\u00fablica del Estado. \u201cReitero que fue una haza\u00f1a del pueblo de Tamaulipas, el haber elegido al doctor Am\u00e9rico Villarreal como gobernador, porque llevaban much\u00edsimo tiempo en Tamaulipas sin un gobernador con esas caracter\u00edsticas. Lamentablemente hab\u00edan padecido de muy malos&hellip;<\/p>\n","protected":false},"author":1,"featured_media":261,"comment_status":"open","ping_status":"open","sticky":false,"template":"","format":"standard","meta":[],"categories":[1],"tags":[],"gutentor_comment":0,"yoast_head":"<!-- This site is optimized with the Yoast SEO plugin v20.10 - https:\/\/yoast.com\/wordpress\/plugins\/seo\/ -->\n<title>Lamenta AMLO agresi\u00f3n a secretario general de Gobierno y externa apoyo al gobernador - cabellonews.com<\/title>\n<meta name=\"robots\" content=\"index, follow, max-snippet:-1, max-image-preview:large, max-video-preview:-1\" \/>\n<link rel=\"canonical\" href=\"https:\/\/cabellonews.com\/?p=257\" \/>\n<meta property=\"og:locale\" content=\"en_US\" \/>\n<meta property=\"og:type\" content=\"article\" \/>\n<meta property=\"og:title\" content=\"Lamenta AMLO agresi\u00f3n a secretario general de Gobierno y externa apoyo al gobernador - cabellonews.com\" \/>\n<meta property=\"og:description\" content=\"Julio 04 de 2023 Ciudad de M\u00e9xico.- El presidente Andr\u00e9s Manuel L\u00f3pez Obrador lament\u00f3 el ataque que sufrieron los veh\u00edculos donde viajaba el secretario general de Gobierno de Tamaulipas, H\u00e9ctor Joel Villegas Gonz\u00e1lez. Consider\u00f3 que luego del triunfo del gobernador Am\u00e9rico Villarreal quedaron \u201cresentidos\u201d y \u201creaccionarios\u201d, quienes quieren enrarecer la vida p\u00fablica del Estado. \u201cReitero que fue una haza\u00f1a del pueblo de Tamaulipas, el haber elegido al doctor Am\u00e9rico Villarreal como gobernador, porque llevaban much\u00edsimo tiempo en Tamaulipas sin un gobernador con esas caracter\u00edsticas. Lamentablemente hab\u00edan padecido de muy malos&hellip;\" \/>\n<meta property=\"og:url\" content=\"https:\/\/cabellonews.com\/?p=257\" \/>\n<meta property=\"og:site_name\" content=\"cabellonews.com\" \/>\n<meta property=\"article:published_time\" content=\"2023-07-04T18:58:00+00:00\" \/>\n<meta property=\"article:modified_time\" content=\"2023-07-04T19:01:23+00:00\" \/>\n<meta property=\"og:image\" content=\"https:\/\/cabellonews.com\/wp-content\/uploads\/2023\/07\/90E18A71-7521-4586-B69D-688809B0C861.jpeg\" \/>\n\t<meta property=\"og:image:width\" content=\"748\" \/>\n\t<meta property=\"og:image:height\" content=\"389\" \/>\n\t<meta property=\"og:image:type\" content=\"image\/jpeg\" \/>\n<meta name=\"author\" content=\"cabellonews.com\" \/>\n<meta name=\"twitter:card\" content=\"summary_large_image\" \/>\n<meta name=\"twitter:label1\" content=\"Written by\" \/>\n\t<meta name=\"twitter:data1\" content=\"cabellonews.com\" \/>\n\t<meta name=\"twitter:label2\" content=\"Est. reading time\" \/>\n\t<meta name=\"twitter:data2\" content=\"2 minutes\" \/>\n<script type=\"application\/ld+json\" class=\"yoast-schema-graph\">{\"@context\":\"https:\/\/schema.org\",\"@graph\":[{\"@type\":\"WebPage\",\"@id\":\"https:\/\/cabellonews.com\/?p=257\",\"url\":\"https:\/\/cabellonews.com\/?p=257\",\"name\":\"Lamenta AMLO agresi\u00f3n a secretario general de Gobierno y externa apoyo al gobernador - cabellonews.com\",\"isPartOf\":{\"@id\":\"https:\/\/cabellonews.com\/#website\"},\"datePublished\":\"2023-07-04T18:58:00+00:00\",\"dateModified\":\"2023-07-04T19:01:23+00:00\",\"author\":{\"@id\":\"https:\/\/cabellonews.com\/#\/schema\/person\/7afe73bafa6cc5a24fd4c67dfd4379d8\"},\"breadcrumb\":{\"@id\":\"https:\/\/cabellonews.com\/?p=257#breadcrumb\"},\"inLanguage\":\"en-US\",\"potentialAction\":[{\"@type\":\"ReadAction\",\"target\":[\"https:\/\/cabellonews.com\/?p=257\"]}]},{\"@type\":\"BreadcrumbList\",\"@id\":\"https:\/\/cabellonews.com\/?p=257#breadcrumb\",\"itemListElement\":[{\"@type\":\"ListItem\",\"position\":1,\"name\":\"Inicio\",\"item\":\"https:\/\/cabellonews.com\/\"},{\"@type\":\"ListItem\",\"position\":2,\"name\":\"Lamenta AMLO agresi\u00f3n a secretario general de Gobierno y externa apoyo al gobernador\"}]},{\"@type\":\"WebSite\",\"@id\":\"https:\/\/cabellonews.com\/#website\",\"url\":\"https:\/\/cabellonews.com\/\",\"name\":\"cabellonews.com\",\"description\":\"Con Cobertura En Tamaulipas Y norte de Veracruz\",\"potentialAction\":[{\"@type\":\"SearchAction\",\"target\":{\"@type\":\"EntryPoint\",\"urlTemplate\":\"https:\/\/cabellonews.com\/?s={search_term_string}\"},\"query-input\":\"required name=search_term_string\"}],\"inLanguage\":\"en-US\"},{\"@type\":\"Person\",\"@id\":\"https:\/\/cabellonews.com\/#\/schema\/person\/7afe73bafa6cc5a24fd4c67dfd4379d8\",\"name\":\"cabellonews.com\",\"image\":{\"@type\":\"ImageObject\",\"inLanguage\":\"en-US\",\"@id\":\"https:\/\/cabellonews.com\/#\/schema\/person\/image\/\",\"url\":\"https:\/\/secure.gravatar.com\/avatar\/8d6324fc2806389aad4cd38639618406?s=96&d=mm&r=g\",\"contentUrl\":\"https:\/\/secure.gravatar.com\/avatar\/8d6324fc2806389aad4cd38639618406?s=96&d=mm&r=g\",\"caption\":\"cabellonews.com\"},\"sameAs\":[\"http:\/\/cabellonews.com\"],\"url\":\"https:\/\/cabellonews.com\/?author=1\"}]}<\/script>\n<!-- \/ Yoast SEO plugin. -->","yoast_head_json":{"title":"Lamenta AMLO agresi\u00f3n a secretario general de Gobierno y externa apoyo al gobernador - cabellonews.com","robots":{"index":"index","follow":"follow","max-snippet":"max-snippet:-1","max-image-preview":"max-image-preview:large","max-video-preview":"max-video-preview:-1"},"canonical":"https:\/\/cabellonews.com\/?p=257","og_locale":"en_US","og_type":"article","og_title":"Lamenta AMLO agresi\u00f3n a secretario general de Gobierno y externa apoyo al gobernador - cabellonews.com","og_description":"Julio 04 de 2023 Ciudad de M\u00e9xico.- El presidente Andr\u00e9s Manuel L\u00f3pez Obrador lament\u00f3 el ataque que sufrieron los veh\u00edculos donde viajaba el secretario general de Gobierno de Tamaulipas, H\u00e9ctor Joel Villegas Gonz\u00e1lez. Consider\u00f3 que luego del triunfo del gobernador Am\u00e9rico Villarreal quedaron \u201cresentidos\u201d y \u201creaccionarios\u201d, quienes quieren enrarecer la vida p\u00fablica del Estado. \u201cReitero que fue una haza\u00f1a del pueblo de Tamaulipas, el haber elegido al doctor Am\u00e9rico Villarreal como gobernador, porque llevaban much\u00edsimo tiempo en Tamaulipas sin un gobernador con esas caracter\u00edsticas. Lamentablemente hab\u00edan padecido de muy malos&hellip;","og_url":"https:\/\/cabellonews.com\/?p=257","og_site_name":"cabellonews.com","article_published_time":"2023-07-04T18:58:00+00:00","article_modified_time":"2023-07-04T19:01:23+00:00","og_image":[{"width":748,"height":389,"url":"https:\/\/cabellonews.com\/wp-content\/uploads\/2023\/07\/90E18A71-7521-4586-B69D-688809B0C861.jpeg","type":"image\/jpeg"}],"author":"cabellonews.com","twitter_card":"summary_large_image","twitter_misc":{"Written by":"cabellonews.com","Est. reading time":"2 minutes"},"schema":{"@context":"https:\/\/schema.org","@graph":[{"@type":"WebPage","@id":"https:\/\/cabellonews.com\/?p=257","url":"https:\/\/cabellonews.com\/?p=257","name":"Lamenta AMLO agresi\u00f3n a secretario general de Gobierno y externa apoyo al gobernador - cabellonews.com","isPartOf":{"@id":"https:\/\/cabellonews.com\/#website"},"datePublished":"2023-07-04T18:58:00+00:00","dateModified":"2023-07-04T19:01:23+00:00","author":{"@id":"https:\/\/cabellonews.com\/#\/schema\/person\/7afe73bafa6cc5a24fd4c67dfd4379d8"},"breadcrumb":{"@id":"https:\/\/cabellonews.com\/?p=257#breadcrumb"},"inLanguage":"en-US","potentialAction":[{"@type":"ReadAction","target":["https:\/\/cabellonews.com\/?p=257"]}]},{"@type":"BreadcrumbList","@id":"https:\/\/cabellonews.com\/?p=257#breadcrumb","itemListElement":[{"@type":"ListItem","position":1,"name":"Inicio","item":"https:\/\/cabellonews.com\/"},{"@type":"ListItem","position":2,"name":"Lamenta AMLO agresi\u00f3n a secretario general de Gobierno y externa apoyo al gobernador"}]},{"@type":"WebSite","@id":"https:\/\/cabellonews.com\/#website","url":"https:\/\/cabellonews.com\/","name":"cabellonews.com","description":"Con Cobertura En Tamaulipas Y norte de Veracruz","potentialAction":[{"@type":"SearchAction","target":{"@type":"EntryPoint","urlTemplate":"https:\/\/cabellonews.com\/?s={search_term_string}"},"query-input":"required name=search_term_string"}],"inLanguage":"en-US"},{"@type":"Person","@id":"https:\/\/cabellonews.com\/#\/schema\/person\/7afe73bafa6cc5a24fd4c67dfd4379d8","name":"cabellonews.com","image":{"@type":"ImageObject","inLanguage":"en-US","@id":"https:\/\/cabellonews.com\/#\/schema\/person\/image\/","url":"https:\/\/secure.gravatar.com\/avatar\/8d6324fc2806389aad4cd38639618406?s=96&d=mm&r=g","contentUrl":"https:\/\/secure.gravatar.com\/avatar\/8d6324fc2806389aad4cd38639618406?s=96&d=mm&r=g","caption":"cabellonews.com"},"sameAs":["http:\/\/cabellonews.com"],"url":"https:\/\/cabellonews.com\/?author=1"}]}},"_links":{"self":[{"href":"https:\/\/cabellonews.com\/index.php?rest_route=\/wp\/v2\/posts\/257"}],"collection":[{"href":"https:\/\/cabellonews.com\/index.php?rest_route=\/wp\/v2\/posts"}],"about":[{"href":"https:\/\/cabellonews.com\/index.php?rest_route=\/wp\/v2\/types\/post"}],"author":[{"embeddable":true,"href":"https:\/\/cabellonews.com\/index.php?rest_route=\/wp\/v2\/users\/1"}],"replies":[{"embeddable":true,"href":"https:\/\/cabellonews.com\/index.php?rest_route=%2Fwp%2Fv2%2Fcomments&post=257"}],"version-history":[{"count":2,"href":"https:\/\/cabellonews.com\/index.php?rest_route=\/wp\/v2\/posts\/257\/revisions"}],"predecessor-version":[{"id":262,"href":"https:\/\/cabellonews.com\/index.php?rest_route=\/wp\/v2\/posts\/257\/revisions\/262"}],"wp:featuredmedia":[{"embeddable":true,"href":"https:\/\/cabellonews.com\/index.php?rest_route=\/wp\/v2\/media\/261"}],"wp:attachment":[{"href":"https:\/\/cabellonews.com\/index.php?rest_route=%2Fwp%2Fv2%2Fmedia&parent=257"}],"wp:term":[{"taxonomy":"category","embeddable":true,"href":"https:\/\/cabellonews.com\/index.php?rest_route=%2Fwp%2Fv2%2Fcategories&post=257"},{"taxonomy":"post_tag","embeddable":true,"href":"https:\/\/cabellonews.com\/index.php?rest_route=%2Fwp%2Fv2%2Ftags&post=257"}],"curies":[{"name":"wp","href":"https:\/\/api.w.org\/{rel}","templated":true}]}}