{"id":2560,"date":"2026-04-26T22:01:22","date_gmt":"2026-04-26T22:01:22","guid":{"rendered":"https:\/\/cabellonews.com\/?p=2560"},"modified":"2026-04-26T22:01:23","modified_gmt":"2026-04-26T22:01:23","slug":"llevan-talento-tamaulipeco-de-robotica-a-competencia-mundial-en-corea-del-sur","status":"publish","type":"post","link":"https:\/\/cabellonews.com\/?p=2560","title":{"rendered":"Llevan talento tamaulipeco de rob\u00f3tica a competencia mundial en Corea del Sur"},"content":{"rendered":"\n<p>Abril 26 de 2026<\/p>\n\n\n\n<figure class=\"wp-block-image\"><img alt=\"\"\/><\/figure>\n\n\n<figure class=\"wp-block-post-featured-image\"><img width=\"240\" height=\"172\" src=\"https:\/\/cabellonews.com\/wp-content\/uploads\/2026\/04\/IMG-20260426-WA0134-240x172.jpg\" class=\"attachment-post-thumbnail size-post-thumbnail wp-post-image\" alt=\"\" decoding=\"async\" loading=\"lazy\" \/><\/figure>\n\n\n<p>Ciudad Victoria, Tamaulipas.\u2013 Cuatro equipos de rob\u00f3tica tamaulipecos representar\u00e1n a M\u00e9xico en la Robocup Incheon 2026, a celebrarse en Corea del Sur durante los meses de junio y julio, al obtener los primeros lugares en el Torneo Nacional de Rob\u00f3tica 2026, efectuado del 16 al 18 de abril en San Jos\u00e9 Chiapa, en el estado de Puebla.<\/p>\n\n\n\n<p>Igor Crespo Sol\u00eds, subsecretario de Educaci\u00f3n Media Superior y Superior, mencion\u00f3 que equipos de los clubes de rob\u00f3tica de diversas universidades p\u00fablicas del estado, con 41 alumnos, 2 asesores y 1 padre de familia, son quienes conformaron la Delegaci\u00f3n NIX LAB Tamaulipas, participando en las categor\u00edas Robo Rescue Major y RMRC (Desaf\u00edo de robots de fabricaci\u00f3n r\u00e1pida, por sus siglas en ingl\u00e9s).<\/p>\n\n\n\n<p>Se\u00f1al\u00f3 que los equipos que competir\u00e1n en el pa\u00eds asi\u00e1tico en la categor\u00eda Robo Rescue Major son: Sentinel, que gan\u00f3 el primer lugar; Nixito, que obtuvo el tercer lugar; y Barba, que alcanz\u00f3 el cuarto lugar. Mientras que, en la categor\u00eda RMRC, el equipo Cuachic gan\u00f3 el primer lugar.<\/p>\n\n\n\n<p>Destac\u00f3 el sobresaliente desempe\u00f1o en los \u00faltimos a\u00f1os de las y los j\u00f3venes tamaulipecos en competencias nacionales e internacionales de rob\u00f3tica, reflejo del talento y la capacidad que poseen en el \u00e1mbito de la ciencia y la tecnolog\u00eda.<\/p>\n\n\n\n<p>Reiter\u00f3 el compromiso del Gobierno del Estado, que lidera el gobernador Am\u00e9rico Villarreal Anaya, que, a trav\u00e9s de la Secretar\u00eda de Educaci\u00f3n de Tamaulipas, bajo la direcci\u00f3n de Miguel \u00c1ngel Valdez Garc\u00eda, impulsa el desarrollo de habilidades en \u00e1reas estrat\u00e9gicas como la rob\u00f3tica, fortaleciendo la formaci\u00f3n y el talento de j\u00f3venes competitivos a nivel global.<\/p>\n\n\n\n<p>El Torneo Mexicano de Rob\u00f3tica es organizado por la Federaci\u00f3n Mexicana de Rob\u00f3tica A.C. En la edici\u00f3n de este a\u00f1o participaron m\u00e1s de 12 mil competidores en 22 categor\u00edas, reuniendo a estudiantes, investigadores y apasionados de la ciencia y la tecnolog\u00eda, demostrando su creatividad, innovaci\u00f3n y capacidad para la resoluci\u00f3n de problemas.<\/p>\n\n\n\n<pre class=\"wp-block-code\"><code>        *     *    *<\/code><\/pre>\n","protected":false},"excerpt":{"rendered":"<p>Abril 26 de 2026 Ciudad Victoria, Tamaulipas.\u2013 Cuatro equipos de rob\u00f3tica tamaulipecos representar\u00e1n a M\u00e9xico en la Robocup Incheon 2026, a celebrarse en Corea del Sur durante los meses de junio y julio, al obtener los primeros lugares en el Torneo Nacional de Rob\u00f3tica 2026, efectuado del 16 al 18 de abril en San Jos\u00e9 Chiapa, en el estado de Puebla. Igor Crespo Sol\u00eds, subsecretario de Educaci\u00f3n Media Superior y Superior, mencion\u00f3 que equipos de los clubes de rob\u00f3tica de diversas universidades p\u00fablicas del estado, con 41 alumnos, 2 asesores&hellip;<\/p>\n","protected":false},"author":1,"featured_media":2561,"comment_status":"open","ping_status":"open","sticky":false,"template":"","format":"standard","meta":[],"categories":[1],"tags":[],"gutentor_comment":0,"yoast_head":"<!-- This site is optimized with the Yoast SEO plugin v20.10 - https:\/\/yoast.com\/wordpress\/plugins\/seo\/ -->\n<title>Llevan talento tamaulipeco de rob\u00f3tica a competencia mundial en Corea del Sur - cabellonews.com<\/title>\n<meta name=\"robots\" content=\"index, follow, max-snippet:-1, max-image-preview:large, max-video-preview:-1\" \/>\n<link rel=\"canonical\" href=\"https:\/\/cabellonews.com\/?p=2560\" \/>\n<meta property=\"og:locale\" content=\"en_US\" \/>\n<meta property=\"og:type\" content=\"article\" \/>\n<meta property=\"og:title\" content=\"Llevan talento tamaulipeco de rob\u00f3tica a competencia mundial en Corea del Sur - cabellonews.com\" \/>\n<meta property=\"og:description\" content=\"Abril 26 de 2026 Ciudad Victoria, Tamaulipas.\u2013 Cuatro equipos de rob\u00f3tica tamaulipecos representar\u00e1n a M\u00e9xico en la Robocup Incheon 2026, a celebrarse en Corea del Sur durante los meses de junio y julio, al obtener los primeros lugares en el Torneo Nacional de Rob\u00f3tica 2026, efectuado del 16 al 18 de abril en San Jos\u00e9 Chiapa, en el estado de Puebla. Igor Crespo Sol\u00eds, subsecretario de Educaci\u00f3n Media Superior y Superior, mencion\u00f3 que equipos de los clubes de rob\u00f3tica de diversas universidades p\u00fablicas del estado, con 41 alumnos, 2 asesores&hellip;\" \/>\n<meta property=\"og:url\" content=\"https:\/\/cabellonews.com\/?p=2560\" \/>\n<meta property=\"og:site_name\" content=\"cabellonews.com\" \/>\n<meta property=\"article:published_time\" content=\"2026-04-26T22:01:22+00:00\" \/>\n<meta property=\"article:modified_time\" content=\"2026-04-26T22:01:23+00:00\" \/>\n<meta property=\"og:image\" content=\"http:\/\/cabellonews.com\/wp-content\/uploads\/2026\/04\/IMG-20260426-WA0134.jpg\" \/>\n\t<meta property=\"og:image:width\" content=\"1280\" \/>\n\t<meta property=\"og:image:height\" content=\"720\" \/>\n\t<meta property=\"og:image:type\" content=\"image\/jpeg\" \/>\n<meta name=\"author\" content=\"cabellonews.com\" \/>\n<meta name=\"twitter:card\" content=\"summary_large_image\" \/>\n<meta name=\"twitter:label1\" content=\"Written by\" \/>\n\t<meta name=\"twitter:data1\" content=\"cabellonews.com\" \/>\n\t<meta name=\"twitter:label2\" content=\"Est. reading time\" \/>\n\t<meta name=\"twitter:data2\" content=\"2 minutes\" \/>\n<script type=\"application\/ld+json\" class=\"yoast-schema-graph\">{\"@context\":\"https:\/\/schema.org\",\"@graph\":[{\"@type\":\"WebPage\",\"@id\":\"https:\/\/cabellonews.com\/?p=2560\",\"url\":\"https:\/\/cabellonews.com\/?p=2560\",\"name\":\"Llevan talento tamaulipeco de rob\u00f3tica a competencia mundial en Corea del Sur - cabellonews.com\",\"isPartOf\":{\"@id\":\"https:\/\/cabellonews.com\/#website\"},\"datePublished\":\"2026-04-26T22:01:22+00:00\",\"dateModified\":\"2026-04-26T22:01:23+00:00\",\"author\":{\"@id\":\"https:\/\/cabellonews.com\/#\/schema\/person\/7afe73bafa6cc5a24fd4c67dfd4379d8\"},\"breadcrumb\":{\"@id\":\"https:\/\/cabellonews.com\/?p=2560#breadcrumb\"},\"inLanguage\":\"en-US\",\"potentialAction\":[{\"@type\":\"ReadAction\",\"target\":[\"https:\/\/cabellonews.com\/?p=2560\"]}]},{\"@type\":\"BreadcrumbList\",\"@id\":\"https:\/\/cabellonews.com\/?p=2560#breadcrumb\",\"itemListElement\":[{\"@type\":\"ListItem\",\"position\":1,\"name\":\"Inicio\",\"item\":\"https:\/\/cabellonews.com\/\"},{\"@type\":\"ListItem\",\"position\":2,\"name\":\"Llevan talento tamaulipeco de rob\u00f3tica a competencia mundial en Corea del Sur\"}]},{\"@type\":\"WebSite\",\"@id\":\"https:\/\/cabellonews.com\/#website\",\"url\":\"https:\/\/cabellonews.com\/\",\"name\":\"cabellonews.com\",\"description\":\"Con Cobertura En Tamaulipas Y norte de Veracruz\",\"potentialAction\":[{\"@type\":\"SearchAction\",\"target\":{\"@type\":\"EntryPoint\",\"urlTemplate\":\"https:\/\/cabellonews.com\/?s={search_term_string}\"},\"query-input\":\"required name=search_term_string\"}],\"inLanguage\":\"en-US\"},{\"@type\":\"Person\",\"@id\":\"https:\/\/cabellonews.com\/#\/schema\/person\/7afe73bafa6cc5a24fd4c67dfd4379d8\",\"name\":\"cabellonews.com\",\"image\":{\"@type\":\"ImageObject\",\"inLanguage\":\"en-US\",\"@id\":\"https:\/\/cabellonews.com\/#\/schema\/person\/image\/\",\"url\":\"https:\/\/secure.gravatar.com\/avatar\/8d6324fc2806389aad4cd38639618406?s=96&d=mm&r=g\",\"contentUrl\":\"https:\/\/secure.gravatar.com\/avatar\/8d6324fc2806389aad4cd38639618406?s=96&d=mm&r=g\",\"caption\":\"cabellonews.com\"},\"sameAs\":[\"http:\/\/cabellonews.com\"],\"url\":\"https:\/\/cabellonews.com\/?author=1\"}]}<\/script>\n<!-- \/ Yoast SEO plugin. -->","yoast_head_json":{"title":"Llevan talento tamaulipeco de rob\u00f3tica a competencia mundial en Corea del Sur - cabellonews.com","robots":{"index":"index","follow":"follow","max-snippet":"max-snippet:-1","max-image-preview":"max-image-preview:large","max-video-preview":"max-video-preview:-1"},"canonical":"https:\/\/cabellonews.com\/?p=2560","og_locale":"en_US","og_type":"article","og_title":"Llevan talento tamaulipeco de rob\u00f3tica a competencia mundial en Corea del Sur - cabellonews.com","og_description":"Abril 26 de 2026 Ciudad Victoria, Tamaulipas.\u2013 Cuatro equipos de rob\u00f3tica tamaulipecos representar\u00e1n a M\u00e9xico en la Robocup Incheon 2026, a celebrarse en Corea del Sur durante los meses de junio y julio, al obtener los primeros lugares en el Torneo Nacional de Rob\u00f3tica 2026, efectuado del 16 al 18 de abril en San Jos\u00e9 Chiapa, en el estado de Puebla. Igor Crespo Sol\u00eds, subsecretario de Educaci\u00f3n Media Superior y Superior, mencion\u00f3 que equipos de los clubes de rob\u00f3tica de diversas universidades p\u00fablicas del estado, con 41 alumnos, 2 asesores&hellip;","og_url":"https:\/\/cabellonews.com\/?p=2560","og_site_name":"cabellonews.com","article_published_time":"2026-04-26T22:01:22+00:00","article_modified_time":"2026-04-26T22:01:23+00:00","og_image":[{"width":1280,"height":720,"url":"http:\/\/cabellonews.com\/wp-content\/uploads\/2026\/04\/IMG-20260426-WA0134.jpg","type":"image\/jpeg"}],"author":"cabellonews.com","twitter_card":"summary_large_image","twitter_misc":{"Written by":"cabellonews.com","Est. reading time":"2 minutes"},"schema":{"@context":"https:\/\/schema.org","@graph":[{"@type":"WebPage","@id":"https:\/\/cabellonews.com\/?p=2560","url":"https:\/\/cabellonews.com\/?p=2560","name":"Llevan talento tamaulipeco de rob\u00f3tica a competencia mundial en Corea del Sur - cabellonews.com","isPartOf":{"@id":"https:\/\/cabellonews.com\/#website"},"datePublished":"2026-04-26T22:01:22+00:00","dateModified":"2026-04-26T22:01:23+00:00","author":{"@id":"https:\/\/cabellonews.com\/#\/schema\/person\/7afe73bafa6cc5a24fd4c67dfd4379d8"},"breadcrumb":{"@id":"https:\/\/cabellonews.com\/?p=2560#breadcrumb"},"inLanguage":"en-US","potentialAction":[{"@type":"ReadAction","target":["https:\/\/cabellonews.com\/?p=2560"]}]},{"@type":"BreadcrumbList","@id":"https:\/\/cabellonews.com\/?p=2560#breadcrumb","itemListElement":[{"@type":"ListItem","position":1,"name":"Inicio","item":"https:\/\/cabellonews.com\/"},{"@type":"ListItem","position":2,"name":"Llevan talento tamaulipeco de rob\u00f3tica a competencia mundial en Corea del Sur"}]},{"@type":"WebSite","@id":"https:\/\/cabellonews.com\/#website","url":"https:\/\/cabellonews.com\/","name":"cabellonews.com","description":"Con Cobertura En Tamaulipas Y norte de Veracruz","potentialAction":[{"@type":"SearchAction","target":{"@type":"EntryPoint","urlTemplate":"https:\/\/cabellonews.com\/?s={search_term_string}"},"query-input":"required name=search_term_string"}],"inLanguage":"en-US"},{"@type":"Person","@id":"https:\/\/cabellonews.com\/#\/schema\/person\/7afe73bafa6cc5a24fd4c67dfd4379d8","name":"cabellonews.com","image":{"@type":"ImageObject","inLanguage":"en-US","@id":"https:\/\/cabellonews.com\/#\/schema\/person\/image\/","url":"https:\/\/secure.gravatar.com\/avatar\/8d6324fc2806389aad4cd38639618406?s=96&d=mm&r=g","contentUrl":"https:\/\/secure.gravatar.com\/avatar\/8d6324fc2806389aad4cd38639618406?s=96&d=mm&r=g","caption":"cabellonews.com"},"sameAs":["http:\/\/cabellonews.com"],"url":"https:\/\/cabellonews.com\/?author=1"}]}},"_links":{"self":[{"href":"https:\/\/cabellonews.com\/index.php?rest_route=\/wp\/v2\/posts\/2560"}],"collection":[{"href":"https:\/\/cabellonews.com\/index.php?rest_route=\/wp\/v2\/posts"}],"about":[{"href":"https:\/\/cabellonews.com\/index.php?rest_route=\/wp\/v2\/types\/post"}],"author":[{"embeddable":true,"href":"https:\/\/cabellonews.com\/index.php?rest_route=\/wp\/v2\/users\/1"}],"replies":[{"embeddable":true,"href":"https:\/\/cabellonews.com\/index.php?rest_route=%2Fwp%2Fv2%2Fcomments&post=2560"}],"version-history":[{"count":1,"href":"https:\/\/cabellonews.com\/index.php?rest_route=\/wp\/v2\/posts\/2560\/revisions"}],"predecessor-version":[{"id":2562,"href":"https:\/\/cabellonews.com\/index.php?rest_route=\/wp\/v2\/posts\/2560\/revisions\/2562"}],"wp:featuredmedia":[{"embeddable":true,"href":"https:\/\/cabellonews.com\/index.php?rest_route=\/wp\/v2\/media\/2561"}],"wp:attachment":[{"href":"https:\/\/cabellonews.com\/index.php?rest_route=%2Fwp%2Fv2%2Fmedia&parent=2560"}],"wp:term":[{"taxonomy":"category","embeddable":true,"href":"https:\/\/cabellonews.com\/index.php?rest_route=%2Fwp%2Fv2%2Fcategories&post=2560"},{"taxonomy":"post_tag","embeddable":true,"href":"https:\/\/cabellonews.com\/index.php?rest_route=%2Fwp%2Fv2%2Ftags&post=2560"}],"curies":[{"name":"wp","href":"https:\/\/api.w.org\/{rel}","templated":true}]}}