{"id":2153,"date":"2025-10-15T03:46:20","date_gmt":"2025-10-15T03:46:20","guid":{"rendered":"https:\/\/cabellonews.com\/?p=2153"},"modified":"2025-10-17T03:46:53","modified_gmt":"2025-10-17T03:46:53","slug":"impulsa-tamaulipas-proteccion-de-la-cuera-tamaulipeca-como-indicacion-geograficaoctubre-15-de-2025ciudad-de-mexico-el-gobierno-de-tamaulipas-que-preside-americo-villarreal-anaya-entrego-la-solicit","status":"publish","type":"post","link":"https:\/\/cabellonews.com\/?p=2153","title":{"rendered":"*Impulsa Tamaulipas protecci\u00f3n de la Cuera Tamaulipeca como Indicaci\u00f3n Geogr\u00e1fica*Octubre 15 de 2025Ciudad de M\u00e9xico.- El Gobierno de Tamaulipas que preside Am\u00e9rico Villarreal Anaya entreg\u00f3 la solicitud de Declaraci\u00f3n de Protecci\u00f3n para la Indicaci\u00f3n Geogr\u00e1fica de la Cuera Tamaulipeca, al director general del Instituto Mexicano de la Propiedad Industrial (IMPI), Santiago Nieto Castillo.El titular de Turismo destac\u00f3 que este acto representa mucho m\u00e1s que un tr\u00e1mite administrativo, un reconocimiento al valor cultural, hist\u00f3rico y simb\u00f3lico de una prenda que ha trascendido generaciones, que se ha convertido en identidad colectiva y que nos distingue con orgullo ante M\u00e9xico y el mundo.\u201cLa Cuera Tamaulipeca no solo es una obra de arte confeccionada con destreza y paciencia; es un emblema del car\u00e1cter fuerte, noble y trabajador de nuestra gente\u201d, explic\u00f3.Se\u00f1al\u00f3 que contar con la Indicaci\u00f3n Geogr\u00e1fica, permitir\u00e1 proteger la autenticidad de esta prenda, fortalecer la econom\u00eda de las familias artesanas y asegurar que el nombre de la Cuera Tamaulipeca sea sin\u00f3nimo de calidad, origen y orgullo regional para defender lo nuestro.\u201cIntegraremos a la Cuera Tamaulipeca como un s\u00edmbolo central de nuestras campa\u00f1as de promoci\u00f3n tur\u00edstica, en ferias, exposiciones y plataformas digitales, mostrando al pa\u00eds y al mundo la calidad, creatividad y autenticidad de nuestro estado\u201d, refiri\u00f3.\u201cEn Tamaulipas, bajo el liderazgo del gobernador, trabajamos todos los d\u00edas para fortalecer nuestra identidad, reconstruir el tejido social y promover un desarrollo sostenible basado en la cultura, la creatividad y la dignidad del trabajo artesanal\u201d.Durante el evento, el secretario de Turismo de Tamaulipas, Benjam\u00edn Hern\u00e1ndez Rodr\u00edguez, estuvo acompa\u00f1ado de Ninfa Cant\u00fa De\u00e1ndar, secretaria de Econom\u00eda; Ren\u00e9 Lara Cisneros, presidente municipal de Tula y Damaso Anaya Alvarado, rector de la Universidad Aut\u00f3noma de Tamaulipas  (UAT).Por \u00faltimo, se\u00f1al\u00f3 que la Cuera Tamaulipeca la han portado desde la presidenta Claudia Scheinbaum, Pedro Infante, Pl\u00e1cido Domingo, los papas Juan Pablo II y Benedicto, Sa\u00fal &#8220;El Canelo&#8221; \u00c1lvarez, Julio C\u00e9sar Ch\u00e1vez , la reina Sof\u00eda, el rey Juan Carlos de Espa\u00f1a, as\u00ed como por Alberto y Carolina de M\u00f3naco, entre otras personalidades m\u00e1s.                *    *   *"},"content":{"rendered":"<figure class=\"wp-block-post-featured-image\"><img width=\"240\" height=\"172\" src=\"https:\/\/cabellonews.com\/wp-content\/uploads\/2025\/10\/inbound1748833404023077597-240x172.jpg\" class=\"attachment-post-thumbnail size-post-thumbnail wp-post-image\" alt=\"\" decoding=\"async\" loading=\"lazy\" \/><\/figure>\n\n<figure class=\"wp-block-post-featured-image\"><img width=\"240\" height=\"172\" src=\"https:\/\/cabellonews.com\/wp-content\/uploads\/2025\/10\/inbound1748833404023077597-240x172.jpg\" class=\"attachment-post-thumbnail size-post-thumbnail wp-post-image\" alt=\"\" decoding=\"async\" loading=\"lazy\" \/><\/figure>","protected":false},"excerpt":{"rendered":"","protected":false},"author":1,"featured_media":2154,"comment_status":"open","ping_status":"open","sticky":false,"template":"","format":"standard","meta":[],"categories":[1],"tags":[],"gutentor_comment":7,"yoast_head":"<!-- This site is optimized with the Yoast SEO plugin v20.10 - https:\/\/yoast.com\/wordpress\/plugins\/seo\/ -->\n<title>*Impulsa Tamaulipas protecci\u00f3n de la Cuera Tamaulipeca como Indicaci\u00f3n Geogr\u00e1fica*Octubre 15 de 2025Ciudad de M\u00e9xico.- El Gobierno de Tamaulipas que preside Am\u00e9rico Villarreal Anaya entreg\u00f3 la solicitud de Declaraci\u00f3n de Protecci\u00f3n para la Indicaci\u00f3n Geogr\u00e1fica de la Cuera Tamaulipeca, al director general del Instituto Mexicano de la Propiedad Industrial (IMPI), Santiago Nieto Castillo.El titular de Turismo destac\u00f3 que este acto representa mucho m\u00e1s que un tr\u00e1mite administrativo, un reconocimiento al valor cultural, hist\u00f3rico y simb\u00f3lico de una prenda que ha trascendido generaciones, que se ha convertido en identidad colectiva y que nos distingue con orgullo ante M\u00e9xico y el mundo.\u201cLa Cuera Tamaulipeca no solo es una obra de arte confeccionada con destreza y paciencia; es un emblema del car\u00e1cter fuerte, noble y trabajador de nuestra gente\u201d, explic\u00f3.Se\u00f1al\u00f3 que contar con la Indicaci\u00f3n Geogr\u00e1fica, permitir\u00e1 proteger la autenticidad de esta prenda, fortalecer la econom\u00eda de las familias artesanas y asegurar que el nombre de la Cuera Tamaulipeca sea sin\u00f3nimo de calidad, origen y orgullo regional para defender lo nuestro.\u201cIntegraremos a la Cuera Tamaulipeca como un s\u00edmbolo central de nuestras campa\u00f1as de promoci\u00f3n tur\u00edstica, en ferias, exposiciones y plataformas digitales, mostrando al pa\u00eds y al mundo la calidad, creatividad y autenticidad de nuestro estado\u201d, refiri\u00f3.\u201cEn Tamaulipas, bajo el liderazgo del gobernador, trabajamos todos los d\u00edas para fortalecer nuestra identidad, reconstruir el tejido social y promover un desarrollo sostenible basado en la cultura, la creatividad y la dignidad del trabajo artesanal\u201d.Durante el evento, el secretario de Turismo de Tamaulipas, Benjam\u00edn Hern\u00e1ndez Rodr\u00edguez, estuvo acompa\u00f1ado de Ninfa Cant\u00fa De\u00e1ndar, secretaria de Econom\u00eda; Ren\u00e9 Lara Cisneros, presidente municipal de Tula y Damaso Anaya Alvarado, rector de la Universidad Aut\u00f3noma de Tamaulipas (UAT).Por \u00faltimo, se\u00f1al\u00f3 que la Cuera Tamaulipeca la han portado desde la presidenta Claudia Scheinbaum, Pedro Infante, Pl\u00e1cido Domingo, los papas Juan Pablo II y Benedicto, Sa\u00fal &quot;El Canelo&quot; \u00c1lvarez, Julio C\u00e9sar Ch\u00e1vez , la reina Sof\u00eda, el rey Juan Carlos de Espa\u00f1a, as\u00ed como por Alberto y Carolina de M\u00f3naco, entre otras personalidades m\u00e1s.        *  *  * - cabellonews.com<\/title>\n<meta name=\"robots\" content=\"index, follow, max-snippet:-1, max-image-preview:large, max-video-preview:-1\" \/>\n<link rel=\"canonical\" href=\"https:\/\/cabellonews.com\/?p=2153\" \/>\n<meta property=\"og:locale\" content=\"en_US\" \/>\n<meta property=\"og:type\" content=\"article\" \/>\n<meta property=\"og:title\" content=\"*Impulsa Tamaulipas protecci\u00f3n de la Cuera Tamaulipeca como Indicaci\u00f3n Geogr\u00e1fica*Octubre 15 de 2025Ciudad de M\u00e9xico.- El Gobierno de Tamaulipas que preside Am\u00e9rico Villarreal Anaya entreg\u00f3 la solicitud de Declaraci\u00f3n de Protecci\u00f3n para la Indicaci\u00f3n Geogr\u00e1fica de la Cuera Tamaulipeca, al director general del Instituto Mexicano de la Propiedad Industrial (IMPI), Santiago Nieto Castillo.El titular de Turismo destac\u00f3 que este acto representa mucho m\u00e1s que un tr\u00e1mite administrativo, un reconocimiento al valor cultural, hist\u00f3rico y simb\u00f3lico de una prenda que ha trascendido generaciones, que se ha convertido en identidad colectiva y que nos distingue con orgullo ante M\u00e9xico y el mundo.\u201cLa Cuera Tamaulipeca no solo es una obra de arte confeccionada con destreza y paciencia; es un emblema del car\u00e1cter fuerte, noble y trabajador de nuestra gente\u201d, explic\u00f3.Se\u00f1al\u00f3 que contar con la Indicaci\u00f3n Geogr\u00e1fica, permitir\u00e1 proteger la autenticidad de esta prenda, fortalecer la econom\u00eda de las familias artesanas y asegurar que el nombre de la Cuera Tamaulipeca sea sin\u00f3nimo de calidad, origen y orgullo regional para defender lo nuestro.\u201cIntegraremos a la Cuera Tamaulipeca como un s\u00edmbolo central de nuestras campa\u00f1as de promoci\u00f3n tur\u00edstica, en ferias, exposiciones y plataformas digitales, mostrando al pa\u00eds y al mundo la calidad, creatividad y autenticidad de nuestro estado\u201d, refiri\u00f3.\u201cEn Tamaulipas, bajo el liderazgo del gobernador, trabajamos todos los d\u00edas para fortalecer nuestra identidad, reconstruir el tejido social y promover un desarrollo sostenible basado en la cultura, la creatividad y la dignidad del trabajo artesanal\u201d.Durante el evento, el secretario de Turismo de Tamaulipas, Benjam\u00edn Hern\u00e1ndez Rodr\u00edguez, estuvo acompa\u00f1ado de Ninfa Cant\u00fa De\u00e1ndar, secretaria de Econom\u00eda; Ren\u00e9 Lara Cisneros, presidente municipal de Tula y Damaso Anaya Alvarado, rector de la Universidad Aut\u00f3noma de Tamaulipas (UAT).Por \u00faltimo, se\u00f1al\u00f3 que la Cuera Tamaulipeca la han portado desde la presidenta Claudia Scheinbaum, Pedro Infante, Pl\u00e1cido Domingo, los papas Juan Pablo II y Benedicto, Sa\u00fal &quot;El Canelo&quot; \u00c1lvarez, Julio C\u00e9sar Ch\u00e1vez , la reina Sof\u00eda, el rey Juan Carlos de Espa\u00f1a, as\u00ed como por Alberto y Carolina de M\u00f3naco, entre otras personalidades m\u00e1s.        *  *  * - cabellonews.com\" \/>\n<meta property=\"og:url\" content=\"https:\/\/cabellonews.com\/?p=2153\" \/>\n<meta property=\"og:site_name\" content=\"cabellonews.com\" \/>\n<meta property=\"article:published_time\" content=\"2025-10-15T03:46:20+00:00\" \/>\n<meta property=\"article:modified_time\" content=\"2025-10-17T03:46:53+00:00\" \/>\n<meta property=\"og:image\" content=\"http:\/\/cabellonews.com\/wp-content\/uploads\/2025\/10\/inbound1748833404023077597.jpg\" \/>\n\t<meta property=\"og:image:width\" content=\"1344\" \/>\n\t<meta property=\"og:image:height\" content=\"877\" \/>\n\t<meta property=\"og:image:type\" content=\"image\/jpeg\" \/>\n<meta name=\"author\" content=\"cabellonews.com\" \/>\n<meta name=\"twitter:card\" content=\"summary_large_image\" \/>\n<meta name=\"twitter:label1\" content=\"Written by\" \/>\n\t<meta name=\"twitter:data1\" content=\"cabellonews.com\" \/>\n<script type=\"application\/ld+json\" class=\"yoast-schema-graph\">{\"@context\":\"https:\/\/schema.org\",\"@graph\":[{\"@type\":\"WebPage\",\"@id\":\"https:\/\/cabellonews.com\/?p=2153\",\"url\":\"https:\/\/cabellonews.com\/?p=2153\",\"name\":\"*Impulsa Tamaulipas protecci\u00f3n de la Cuera Tamaulipeca como Indicaci\u00f3n Geogr\u00e1fica*Octubre 15 de 2025Ciudad de M\u00e9xico.- El Gobierno de Tamaulipas que preside Am\u00e9rico Villarreal Anaya entreg\u00f3 la solicitud de Declaraci\u00f3n de Protecci\u00f3n para la Indicaci\u00f3n Geogr\u00e1fica de la Cuera Tamaulipeca, al director general del Instituto Mexicano de la Propiedad Industrial (IMPI), Santiago Nieto Castillo.El titular de Turismo destac\u00f3 que este acto representa mucho m\u00e1s que un tr\u00e1mite administrativo, un reconocimiento al valor cultural, hist\u00f3rico y simb\u00f3lico de una prenda que ha trascendido generaciones, que se ha convertido en identidad colectiva y que nos distingue con orgullo ante M\u00e9xico y el mundo.\u201cLa Cuera Tamaulipeca no solo es una obra de arte confeccionada con destreza y paciencia; es un emblema del car\u00e1cter fuerte, noble y trabajador de nuestra gente\u201d, explic\u00f3.Se\u00f1al\u00f3 que contar con la Indicaci\u00f3n Geogr\u00e1fica, permitir\u00e1 proteger la autenticidad de esta prenda, fortalecer la econom\u00eda de las familias artesanas y asegurar que el nombre de la Cuera Tamaulipeca sea sin\u00f3nimo de calidad, origen y orgullo regional para defender lo nuestro.\u201cIntegraremos a la Cuera Tamaulipeca como un s\u00edmbolo central de nuestras campa\u00f1as de promoci\u00f3n tur\u00edstica, en ferias, exposiciones y plataformas digitales, mostrando al pa\u00eds y al mundo la calidad, creatividad y autenticidad de nuestro estado\u201d, refiri\u00f3.\u201cEn Tamaulipas, bajo el liderazgo del gobernador, trabajamos todos los d\u00edas para fortalecer nuestra identidad, reconstruir el tejido social y promover un desarrollo sostenible basado en la cultura, la creatividad y la dignidad del trabajo artesanal\u201d.Durante el evento, el secretario de Turismo de Tamaulipas, Benjam\u00edn Hern\u00e1ndez Rodr\u00edguez, estuvo acompa\u00f1ado de Ninfa Cant\u00fa De\u00e1ndar, secretaria de Econom\u00eda; Ren\u00e9 Lara Cisneros, presidente municipal de Tula y Damaso Anaya Alvarado, rector de la Universidad Aut\u00f3noma de Tamaulipas (UAT).Por \u00faltimo, se\u00f1al\u00f3 que la Cuera Tamaulipeca la han portado desde la presidenta Claudia Scheinbaum, Pedro Infante, Pl\u00e1cido Domingo, los papas Juan Pablo II y Benedicto, Sa\u00fal \\\"El Canelo\\\" \u00c1lvarez, Julio C\u00e9sar Ch\u00e1vez , la reina Sof\u00eda, el rey Juan Carlos de Espa\u00f1a, as\u00ed como por Alberto y Carolina de M\u00f3naco, entre otras personalidades m\u00e1s. * * * - cabellonews.com\",\"isPartOf\":{\"@id\":\"https:\/\/cabellonews.com\/#website\"},\"datePublished\":\"2025-10-15T03:46:20+00:00\",\"dateModified\":\"2025-10-17T03:46:53+00:00\",\"author\":{\"@id\":\"https:\/\/cabellonews.com\/#\/schema\/person\/7afe73bafa6cc5a24fd4c67dfd4379d8\"},\"breadcrumb\":{\"@id\":\"https:\/\/cabellonews.com\/?p=2153#breadcrumb\"},\"inLanguage\":\"en-US\",\"potentialAction\":[{\"@type\":\"ReadAction\",\"target\":[\"https:\/\/cabellonews.com\/?p=2153\"]}]},{\"@type\":\"BreadcrumbList\",\"@id\":\"https:\/\/cabellonews.com\/?p=2153#breadcrumb\",\"itemListElement\":[{\"@type\":\"ListItem\",\"position\":1,\"name\":\"Inicio\",\"item\":\"https:\/\/cabellonews.com\/\"},{\"@type\":\"ListItem\",\"position\":2,\"name\":\"*Impulsa Tamaulipas protecci\u00f3n de la Cuera Tamaulipeca como Indicaci\u00f3n Geogr\u00e1fica*Octubre 15 de 2025Ciudad de M\u00e9xico.- El Gobierno de Tamaulipas que preside Am\u00e9rico Villarreal Anaya entreg\u00f3 la solicitud de Declaraci\u00f3n de Protecci\u00f3n para la Indicaci\u00f3n Geogr\u00e1fica de la Cuera Tamaulipeca, al director general del Instituto Mexicano de la Propiedad Industrial (IMPI), Santiago Nieto Castillo.El titular de Turismo destac\u00f3 que este acto representa mucho m\u00e1s que un tr\u00e1mite administrativo, un reconocimiento al valor cultural, hist\u00f3rico y simb\u00f3lico de una prenda que ha trascendido generaciones, que se ha convertido en identidad colectiva y que nos distingue con orgullo ante M\u00e9xico y el mundo.\u201cLa Cuera Tamaulipeca no solo es una obra de arte confeccionada con destreza y paciencia; es un emblema del car\u00e1cter fuerte, noble y trabajador de nuestra gente\u201d, explic\u00f3.Se\u00f1al\u00f3 que contar con la Indicaci\u00f3n Geogr\u00e1fica, permitir\u00e1 proteger la autenticidad de esta prenda, fortalecer la econom\u00eda de las familias artesanas y asegurar que el nombre de la Cuera Tamaulipeca sea sin\u00f3nimo de calidad, origen y orgullo regional para defender lo nuestro.\u201cIntegraremos a la Cuera Tamaulipeca como un s\u00edmbolo central de nuestras campa\u00f1as de promoci\u00f3n tur\u00edstica, en ferias, exposiciones y plataformas digitales, mostrando al pa\u00eds y al mundo la calidad, creatividad y autenticidad de nuestro estado\u201d, refiri\u00f3.\u201cEn Tamaulipas, bajo el liderazgo del gobernador, trabajamos todos los d\u00edas para fortalecer nuestra identidad, reconstruir el tejido social y promover un desarrollo sostenible basado en la cultura, la creatividad y la dignidad del trabajo artesanal\u201d.Durante el evento, el secretario de Turismo de Tamaulipas, Benjam\u00edn Hern\u00e1ndez Rodr\u00edguez, estuvo acompa\u00f1ado de Ninfa Cant\u00fa De\u00e1ndar, secretaria de Econom\u00eda; Ren\u00e9 Lara Cisneros, presidente municipal de Tula y Damaso Anaya Alvarado, rector de la Universidad Aut\u00f3noma de Tamaulipas (UAT).Por \u00faltimo, se\u00f1al\u00f3 que la Cuera Tamaulipeca la han portado desde la presidenta Claudia Scheinbaum, Pedro Infante, Pl\u00e1cido Domingo, los papas Juan Pablo II y Benedicto, Sa\u00fal &#8220;El Canelo&#8221; \u00c1lvarez, Julio C\u00e9sar Ch\u00e1vez , la reina Sof\u00eda, el rey Juan Carlos de Espa\u00f1a, as\u00ed como por Alberto y Carolina de M\u00f3naco, entre otras personalidades m\u00e1s. * * *\"}]},{\"@type\":\"WebSite\",\"@id\":\"https:\/\/cabellonews.com\/#website\",\"url\":\"https:\/\/cabellonews.com\/\",\"name\":\"cabellonews.com\",\"description\":\"Con Cobertura En Tamaulipas Y norte de Veracruz\",\"potentialAction\":[{\"@type\":\"SearchAction\",\"target\":{\"@type\":\"EntryPoint\",\"urlTemplate\":\"https:\/\/cabellonews.com\/?s={search_term_string}\"},\"query-input\":\"required name=search_term_string\"}],\"inLanguage\":\"en-US\"},{\"@type\":\"Person\",\"@id\":\"https:\/\/cabellonews.com\/#\/schema\/person\/7afe73bafa6cc5a24fd4c67dfd4379d8\",\"name\":\"cabellonews.com\",\"image\":{\"@type\":\"ImageObject\",\"inLanguage\":\"en-US\",\"@id\":\"https:\/\/cabellonews.com\/#\/schema\/person\/image\/\",\"url\":\"https:\/\/secure.gravatar.com\/avatar\/8d6324fc2806389aad4cd38639618406?s=96&d=mm&r=g\",\"contentUrl\":\"https:\/\/secure.gravatar.com\/avatar\/8d6324fc2806389aad4cd38639618406?s=96&d=mm&r=g\",\"caption\":\"cabellonews.com\"},\"sameAs\":[\"http:\/\/cabellonews.com\"],\"url\":\"https:\/\/cabellonews.com\/?author=1\"}]}<\/script>\n<!-- \/ Yoast SEO plugin. -->","yoast_head_json":{"title":"*Impulsa Tamaulipas protecci\u00f3n de la Cuera Tamaulipeca como Indicaci\u00f3n Geogr\u00e1fica*Octubre 15 de 2025Ciudad de M\u00e9xico.- El Gobierno de Tamaulipas que preside Am\u00e9rico Villarreal Anaya entreg\u00f3 la solicitud de Declaraci\u00f3n de Protecci\u00f3n para la Indicaci\u00f3n Geogr\u00e1fica de la Cuera Tamaulipeca, al director general del Instituto Mexicano de la Propiedad Industrial (IMPI), Santiago Nieto Castillo.El titular de Turismo destac\u00f3 que este acto representa mucho m\u00e1s que un tr\u00e1mite administrativo, un reconocimiento al valor cultural, hist\u00f3rico y simb\u00f3lico de una prenda que ha trascendido generaciones, que se ha convertido en identidad colectiva y que nos distingue con orgullo ante M\u00e9xico y el mundo.\u201cLa Cuera Tamaulipeca no solo es una obra de arte confeccionada con destreza y paciencia; es un emblema del car\u00e1cter fuerte, noble y trabajador de nuestra gente\u201d, explic\u00f3.Se\u00f1al\u00f3 que contar con la Indicaci\u00f3n Geogr\u00e1fica, permitir\u00e1 proteger la autenticidad de esta prenda, fortalecer la econom\u00eda de las familias artesanas y asegurar que el nombre de la Cuera Tamaulipeca sea sin\u00f3nimo de calidad, origen y orgullo regional para defender lo nuestro.\u201cIntegraremos a la Cuera Tamaulipeca como un s\u00edmbolo central de nuestras campa\u00f1as de promoci\u00f3n tur\u00edstica, en ferias, exposiciones y plataformas digitales, mostrando al pa\u00eds y al mundo la calidad, creatividad y autenticidad de nuestro estado\u201d, refiri\u00f3.\u201cEn Tamaulipas, bajo el liderazgo del gobernador, trabajamos todos los d\u00edas para fortalecer nuestra identidad, reconstruir el tejido social y promover un desarrollo sostenible basado en la cultura, la creatividad y la dignidad del trabajo artesanal\u201d.Durante el evento, el secretario de Turismo de Tamaulipas, Benjam\u00edn Hern\u00e1ndez Rodr\u00edguez, estuvo acompa\u00f1ado de Ninfa Cant\u00fa De\u00e1ndar, secretaria de Econom\u00eda; Ren\u00e9 Lara Cisneros, presidente municipal de Tula y Damaso Anaya Alvarado, rector de la Universidad Aut\u00f3noma de Tamaulipas (UAT).Por \u00faltimo, se\u00f1al\u00f3 que la Cuera Tamaulipeca la han portado desde la presidenta Claudia Scheinbaum, Pedro Infante, Pl\u00e1cido Domingo, los papas Juan Pablo II y Benedicto, Sa\u00fal \"El Canelo\" \u00c1lvarez, Julio C\u00e9sar Ch\u00e1vez , la reina Sof\u00eda, el rey Juan Carlos de Espa\u00f1a, as\u00ed como por Alberto y Carolina de M\u00f3naco, entre otras personalidades m\u00e1s.        *  *  * - cabellonews.com","robots":{"index":"index","follow":"follow","max-snippet":"max-snippet:-1","max-image-preview":"max-image-preview:large","max-video-preview":"max-video-preview:-1"},"canonical":"https:\/\/cabellonews.com\/?p=2153","og_locale":"en_US","og_type":"article","og_title":"*Impulsa Tamaulipas protecci\u00f3n de la Cuera Tamaulipeca como Indicaci\u00f3n Geogr\u00e1fica*Octubre 15 de 2025Ciudad de M\u00e9xico.- El Gobierno de Tamaulipas que preside Am\u00e9rico Villarreal Anaya entreg\u00f3 la solicitud de Declaraci\u00f3n de Protecci\u00f3n para la Indicaci\u00f3n Geogr\u00e1fica de la Cuera Tamaulipeca, al director general del Instituto Mexicano de la Propiedad Industrial (IMPI), Santiago Nieto Castillo.El titular de Turismo destac\u00f3 que este acto representa mucho m\u00e1s que un tr\u00e1mite administrativo, un reconocimiento al valor cultural, hist\u00f3rico y simb\u00f3lico de una prenda que ha trascendido generaciones, que se ha convertido en identidad colectiva y que nos distingue con orgullo ante M\u00e9xico y el mundo.\u201cLa Cuera Tamaulipeca no solo es una obra de arte confeccionada con destreza y paciencia; es un emblema del car\u00e1cter fuerte, noble y trabajador de nuestra gente\u201d, explic\u00f3.Se\u00f1al\u00f3 que contar con la Indicaci\u00f3n Geogr\u00e1fica, permitir\u00e1 proteger la autenticidad de esta prenda, fortalecer la econom\u00eda de las familias artesanas y asegurar que el nombre de la Cuera Tamaulipeca sea sin\u00f3nimo de calidad, origen y orgullo regional para defender lo nuestro.\u201cIntegraremos a la Cuera Tamaulipeca como un s\u00edmbolo central de nuestras campa\u00f1as de promoci\u00f3n tur\u00edstica, en ferias, exposiciones y plataformas digitales, mostrando al pa\u00eds y al mundo la calidad, creatividad y autenticidad de nuestro estado\u201d, refiri\u00f3.\u201cEn Tamaulipas, bajo el liderazgo del gobernador, trabajamos todos los d\u00edas para fortalecer nuestra identidad, reconstruir el tejido social y promover un desarrollo sostenible basado en la cultura, la creatividad y la dignidad del trabajo artesanal\u201d.Durante el evento, el secretario de Turismo de Tamaulipas, Benjam\u00edn Hern\u00e1ndez Rodr\u00edguez, estuvo acompa\u00f1ado de Ninfa Cant\u00fa De\u00e1ndar, secretaria de Econom\u00eda; Ren\u00e9 Lara Cisneros, presidente municipal de Tula y Damaso Anaya Alvarado, rector de la Universidad Aut\u00f3noma de Tamaulipas (UAT).Por \u00faltimo, se\u00f1al\u00f3 que la Cuera Tamaulipeca la han portado desde la presidenta Claudia Scheinbaum, Pedro Infante, Pl\u00e1cido Domingo, los papas Juan Pablo II y Benedicto, Sa\u00fal \"El Canelo\" \u00c1lvarez, Julio C\u00e9sar Ch\u00e1vez , la reina Sof\u00eda, el rey Juan Carlos de Espa\u00f1a, as\u00ed como por Alberto y Carolina de M\u00f3naco, entre otras personalidades m\u00e1s.        *  *  * - cabellonews.com","og_url":"https:\/\/cabellonews.com\/?p=2153","og_site_name":"cabellonews.com","article_published_time":"2025-10-15T03:46:20+00:00","article_modified_time":"2025-10-17T03:46:53+00:00","og_image":[{"width":1344,"height":877,"url":"http:\/\/cabellonews.com\/wp-content\/uploads\/2025\/10\/inbound1748833404023077597.jpg","type":"image\/jpeg"}],"author":"cabellonews.com","twitter_card":"summary_large_image","twitter_misc":{"Written by":"cabellonews.com"},"schema":{"@context":"https:\/\/schema.org","@graph":[{"@type":"WebPage","@id":"https:\/\/cabellonews.com\/?p=2153","url":"https:\/\/cabellonews.com\/?p=2153","name":"*Impulsa Tamaulipas protecci\u00f3n de la Cuera Tamaulipeca como Indicaci\u00f3n Geogr\u00e1fica*Octubre 15 de 2025Ciudad de M\u00e9xico.- El Gobierno de Tamaulipas que preside Am\u00e9rico Villarreal Anaya entreg\u00f3 la solicitud de Declaraci\u00f3n de Protecci\u00f3n para la Indicaci\u00f3n Geogr\u00e1fica de la Cuera Tamaulipeca, al director general del Instituto Mexicano de la Propiedad Industrial (IMPI), Santiago Nieto Castillo.El titular de Turismo destac\u00f3 que este acto representa mucho m\u00e1s que un tr\u00e1mite administrativo, un reconocimiento al valor cultural, hist\u00f3rico y simb\u00f3lico de una prenda que ha trascendido generaciones, que se ha convertido en identidad colectiva y que nos distingue con orgullo ante M\u00e9xico y el mundo.\u201cLa Cuera Tamaulipeca no solo es una obra de arte confeccionada con destreza y paciencia; es un emblema del car\u00e1cter fuerte, noble y trabajador de nuestra gente\u201d, explic\u00f3.Se\u00f1al\u00f3 que contar con la Indicaci\u00f3n Geogr\u00e1fica, permitir\u00e1 proteger la autenticidad de esta prenda, fortalecer la econom\u00eda de las familias artesanas y asegurar que el nombre de la Cuera Tamaulipeca sea sin\u00f3nimo de calidad, origen y orgullo regional para defender lo nuestro.\u201cIntegraremos a la Cuera Tamaulipeca como un s\u00edmbolo central de nuestras campa\u00f1as de promoci\u00f3n tur\u00edstica, en ferias, exposiciones y plataformas digitales, mostrando al pa\u00eds y al mundo la calidad, creatividad y autenticidad de nuestro estado\u201d, refiri\u00f3.\u201cEn Tamaulipas, bajo el liderazgo del gobernador, trabajamos todos los d\u00edas para fortalecer nuestra identidad, reconstruir el tejido social y promover un desarrollo sostenible basado en la cultura, la creatividad y la dignidad del trabajo artesanal\u201d.Durante el evento, el secretario de Turismo de Tamaulipas, Benjam\u00edn Hern\u00e1ndez Rodr\u00edguez, estuvo acompa\u00f1ado de Ninfa Cant\u00fa De\u00e1ndar, secretaria de Econom\u00eda; Ren\u00e9 Lara Cisneros, presidente municipal de Tula y Damaso Anaya Alvarado, rector de la Universidad Aut\u00f3noma de Tamaulipas (UAT).Por \u00faltimo, se\u00f1al\u00f3 que la Cuera Tamaulipeca la han portado desde la presidenta Claudia Scheinbaum, Pedro Infante, Pl\u00e1cido Domingo, los papas Juan Pablo II y Benedicto, Sa\u00fal \"El Canelo\" \u00c1lvarez, Julio C\u00e9sar Ch\u00e1vez , la reina Sof\u00eda, el rey Juan Carlos de Espa\u00f1a, as\u00ed como por Alberto y Carolina de M\u00f3naco, entre otras personalidades m\u00e1s. * * * - cabellonews.com","isPartOf":{"@id":"https:\/\/cabellonews.com\/#website"},"datePublished":"2025-10-15T03:46:20+00:00","dateModified":"2025-10-17T03:46:53+00:00","author":{"@id":"https:\/\/cabellonews.com\/#\/schema\/person\/7afe73bafa6cc5a24fd4c67dfd4379d8"},"breadcrumb":{"@id":"https:\/\/cabellonews.com\/?p=2153#breadcrumb"},"inLanguage":"en-US","potentialAction":[{"@type":"ReadAction","target":["https:\/\/cabellonews.com\/?p=2153"]}]},{"@type":"BreadcrumbList","@id":"https:\/\/cabellonews.com\/?p=2153#breadcrumb","itemListElement":[{"@type":"ListItem","position":1,"name":"Inicio","item":"https:\/\/cabellonews.com\/"},{"@type":"ListItem","position":2,"name":"*Impulsa Tamaulipas protecci\u00f3n de la Cuera Tamaulipeca como Indicaci\u00f3n Geogr\u00e1fica*Octubre 15 de 2025Ciudad de M\u00e9xico.- El Gobierno de Tamaulipas que preside Am\u00e9rico Villarreal Anaya entreg\u00f3 la solicitud de Declaraci\u00f3n de Protecci\u00f3n para la Indicaci\u00f3n Geogr\u00e1fica de la Cuera Tamaulipeca, al director general del Instituto Mexicano de la Propiedad Industrial (IMPI), Santiago Nieto Castillo.El titular de Turismo destac\u00f3 que este acto representa mucho m\u00e1s que un tr\u00e1mite administrativo, un reconocimiento al valor cultural, hist\u00f3rico y simb\u00f3lico de una prenda que ha trascendido generaciones, que se ha convertido en identidad colectiva y que nos distingue con orgullo ante M\u00e9xico y el mundo.\u201cLa Cuera Tamaulipeca no solo es una obra de arte confeccionada con destreza y paciencia; es un emblema del car\u00e1cter fuerte, noble y trabajador de nuestra gente\u201d, explic\u00f3.Se\u00f1al\u00f3 que contar con la Indicaci\u00f3n Geogr\u00e1fica, permitir\u00e1 proteger la autenticidad de esta prenda, fortalecer la econom\u00eda de las familias artesanas y asegurar que el nombre de la Cuera Tamaulipeca sea sin\u00f3nimo de calidad, origen y orgullo regional para defender lo nuestro.\u201cIntegraremos a la Cuera Tamaulipeca como un s\u00edmbolo central de nuestras campa\u00f1as de promoci\u00f3n tur\u00edstica, en ferias, exposiciones y plataformas digitales, mostrando al pa\u00eds y al mundo la calidad, creatividad y autenticidad de nuestro estado\u201d, refiri\u00f3.\u201cEn Tamaulipas, bajo el liderazgo del gobernador, trabajamos todos los d\u00edas para fortalecer nuestra identidad, reconstruir el tejido social y promover un desarrollo sostenible basado en la cultura, la creatividad y la dignidad del trabajo artesanal\u201d.Durante el evento, el secretario de Turismo de Tamaulipas, Benjam\u00edn Hern\u00e1ndez Rodr\u00edguez, estuvo acompa\u00f1ado de Ninfa Cant\u00fa De\u00e1ndar, secretaria de Econom\u00eda; Ren\u00e9 Lara Cisneros, presidente municipal de Tula y Damaso Anaya Alvarado, rector de la Universidad Aut\u00f3noma de Tamaulipas (UAT).Por \u00faltimo, se\u00f1al\u00f3 que la Cuera Tamaulipeca la han portado desde la presidenta Claudia Scheinbaum, Pedro Infante, Pl\u00e1cido Domingo, los papas Juan Pablo II y Benedicto, Sa\u00fal &#8220;El Canelo&#8221; \u00c1lvarez, Julio C\u00e9sar Ch\u00e1vez , la reina Sof\u00eda, el rey Juan Carlos de Espa\u00f1a, as\u00ed como por Alberto y Carolina de M\u00f3naco, entre otras personalidades m\u00e1s. * * *"}]},{"@type":"WebSite","@id":"https:\/\/cabellonews.com\/#website","url":"https:\/\/cabellonews.com\/","name":"cabellonews.com","description":"Con Cobertura En Tamaulipas Y norte de Veracruz","potentialAction":[{"@type":"SearchAction","target":{"@type":"EntryPoint","urlTemplate":"https:\/\/cabellonews.com\/?s={search_term_string}"},"query-input":"required name=search_term_string"}],"inLanguage":"en-US"},{"@type":"Person","@id":"https:\/\/cabellonews.com\/#\/schema\/person\/7afe73bafa6cc5a24fd4c67dfd4379d8","name":"cabellonews.com","image":{"@type":"ImageObject","inLanguage":"en-US","@id":"https:\/\/cabellonews.com\/#\/schema\/person\/image\/","url":"https:\/\/secure.gravatar.com\/avatar\/8d6324fc2806389aad4cd38639618406?s=96&d=mm&r=g","contentUrl":"https:\/\/secure.gravatar.com\/avatar\/8d6324fc2806389aad4cd38639618406?s=96&d=mm&r=g","caption":"cabellonews.com"},"sameAs":["http:\/\/cabellonews.com"],"url":"https:\/\/cabellonews.com\/?author=1"}]}},"_links":{"self":[{"href":"https:\/\/cabellonews.com\/index.php?rest_route=\/wp\/v2\/posts\/2153"}],"collection":[{"href":"https:\/\/cabellonews.com\/index.php?rest_route=\/wp\/v2\/posts"}],"about":[{"href":"https:\/\/cabellonews.com\/index.php?rest_route=\/wp\/v2\/types\/post"}],"author":[{"embeddable":true,"href":"https:\/\/cabellonews.com\/index.php?rest_route=\/wp\/v2\/users\/1"}],"replies":[{"embeddable":true,"href":"https:\/\/cabellonews.com\/index.php?rest_route=%2Fwp%2Fv2%2Fcomments&post=2153"}],"version-history":[{"count":1,"href":"https:\/\/cabellonews.com\/index.php?rest_route=\/wp\/v2\/posts\/2153\/revisions"}],"predecessor-version":[{"id":2155,"href":"https:\/\/cabellonews.com\/index.php?rest_route=\/wp\/v2\/posts\/2153\/revisions\/2155"}],"wp:featuredmedia":[{"embeddable":true,"href":"https:\/\/cabellonews.com\/index.php?rest_route=\/wp\/v2\/media\/2154"}],"wp:attachment":[{"href":"https:\/\/cabellonews.com\/index.php?rest_route=%2Fwp%2Fv2%2Fmedia&parent=2153"}],"wp:term":[{"taxonomy":"category","embeddable":true,"href":"https:\/\/cabellonews.com\/index.php?rest_route=%2Fwp%2Fv2%2Fcategories&post=2153"},{"taxonomy":"post_tag","embeddable":true,"href":"https:\/\/cabellonews.com\/index.php?rest_route=%2Fwp%2Fv2%2Ftags&post=2153"}],"curies":[{"name":"wp","href":"https:\/\/api.w.org\/{rel}","templated":true}]}}