{"id":2138,"date":"2025-10-12T03:42:14","date_gmt":"2025-10-12T03:42:14","guid":{"rendered":"https:\/\/cabellonews.com\/?p=2138"},"modified":"2025-10-17T03:42:40","modified_gmt":"2025-10-17T03:42:40","slug":"tamaulipas-en-apoyo-a-nuestros-hermanos-de-veracruz-el-gobierno-del-estado-de-tamaulipas-en-coordinacion-con-proteccion-civil-y-la-direccion-de-servicios-aereos-salen-en-apoyo-de-la-ciudadania-afecta","status":"publish","type":"post","link":"https:\/\/cabellonews.com\/?p=2138","title":{"rendered":"Tamaulipas en apoyo a nuestros hermanos de Veracruz. El Gobierno del Estado de Tamaulipas en coordinaci\u00f3n con Protecci\u00f3n Civil y la Direcci\u00f3n de Servicios A\u00e9reos salen en apoyo de la ciudadan\u00eda afectada en el estado de Veracruz. Con traslados aereos en Helicoptero Bell UH 1 y envio de kit de alimento, asi como comida para ni\u00f1os es como ha iniciado la ayuda del estado de Tamaulipas.Todo esto obedece al gobierno humanista que encabeza el Dr. Am\u00e9rico Villarrealy extiende lazos fraternales con la poblaci\u00f3n afectada durante las pasadas lluvias en gran parte de nuestro pa\u00eds. #FUERZAVERACRUZ #TodosSomosProteccionCivil #Tamaulipas #Veracruz"},"content":{"rendered":"<figure class=\"wp-block-post-featured-image\"><img width=\"240\" height=\"172\" src=\"https:\/\/cabellonews.com\/wp-content\/uploads\/2025\/10\/inbound350422310269579608-240x172.jpg\" class=\"attachment-post-thumbnail size-post-thumbnail wp-post-image\" alt=\"\" decoding=\"async\" loading=\"lazy\" \/><\/figure>","protected":false},"excerpt":{"rendered":"","protected":false},"author":1,"featured_media":2139,"comment_status":"open","ping_status":"open","sticky":false,"template":"","format":"standard","meta":[],"categories":[1],"tags":[],"gutentor_comment":0,"yoast_head":"<!-- This site is optimized with the Yoast SEO plugin v20.10 - https:\/\/yoast.com\/wordpress\/plugins\/seo\/ -->\n<title>Tamaulipas en apoyo a nuestros hermanos de Veracruz. El Gobierno del Estado de Tamaulipas en coordinaci\u00f3n con Protecci\u00f3n Civil y la Direcci\u00f3n de Servicios A\u00e9reos salen en apoyo de la ciudadan\u00eda afectada en el estado de Veracruz. Con traslados aereos en Helicoptero Bell UH 1 y envio de kit de alimento, asi como comida para ni\u00f1os es como ha iniciado la ayuda del estado de Tamaulipas.Todo esto obedece al gobierno humanista que encabeza el Dr. Am\u00e9rico Villarrealy extiende lazos fraternales con la poblaci\u00f3n afectada durante las pasadas lluvias en gran parte de nuestro pa\u00eds. #FUERZAVERACRUZ #TodosSomosProteccionCivil #Tamaulipas #Veracruz - cabellonews.com<\/title>\n<meta name=\"robots\" content=\"index, follow, max-snippet:-1, max-image-preview:large, max-video-preview:-1\" \/>\n<link rel=\"canonical\" href=\"https:\/\/cabellonews.com\/?p=2138\" \/>\n<meta property=\"og:locale\" content=\"en_US\" \/>\n<meta property=\"og:type\" content=\"article\" \/>\n<meta property=\"og:title\" content=\"Tamaulipas en apoyo a nuestros hermanos de Veracruz. El Gobierno del Estado de Tamaulipas en coordinaci\u00f3n con Protecci\u00f3n Civil y la Direcci\u00f3n de Servicios A\u00e9reos salen en apoyo de la ciudadan\u00eda afectada en el estado de Veracruz. Con traslados aereos en Helicoptero Bell UH 1 y envio de kit de alimento, asi como comida para ni\u00f1os es como ha iniciado la ayuda del estado de Tamaulipas.Todo esto obedece al gobierno humanista que encabeza el Dr. Am\u00e9rico Villarrealy extiende lazos fraternales con la poblaci\u00f3n afectada durante las pasadas lluvias en gran parte de nuestro pa\u00eds. #FUERZAVERACRUZ #TodosSomosProteccionCivil #Tamaulipas #Veracruz - cabellonews.com\" \/>\n<meta property=\"og:url\" content=\"https:\/\/cabellonews.com\/?p=2138\" \/>\n<meta property=\"og:site_name\" content=\"cabellonews.com\" \/>\n<meta property=\"article:published_time\" content=\"2025-10-12T03:42:14+00:00\" \/>\n<meta property=\"article:modified_time\" content=\"2025-10-17T03:42:40+00:00\" \/>\n<meta property=\"og:image\" content=\"http:\/\/cabellonews.com\/wp-content\/uploads\/2025\/10\/inbound350422310269579608.jpg\" \/>\n\t<meta property=\"og:image:width\" content=\"2048\" \/>\n\t<meta property=\"og:image:height\" content=\"1536\" \/>\n\t<meta property=\"og:image:type\" content=\"image\/jpeg\" \/>\n<meta name=\"author\" content=\"cabellonews.com\" \/>\n<meta name=\"twitter:card\" content=\"summary_large_image\" \/>\n<meta name=\"twitter:label1\" content=\"Written by\" \/>\n\t<meta name=\"twitter:data1\" content=\"cabellonews.com\" \/>\n<script type=\"application\/ld+json\" class=\"yoast-schema-graph\">{\"@context\":\"https:\/\/schema.org\",\"@graph\":[{\"@type\":\"WebPage\",\"@id\":\"https:\/\/cabellonews.com\/?p=2138\",\"url\":\"https:\/\/cabellonews.com\/?p=2138\",\"name\":\"Tamaulipas en apoyo a nuestros hermanos de Veracruz. El Gobierno del Estado de Tamaulipas en coordinaci\u00f3n con Protecci\u00f3n Civil y la Direcci\u00f3n de Servicios A\u00e9reos salen en apoyo de la ciudadan\u00eda afectada en el estado de Veracruz. Con traslados aereos en Helicoptero Bell UH 1 y envio de kit de alimento, asi como comida para ni\u00f1os es como ha iniciado la ayuda del estado de Tamaulipas.Todo esto obedece al gobierno humanista que encabeza el Dr. Am\u00e9rico Villarrealy extiende lazos fraternales con la poblaci\u00f3n afectada durante las pasadas lluvias en gran parte de nuestro pa\u00eds. #FUERZAVERACRUZ #TodosSomosProteccionCivil #Tamaulipas #Veracruz - cabellonews.com\",\"isPartOf\":{\"@id\":\"https:\/\/cabellonews.com\/#website\"},\"datePublished\":\"2025-10-12T03:42:14+00:00\",\"dateModified\":\"2025-10-17T03:42:40+00:00\",\"author\":{\"@id\":\"https:\/\/cabellonews.com\/#\/schema\/person\/7afe73bafa6cc5a24fd4c67dfd4379d8\"},\"breadcrumb\":{\"@id\":\"https:\/\/cabellonews.com\/?p=2138#breadcrumb\"},\"inLanguage\":\"en-US\",\"potentialAction\":[{\"@type\":\"ReadAction\",\"target\":[\"https:\/\/cabellonews.com\/?p=2138\"]}]},{\"@type\":\"BreadcrumbList\",\"@id\":\"https:\/\/cabellonews.com\/?p=2138#breadcrumb\",\"itemListElement\":[{\"@type\":\"ListItem\",\"position\":1,\"name\":\"Inicio\",\"item\":\"https:\/\/cabellonews.com\/\"},{\"@type\":\"ListItem\",\"position\":2,\"name\":\"Tamaulipas en apoyo a nuestros hermanos de Veracruz. El Gobierno del Estado de Tamaulipas en coordinaci\u00f3n con Protecci\u00f3n Civil y la Direcci\u00f3n de Servicios A\u00e9reos salen en apoyo de la ciudadan\u00eda afectada en el estado de Veracruz. Con traslados aereos en Helicoptero Bell UH 1 y envio de kit de alimento, asi como comida para ni\u00f1os es como ha iniciado la ayuda del estado de Tamaulipas.Todo esto obedece al gobierno humanista que encabeza el Dr. Am\u00e9rico Villarrealy extiende lazos fraternales con la poblaci\u00f3n afectada durante las pasadas lluvias en gran parte de nuestro pa\u00eds. #FUERZAVERACRUZ #TodosSomosProteccionCivil #Tamaulipas #Veracruz\"}]},{\"@type\":\"WebSite\",\"@id\":\"https:\/\/cabellonews.com\/#website\",\"url\":\"https:\/\/cabellonews.com\/\",\"name\":\"cabellonews.com\",\"description\":\"Con Cobertura En Tamaulipas Y norte de Veracruz\",\"potentialAction\":[{\"@type\":\"SearchAction\",\"target\":{\"@type\":\"EntryPoint\",\"urlTemplate\":\"https:\/\/cabellonews.com\/?s={search_term_string}\"},\"query-input\":\"required name=search_term_string\"}],\"inLanguage\":\"en-US\"},{\"@type\":\"Person\",\"@id\":\"https:\/\/cabellonews.com\/#\/schema\/person\/7afe73bafa6cc5a24fd4c67dfd4379d8\",\"name\":\"cabellonews.com\",\"image\":{\"@type\":\"ImageObject\",\"inLanguage\":\"en-US\",\"@id\":\"https:\/\/cabellonews.com\/#\/schema\/person\/image\/\",\"url\":\"https:\/\/secure.gravatar.com\/avatar\/8d6324fc2806389aad4cd38639618406?s=96&d=mm&r=g\",\"contentUrl\":\"https:\/\/secure.gravatar.com\/avatar\/8d6324fc2806389aad4cd38639618406?s=96&d=mm&r=g\",\"caption\":\"cabellonews.com\"},\"sameAs\":[\"http:\/\/cabellonews.com\"],\"url\":\"https:\/\/cabellonews.com\/?author=1\"}]}<\/script>\n<!-- \/ Yoast SEO plugin. -->","yoast_head_json":{"title":"Tamaulipas en apoyo a nuestros hermanos de Veracruz. El Gobierno del Estado de Tamaulipas en coordinaci\u00f3n con Protecci\u00f3n Civil y la Direcci\u00f3n de Servicios A\u00e9reos salen en apoyo de la ciudadan\u00eda afectada en el estado de Veracruz. Con traslados aereos en Helicoptero Bell UH 1 y envio de kit de alimento, asi como comida para ni\u00f1os es como ha iniciado la ayuda del estado de Tamaulipas.Todo esto obedece al gobierno humanista que encabeza el Dr. Am\u00e9rico Villarrealy extiende lazos fraternales con la poblaci\u00f3n afectada durante las pasadas lluvias en gran parte de nuestro pa\u00eds. #FUERZAVERACRUZ #TodosSomosProteccionCivil #Tamaulipas #Veracruz - cabellonews.com","robots":{"index":"index","follow":"follow","max-snippet":"max-snippet:-1","max-image-preview":"max-image-preview:large","max-video-preview":"max-video-preview:-1"},"canonical":"https:\/\/cabellonews.com\/?p=2138","og_locale":"en_US","og_type":"article","og_title":"Tamaulipas en apoyo a nuestros hermanos de Veracruz. El Gobierno del Estado de Tamaulipas en coordinaci\u00f3n con Protecci\u00f3n Civil y la Direcci\u00f3n de Servicios A\u00e9reos salen en apoyo de la ciudadan\u00eda afectada en el estado de Veracruz. Con traslados aereos en Helicoptero Bell UH 1 y envio de kit de alimento, asi como comida para ni\u00f1os es como ha iniciado la ayuda del estado de Tamaulipas.Todo esto obedece al gobierno humanista que encabeza el Dr. Am\u00e9rico Villarrealy extiende lazos fraternales con la poblaci\u00f3n afectada durante las pasadas lluvias en gran parte de nuestro pa\u00eds. #FUERZAVERACRUZ #TodosSomosProteccionCivil #Tamaulipas #Veracruz - cabellonews.com","og_url":"https:\/\/cabellonews.com\/?p=2138","og_site_name":"cabellonews.com","article_published_time":"2025-10-12T03:42:14+00:00","article_modified_time":"2025-10-17T03:42:40+00:00","og_image":[{"width":2048,"height":1536,"url":"http:\/\/cabellonews.com\/wp-content\/uploads\/2025\/10\/inbound350422310269579608.jpg","type":"image\/jpeg"}],"author":"cabellonews.com","twitter_card":"summary_large_image","twitter_misc":{"Written by":"cabellonews.com"},"schema":{"@context":"https:\/\/schema.org","@graph":[{"@type":"WebPage","@id":"https:\/\/cabellonews.com\/?p=2138","url":"https:\/\/cabellonews.com\/?p=2138","name":"Tamaulipas en apoyo a nuestros hermanos de Veracruz. El Gobierno del Estado de Tamaulipas en coordinaci\u00f3n con Protecci\u00f3n Civil y la Direcci\u00f3n de Servicios A\u00e9reos salen en apoyo de la ciudadan\u00eda afectada en el estado de Veracruz. Con traslados aereos en Helicoptero Bell UH 1 y envio de kit de alimento, asi como comida para ni\u00f1os es como ha iniciado la ayuda del estado de Tamaulipas.Todo esto obedece al gobierno humanista que encabeza el Dr. Am\u00e9rico Villarrealy extiende lazos fraternales con la poblaci\u00f3n afectada durante las pasadas lluvias en gran parte de nuestro pa\u00eds. #FUERZAVERACRUZ #TodosSomosProteccionCivil #Tamaulipas #Veracruz - cabellonews.com","isPartOf":{"@id":"https:\/\/cabellonews.com\/#website"},"datePublished":"2025-10-12T03:42:14+00:00","dateModified":"2025-10-17T03:42:40+00:00","author":{"@id":"https:\/\/cabellonews.com\/#\/schema\/person\/7afe73bafa6cc5a24fd4c67dfd4379d8"},"breadcrumb":{"@id":"https:\/\/cabellonews.com\/?p=2138#breadcrumb"},"inLanguage":"en-US","potentialAction":[{"@type":"ReadAction","target":["https:\/\/cabellonews.com\/?p=2138"]}]},{"@type":"BreadcrumbList","@id":"https:\/\/cabellonews.com\/?p=2138#breadcrumb","itemListElement":[{"@type":"ListItem","position":1,"name":"Inicio","item":"https:\/\/cabellonews.com\/"},{"@type":"ListItem","position":2,"name":"Tamaulipas en apoyo a nuestros hermanos de Veracruz. El Gobierno del Estado de Tamaulipas en coordinaci\u00f3n con Protecci\u00f3n Civil y la Direcci\u00f3n de Servicios A\u00e9reos salen en apoyo de la ciudadan\u00eda afectada en el estado de Veracruz. Con traslados aereos en Helicoptero Bell UH 1 y envio de kit de alimento, asi como comida para ni\u00f1os es como ha iniciado la ayuda del estado de Tamaulipas.Todo esto obedece al gobierno humanista que encabeza el Dr. Am\u00e9rico Villarrealy extiende lazos fraternales con la poblaci\u00f3n afectada durante las pasadas lluvias en gran parte de nuestro pa\u00eds. #FUERZAVERACRUZ #TodosSomosProteccionCivil #Tamaulipas #Veracruz"}]},{"@type":"WebSite","@id":"https:\/\/cabellonews.com\/#website","url":"https:\/\/cabellonews.com\/","name":"cabellonews.com","description":"Con Cobertura En Tamaulipas Y norte de Veracruz","potentialAction":[{"@type":"SearchAction","target":{"@type":"EntryPoint","urlTemplate":"https:\/\/cabellonews.com\/?s={search_term_string}"},"query-input":"required name=search_term_string"}],"inLanguage":"en-US"},{"@type":"Person","@id":"https:\/\/cabellonews.com\/#\/schema\/person\/7afe73bafa6cc5a24fd4c67dfd4379d8","name":"cabellonews.com","image":{"@type":"ImageObject","inLanguage":"en-US","@id":"https:\/\/cabellonews.com\/#\/schema\/person\/image\/","url":"https:\/\/secure.gravatar.com\/avatar\/8d6324fc2806389aad4cd38639618406?s=96&d=mm&r=g","contentUrl":"https:\/\/secure.gravatar.com\/avatar\/8d6324fc2806389aad4cd38639618406?s=96&d=mm&r=g","caption":"cabellonews.com"},"sameAs":["http:\/\/cabellonews.com"],"url":"https:\/\/cabellonews.com\/?author=1"}]}},"_links":{"self":[{"href":"https:\/\/cabellonews.com\/index.php?rest_route=\/wp\/v2\/posts\/2138"}],"collection":[{"href":"https:\/\/cabellonews.com\/index.php?rest_route=\/wp\/v2\/posts"}],"about":[{"href":"https:\/\/cabellonews.com\/index.php?rest_route=\/wp\/v2\/types\/post"}],"author":[{"embeddable":true,"href":"https:\/\/cabellonews.com\/index.php?rest_route=\/wp\/v2\/users\/1"}],"replies":[{"embeddable":true,"href":"https:\/\/cabellonews.com\/index.php?rest_route=%2Fwp%2Fv2%2Fcomments&post=2138"}],"version-history":[{"count":1,"href":"https:\/\/cabellonews.com\/index.php?rest_route=\/wp\/v2\/posts\/2138\/revisions"}],"predecessor-version":[{"id":2140,"href":"https:\/\/cabellonews.com\/index.php?rest_route=\/wp\/v2\/posts\/2138\/revisions\/2140"}],"wp:featuredmedia":[{"embeddable":true,"href":"https:\/\/cabellonews.com\/index.php?rest_route=\/wp\/v2\/media\/2139"}],"wp:attachment":[{"href":"https:\/\/cabellonews.com\/index.php?rest_route=%2Fwp%2Fv2%2Fmedia&parent=2138"}],"wp:term":[{"taxonomy":"category","embeddable":true,"href":"https:\/\/cabellonews.com\/index.php?rest_route=%2Fwp%2Fv2%2Fcategories&post=2138"},{"taxonomy":"post_tag","embeddable":true,"href":"https:\/\/cabellonews.com\/index.php?rest_route=%2Fwp%2Fv2%2Ftags&post=2138"}],"curies":[{"name":"wp","href":"https:\/\/api.w.org\/{rel}","templated":true}]}}