{"id":2066,"date":"2025-10-01T03:18:55","date_gmt":"2025-10-01T03:18:55","guid":{"rendered":"https:\/\/cabellonews.com\/?p=2066"},"modified":"2025-10-17T03:19:23","modified_gmt":"2025-10-17T03:19:23","slug":"los-compromisos-se-estan-cumpliendo-americo-octubre-01-de-2025ciudad-victoria-tamaulipas-a-mitad-del-camino-los-compromisos-se-estan-cumpliendo-dijo-el-gobernador-americo-villarreal-anaya-al-ref","status":"publish","type":"post","link":"https:\/\/cabellonews.com\/?p=2066","title":{"rendered":"Los compromisos se est\u00e1n cumpliendo: Am\u00e9rico Octubre 01 de 2025Ciudad Victoria, Tamaulipas.- A mitad del camino, los compromisos se est\u00e1n cumpliendo, dijo el gobernador Am\u00e9rico Villarreal Anaya al referirse a la importante cartera de proyectos estrat\u00e9gicos en ejecuci\u00f3n, tanto en inversi\u00f3n p\u00fablica como privada para Tamaulipas. Se\u00f1al\u00f3 que se trabaja en el fortalecimiento de las vocaciones productivas de cada una de las regiones. \u201cSe afianza nuestro liderazgo como la frontera log\u00edstica y comercial m\u00e1s importante de M\u00e9xico, y ahora somos la frontera mar\u00edtima y terrestre m\u00e1s din\u00e1mica del pa\u00eds\u201d, dijo, al tiempo que destac\u00f3 que Tamaulipas ocupa actualmente el primer lugar nacional en comercio carretero y ferroviario, y el tercero en comercio mar\u00edtimo.\u201cLo que se exporta desde nuestra frontera ha alcanzado su valor m\u00e1s alto en 17 a\u00f1os\u201d, subray\u00f3 el mandatario durante el mensaje dirigido al pueblo de Tamaulipas."},"content":{"rendered":"<figure class=\"wp-block-post-featured-image\"><img width=\"240\" height=\"172\" src=\"https:\/\/cabellonews.com\/wp-content\/uploads\/2025\/10\/inbound5419508106478365607-240x172.jpg\" class=\"attachment-post-thumbnail size-post-thumbnail wp-post-image\" alt=\"\" decoding=\"async\" loading=\"lazy\" \/><\/figure>","protected":false},"excerpt":{"rendered":"","protected":false},"author":1,"featured_media":2067,"comment_status":"open","ping_status":"open","sticky":false,"template":"","format":"standard","meta":[],"categories":[1],"tags":[],"gutentor_comment":0,"yoast_head":"<!-- This site is optimized with the Yoast SEO plugin v20.10 - https:\/\/yoast.com\/wordpress\/plugins\/seo\/ -->\n<title>Los compromisos se est\u00e1n cumpliendo: Am\u00e9rico Octubre 01 de 2025Ciudad Victoria, Tamaulipas.- A mitad del camino, los compromisos se est\u00e1n cumpliendo, dijo el gobernador Am\u00e9rico Villarreal Anaya al referirse a la importante cartera de proyectos estrat\u00e9gicos en ejecuci\u00f3n, tanto en inversi\u00f3n p\u00fablica como privada para Tamaulipas. Se\u00f1al\u00f3 que se trabaja en el fortalecimiento de las vocaciones productivas de cada una de las regiones. \u201cSe afianza nuestro liderazgo como la frontera log\u00edstica y comercial m\u00e1s importante de M\u00e9xico, y ahora somos la frontera mar\u00edtima y terrestre m\u00e1s din\u00e1mica del pa\u00eds\u201d, dijo, al tiempo que destac\u00f3 que Tamaulipas ocupa actualmente el primer lugar nacional en comercio carretero y ferroviario, y el tercero en comercio mar\u00edtimo.\u201cLo que se exporta desde nuestra frontera ha alcanzado su valor m\u00e1s alto en 17 a\u00f1os\u201d, subray\u00f3 el mandatario durante el mensaje dirigido al pueblo de Tamaulipas. - cabellonews.com<\/title>\n<meta name=\"robots\" content=\"index, follow, max-snippet:-1, max-image-preview:large, max-video-preview:-1\" \/>\n<link rel=\"canonical\" href=\"https:\/\/cabellonews.com\/?p=2066\" \/>\n<meta property=\"og:locale\" content=\"en_US\" \/>\n<meta property=\"og:type\" content=\"article\" \/>\n<meta property=\"og:title\" content=\"Los compromisos se est\u00e1n cumpliendo: Am\u00e9rico Octubre 01 de 2025Ciudad Victoria, Tamaulipas.- A mitad del camino, los compromisos se est\u00e1n cumpliendo, dijo el gobernador Am\u00e9rico Villarreal Anaya al referirse a la importante cartera de proyectos estrat\u00e9gicos en ejecuci\u00f3n, tanto en inversi\u00f3n p\u00fablica como privada para Tamaulipas. Se\u00f1al\u00f3 que se trabaja en el fortalecimiento de las vocaciones productivas de cada una de las regiones. \u201cSe afianza nuestro liderazgo como la frontera log\u00edstica y comercial m\u00e1s importante de M\u00e9xico, y ahora somos la frontera mar\u00edtima y terrestre m\u00e1s din\u00e1mica del pa\u00eds\u201d, dijo, al tiempo que destac\u00f3 que Tamaulipas ocupa actualmente el primer lugar nacional en comercio carretero y ferroviario, y el tercero en comercio mar\u00edtimo.\u201cLo que se exporta desde nuestra frontera ha alcanzado su valor m\u00e1s alto en 17 a\u00f1os\u201d, subray\u00f3 el mandatario durante el mensaje dirigido al pueblo de Tamaulipas. - cabellonews.com\" \/>\n<meta property=\"og:url\" content=\"https:\/\/cabellonews.com\/?p=2066\" \/>\n<meta property=\"og:site_name\" content=\"cabellonews.com\" \/>\n<meta property=\"article:published_time\" content=\"2025-10-01T03:18:55+00:00\" \/>\n<meta property=\"article:modified_time\" content=\"2025-10-17T03:19:23+00:00\" \/>\n<meta property=\"og:image\" content=\"http:\/\/cabellonews.com\/wp-content\/uploads\/2025\/10\/inbound5419508106478365607.jpg\" \/>\n\t<meta property=\"og:image:width\" content=\"1600\" \/>\n\t<meta property=\"og:image:height\" content=\"1067\" \/>\n\t<meta property=\"og:image:type\" content=\"image\/jpeg\" \/>\n<meta name=\"author\" content=\"cabellonews.com\" \/>\n<meta name=\"twitter:card\" content=\"summary_large_image\" \/>\n<meta name=\"twitter:label1\" content=\"Written by\" \/>\n\t<meta name=\"twitter:data1\" content=\"cabellonews.com\" \/>\n<script type=\"application\/ld+json\" class=\"yoast-schema-graph\">{\"@context\":\"https:\/\/schema.org\",\"@graph\":[{\"@type\":\"WebPage\",\"@id\":\"https:\/\/cabellonews.com\/?p=2066\",\"url\":\"https:\/\/cabellonews.com\/?p=2066\",\"name\":\"Los compromisos se est\u00e1n cumpliendo: Am\u00e9rico Octubre 01 de 2025Ciudad Victoria, Tamaulipas.- A mitad del camino, los compromisos se est\u00e1n cumpliendo, dijo el gobernador Am\u00e9rico Villarreal Anaya al referirse a la importante cartera de proyectos estrat\u00e9gicos en ejecuci\u00f3n, tanto en inversi\u00f3n p\u00fablica como privada para Tamaulipas. Se\u00f1al\u00f3 que se trabaja en el fortalecimiento de las vocaciones productivas de cada una de las regiones. \u201cSe afianza nuestro liderazgo como la frontera log\u00edstica y comercial m\u00e1s importante de M\u00e9xico, y ahora somos la frontera mar\u00edtima y terrestre m\u00e1s din\u00e1mica del pa\u00eds\u201d, dijo, al tiempo que destac\u00f3 que Tamaulipas ocupa actualmente el primer lugar nacional en comercio carretero y ferroviario, y el tercero en comercio mar\u00edtimo.\u201cLo que se exporta desde nuestra frontera ha alcanzado su valor m\u00e1s alto en 17 a\u00f1os\u201d, subray\u00f3 el mandatario durante el mensaje dirigido al pueblo de Tamaulipas. - cabellonews.com\",\"isPartOf\":{\"@id\":\"https:\/\/cabellonews.com\/#website\"},\"datePublished\":\"2025-10-01T03:18:55+00:00\",\"dateModified\":\"2025-10-17T03:19:23+00:00\",\"author\":{\"@id\":\"https:\/\/cabellonews.com\/#\/schema\/person\/7afe73bafa6cc5a24fd4c67dfd4379d8\"},\"breadcrumb\":{\"@id\":\"https:\/\/cabellonews.com\/?p=2066#breadcrumb\"},\"inLanguage\":\"en-US\",\"potentialAction\":[{\"@type\":\"ReadAction\",\"target\":[\"https:\/\/cabellonews.com\/?p=2066\"]}]},{\"@type\":\"BreadcrumbList\",\"@id\":\"https:\/\/cabellonews.com\/?p=2066#breadcrumb\",\"itemListElement\":[{\"@type\":\"ListItem\",\"position\":1,\"name\":\"Inicio\",\"item\":\"https:\/\/cabellonews.com\/\"},{\"@type\":\"ListItem\",\"position\":2,\"name\":\"Los compromisos se est\u00e1n cumpliendo: Am\u00e9rico Octubre 01 de 2025Ciudad Victoria, Tamaulipas.- A mitad del camino, los compromisos se est\u00e1n cumpliendo, dijo el gobernador Am\u00e9rico Villarreal Anaya al referirse a la importante cartera de proyectos estrat\u00e9gicos en ejecuci\u00f3n, tanto en inversi\u00f3n p\u00fablica como privada para Tamaulipas. Se\u00f1al\u00f3 que se trabaja en el fortalecimiento de las vocaciones productivas de cada una de las regiones. \u201cSe afianza nuestro liderazgo como la frontera log\u00edstica y comercial m\u00e1s importante de M\u00e9xico, y ahora somos la frontera mar\u00edtima y terrestre m\u00e1s din\u00e1mica del pa\u00eds\u201d, dijo, al tiempo que destac\u00f3 que Tamaulipas ocupa actualmente el primer lugar nacional en comercio carretero y ferroviario, y el tercero en comercio mar\u00edtimo.\u201cLo que se exporta desde nuestra frontera ha alcanzado su valor m\u00e1s alto en 17 a\u00f1os\u201d, subray\u00f3 el mandatario durante el mensaje dirigido al pueblo de Tamaulipas.\"}]},{\"@type\":\"WebSite\",\"@id\":\"https:\/\/cabellonews.com\/#website\",\"url\":\"https:\/\/cabellonews.com\/\",\"name\":\"cabellonews.com\",\"description\":\"Con Cobertura En Tamaulipas Y norte de Veracruz\",\"potentialAction\":[{\"@type\":\"SearchAction\",\"target\":{\"@type\":\"EntryPoint\",\"urlTemplate\":\"https:\/\/cabellonews.com\/?s={search_term_string}\"},\"query-input\":\"required name=search_term_string\"}],\"inLanguage\":\"en-US\"},{\"@type\":\"Person\",\"@id\":\"https:\/\/cabellonews.com\/#\/schema\/person\/7afe73bafa6cc5a24fd4c67dfd4379d8\",\"name\":\"cabellonews.com\",\"image\":{\"@type\":\"ImageObject\",\"inLanguage\":\"en-US\",\"@id\":\"https:\/\/cabellonews.com\/#\/schema\/person\/image\/\",\"url\":\"https:\/\/secure.gravatar.com\/avatar\/8d6324fc2806389aad4cd38639618406?s=96&d=mm&r=g\",\"contentUrl\":\"https:\/\/secure.gravatar.com\/avatar\/8d6324fc2806389aad4cd38639618406?s=96&d=mm&r=g\",\"caption\":\"cabellonews.com\"},\"sameAs\":[\"http:\/\/cabellonews.com\"],\"url\":\"https:\/\/cabellonews.com\/?author=1\"}]}<\/script>\n<!-- \/ Yoast SEO plugin. -->","yoast_head_json":{"title":"Los compromisos se est\u00e1n cumpliendo: Am\u00e9rico Octubre 01 de 2025Ciudad Victoria, Tamaulipas.- A mitad del camino, los compromisos se est\u00e1n cumpliendo, dijo el gobernador Am\u00e9rico Villarreal Anaya al referirse a la importante cartera de proyectos estrat\u00e9gicos en ejecuci\u00f3n, tanto en inversi\u00f3n p\u00fablica como privada para Tamaulipas. Se\u00f1al\u00f3 que se trabaja en el fortalecimiento de las vocaciones productivas de cada una de las regiones. \u201cSe afianza nuestro liderazgo como la frontera log\u00edstica y comercial m\u00e1s importante de M\u00e9xico, y ahora somos la frontera mar\u00edtima y terrestre m\u00e1s din\u00e1mica del pa\u00eds\u201d, dijo, al tiempo que destac\u00f3 que Tamaulipas ocupa actualmente el primer lugar nacional en comercio carretero y ferroviario, y el tercero en comercio mar\u00edtimo.\u201cLo que se exporta desde nuestra frontera ha alcanzado su valor m\u00e1s alto en 17 a\u00f1os\u201d, subray\u00f3 el mandatario durante el mensaje dirigido al pueblo de Tamaulipas. - cabellonews.com","robots":{"index":"index","follow":"follow","max-snippet":"max-snippet:-1","max-image-preview":"max-image-preview:large","max-video-preview":"max-video-preview:-1"},"canonical":"https:\/\/cabellonews.com\/?p=2066","og_locale":"en_US","og_type":"article","og_title":"Los compromisos se est\u00e1n cumpliendo: Am\u00e9rico Octubre 01 de 2025Ciudad Victoria, Tamaulipas.- A mitad del camino, los compromisos se est\u00e1n cumpliendo, dijo el gobernador Am\u00e9rico Villarreal Anaya al referirse a la importante cartera de proyectos estrat\u00e9gicos en ejecuci\u00f3n, tanto en inversi\u00f3n p\u00fablica como privada para Tamaulipas. Se\u00f1al\u00f3 que se trabaja en el fortalecimiento de las vocaciones productivas de cada una de las regiones. \u201cSe afianza nuestro liderazgo como la frontera log\u00edstica y comercial m\u00e1s importante de M\u00e9xico, y ahora somos la frontera mar\u00edtima y terrestre m\u00e1s din\u00e1mica del pa\u00eds\u201d, dijo, al tiempo que destac\u00f3 que Tamaulipas ocupa actualmente el primer lugar nacional en comercio carretero y ferroviario, y el tercero en comercio mar\u00edtimo.\u201cLo que se exporta desde nuestra frontera ha alcanzado su valor m\u00e1s alto en 17 a\u00f1os\u201d, subray\u00f3 el mandatario durante el mensaje dirigido al pueblo de Tamaulipas. - cabellonews.com","og_url":"https:\/\/cabellonews.com\/?p=2066","og_site_name":"cabellonews.com","article_published_time":"2025-10-01T03:18:55+00:00","article_modified_time":"2025-10-17T03:19:23+00:00","og_image":[{"width":1600,"height":1067,"url":"http:\/\/cabellonews.com\/wp-content\/uploads\/2025\/10\/inbound5419508106478365607.jpg","type":"image\/jpeg"}],"author":"cabellonews.com","twitter_card":"summary_large_image","twitter_misc":{"Written by":"cabellonews.com"},"schema":{"@context":"https:\/\/schema.org","@graph":[{"@type":"WebPage","@id":"https:\/\/cabellonews.com\/?p=2066","url":"https:\/\/cabellonews.com\/?p=2066","name":"Los compromisos se est\u00e1n cumpliendo: Am\u00e9rico Octubre 01 de 2025Ciudad Victoria, Tamaulipas.- A mitad del camino, los compromisos se est\u00e1n cumpliendo, dijo el gobernador Am\u00e9rico Villarreal Anaya al referirse a la importante cartera de proyectos estrat\u00e9gicos en ejecuci\u00f3n, tanto en inversi\u00f3n p\u00fablica como privada para Tamaulipas. Se\u00f1al\u00f3 que se trabaja en el fortalecimiento de las vocaciones productivas de cada una de las regiones. \u201cSe afianza nuestro liderazgo como la frontera log\u00edstica y comercial m\u00e1s importante de M\u00e9xico, y ahora somos la frontera mar\u00edtima y terrestre m\u00e1s din\u00e1mica del pa\u00eds\u201d, dijo, al tiempo que destac\u00f3 que Tamaulipas ocupa actualmente el primer lugar nacional en comercio carretero y ferroviario, y el tercero en comercio mar\u00edtimo.\u201cLo que se exporta desde nuestra frontera ha alcanzado su valor m\u00e1s alto en 17 a\u00f1os\u201d, subray\u00f3 el mandatario durante el mensaje dirigido al pueblo de Tamaulipas. - cabellonews.com","isPartOf":{"@id":"https:\/\/cabellonews.com\/#website"},"datePublished":"2025-10-01T03:18:55+00:00","dateModified":"2025-10-17T03:19:23+00:00","author":{"@id":"https:\/\/cabellonews.com\/#\/schema\/person\/7afe73bafa6cc5a24fd4c67dfd4379d8"},"breadcrumb":{"@id":"https:\/\/cabellonews.com\/?p=2066#breadcrumb"},"inLanguage":"en-US","potentialAction":[{"@type":"ReadAction","target":["https:\/\/cabellonews.com\/?p=2066"]}]},{"@type":"BreadcrumbList","@id":"https:\/\/cabellonews.com\/?p=2066#breadcrumb","itemListElement":[{"@type":"ListItem","position":1,"name":"Inicio","item":"https:\/\/cabellonews.com\/"},{"@type":"ListItem","position":2,"name":"Los compromisos se est\u00e1n cumpliendo: Am\u00e9rico Octubre 01 de 2025Ciudad Victoria, Tamaulipas.- A mitad del camino, los compromisos se est\u00e1n cumpliendo, dijo el gobernador Am\u00e9rico Villarreal Anaya al referirse a la importante cartera de proyectos estrat\u00e9gicos en ejecuci\u00f3n, tanto en inversi\u00f3n p\u00fablica como privada para Tamaulipas. Se\u00f1al\u00f3 que se trabaja en el fortalecimiento de las vocaciones productivas de cada una de las regiones. \u201cSe afianza nuestro liderazgo como la frontera log\u00edstica y comercial m\u00e1s importante de M\u00e9xico, y ahora somos la frontera mar\u00edtima y terrestre m\u00e1s din\u00e1mica del pa\u00eds\u201d, dijo, al tiempo que destac\u00f3 que Tamaulipas ocupa actualmente el primer lugar nacional en comercio carretero y ferroviario, y el tercero en comercio mar\u00edtimo.\u201cLo que se exporta desde nuestra frontera ha alcanzado su valor m\u00e1s alto en 17 a\u00f1os\u201d, subray\u00f3 el mandatario durante el mensaje dirigido al pueblo de Tamaulipas."}]},{"@type":"WebSite","@id":"https:\/\/cabellonews.com\/#website","url":"https:\/\/cabellonews.com\/","name":"cabellonews.com","description":"Con Cobertura En Tamaulipas Y norte de Veracruz","potentialAction":[{"@type":"SearchAction","target":{"@type":"EntryPoint","urlTemplate":"https:\/\/cabellonews.com\/?s={search_term_string}"},"query-input":"required name=search_term_string"}],"inLanguage":"en-US"},{"@type":"Person","@id":"https:\/\/cabellonews.com\/#\/schema\/person\/7afe73bafa6cc5a24fd4c67dfd4379d8","name":"cabellonews.com","image":{"@type":"ImageObject","inLanguage":"en-US","@id":"https:\/\/cabellonews.com\/#\/schema\/person\/image\/","url":"https:\/\/secure.gravatar.com\/avatar\/8d6324fc2806389aad4cd38639618406?s=96&d=mm&r=g","contentUrl":"https:\/\/secure.gravatar.com\/avatar\/8d6324fc2806389aad4cd38639618406?s=96&d=mm&r=g","caption":"cabellonews.com"},"sameAs":["http:\/\/cabellonews.com"],"url":"https:\/\/cabellonews.com\/?author=1"}]}},"_links":{"self":[{"href":"https:\/\/cabellonews.com\/index.php?rest_route=\/wp\/v2\/posts\/2066"}],"collection":[{"href":"https:\/\/cabellonews.com\/index.php?rest_route=\/wp\/v2\/posts"}],"about":[{"href":"https:\/\/cabellonews.com\/index.php?rest_route=\/wp\/v2\/types\/post"}],"author":[{"embeddable":true,"href":"https:\/\/cabellonews.com\/index.php?rest_route=\/wp\/v2\/users\/1"}],"replies":[{"embeddable":true,"href":"https:\/\/cabellonews.com\/index.php?rest_route=%2Fwp%2Fv2%2Fcomments&post=2066"}],"version-history":[{"count":1,"href":"https:\/\/cabellonews.com\/index.php?rest_route=\/wp\/v2\/posts\/2066\/revisions"}],"predecessor-version":[{"id":2068,"href":"https:\/\/cabellonews.com\/index.php?rest_route=\/wp\/v2\/posts\/2066\/revisions\/2068"}],"wp:featuredmedia":[{"embeddable":true,"href":"https:\/\/cabellonews.com\/index.php?rest_route=\/wp\/v2\/media\/2067"}],"wp:attachment":[{"href":"https:\/\/cabellonews.com\/index.php?rest_route=%2Fwp%2Fv2%2Fmedia&parent=2066"}],"wp:term":[{"taxonomy":"category","embeddable":true,"href":"https:\/\/cabellonews.com\/index.php?rest_route=%2Fwp%2Fv2%2Fcategories&post=2066"},{"taxonomy":"post_tag","embeddable":true,"href":"https:\/\/cabellonews.com\/index.php?rest_route=%2Fwp%2Fv2%2Ftags&post=2066"}],"curies":[{"name":"wp","href":"https:\/\/api.w.org\/{rel}","templated":true}]}}