{"id":1997,"date":"2025-09-02T19:24:12","date_gmt":"2025-09-02T19:24:12","guid":{"rendered":"https:\/\/cabellonews.com\/?p=1997"},"modified":"2025-09-14T19:24:55","modified_gmt":"2025-09-14T19:24:55","slug":"concluye-con-exito-exposicion-y-venta-de-artesanias-ovni-cedes","status":"publish","type":"post","link":"https:\/\/cabellonews.com\/?p=1997","title":{"rendered":"Concluye con \u00e9xito exposici\u00f3n y venta de artesan\u00edas \u201cOVNI-CEDES\u201d"},"content":{"rendered":"\n<p>-La finalidad es contribuir a su econom\u00eda familiar y reintegraci\u00f3n a la sociedad<\/p>\n\n\n<figure class=\"wp-block-post-featured-image\"><img width=\"240\" height=\"172\" src=\"https:\/\/cabellonews.com\/wp-content\/uploads\/2025\/09\/IMG_6968-240x172.jpeg\" class=\"attachment-post-thumbnail size-post-thumbnail wp-post-image\" alt=\"\" decoding=\"async\" loading=\"lazy\" \/><\/figure>\n\n\n<p>Septiembre 02 de 2025<\/p>\n\n\n\n<p>Ciudad Madero, Tamaulipas.- Tras varias semanas de exposici\u00f3n y venta de artesan\u00edas elaboradas por personas privadas de la libertad (PPLs) del Centro de Ejecuci\u00f3n de Sanciones (CEDES) del municipio de Altamira, el m\u00f3dulo \u2018\u2019OVNI-CEDES\u2019\u2019 fue retirado de la Playa Miramar superando la expectativa de ventas proyectadas.<\/p>\n\n\n\n<p>Este sitio tur\u00edstico ubicado en Ciudad Madero, fue el punto ideal para que vacacionistas conocieran el trabajo realizado en los talleres de este centro penitenciario, entre los que destacan los muebles y artesan\u00edas hechas con madera y palma.<\/p>\n\n\n\n<p>A trav\u00e9s de la Subsecretar\u00eda de Ejecuci\u00f3n de Sanciones y Reinserci\u00f3n Social, la Secretar\u00eda de Seguridad P\u00fablica de Tamaulipas (SSPT) promueve el trabajo realizado por PPLs en los cinco CEDES del estado, con la finalidad de contribuir a su econom\u00eda familiar y reintegraci\u00f3n a la sociedad brindando herramientas para el empleo y autoempleo.<\/p>\n","protected":false},"excerpt":{"rendered":"<p>-La finalidad es contribuir a su econom\u00eda familiar y reintegraci\u00f3n a la sociedad Septiembre 02 de 2025 Ciudad Madero, Tamaulipas.- Tras varias semanas de exposici\u00f3n y venta de artesan\u00edas elaboradas por personas privadas de la libertad (PPLs) del Centro de Ejecuci\u00f3n de Sanciones (CEDES) del municipio de Altamira, el m\u00f3dulo \u2018\u2019OVNI-CEDES\u2019\u2019 fue retirado de la Playa Miramar superando la expectativa de ventas proyectadas. Este sitio tur\u00edstico ubicado en Ciudad Madero, fue el punto ideal para que vacacionistas conocieran el trabajo realizado en los talleres de este centro penitenciario, entre los&hellip;<\/p>\n","protected":false},"author":1,"featured_media":1998,"comment_status":"open","ping_status":"open","sticky":false,"template":"","format":"standard","meta":[],"categories":[1],"tags":[],"gutentor_comment":1,"yoast_head":"<!-- This site is optimized with the Yoast SEO plugin v20.10 - https:\/\/yoast.com\/wordpress\/plugins\/seo\/ -->\n<title>Concluye con \u00e9xito exposici\u00f3n y venta de artesan\u00edas \u201cOVNI-CEDES\u201d - cabellonews.com<\/title>\n<meta name=\"robots\" content=\"index, follow, max-snippet:-1, max-image-preview:large, max-video-preview:-1\" \/>\n<link rel=\"canonical\" href=\"https:\/\/cabellonews.com\/?p=1997\" \/>\n<meta property=\"og:locale\" content=\"en_US\" \/>\n<meta property=\"og:type\" content=\"article\" \/>\n<meta property=\"og:title\" content=\"Concluye con \u00e9xito exposici\u00f3n y venta de artesan\u00edas \u201cOVNI-CEDES\u201d - cabellonews.com\" \/>\n<meta property=\"og:description\" content=\"-La finalidad es contribuir a su econom\u00eda familiar y reintegraci\u00f3n a la sociedad Septiembre 02 de 2025 Ciudad Madero, Tamaulipas.- Tras varias semanas de exposici\u00f3n y venta de artesan\u00edas elaboradas por personas privadas de la libertad (PPLs) del Centro de Ejecuci\u00f3n de Sanciones (CEDES) del municipio de Altamira, el m\u00f3dulo \u2018\u2019OVNI-CEDES\u2019\u2019 fue retirado de la Playa Miramar superando la expectativa de ventas proyectadas. Este sitio tur\u00edstico ubicado en Ciudad Madero, fue el punto ideal para que vacacionistas conocieran el trabajo realizado en los talleres de este centro penitenciario, entre los&hellip;\" \/>\n<meta property=\"og:url\" content=\"https:\/\/cabellonews.com\/?p=1997\" \/>\n<meta property=\"og:site_name\" content=\"cabellonews.com\" \/>\n<meta property=\"article:published_time\" content=\"2025-09-02T19:24:12+00:00\" \/>\n<meta property=\"article:modified_time\" content=\"2025-09-14T19:24:55+00:00\" \/>\n<meta property=\"og:image\" content=\"http:\/\/cabellonews.com\/wp-content\/uploads\/2025\/09\/IMG_6968.jpeg\" \/>\n\t<meta property=\"og:image:width\" content=\"1066\" \/>\n\t<meta property=\"og:image:height\" content=\"1600\" \/>\n\t<meta property=\"og:image:type\" content=\"image\/jpeg\" \/>\n<meta name=\"author\" content=\"cabellonews.com\" \/>\n<meta name=\"twitter:card\" content=\"summary_large_image\" \/>\n<meta name=\"twitter:label1\" content=\"Written by\" \/>\n\t<meta name=\"twitter:data1\" content=\"cabellonews.com\" \/>\n\t<meta name=\"twitter:label2\" content=\"Est. reading time\" \/>\n\t<meta name=\"twitter:data2\" content=\"1 minute\" \/>\n<script type=\"application\/ld+json\" class=\"yoast-schema-graph\">{\"@context\":\"https:\/\/schema.org\",\"@graph\":[{\"@type\":\"WebPage\",\"@id\":\"https:\/\/cabellonews.com\/?p=1997\",\"url\":\"https:\/\/cabellonews.com\/?p=1997\",\"name\":\"Concluye con \u00e9xito exposici\u00f3n y venta de artesan\u00edas \u201cOVNI-CEDES\u201d - cabellonews.com\",\"isPartOf\":{\"@id\":\"https:\/\/cabellonews.com\/#website\"},\"datePublished\":\"2025-09-02T19:24:12+00:00\",\"dateModified\":\"2025-09-14T19:24:55+00:00\",\"author\":{\"@id\":\"https:\/\/cabellonews.com\/#\/schema\/person\/7afe73bafa6cc5a24fd4c67dfd4379d8\"},\"breadcrumb\":{\"@id\":\"https:\/\/cabellonews.com\/?p=1997#breadcrumb\"},\"inLanguage\":\"en-US\",\"potentialAction\":[{\"@type\":\"ReadAction\",\"target\":[\"https:\/\/cabellonews.com\/?p=1997\"]}]},{\"@type\":\"BreadcrumbList\",\"@id\":\"https:\/\/cabellonews.com\/?p=1997#breadcrumb\",\"itemListElement\":[{\"@type\":\"ListItem\",\"position\":1,\"name\":\"Inicio\",\"item\":\"https:\/\/cabellonews.com\/\"},{\"@type\":\"ListItem\",\"position\":2,\"name\":\"Concluye con \u00e9xito exposici\u00f3n y venta de artesan\u00edas \u201cOVNI-CEDES\u201d\"}]},{\"@type\":\"WebSite\",\"@id\":\"https:\/\/cabellonews.com\/#website\",\"url\":\"https:\/\/cabellonews.com\/\",\"name\":\"cabellonews.com\",\"description\":\"Con Cobertura En Tamaulipas Y norte de Veracruz\",\"potentialAction\":[{\"@type\":\"SearchAction\",\"target\":{\"@type\":\"EntryPoint\",\"urlTemplate\":\"https:\/\/cabellonews.com\/?s={search_term_string}\"},\"query-input\":\"required name=search_term_string\"}],\"inLanguage\":\"en-US\"},{\"@type\":\"Person\",\"@id\":\"https:\/\/cabellonews.com\/#\/schema\/person\/7afe73bafa6cc5a24fd4c67dfd4379d8\",\"name\":\"cabellonews.com\",\"image\":{\"@type\":\"ImageObject\",\"inLanguage\":\"en-US\",\"@id\":\"https:\/\/cabellonews.com\/#\/schema\/person\/image\/\",\"url\":\"https:\/\/secure.gravatar.com\/avatar\/8d6324fc2806389aad4cd38639618406?s=96&d=mm&r=g\",\"contentUrl\":\"https:\/\/secure.gravatar.com\/avatar\/8d6324fc2806389aad4cd38639618406?s=96&d=mm&r=g\",\"caption\":\"cabellonews.com\"},\"sameAs\":[\"http:\/\/cabellonews.com\"],\"url\":\"https:\/\/cabellonews.com\/?author=1\"}]}<\/script>\n<!-- \/ Yoast SEO plugin. -->","yoast_head_json":{"title":"Concluye con \u00e9xito exposici\u00f3n y venta de artesan\u00edas \u201cOVNI-CEDES\u201d - cabellonews.com","robots":{"index":"index","follow":"follow","max-snippet":"max-snippet:-1","max-image-preview":"max-image-preview:large","max-video-preview":"max-video-preview:-1"},"canonical":"https:\/\/cabellonews.com\/?p=1997","og_locale":"en_US","og_type":"article","og_title":"Concluye con \u00e9xito exposici\u00f3n y venta de artesan\u00edas \u201cOVNI-CEDES\u201d - cabellonews.com","og_description":"-La finalidad es contribuir a su econom\u00eda familiar y reintegraci\u00f3n a la sociedad Septiembre 02 de 2025 Ciudad Madero, Tamaulipas.- Tras varias semanas de exposici\u00f3n y venta de artesan\u00edas elaboradas por personas privadas de la libertad (PPLs) del Centro de Ejecuci\u00f3n de Sanciones (CEDES) del municipio de Altamira, el m\u00f3dulo \u2018\u2019OVNI-CEDES\u2019\u2019 fue retirado de la Playa Miramar superando la expectativa de ventas proyectadas. Este sitio tur\u00edstico ubicado en Ciudad Madero, fue el punto ideal para que vacacionistas conocieran el trabajo realizado en los talleres de este centro penitenciario, entre los&hellip;","og_url":"https:\/\/cabellonews.com\/?p=1997","og_site_name":"cabellonews.com","article_published_time":"2025-09-02T19:24:12+00:00","article_modified_time":"2025-09-14T19:24:55+00:00","og_image":[{"width":1066,"height":1600,"url":"http:\/\/cabellonews.com\/wp-content\/uploads\/2025\/09\/IMG_6968.jpeg","type":"image\/jpeg"}],"author":"cabellonews.com","twitter_card":"summary_large_image","twitter_misc":{"Written by":"cabellonews.com","Est. reading time":"1 minute"},"schema":{"@context":"https:\/\/schema.org","@graph":[{"@type":"WebPage","@id":"https:\/\/cabellonews.com\/?p=1997","url":"https:\/\/cabellonews.com\/?p=1997","name":"Concluye con \u00e9xito exposici\u00f3n y venta de artesan\u00edas \u201cOVNI-CEDES\u201d - cabellonews.com","isPartOf":{"@id":"https:\/\/cabellonews.com\/#website"},"datePublished":"2025-09-02T19:24:12+00:00","dateModified":"2025-09-14T19:24:55+00:00","author":{"@id":"https:\/\/cabellonews.com\/#\/schema\/person\/7afe73bafa6cc5a24fd4c67dfd4379d8"},"breadcrumb":{"@id":"https:\/\/cabellonews.com\/?p=1997#breadcrumb"},"inLanguage":"en-US","potentialAction":[{"@type":"ReadAction","target":["https:\/\/cabellonews.com\/?p=1997"]}]},{"@type":"BreadcrumbList","@id":"https:\/\/cabellonews.com\/?p=1997#breadcrumb","itemListElement":[{"@type":"ListItem","position":1,"name":"Inicio","item":"https:\/\/cabellonews.com\/"},{"@type":"ListItem","position":2,"name":"Concluye con \u00e9xito exposici\u00f3n y venta de artesan\u00edas \u201cOVNI-CEDES\u201d"}]},{"@type":"WebSite","@id":"https:\/\/cabellonews.com\/#website","url":"https:\/\/cabellonews.com\/","name":"cabellonews.com","description":"Con Cobertura En Tamaulipas Y norte de Veracruz","potentialAction":[{"@type":"SearchAction","target":{"@type":"EntryPoint","urlTemplate":"https:\/\/cabellonews.com\/?s={search_term_string}"},"query-input":"required name=search_term_string"}],"inLanguage":"en-US"},{"@type":"Person","@id":"https:\/\/cabellonews.com\/#\/schema\/person\/7afe73bafa6cc5a24fd4c67dfd4379d8","name":"cabellonews.com","image":{"@type":"ImageObject","inLanguage":"en-US","@id":"https:\/\/cabellonews.com\/#\/schema\/person\/image\/","url":"https:\/\/secure.gravatar.com\/avatar\/8d6324fc2806389aad4cd38639618406?s=96&d=mm&r=g","contentUrl":"https:\/\/secure.gravatar.com\/avatar\/8d6324fc2806389aad4cd38639618406?s=96&d=mm&r=g","caption":"cabellonews.com"},"sameAs":["http:\/\/cabellonews.com"],"url":"https:\/\/cabellonews.com\/?author=1"}]}},"_links":{"self":[{"href":"https:\/\/cabellonews.com\/index.php?rest_route=\/wp\/v2\/posts\/1997"}],"collection":[{"href":"https:\/\/cabellonews.com\/index.php?rest_route=\/wp\/v2\/posts"}],"about":[{"href":"https:\/\/cabellonews.com\/index.php?rest_route=\/wp\/v2\/types\/post"}],"author":[{"embeddable":true,"href":"https:\/\/cabellonews.com\/index.php?rest_route=\/wp\/v2\/users\/1"}],"replies":[{"embeddable":true,"href":"https:\/\/cabellonews.com\/index.php?rest_route=%2Fwp%2Fv2%2Fcomments&post=1997"}],"version-history":[{"count":1,"href":"https:\/\/cabellonews.com\/index.php?rest_route=\/wp\/v2\/posts\/1997\/revisions"}],"predecessor-version":[{"id":1999,"href":"https:\/\/cabellonews.com\/index.php?rest_route=\/wp\/v2\/posts\/1997\/revisions\/1999"}],"wp:featuredmedia":[{"embeddable":true,"href":"https:\/\/cabellonews.com\/index.php?rest_route=\/wp\/v2\/media\/1998"}],"wp:attachment":[{"href":"https:\/\/cabellonews.com\/index.php?rest_route=%2Fwp%2Fv2%2Fmedia&parent=1997"}],"wp:term":[{"taxonomy":"category","embeddable":true,"href":"https:\/\/cabellonews.com\/index.php?rest_route=%2Fwp%2Fv2%2Fcategories&post=1997"},{"taxonomy":"post_tag","embeddable":true,"href":"https:\/\/cabellonews.com\/index.php?rest_route=%2Fwp%2Fv2%2Ftags&post=1997"}],"curies":[{"name":"wp","href":"https:\/\/api.w.org\/{rel}","templated":true}]}}