{"id":1987,"date":"2025-08-22T04:01:14","date_gmt":"2025-08-22T04:01:14","guid":{"rendered":"https:\/\/cabellonews.com\/?p=1987"},"modified":"2025-08-22T04:01:14","modified_gmt":"2025-08-22T04:01:14","slug":"dictan-fallo-condenatorio-contra-mario-n-exsecretario-de-educacion-del-sexenio-pasado","status":"publish","type":"post","link":"https:\/\/cabellonews.com\/?p=1987","title":{"rendered":"Dictan fallo condenatorio contra Mario &#8220;N&#8221;; exsecretario de Educaci\u00f3n del sexenio pasado"},"content":{"rendered":"\n<p>21 de agosto de 2025<\/p>\n\n\n\n<p>Ciudad Victoria, Tamaulipas.- El Tribunal de Enjuiciamiento Unitario, presidido por la Maestra Martha Patricia Rodr\u00edguez Salinas, jueza de la Primera Regi\u00f3n, del Primer Distrito Judicial del Supremo Tribunal de Justicia en el Estado de Tamaulipas, dict\u00f3 fallo condenatorio en contra de Mario \u201cN\u201d, exsecretario de Educaci\u00f3n del sexenio del exgobernador de Tamaulipas, Francisco Javier Garc\u00eda Cabeza de Vaca, por encontrarlo penalmente responsable de los delitos de Ejercicio Il\u00edcito de Servicio P\u00fablico y Peculado, de acuerdo a lo dispuesto en los art\u00edculos 209, 211, 218 y 219 del C\u00f3digo Penal para el Estado de Tamaulipas.<\/p>\n\n\n\n<p>Lo anterior despu\u00e9s de haber escuchado a la totalidad de los testigos y peritos que desfilaron ante la presencia del Tribunal, quienes fueron contundentes en se\u00f1alar que el sentenciado, Mario \u201cN\u201d, celebr\u00f3 de manera ilegal un convenio, cuando ten\u00eda calidad de servidor p\u00fablico.<\/p>\n\n\n\n<p>En el caso se demostraron dos hip\u00f3tesis, la primera en fecha 15 de enero del 2018, cuando el sentenciado Mario \u201cN\u201d, en su calidad de servidor p\u00fablico celebr\u00f3 un convenio de colaboraci\u00f3n de pago de prima de seguro individual voluntario con cargo a n\u00f3mina, con la Aseguradora Metlife, M\u00e9xico S.A. de C.V., en la Ciudad de M\u00e9xico, con efectos legales, en esta ciudad capital, en virtud de que, en dicho acto intervino Mario \u201cN\u201d, representando a la Secretar\u00eda de Educaci\u00f3n del Estado de Tamaulipas con sede en Ciudad Victoria, Tamaulipas como subsecretario de Administraci\u00f3n de la mencionada dependencia, conducta que despleg\u00f3 sin que su cargo le facultara esa funci\u00f3n, puesto que la Ley Org\u00e1nica de la Administraci\u00f3n P\u00fablica del Estado de Tamaulipas, dispone en su art\u00edculo 13 que al frente de cada dependencia habr\u00e1 un titular quien ejercer\u00e1 las funciones de su competencia, aunado a que la secretar\u00eda, suscribe convenios relacionados con el ramo educativo, tal como lo dispone el numeral 36 fracci\u00f3n XVI relacionado con la fracci\u00f3n V de la Ley en cita, por lo que, derivado de ello, durante el periodo que tuvo vigencia dicho convenio, es decir, del 15 de enero del 2018 al 30 de septiembre del 2022, se realizaron diversos dep\u00f3sitos y transferencias por parte del a cuenta de Metlife, M\u00e9xico S.A. a diversa cuenta bancar\u00eda de Banco Santander (M\u00e9xico) S.A., perteneciente a la Secretar\u00eda de Educaci\u00f3n de Tamaulipas, lo cual asciende a la totalidad de $8,285,878.87 (ocho millones doscientos ochenta y cinco mil ochocientos setenta y ocho pesos con ochenta y siete centavos 87\/100 m.n.) y no a la Secretar\u00eda de Finanzas del Gobierno del Estado; lo anterior por concepto de servicio de retenci\u00f3n de primas a los trabajadores en su n\u00f3mina equivalente al 1% de cada retenci\u00f3n quincenal, cuyo monto, (en un segundo supuesto), fue distra\u00eddo para efectuar pagos por distintos conceptos, entre los que se encuentran, transferencias al mismo sentenciado, sin haber sido regulados por la Secretar\u00eda de Finanzas del Estado de Tamaulipas, pues dicha dependencia es la facultada para regular los ingresos y asignar las partidas presupuestales del ejercicio anual.<\/p>\n\n\n\n<p>Con este fallo, podr\u00eda alcanzar entre ambos il\u00edcitos una pena hasta de 20 a\u00f1os de prisi\u00f3n, lo cual se decidir\u00e1 en la audiencia p\u00fablica de reparaci\u00f3n de da\u00f1o e individualizaci\u00f3n de sanciones, programada para el 26 de agosto de 2025 a las 11:30 horas en la Sala \u201cH\u201d, del Centro Integral de Justicia en el Estado de Tamaulipas, encontr\u00e1ndose citadas las partes intervinientes.<\/p>\n","protected":false},"excerpt":{"rendered":"<p>21 de agosto de 2025 Ciudad Victoria, Tamaulipas.- El Tribunal de Enjuiciamiento Unitario, presidido por la Maestra Martha Patricia Rodr\u00edguez Salinas, jueza de la Primera Regi\u00f3n, del Primer Distrito Judicial del Supremo Tribunal de Justicia en el Estado de Tamaulipas, dict\u00f3 fallo condenatorio en contra de Mario \u201cN\u201d, exsecretario de Educaci\u00f3n del sexenio del exgobernador de Tamaulipas, Francisco Javier Garc\u00eda Cabeza de Vaca, por encontrarlo penalmente responsable de los delitos de Ejercicio Il\u00edcito de Servicio P\u00fablico y Peculado, de acuerdo a lo dispuesto en los art\u00edculos 209, 211, 218 y&hellip;<\/p>\n","protected":false},"author":1,"featured_media":0,"comment_status":"open","ping_status":"open","sticky":false,"template":"","format":"standard","meta":[],"categories":[1],"tags":[],"gutentor_comment":1,"yoast_head":"<!-- This site is optimized with the Yoast SEO plugin v20.10 - https:\/\/yoast.com\/wordpress\/plugins\/seo\/ -->\n<title>Dictan fallo condenatorio contra Mario &quot;N&quot;; exsecretario de Educaci\u00f3n del sexenio pasado - cabellonews.com<\/title>\n<meta name=\"robots\" content=\"index, follow, max-snippet:-1, max-image-preview:large, max-video-preview:-1\" \/>\n<link rel=\"canonical\" href=\"https:\/\/cabellonews.com\/?p=1987\" \/>\n<meta property=\"og:locale\" content=\"en_US\" \/>\n<meta property=\"og:type\" content=\"article\" \/>\n<meta property=\"og:title\" content=\"Dictan fallo condenatorio contra Mario &quot;N&quot;; exsecretario de Educaci\u00f3n del sexenio pasado - cabellonews.com\" \/>\n<meta property=\"og:description\" content=\"21 de agosto de 2025 Ciudad Victoria, Tamaulipas.- El Tribunal de Enjuiciamiento Unitario, presidido por la Maestra Martha Patricia Rodr\u00edguez Salinas, jueza de la Primera Regi\u00f3n, del Primer Distrito Judicial del Supremo Tribunal de Justicia en el Estado de Tamaulipas, dict\u00f3 fallo condenatorio en contra de Mario \u201cN\u201d, exsecretario de Educaci\u00f3n del sexenio del exgobernador de Tamaulipas, Francisco Javier Garc\u00eda Cabeza de Vaca, por encontrarlo penalmente responsable de los delitos de Ejercicio Il\u00edcito de Servicio P\u00fablico y Peculado, de acuerdo a lo dispuesto en los art\u00edculos 209, 211, 218 y&hellip;\" \/>\n<meta property=\"og:url\" content=\"https:\/\/cabellonews.com\/?p=1987\" \/>\n<meta property=\"og:site_name\" content=\"cabellonews.com\" \/>\n<meta property=\"article:published_time\" content=\"2025-08-22T04:01:14+00:00\" \/>\n<meta name=\"author\" content=\"cabellonews.com\" \/>\n<meta name=\"twitter:card\" content=\"summary_large_image\" \/>\n<meta name=\"twitter:label1\" content=\"Written by\" \/>\n\t<meta name=\"twitter:data1\" content=\"cabellonews.com\" \/>\n\t<meta name=\"twitter:label2\" content=\"Est. reading time\" \/>\n\t<meta name=\"twitter:data2\" content=\"3 minutes\" \/>\n<script type=\"application\/ld+json\" class=\"yoast-schema-graph\">{\"@context\":\"https:\/\/schema.org\",\"@graph\":[{\"@type\":\"WebPage\",\"@id\":\"https:\/\/cabellonews.com\/?p=1987\",\"url\":\"https:\/\/cabellonews.com\/?p=1987\",\"name\":\"Dictan fallo condenatorio contra Mario \\\"N\\\"; exsecretario de Educaci\u00f3n del sexenio pasado - cabellonews.com\",\"isPartOf\":{\"@id\":\"https:\/\/cabellonews.com\/#website\"},\"datePublished\":\"2025-08-22T04:01:14+00:00\",\"dateModified\":\"2025-08-22T04:01:14+00:00\",\"author\":{\"@id\":\"https:\/\/cabellonews.com\/#\/schema\/person\/7afe73bafa6cc5a24fd4c67dfd4379d8\"},\"breadcrumb\":{\"@id\":\"https:\/\/cabellonews.com\/?p=1987#breadcrumb\"},\"inLanguage\":\"en-US\",\"potentialAction\":[{\"@type\":\"ReadAction\",\"target\":[\"https:\/\/cabellonews.com\/?p=1987\"]}]},{\"@type\":\"BreadcrumbList\",\"@id\":\"https:\/\/cabellonews.com\/?p=1987#breadcrumb\",\"itemListElement\":[{\"@type\":\"ListItem\",\"position\":1,\"name\":\"Inicio\",\"item\":\"https:\/\/cabellonews.com\/\"},{\"@type\":\"ListItem\",\"position\":2,\"name\":\"Dictan fallo condenatorio contra Mario &#8220;N&#8221;; exsecretario de Educaci\u00f3n del sexenio pasado\"}]},{\"@type\":\"WebSite\",\"@id\":\"https:\/\/cabellonews.com\/#website\",\"url\":\"https:\/\/cabellonews.com\/\",\"name\":\"cabellonews.com\",\"description\":\"Con Cobertura En Tamaulipas Y norte de Veracruz\",\"potentialAction\":[{\"@type\":\"SearchAction\",\"target\":{\"@type\":\"EntryPoint\",\"urlTemplate\":\"https:\/\/cabellonews.com\/?s={search_term_string}\"},\"query-input\":\"required name=search_term_string\"}],\"inLanguage\":\"en-US\"},{\"@type\":\"Person\",\"@id\":\"https:\/\/cabellonews.com\/#\/schema\/person\/7afe73bafa6cc5a24fd4c67dfd4379d8\",\"name\":\"cabellonews.com\",\"image\":{\"@type\":\"ImageObject\",\"inLanguage\":\"en-US\",\"@id\":\"https:\/\/cabellonews.com\/#\/schema\/person\/image\/\",\"url\":\"https:\/\/secure.gravatar.com\/avatar\/8d6324fc2806389aad4cd38639618406?s=96&d=mm&r=g\",\"contentUrl\":\"https:\/\/secure.gravatar.com\/avatar\/8d6324fc2806389aad4cd38639618406?s=96&d=mm&r=g\",\"caption\":\"cabellonews.com\"},\"sameAs\":[\"http:\/\/cabellonews.com\"],\"url\":\"https:\/\/cabellonews.com\/?author=1\"}]}<\/script>\n<!-- \/ Yoast SEO plugin. -->","yoast_head_json":{"title":"Dictan fallo condenatorio contra Mario \"N\"; exsecretario de Educaci\u00f3n del sexenio pasado - cabellonews.com","robots":{"index":"index","follow":"follow","max-snippet":"max-snippet:-1","max-image-preview":"max-image-preview:large","max-video-preview":"max-video-preview:-1"},"canonical":"https:\/\/cabellonews.com\/?p=1987","og_locale":"en_US","og_type":"article","og_title":"Dictan fallo condenatorio contra Mario \"N\"; exsecretario de Educaci\u00f3n del sexenio pasado - cabellonews.com","og_description":"21 de agosto de 2025 Ciudad Victoria, Tamaulipas.- El Tribunal de Enjuiciamiento Unitario, presidido por la Maestra Martha Patricia Rodr\u00edguez Salinas, jueza de la Primera Regi\u00f3n, del Primer Distrito Judicial del Supremo Tribunal de Justicia en el Estado de Tamaulipas, dict\u00f3 fallo condenatorio en contra de Mario \u201cN\u201d, exsecretario de Educaci\u00f3n del sexenio del exgobernador de Tamaulipas, Francisco Javier Garc\u00eda Cabeza de Vaca, por encontrarlo penalmente responsable de los delitos de Ejercicio Il\u00edcito de Servicio P\u00fablico y Peculado, de acuerdo a lo dispuesto en los art\u00edculos 209, 211, 218 y&hellip;","og_url":"https:\/\/cabellonews.com\/?p=1987","og_site_name":"cabellonews.com","article_published_time":"2025-08-22T04:01:14+00:00","author":"cabellonews.com","twitter_card":"summary_large_image","twitter_misc":{"Written by":"cabellonews.com","Est. reading time":"3 minutes"},"schema":{"@context":"https:\/\/schema.org","@graph":[{"@type":"WebPage","@id":"https:\/\/cabellonews.com\/?p=1987","url":"https:\/\/cabellonews.com\/?p=1987","name":"Dictan fallo condenatorio contra Mario \"N\"; exsecretario de Educaci\u00f3n del sexenio pasado - cabellonews.com","isPartOf":{"@id":"https:\/\/cabellonews.com\/#website"},"datePublished":"2025-08-22T04:01:14+00:00","dateModified":"2025-08-22T04:01:14+00:00","author":{"@id":"https:\/\/cabellonews.com\/#\/schema\/person\/7afe73bafa6cc5a24fd4c67dfd4379d8"},"breadcrumb":{"@id":"https:\/\/cabellonews.com\/?p=1987#breadcrumb"},"inLanguage":"en-US","potentialAction":[{"@type":"ReadAction","target":["https:\/\/cabellonews.com\/?p=1987"]}]},{"@type":"BreadcrumbList","@id":"https:\/\/cabellonews.com\/?p=1987#breadcrumb","itemListElement":[{"@type":"ListItem","position":1,"name":"Inicio","item":"https:\/\/cabellonews.com\/"},{"@type":"ListItem","position":2,"name":"Dictan fallo condenatorio contra Mario &#8220;N&#8221;; exsecretario de Educaci\u00f3n del sexenio pasado"}]},{"@type":"WebSite","@id":"https:\/\/cabellonews.com\/#website","url":"https:\/\/cabellonews.com\/","name":"cabellonews.com","description":"Con Cobertura En Tamaulipas Y norte de Veracruz","potentialAction":[{"@type":"SearchAction","target":{"@type":"EntryPoint","urlTemplate":"https:\/\/cabellonews.com\/?s={search_term_string}"},"query-input":"required name=search_term_string"}],"inLanguage":"en-US"},{"@type":"Person","@id":"https:\/\/cabellonews.com\/#\/schema\/person\/7afe73bafa6cc5a24fd4c67dfd4379d8","name":"cabellonews.com","image":{"@type":"ImageObject","inLanguage":"en-US","@id":"https:\/\/cabellonews.com\/#\/schema\/person\/image\/","url":"https:\/\/secure.gravatar.com\/avatar\/8d6324fc2806389aad4cd38639618406?s=96&d=mm&r=g","contentUrl":"https:\/\/secure.gravatar.com\/avatar\/8d6324fc2806389aad4cd38639618406?s=96&d=mm&r=g","caption":"cabellonews.com"},"sameAs":["http:\/\/cabellonews.com"],"url":"https:\/\/cabellonews.com\/?author=1"}]}},"_links":{"self":[{"href":"https:\/\/cabellonews.com\/index.php?rest_route=\/wp\/v2\/posts\/1987"}],"collection":[{"href":"https:\/\/cabellonews.com\/index.php?rest_route=\/wp\/v2\/posts"}],"about":[{"href":"https:\/\/cabellonews.com\/index.php?rest_route=\/wp\/v2\/types\/post"}],"author":[{"embeddable":true,"href":"https:\/\/cabellonews.com\/index.php?rest_route=\/wp\/v2\/users\/1"}],"replies":[{"embeddable":true,"href":"https:\/\/cabellonews.com\/index.php?rest_route=%2Fwp%2Fv2%2Fcomments&post=1987"}],"version-history":[{"count":1,"href":"https:\/\/cabellonews.com\/index.php?rest_route=\/wp\/v2\/posts\/1987\/revisions"}],"predecessor-version":[{"id":1988,"href":"https:\/\/cabellonews.com\/index.php?rest_route=\/wp\/v2\/posts\/1987\/revisions\/1988"}],"wp:attachment":[{"href":"https:\/\/cabellonews.com\/index.php?rest_route=%2Fwp%2Fv2%2Fmedia&parent=1987"}],"wp:term":[{"taxonomy":"category","embeddable":true,"href":"https:\/\/cabellonews.com\/index.php?rest_route=%2Fwp%2Fv2%2Fcategories&post=1987"},{"taxonomy":"post_tag","embeddable":true,"href":"https:\/\/cabellonews.com\/index.php?rest_route=%2Fwp%2Fv2%2Ftags&post=1987"}],"curies":[{"name":"wp","href":"https:\/\/api.w.org\/{rel}","templated":true}]}}