{"id":1983,"date":"2025-08-15T18:37:32","date_gmt":"2025-08-15T18:37:32","guid":{"rendered":"https:\/\/cabellonews.com\/?p=1983"},"modified":"2025-08-15T18:37:32","modified_gmt":"2025-08-15T18:37:32","slug":"acusaciones-son-falsas-constructora-jf-konstruyendo","status":"publish","type":"post","link":"https:\/\/cabellonews.com\/?p=1983","title":{"rendered":"Acusaciones son falsas: constructora JF Konstruyendo"},"content":{"rendered":"\n<p>Cd. Victoria, Tamaulipas.- El empresario Jos\u00e9 Francisco Garc\u00eda Flores, desminti\u00f3 las publicaciones de medios nacionales que pretenden vincular a su empresa JK Konstruyendo, a uno de los reos recientemente extraditados a Estados Unidos.<\/p>\n\n\n<figure class=\"wp-block-post-featured-image\"><img width=\"240\" height=\"172\" src=\"https:\/\/cabellonews.com\/wp-content\/uploads\/2025\/08\/855bcac3-e32f-4ce8-837b-3eb68f8541a3-240x172.jpeg\" class=\"attachment-post-thumbnail size-post-thumbnail wp-post-image\" alt=\"\" decoding=\"async\" loading=\"lazy\" \/><\/figure>\n\n\n<p>Adem\u00e1s anunci\u00f3 que tomar\u00e1 acciones legales en contra los medios de comunicaci\u00f3n que difundieron esa noticia falsa, quien en una publicaci\u00f3n coloc\u00f3 su nombre de manera dolosa y comprometiendo su integridad y la de su familia.<\/p>\n\n\n\n<p>&#8220;Es una vil mentira y es cien por ciento una falsedad&#8221;, afirm\u00f3 el apoderado legal de la empresa JF Konstruyendo, &#8220;esto no se puede quedar as\u00ed, porque vulnera mi prestigio como empresario y como persona&#8221;.<\/p>\n\n\n\n<p>En conferencia de prensa, acompa\u00f1ado por el presidente de la C\u00e1mara Mexicana de la Industria de la Construcci\u00f3n en Victoria, Jorge Ad\u00e1n Contreras Galv\u00e1n, el empresario Garc\u00eda Flores mostr\u00f3 toda la documentaci\u00f3n que acredita la legalidad de la constructora y reiter\u00f3 que la acusaci\u00f3n de la periodista, &#8220;es una calumnia absoluta&#8221;.<\/p>\n\n\n\n<p>Agreg\u00f3 que la empresa JF Konstruyendo &#8220;es una constructora responsable, cumplida y honesta&#8221; y asegur\u00f3 que a la fecha no tiene ning\u00fan pendiente &#8220;todo est\u00e1 en regla&#8221;.<\/p>\n","protected":false},"excerpt":{"rendered":"<p>Cd. Victoria, Tamaulipas.- El empresario Jos\u00e9 Francisco Garc\u00eda Flores, desminti\u00f3 las publicaciones de medios nacionales que pretenden vincular a su empresa JK Konstruyendo, a uno de los reos recientemente extraditados a Estados Unidos. Adem\u00e1s anunci\u00f3 que tomar\u00e1 acciones legales en contra los medios de comunicaci\u00f3n que difundieron esa noticia falsa, quien en una publicaci\u00f3n coloc\u00f3 su nombre de manera dolosa y comprometiendo su integridad y la de su familia. &#8220;Es una vil mentira y es cien por ciento una falsedad&#8221;, afirm\u00f3 el apoderado legal de la empresa JF Konstruyendo, &#8220;esto&hellip;<\/p>\n","protected":false},"author":1,"featured_media":1984,"comment_status":"open","ping_status":"open","sticky":false,"template":"","format":"standard","meta":[],"categories":[1],"tags":[],"gutentor_comment":2,"yoast_head":"<!-- This site is optimized with the Yoast SEO plugin v20.10 - https:\/\/yoast.com\/wordpress\/plugins\/seo\/ -->\n<title>Acusaciones son falsas: constructora JF Konstruyendo - cabellonews.com<\/title>\n<meta name=\"robots\" content=\"index, follow, max-snippet:-1, max-image-preview:large, max-video-preview:-1\" \/>\n<link rel=\"canonical\" href=\"https:\/\/cabellonews.com\/?p=1983\" \/>\n<meta property=\"og:locale\" content=\"en_US\" \/>\n<meta property=\"og:type\" content=\"article\" \/>\n<meta property=\"og:title\" content=\"Acusaciones son falsas: constructora JF Konstruyendo - cabellonews.com\" \/>\n<meta property=\"og:description\" content=\"Cd. Victoria, Tamaulipas.- El empresario Jos\u00e9 Francisco Garc\u00eda Flores, desminti\u00f3 las publicaciones de medios nacionales que pretenden vincular a su empresa JK Konstruyendo, a uno de los reos recientemente extraditados a Estados Unidos. Adem\u00e1s anunci\u00f3 que tomar\u00e1 acciones legales en contra los medios de comunicaci\u00f3n que difundieron esa noticia falsa, quien en una publicaci\u00f3n coloc\u00f3 su nombre de manera dolosa y comprometiendo su integridad y la de su familia. &#8220;Es una vil mentira y es cien por ciento una falsedad&#8221;, afirm\u00f3 el apoderado legal de la empresa JF Konstruyendo, &#8220;esto&hellip;\" \/>\n<meta property=\"og:url\" content=\"https:\/\/cabellonews.com\/?p=1983\" \/>\n<meta property=\"og:site_name\" content=\"cabellonews.com\" \/>\n<meta property=\"article:published_time\" content=\"2025-08-15T18:37:32+00:00\" \/>\n<meta property=\"og:image\" content=\"http:\/\/cabellonews.com\/wp-content\/uploads\/2025\/08\/855bcac3-e32f-4ce8-837b-3eb68f8541a3.jpeg\" \/>\n\t<meta property=\"og:image:width\" content=\"1280\" \/>\n\t<meta property=\"og:image:height\" content=\"853\" \/>\n\t<meta property=\"og:image:type\" content=\"image\/jpeg\" \/>\n<meta name=\"author\" content=\"cabellonews.com\" \/>\n<meta name=\"twitter:card\" content=\"summary_large_image\" \/>\n<meta name=\"twitter:label1\" content=\"Written by\" \/>\n\t<meta name=\"twitter:data1\" content=\"cabellonews.com\" \/>\n\t<meta name=\"twitter:label2\" content=\"Est. reading time\" \/>\n\t<meta name=\"twitter:data2\" content=\"1 minute\" \/>\n<script type=\"application\/ld+json\" class=\"yoast-schema-graph\">{\"@context\":\"https:\/\/schema.org\",\"@graph\":[{\"@type\":\"WebPage\",\"@id\":\"https:\/\/cabellonews.com\/?p=1983\",\"url\":\"https:\/\/cabellonews.com\/?p=1983\",\"name\":\"Acusaciones son falsas: constructora JF Konstruyendo - cabellonews.com\",\"isPartOf\":{\"@id\":\"https:\/\/cabellonews.com\/#website\"},\"datePublished\":\"2025-08-15T18:37:32+00:00\",\"dateModified\":\"2025-08-15T18:37:32+00:00\",\"author\":{\"@id\":\"https:\/\/cabellonews.com\/#\/schema\/person\/7afe73bafa6cc5a24fd4c67dfd4379d8\"},\"breadcrumb\":{\"@id\":\"https:\/\/cabellonews.com\/?p=1983#breadcrumb\"},\"inLanguage\":\"en-US\",\"potentialAction\":[{\"@type\":\"ReadAction\",\"target\":[\"https:\/\/cabellonews.com\/?p=1983\"]}]},{\"@type\":\"BreadcrumbList\",\"@id\":\"https:\/\/cabellonews.com\/?p=1983#breadcrumb\",\"itemListElement\":[{\"@type\":\"ListItem\",\"position\":1,\"name\":\"Inicio\",\"item\":\"https:\/\/cabellonews.com\/\"},{\"@type\":\"ListItem\",\"position\":2,\"name\":\"Acusaciones son falsas: constructora JF Konstruyendo\"}]},{\"@type\":\"WebSite\",\"@id\":\"https:\/\/cabellonews.com\/#website\",\"url\":\"https:\/\/cabellonews.com\/\",\"name\":\"cabellonews.com\",\"description\":\"Con Cobertura En Tamaulipas Y norte de Veracruz\",\"potentialAction\":[{\"@type\":\"SearchAction\",\"target\":{\"@type\":\"EntryPoint\",\"urlTemplate\":\"https:\/\/cabellonews.com\/?s={search_term_string}\"},\"query-input\":\"required name=search_term_string\"}],\"inLanguage\":\"en-US\"},{\"@type\":\"Person\",\"@id\":\"https:\/\/cabellonews.com\/#\/schema\/person\/7afe73bafa6cc5a24fd4c67dfd4379d8\",\"name\":\"cabellonews.com\",\"image\":{\"@type\":\"ImageObject\",\"inLanguage\":\"en-US\",\"@id\":\"https:\/\/cabellonews.com\/#\/schema\/person\/image\/\",\"url\":\"https:\/\/secure.gravatar.com\/avatar\/8d6324fc2806389aad4cd38639618406?s=96&d=mm&r=g\",\"contentUrl\":\"https:\/\/secure.gravatar.com\/avatar\/8d6324fc2806389aad4cd38639618406?s=96&d=mm&r=g\",\"caption\":\"cabellonews.com\"},\"sameAs\":[\"http:\/\/cabellonews.com\"],\"url\":\"https:\/\/cabellonews.com\/?author=1\"}]}<\/script>\n<!-- \/ Yoast SEO plugin. -->","yoast_head_json":{"title":"Acusaciones son falsas: constructora JF Konstruyendo - cabellonews.com","robots":{"index":"index","follow":"follow","max-snippet":"max-snippet:-1","max-image-preview":"max-image-preview:large","max-video-preview":"max-video-preview:-1"},"canonical":"https:\/\/cabellonews.com\/?p=1983","og_locale":"en_US","og_type":"article","og_title":"Acusaciones son falsas: constructora JF Konstruyendo - cabellonews.com","og_description":"Cd. Victoria, Tamaulipas.- El empresario Jos\u00e9 Francisco Garc\u00eda Flores, desminti\u00f3 las publicaciones de medios nacionales que pretenden vincular a su empresa JK Konstruyendo, a uno de los reos recientemente extraditados a Estados Unidos. Adem\u00e1s anunci\u00f3 que tomar\u00e1 acciones legales en contra los medios de comunicaci\u00f3n que difundieron esa noticia falsa, quien en una publicaci\u00f3n coloc\u00f3 su nombre de manera dolosa y comprometiendo su integridad y la de su familia. &#8220;Es una vil mentira y es cien por ciento una falsedad&#8221;, afirm\u00f3 el apoderado legal de la empresa JF Konstruyendo, &#8220;esto&hellip;","og_url":"https:\/\/cabellonews.com\/?p=1983","og_site_name":"cabellonews.com","article_published_time":"2025-08-15T18:37:32+00:00","og_image":[{"width":1280,"height":853,"url":"http:\/\/cabellonews.com\/wp-content\/uploads\/2025\/08\/855bcac3-e32f-4ce8-837b-3eb68f8541a3.jpeg","type":"image\/jpeg"}],"author":"cabellonews.com","twitter_card":"summary_large_image","twitter_misc":{"Written by":"cabellonews.com","Est. reading time":"1 minute"},"schema":{"@context":"https:\/\/schema.org","@graph":[{"@type":"WebPage","@id":"https:\/\/cabellonews.com\/?p=1983","url":"https:\/\/cabellonews.com\/?p=1983","name":"Acusaciones son falsas: constructora JF Konstruyendo - cabellonews.com","isPartOf":{"@id":"https:\/\/cabellonews.com\/#website"},"datePublished":"2025-08-15T18:37:32+00:00","dateModified":"2025-08-15T18:37:32+00:00","author":{"@id":"https:\/\/cabellonews.com\/#\/schema\/person\/7afe73bafa6cc5a24fd4c67dfd4379d8"},"breadcrumb":{"@id":"https:\/\/cabellonews.com\/?p=1983#breadcrumb"},"inLanguage":"en-US","potentialAction":[{"@type":"ReadAction","target":["https:\/\/cabellonews.com\/?p=1983"]}]},{"@type":"BreadcrumbList","@id":"https:\/\/cabellonews.com\/?p=1983#breadcrumb","itemListElement":[{"@type":"ListItem","position":1,"name":"Inicio","item":"https:\/\/cabellonews.com\/"},{"@type":"ListItem","position":2,"name":"Acusaciones son falsas: constructora JF Konstruyendo"}]},{"@type":"WebSite","@id":"https:\/\/cabellonews.com\/#website","url":"https:\/\/cabellonews.com\/","name":"cabellonews.com","description":"Con Cobertura En Tamaulipas Y norte de Veracruz","potentialAction":[{"@type":"SearchAction","target":{"@type":"EntryPoint","urlTemplate":"https:\/\/cabellonews.com\/?s={search_term_string}"},"query-input":"required name=search_term_string"}],"inLanguage":"en-US"},{"@type":"Person","@id":"https:\/\/cabellonews.com\/#\/schema\/person\/7afe73bafa6cc5a24fd4c67dfd4379d8","name":"cabellonews.com","image":{"@type":"ImageObject","inLanguage":"en-US","@id":"https:\/\/cabellonews.com\/#\/schema\/person\/image\/","url":"https:\/\/secure.gravatar.com\/avatar\/8d6324fc2806389aad4cd38639618406?s=96&d=mm&r=g","contentUrl":"https:\/\/secure.gravatar.com\/avatar\/8d6324fc2806389aad4cd38639618406?s=96&d=mm&r=g","caption":"cabellonews.com"},"sameAs":["http:\/\/cabellonews.com"],"url":"https:\/\/cabellonews.com\/?author=1"}]}},"_links":{"self":[{"href":"https:\/\/cabellonews.com\/index.php?rest_route=\/wp\/v2\/posts\/1983"}],"collection":[{"href":"https:\/\/cabellonews.com\/index.php?rest_route=\/wp\/v2\/posts"}],"about":[{"href":"https:\/\/cabellonews.com\/index.php?rest_route=\/wp\/v2\/types\/post"}],"author":[{"embeddable":true,"href":"https:\/\/cabellonews.com\/index.php?rest_route=\/wp\/v2\/users\/1"}],"replies":[{"embeddable":true,"href":"https:\/\/cabellonews.com\/index.php?rest_route=%2Fwp%2Fv2%2Fcomments&post=1983"}],"version-history":[{"count":1,"href":"https:\/\/cabellonews.com\/index.php?rest_route=\/wp\/v2\/posts\/1983\/revisions"}],"predecessor-version":[{"id":1985,"href":"https:\/\/cabellonews.com\/index.php?rest_route=\/wp\/v2\/posts\/1983\/revisions\/1985"}],"wp:featuredmedia":[{"embeddable":true,"href":"https:\/\/cabellonews.com\/index.php?rest_route=\/wp\/v2\/media\/1984"}],"wp:attachment":[{"href":"https:\/\/cabellonews.com\/index.php?rest_route=%2Fwp%2Fv2%2Fmedia&parent=1983"}],"wp:term":[{"taxonomy":"category","embeddable":true,"href":"https:\/\/cabellonews.com\/index.php?rest_route=%2Fwp%2Fv2%2Fcategories&post=1983"},{"taxonomy":"post_tag","embeddable":true,"href":"https:\/\/cabellonews.com\/index.php?rest_route=%2Fwp%2Fv2%2Ftags&post=1983"}],"curies":[{"name":"wp","href":"https:\/\/api.w.org\/{rel}","templated":true}]}}