{"id":1937,"date":"2025-08-04T20:36:10","date_gmt":"2025-08-04T20:36:10","guid":{"rendered":"https:\/\/cabellonews.com\/?p=1937"},"modified":"2025-08-13T20:36:44","modified_gmt":"2025-08-13T20:36:44","slug":"invierte-tamaulipas-mas-de-mil-millones-en-infraestructura-educativa","status":"publish","type":"post","link":"https:\/\/cabellonews.com\/?p=1937","title":{"rendered":"Invierte Tamaulipas m\u00e1s de mil millones en infraestructura educativa"},"content":{"rendered":"\n<p>Agosto 04 de 2025<\/p>\n\n\n<figure class=\"wp-block-post-featured-image\"><img width=\"240\" height=\"172\" src=\"https:\/\/cabellonews.com\/wp-content\/uploads\/2025\/08\/c92f9200-c7b4-47a4-8999-f8cc4f7a978a-240x172.jpeg\" class=\"attachment-post-thumbnail size-post-thumbnail wp-post-image\" alt=\"\" decoding=\"async\" loading=\"lazy\" srcset=\"https:\/\/cabellonews.com\/wp-content\/uploads\/2025\/08\/c92f9200-c7b4-47a4-8999-f8cc4f7a978a-240x172.jpeg 240w, https:\/\/cabellonews.com\/wp-content\/uploads\/2025\/08\/c92f9200-c7b4-47a4-8999-f8cc4f7a978a-511x365.jpeg 511w, https:\/\/cabellonews.com\/wp-content\/uploads\/2025\/08\/c92f9200-c7b4-47a4-8999-f8cc4f7a978a-840x600.jpeg 840w, https:\/\/cabellonews.com\/wp-content\/uploads\/2025\/08\/c92f9200-c7b4-47a4-8999-f8cc4f7a978a-768x548.jpeg 768w, https:\/\/cabellonews.com\/wp-content\/uploads\/2025\/08\/c92f9200-c7b4-47a4-8999-f8cc4f7a978a.jpeg 1280w\" sizes=\"(max-width: 240px) 100vw, 240px\" \/><\/figure>\n\n\n<p>Ciudad Victoria, Tamaulipas.\u2013 A casi tres a\u00f1os de la administraci\u00f3n estatal, en el estado se han invertido m\u00e1s de mil millones de pesos en infraestructura educativa, se\u00f1al\u00f3 Miguel \u00c1ngel Valdez Garc\u00eda, secretario de Educaci\u00f3n de Tamaulipas.<\/p>\n\n\n\n<p>Indic\u00f3 que para el ciclo escolar 2025\u20132026, el estado recibir\u00e1, por parte del programa La Escuela es Nuestra (LEEN), 350 millones de pesos, adem\u00e1s de alrededor de 223 millones de pesos del Fondo de Aportaciones M\u00faltiples (FAM) destinados para este rubro.<\/p>\n\n\n\n<p>Explic\u00f3 que es com\u00fan que los planteles educativos presenten problemas como descomposturas en las bombas de agua o fallas en los transformadores de energ\u00eda, entre otros, los cuales se atienden de manera oportuna para garantizar el servicio educativo a las y los estudiantes tamaulipecos.<\/p>\n\n\n\n<p>\u201cLa verdad es que desde que empez\u00f3 este gobierno del doctor Am\u00e9rico Villarreal Anaya, la inversi\u00f3n regular y constante ya rebasa los mil millones de pesos, y se viene realmente apuntando fuerte a que, al t\u00e9rmino del sexenio, haya cero rezago\u201d, puntualiz\u00f3.<\/p>\n\n\n\n<p>Cuestionado sobre las escuelas afectadas por las lluvias at\u00edpicas en Reynosa hace unos meses y por la tormenta tropical Barry en la zona ca\u00f1era y sur, mencion\u00f3 que, en el caso de la frontera, el seguro ya respondi\u00f3 por los da\u00f1os, mientras que, en los planteles del sur, se encuentra en proceso la evaluaci\u00f3n de los da\u00f1os para proceder a cubrirlos.<\/p>\n\n\n\n<p>Valdez Garc\u00eda resalt\u00f3 que uno de los objetivos del gobierno de la presidenta Claudia Sheinbaum es aumentar el porcentaje de estudiantes en el nivel medio superior, y que, en el caso de Tamaulipas, se contempla la apertura de nuevos planteles para este nivel.<\/p>\n\n\n\n<p>\u201cDe entrada, tenemos muy buenas noticias: en Reynosa hay un nuevo CBTIS que se va a abrir; en Nuevo Laredo, se va a convertir una secundaria para que posiblemente sea un Colegio de Bachilleres (COBACH); y, en el caso de Tampico, tambi\u00e9n estamos gestionando que una de las secundarias pueda convertirse en un CECyTE (Colegio de Estudios Cient\u00edficos y Tecnol\u00f3gicos)\u201d, complement\u00f3.<\/p>\n\n\n\n<p>Reiter\u00f3 que la indicaci\u00f3n del gobernador es que, para el ciclo escolar 2025\u20132026 por comenzar, no falte ni un solo espacio para estudiar y que nadie se quede fuera de la escuela en el nivel medio superior.<\/p>\n\n\n\n<pre class=\"wp-block-code\"><code>        *     *    *<\/code><\/pre>\n","protected":false},"excerpt":{"rendered":"<p>Agosto 04 de 2025 Ciudad Victoria, Tamaulipas.\u2013 A casi tres a\u00f1os de la administraci\u00f3n estatal, en el estado se han invertido m\u00e1s de mil millones de pesos en infraestructura educativa, se\u00f1al\u00f3 Miguel \u00c1ngel Valdez Garc\u00eda, secretario de Educaci\u00f3n de Tamaulipas. Indic\u00f3 que para el ciclo escolar 2025\u20132026, el estado recibir\u00e1, por parte del programa La Escuela es Nuestra (LEEN), 350 millones de pesos, adem\u00e1s de alrededor de 223 millones de pesos del Fondo de Aportaciones M\u00faltiples (FAM) destinados para este rubro. Explic\u00f3 que es com\u00fan que los planteles educativos presenten&hellip;<\/p>\n","protected":false},"author":1,"featured_media":1938,"comment_status":"open","ping_status":"open","sticky":false,"template":"","format":"standard","meta":[],"categories":[1],"tags":[],"gutentor_comment":0,"yoast_head":"<!-- This site is optimized with the Yoast SEO plugin v20.10 - https:\/\/yoast.com\/wordpress\/plugins\/seo\/ -->\n<title>Invierte Tamaulipas m\u00e1s de mil millones en infraestructura educativa - cabellonews.com<\/title>\n<meta name=\"robots\" content=\"index, follow, max-snippet:-1, max-image-preview:large, max-video-preview:-1\" \/>\n<link rel=\"canonical\" href=\"https:\/\/cabellonews.com\/?p=1937\" \/>\n<meta property=\"og:locale\" content=\"en_US\" \/>\n<meta property=\"og:type\" content=\"article\" \/>\n<meta property=\"og:title\" content=\"Invierte Tamaulipas m\u00e1s de mil millones en infraestructura educativa - cabellonews.com\" \/>\n<meta property=\"og:description\" content=\"Agosto 04 de 2025 Ciudad Victoria, Tamaulipas.\u2013 A casi tres a\u00f1os de la administraci\u00f3n estatal, en el estado se han invertido m\u00e1s de mil millones de pesos en infraestructura educativa, se\u00f1al\u00f3 Miguel \u00c1ngel Valdez Garc\u00eda, secretario de Educaci\u00f3n de Tamaulipas. Indic\u00f3 que para el ciclo escolar 2025\u20132026, el estado recibir\u00e1, por parte del programa La Escuela es Nuestra (LEEN), 350 millones de pesos, adem\u00e1s de alrededor de 223 millones de pesos del Fondo de Aportaciones M\u00faltiples (FAM) destinados para este rubro. Explic\u00f3 que es com\u00fan que los planteles educativos presenten&hellip;\" \/>\n<meta property=\"og:url\" content=\"https:\/\/cabellonews.com\/?p=1937\" \/>\n<meta property=\"og:site_name\" content=\"cabellonews.com\" \/>\n<meta property=\"article:published_time\" content=\"2025-08-04T20:36:10+00:00\" \/>\n<meta property=\"article:modified_time\" content=\"2025-08-13T20:36:44+00:00\" \/>\n<meta property=\"og:image\" content=\"http:\/\/cabellonews.com\/wp-content\/uploads\/2025\/08\/c92f9200-c7b4-47a4-8999-f8cc4f7a978a.jpeg\" \/>\n\t<meta property=\"og:image:width\" content=\"1280\" \/>\n\t<meta property=\"og:image:height\" content=\"914\" \/>\n\t<meta property=\"og:image:type\" content=\"image\/jpeg\" \/>\n<meta name=\"author\" content=\"cabellonews.com\" \/>\n<meta name=\"twitter:card\" content=\"summary_large_image\" \/>\n<meta name=\"twitter:label1\" content=\"Written by\" \/>\n\t<meta name=\"twitter:data1\" content=\"cabellonews.com\" \/>\n\t<meta name=\"twitter:label2\" content=\"Est. reading time\" \/>\n\t<meta name=\"twitter:data2\" content=\"2 minutes\" \/>\n<script type=\"application\/ld+json\" class=\"yoast-schema-graph\">{\"@context\":\"https:\/\/schema.org\",\"@graph\":[{\"@type\":\"WebPage\",\"@id\":\"https:\/\/cabellonews.com\/?p=1937\",\"url\":\"https:\/\/cabellonews.com\/?p=1937\",\"name\":\"Invierte Tamaulipas m\u00e1s de mil millones en infraestructura educativa - cabellonews.com\",\"isPartOf\":{\"@id\":\"https:\/\/cabellonews.com\/#website\"},\"datePublished\":\"2025-08-04T20:36:10+00:00\",\"dateModified\":\"2025-08-13T20:36:44+00:00\",\"author\":{\"@id\":\"https:\/\/cabellonews.com\/#\/schema\/person\/7afe73bafa6cc5a24fd4c67dfd4379d8\"},\"breadcrumb\":{\"@id\":\"https:\/\/cabellonews.com\/?p=1937#breadcrumb\"},\"inLanguage\":\"en-US\",\"potentialAction\":[{\"@type\":\"ReadAction\",\"target\":[\"https:\/\/cabellonews.com\/?p=1937\"]}]},{\"@type\":\"BreadcrumbList\",\"@id\":\"https:\/\/cabellonews.com\/?p=1937#breadcrumb\",\"itemListElement\":[{\"@type\":\"ListItem\",\"position\":1,\"name\":\"Inicio\",\"item\":\"https:\/\/cabellonews.com\/\"},{\"@type\":\"ListItem\",\"position\":2,\"name\":\"Invierte Tamaulipas m\u00e1s de mil millones en infraestructura educativa\"}]},{\"@type\":\"WebSite\",\"@id\":\"https:\/\/cabellonews.com\/#website\",\"url\":\"https:\/\/cabellonews.com\/\",\"name\":\"cabellonews.com\",\"description\":\"Con Cobertura En Tamaulipas Y norte de Veracruz\",\"potentialAction\":[{\"@type\":\"SearchAction\",\"target\":{\"@type\":\"EntryPoint\",\"urlTemplate\":\"https:\/\/cabellonews.com\/?s={search_term_string}\"},\"query-input\":\"required name=search_term_string\"}],\"inLanguage\":\"en-US\"},{\"@type\":\"Person\",\"@id\":\"https:\/\/cabellonews.com\/#\/schema\/person\/7afe73bafa6cc5a24fd4c67dfd4379d8\",\"name\":\"cabellonews.com\",\"image\":{\"@type\":\"ImageObject\",\"inLanguage\":\"en-US\",\"@id\":\"https:\/\/cabellonews.com\/#\/schema\/person\/image\/\",\"url\":\"https:\/\/secure.gravatar.com\/avatar\/8d6324fc2806389aad4cd38639618406?s=96&d=mm&r=g\",\"contentUrl\":\"https:\/\/secure.gravatar.com\/avatar\/8d6324fc2806389aad4cd38639618406?s=96&d=mm&r=g\",\"caption\":\"cabellonews.com\"},\"sameAs\":[\"http:\/\/cabellonews.com\"],\"url\":\"https:\/\/cabellonews.com\/?author=1\"}]}<\/script>\n<!-- \/ Yoast SEO plugin. -->","yoast_head_json":{"title":"Invierte Tamaulipas m\u00e1s de mil millones en infraestructura educativa - cabellonews.com","robots":{"index":"index","follow":"follow","max-snippet":"max-snippet:-1","max-image-preview":"max-image-preview:large","max-video-preview":"max-video-preview:-1"},"canonical":"https:\/\/cabellonews.com\/?p=1937","og_locale":"en_US","og_type":"article","og_title":"Invierte Tamaulipas m\u00e1s de mil millones en infraestructura educativa - cabellonews.com","og_description":"Agosto 04 de 2025 Ciudad Victoria, Tamaulipas.\u2013 A casi tres a\u00f1os de la administraci\u00f3n estatal, en el estado se han invertido m\u00e1s de mil millones de pesos en infraestructura educativa, se\u00f1al\u00f3 Miguel \u00c1ngel Valdez Garc\u00eda, secretario de Educaci\u00f3n de Tamaulipas. Indic\u00f3 que para el ciclo escolar 2025\u20132026, el estado recibir\u00e1, por parte del programa La Escuela es Nuestra (LEEN), 350 millones de pesos, adem\u00e1s de alrededor de 223 millones de pesos del Fondo de Aportaciones M\u00faltiples (FAM) destinados para este rubro. Explic\u00f3 que es com\u00fan que los planteles educativos presenten&hellip;","og_url":"https:\/\/cabellonews.com\/?p=1937","og_site_name":"cabellonews.com","article_published_time":"2025-08-04T20:36:10+00:00","article_modified_time":"2025-08-13T20:36:44+00:00","og_image":[{"width":1280,"height":914,"url":"http:\/\/cabellonews.com\/wp-content\/uploads\/2025\/08\/c92f9200-c7b4-47a4-8999-f8cc4f7a978a.jpeg","type":"image\/jpeg"}],"author":"cabellonews.com","twitter_card":"summary_large_image","twitter_misc":{"Written by":"cabellonews.com","Est. reading time":"2 minutes"},"schema":{"@context":"https:\/\/schema.org","@graph":[{"@type":"WebPage","@id":"https:\/\/cabellonews.com\/?p=1937","url":"https:\/\/cabellonews.com\/?p=1937","name":"Invierte Tamaulipas m\u00e1s de mil millones en infraestructura educativa - cabellonews.com","isPartOf":{"@id":"https:\/\/cabellonews.com\/#website"},"datePublished":"2025-08-04T20:36:10+00:00","dateModified":"2025-08-13T20:36:44+00:00","author":{"@id":"https:\/\/cabellonews.com\/#\/schema\/person\/7afe73bafa6cc5a24fd4c67dfd4379d8"},"breadcrumb":{"@id":"https:\/\/cabellonews.com\/?p=1937#breadcrumb"},"inLanguage":"en-US","potentialAction":[{"@type":"ReadAction","target":["https:\/\/cabellonews.com\/?p=1937"]}]},{"@type":"BreadcrumbList","@id":"https:\/\/cabellonews.com\/?p=1937#breadcrumb","itemListElement":[{"@type":"ListItem","position":1,"name":"Inicio","item":"https:\/\/cabellonews.com\/"},{"@type":"ListItem","position":2,"name":"Invierte Tamaulipas m\u00e1s de mil millones en infraestructura educativa"}]},{"@type":"WebSite","@id":"https:\/\/cabellonews.com\/#website","url":"https:\/\/cabellonews.com\/","name":"cabellonews.com","description":"Con Cobertura En Tamaulipas Y norte de Veracruz","potentialAction":[{"@type":"SearchAction","target":{"@type":"EntryPoint","urlTemplate":"https:\/\/cabellonews.com\/?s={search_term_string}"},"query-input":"required name=search_term_string"}],"inLanguage":"en-US"},{"@type":"Person","@id":"https:\/\/cabellonews.com\/#\/schema\/person\/7afe73bafa6cc5a24fd4c67dfd4379d8","name":"cabellonews.com","image":{"@type":"ImageObject","inLanguage":"en-US","@id":"https:\/\/cabellonews.com\/#\/schema\/person\/image\/","url":"https:\/\/secure.gravatar.com\/avatar\/8d6324fc2806389aad4cd38639618406?s=96&d=mm&r=g","contentUrl":"https:\/\/secure.gravatar.com\/avatar\/8d6324fc2806389aad4cd38639618406?s=96&d=mm&r=g","caption":"cabellonews.com"},"sameAs":["http:\/\/cabellonews.com"],"url":"https:\/\/cabellonews.com\/?author=1"}]}},"_links":{"self":[{"href":"https:\/\/cabellonews.com\/index.php?rest_route=\/wp\/v2\/posts\/1937"}],"collection":[{"href":"https:\/\/cabellonews.com\/index.php?rest_route=\/wp\/v2\/posts"}],"about":[{"href":"https:\/\/cabellonews.com\/index.php?rest_route=\/wp\/v2\/types\/post"}],"author":[{"embeddable":true,"href":"https:\/\/cabellonews.com\/index.php?rest_route=\/wp\/v2\/users\/1"}],"replies":[{"embeddable":true,"href":"https:\/\/cabellonews.com\/index.php?rest_route=%2Fwp%2Fv2%2Fcomments&post=1937"}],"version-history":[{"count":1,"href":"https:\/\/cabellonews.com\/index.php?rest_route=\/wp\/v2\/posts\/1937\/revisions"}],"predecessor-version":[{"id":1939,"href":"https:\/\/cabellonews.com\/index.php?rest_route=\/wp\/v2\/posts\/1937\/revisions\/1939"}],"wp:featuredmedia":[{"embeddable":true,"href":"https:\/\/cabellonews.com\/index.php?rest_route=\/wp\/v2\/media\/1938"}],"wp:attachment":[{"href":"https:\/\/cabellonews.com\/index.php?rest_route=%2Fwp%2Fv2%2Fmedia&parent=1937"}],"wp:term":[{"taxonomy":"category","embeddable":true,"href":"https:\/\/cabellonews.com\/index.php?rest_route=%2Fwp%2Fv2%2Fcategories&post=1937"},{"taxonomy":"post_tag","embeddable":true,"href":"https:\/\/cabellonews.com\/index.php?rest_route=%2Fwp%2Fv2%2Ftags&post=1937"}],"curies":[{"name":"wp","href":"https:\/\/api.w.org\/{rel}","templated":true}]}}