{"id":1863,"date":"2025-06-29T01:10:50","date_gmt":"2025-06-29T01:10:50","guid":{"rendered":"https:\/\/cabellonews.com\/?p=1863"},"modified":"2025-07-09T01:12:57","modified_gmt":"2025-07-09T01:12:57","slug":"monica-villarreal-encabeza-reunion-del-consejo-municipal-de-proteccion-civil-por-tormenta-tropical-barry","status":"publish","type":"post","link":"https:\/\/cabellonews.com\/?p=1863","title":{"rendered":"M\u00f3nica Villarreal Encabeza Reuni\u00f3n del Consejo Municipal de Protecci\u00f3n Civil por Tormenta Tropical &#8220;Barry&#8221;"},"content":{"rendered":"\n<p>Reafirmando su compromiso con la protecci\u00f3n de la ciudadan\u00eda ante fen\u00f3menos meteorol\u00f3gicos, la Presidenta Municipal de Tampico, M\u00f3nica Villarreal Anaya, encabez\u00f3 este domingo la s\u00e9ptima reuni\u00f3n del Consejo Municipal de Protecci\u00f3n Civil, celebrada en el Centro de Mando y Coordinaci\u00f3n instalado en el Centro de Bienestar y Paz de la colonia Vicente Guerrero, sector Mosc\u00fa.<\/p>\n\n\n<figure class=\"wp-block-post-featured-image\"><img width=\"240\" height=\"172\" src=\"https:\/\/cabellonews.com\/wp-content\/uploads\/2025\/07\/853a296b-df81-4f18-9502-cd27f6263200-240x172.jpeg\" class=\"attachment-post-thumbnail size-post-thumbnail wp-post-image\" alt=\"\" decoding=\"async\" loading=\"lazy\" \/><\/figure>\n\n\n<p>El objetivo del encuentro fue presentar las estrategias a implementar ante la inminente llegada de lluvias provocadas por la formaci\u00f3n de la Tormenta Tropical &#8220;Barry&#8221;, localizada en el Golfo de M\u00e9xico, y que podr\u00eda causar afectaciones en el sur de Tamaulipas.<\/p>\n\n\n\n<p>La alcaldesa inform\u00f3 que, de acuerdo al pron\u00f3stico, se esperan precipitaciones de hasta 150 mil\u00edmetros en la zona sur, de los cuales aproximadamente la mitad se concentrar\u00e1n en el municipio de Tampico en las pr\u00f3ximas nueve horas.<\/p>\n\n\n\n<p>&#8220;Desde noviembre comenzamos con acciones de prevenci\u00f3n a trav\u00e9s del Sistema Municipal de Alerta Temprana, dividiendo al municipio en seis zonas geogr\u00e1ficas asignadas a miembros del gabinete para una respuesta inmediata ante cualquier contingencia&#8221;, destac\u00f3 Villarreal Anaya.<\/p>\n\n\n\n<p>Se\u00f1al\u00f3 que, adem\u00e1s de los trabajos realizados por la Direcci\u00f3n de Protecci\u00f3n Civil Municipal, el \u00e1rea de Servicios P\u00fablicos ha llevado a cabo 71 jornadas de descacharrizaci\u00f3n y fumigaci\u00f3n, as\u00ed como la limpieza de 26 kil\u00f3metros de canales pluviales, en coordinaci\u00f3n con COMAPA SUR.<\/p>\n\n\n\n<p>Asimismo, dijo, se ha efectuado perifoneo en colonias susceptibles a inundaci\u00f3n como: Pescadores, Sembradores de Amistad, Guadalupe Victoria, Vicente Guerrero y Ampliaci\u00f3n Luis Donaldo Colosio, con el fin de mantener informada a la ciudadan\u00eda.<\/p>\n\n\n\n<p>La alcaldesa indic\u00f3 que se han habilitado cinco refugios temporales con condiciones adecuadas y saludables: Zona Centro, ubicado en calle Sor Juana In\u00e9s de la Cruz esquina con Emilio Carranza, Polideportivo Tampico, Auditorio Municipal, Delegaci\u00f3n zona norte, y el Centro de Bienestar y Paz en la colonia Vicente Guerrero, sector Mosc\u00fa. En ellos, la poblaci\u00f3n podr\u00e1 recibir atenci\u00f3n m\u00e9dica y alimentaci\u00f3n, en coordinaci\u00f3n con la Delegaci\u00f3n de Bienestar Social del Gobierno del Estado.<\/p>\n\n\n\n<p>Durante la sesi\u00f3n, Villarreal Anaya agradeci\u00f3 el respaldo de la CONAGUA, que ha proporcionado equipos de bombeo para desaguar zonas bajas, especialmente en la colonia Vicente Guerrero, brindando mayor seguridad a sus habitantes.<\/p>\n\n\n\n<p>En el evento se cont\u00f3 con la presencia del Director de Protecci\u00f3n Civil Regional, Rafael Chirinos Aguilar, la titular regional de Bienestar Social del Gobierno del Estado, Magdalena Peraza Guerra, adem\u00e1s de los titulares de Protecci\u00f3n Civil Municipal, Jos\u00e9 Antonio Mar\u00edn Flores, de Servicios P\u00fablicos, Ricardo Mora Alvarado, de Servicios M\u00e9dicos, Ofelia Cant\u00fa; y de Obras P\u00fablicas, Rogelio Ontiveros Arredondo.<\/p>\n\n\n\n<p><em>Participa M\u00f3nica Villarreal en Reuni\u00f3n Extraordinaria del Consejo Estatal de Protecci\u00f3n Civil<\/em><\/p>\n\n\n\n<p>Finalmente, la Presidenta Municipal inform\u00f3 que, previamente, particip\u00f3 en un enlace de la reuni\u00f3n extraordinaria del Consejo Estatal de Protecci\u00f3n Civil encabezada por el Gobernador del Estado, Dr. Am\u00e9rico Villarreal Anaya, y los alcaldes del sur de Tamaulipas, as\u00ed como representantes de la Secretar\u00eda de Marina, Ej\u00e9rcito Mexicano, CONAGUA y dem\u00e1s instancias estatales, para coordinar las acciones preventivas ante el fen\u00f3meno meteorol\u00f3gico.<\/p>\n\n\n\n<p>\u201cVamos a seguir trabajando de manera continua y en distintos turnos. La coordinaci\u00f3n entre los tres niveles de gobierno es lo que nos hace fuertes y nos permite dar resultados efectivos a las y los tampique\u00f1os\u201d,concluy\u00f3.<\/p>\n","protected":false},"excerpt":{"rendered":"<p>Reafirmando su compromiso con la protecci\u00f3n de la ciudadan\u00eda ante fen\u00f3menos meteorol\u00f3gicos, la Presidenta Municipal de Tampico, M\u00f3nica Villarreal Anaya, encabez\u00f3 este domingo la s\u00e9ptima reuni\u00f3n del Consejo Municipal de Protecci\u00f3n Civil, celebrada en el Centro de Mando y Coordinaci\u00f3n instalado en el Centro de Bienestar y Paz de la colonia Vicente Guerrero, sector Mosc\u00fa. El objetivo del encuentro fue presentar las estrategias a implementar ante la inminente llegada de lluvias provocadas por la formaci\u00f3n de la Tormenta Tropical &#8220;Barry&#8221;, localizada en el Golfo de M\u00e9xico, y que podr\u00eda causar&hellip;<\/p>\n","protected":false},"author":1,"featured_media":1864,"comment_status":"open","ping_status":"open","sticky":false,"template":"","format":"standard","meta":[],"categories":[1],"tags":[],"gutentor_comment":47,"yoast_head":"<!-- This site is optimized with the Yoast SEO plugin v20.10 - https:\/\/yoast.com\/wordpress\/plugins\/seo\/ -->\n<title>M\u00f3nica Villarreal Encabeza Reuni\u00f3n del Consejo Municipal de Protecci\u00f3n Civil por Tormenta Tropical &quot;Barry&quot; - cabellonews.com<\/title>\n<meta name=\"robots\" content=\"index, follow, max-snippet:-1, max-image-preview:large, max-video-preview:-1\" \/>\n<link rel=\"canonical\" href=\"https:\/\/cabellonews.com\/?p=1863\" \/>\n<meta property=\"og:locale\" content=\"en_US\" \/>\n<meta property=\"og:type\" content=\"article\" \/>\n<meta property=\"og:title\" content=\"M\u00f3nica Villarreal Encabeza Reuni\u00f3n del Consejo Municipal de Protecci\u00f3n Civil por Tormenta Tropical &quot;Barry&quot; - cabellonews.com\" \/>\n<meta property=\"og:description\" content=\"Reafirmando su compromiso con la protecci\u00f3n de la ciudadan\u00eda ante fen\u00f3menos meteorol\u00f3gicos, la Presidenta Municipal de Tampico, M\u00f3nica Villarreal Anaya, encabez\u00f3 este domingo la s\u00e9ptima reuni\u00f3n del Consejo Municipal de Protecci\u00f3n Civil, celebrada en el Centro de Mando y Coordinaci\u00f3n instalado en el Centro de Bienestar y Paz de la colonia Vicente Guerrero, sector Mosc\u00fa. El objetivo del encuentro fue presentar las estrategias a implementar ante la inminente llegada de lluvias provocadas por la formaci\u00f3n de la Tormenta Tropical &#8220;Barry&#8221;, localizada en el Golfo de M\u00e9xico, y que podr\u00eda causar&hellip;\" \/>\n<meta property=\"og:url\" content=\"https:\/\/cabellonews.com\/?p=1863\" \/>\n<meta property=\"og:site_name\" content=\"cabellonews.com\" \/>\n<meta property=\"article:published_time\" content=\"2025-06-29T01:10:50+00:00\" \/>\n<meta property=\"article:modified_time\" content=\"2025-07-09T01:12:57+00:00\" \/>\n<meta property=\"og:image\" content=\"http:\/\/cabellonews.com\/wp-content\/uploads\/2025\/07\/853a296b-df81-4f18-9502-cd27f6263200-scaled.jpeg\" \/>\n\t<meta property=\"og:image:width\" content=\"2560\" \/>\n\t<meta property=\"og:image:height\" content=\"1707\" \/>\n\t<meta property=\"og:image:type\" content=\"image\/jpeg\" \/>\n<meta name=\"author\" content=\"cabellonews.com\" \/>\n<meta name=\"twitter:card\" content=\"summary_large_image\" \/>\n<meta name=\"twitter:label1\" content=\"Written by\" \/>\n\t<meta name=\"twitter:data1\" content=\"cabellonews.com\" \/>\n\t<meta name=\"twitter:label2\" content=\"Est. reading time\" \/>\n\t<meta name=\"twitter:data2\" content=\"3 minutes\" \/>\n<script type=\"application\/ld+json\" class=\"yoast-schema-graph\">{\"@context\":\"https:\/\/schema.org\",\"@graph\":[{\"@type\":\"WebPage\",\"@id\":\"https:\/\/cabellonews.com\/?p=1863\",\"url\":\"https:\/\/cabellonews.com\/?p=1863\",\"name\":\"M\u00f3nica Villarreal Encabeza Reuni\u00f3n del Consejo Municipal de Protecci\u00f3n Civil por Tormenta Tropical \\\"Barry\\\" - cabellonews.com\",\"isPartOf\":{\"@id\":\"https:\/\/cabellonews.com\/#website\"},\"datePublished\":\"2025-06-29T01:10:50+00:00\",\"dateModified\":\"2025-07-09T01:12:57+00:00\",\"author\":{\"@id\":\"https:\/\/cabellonews.com\/#\/schema\/person\/7afe73bafa6cc5a24fd4c67dfd4379d8\"},\"breadcrumb\":{\"@id\":\"https:\/\/cabellonews.com\/?p=1863#breadcrumb\"},\"inLanguage\":\"en-US\",\"potentialAction\":[{\"@type\":\"ReadAction\",\"target\":[\"https:\/\/cabellonews.com\/?p=1863\"]}]},{\"@type\":\"BreadcrumbList\",\"@id\":\"https:\/\/cabellonews.com\/?p=1863#breadcrumb\",\"itemListElement\":[{\"@type\":\"ListItem\",\"position\":1,\"name\":\"Inicio\",\"item\":\"https:\/\/cabellonews.com\/\"},{\"@type\":\"ListItem\",\"position\":2,\"name\":\"M\u00f3nica Villarreal Encabeza Reuni\u00f3n del Consejo Municipal de Protecci\u00f3n Civil por Tormenta Tropical &#8220;Barry&#8221;\"}]},{\"@type\":\"WebSite\",\"@id\":\"https:\/\/cabellonews.com\/#website\",\"url\":\"https:\/\/cabellonews.com\/\",\"name\":\"cabellonews.com\",\"description\":\"Con Cobertura En Tamaulipas Y norte de Veracruz\",\"potentialAction\":[{\"@type\":\"SearchAction\",\"target\":{\"@type\":\"EntryPoint\",\"urlTemplate\":\"https:\/\/cabellonews.com\/?s={search_term_string}\"},\"query-input\":\"required name=search_term_string\"}],\"inLanguage\":\"en-US\"},{\"@type\":\"Person\",\"@id\":\"https:\/\/cabellonews.com\/#\/schema\/person\/7afe73bafa6cc5a24fd4c67dfd4379d8\",\"name\":\"cabellonews.com\",\"image\":{\"@type\":\"ImageObject\",\"inLanguage\":\"en-US\",\"@id\":\"https:\/\/cabellonews.com\/#\/schema\/person\/image\/\",\"url\":\"https:\/\/secure.gravatar.com\/avatar\/8d6324fc2806389aad4cd38639618406?s=96&d=mm&r=g\",\"contentUrl\":\"https:\/\/secure.gravatar.com\/avatar\/8d6324fc2806389aad4cd38639618406?s=96&d=mm&r=g\",\"caption\":\"cabellonews.com\"},\"sameAs\":[\"http:\/\/cabellonews.com\"],\"url\":\"https:\/\/cabellonews.com\/?author=1\"}]}<\/script>\n<!-- \/ Yoast SEO plugin. -->","yoast_head_json":{"title":"M\u00f3nica Villarreal Encabeza Reuni\u00f3n del Consejo Municipal de Protecci\u00f3n Civil por Tormenta Tropical \"Barry\" - cabellonews.com","robots":{"index":"index","follow":"follow","max-snippet":"max-snippet:-1","max-image-preview":"max-image-preview:large","max-video-preview":"max-video-preview:-1"},"canonical":"https:\/\/cabellonews.com\/?p=1863","og_locale":"en_US","og_type":"article","og_title":"M\u00f3nica Villarreal Encabeza Reuni\u00f3n del Consejo Municipal de Protecci\u00f3n Civil por Tormenta Tropical \"Barry\" - cabellonews.com","og_description":"Reafirmando su compromiso con la protecci\u00f3n de la ciudadan\u00eda ante fen\u00f3menos meteorol\u00f3gicos, la Presidenta Municipal de Tampico, M\u00f3nica Villarreal Anaya, encabez\u00f3 este domingo la s\u00e9ptima reuni\u00f3n del Consejo Municipal de Protecci\u00f3n Civil, celebrada en el Centro de Mando y Coordinaci\u00f3n instalado en el Centro de Bienestar y Paz de la colonia Vicente Guerrero, sector Mosc\u00fa. El objetivo del encuentro fue presentar las estrategias a implementar ante la inminente llegada de lluvias provocadas por la formaci\u00f3n de la Tormenta Tropical &#8220;Barry&#8221;, localizada en el Golfo de M\u00e9xico, y que podr\u00eda causar&hellip;","og_url":"https:\/\/cabellonews.com\/?p=1863","og_site_name":"cabellonews.com","article_published_time":"2025-06-29T01:10:50+00:00","article_modified_time":"2025-07-09T01:12:57+00:00","og_image":[{"width":2560,"height":1707,"url":"http:\/\/cabellonews.com\/wp-content\/uploads\/2025\/07\/853a296b-df81-4f18-9502-cd27f6263200-scaled.jpeg","type":"image\/jpeg"}],"author":"cabellonews.com","twitter_card":"summary_large_image","twitter_misc":{"Written by":"cabellonews.com","Est. reading time":"3 minutes"},"schema":{"@context":"https:\/\/schema.org","@graph":[{"@type":"WebPage","@id":"https:\/\/cabellonews.com\/?p=1863","url":"https:\/\/cabellonews.com\/?p=1863","name":"M\u00f3nica Villarreal Encabeza Reuni\u00f3n del Consejo Municipal de Protecci\u00f3n Civil por Tormenta Tropical \"Barry\" - cabellonews.com","isPartOf":{"@id":"https:\/\/cabellonews.com\/#website"},"datePublished":"2025-06-29T01:10:50+00:00","dateModified":"2025-07-09T01:12:57+00:00","author":{"@id":"https:\/\/cabellonews.com\/#\/schema\/person\/7afe73bafa6cc5a24fd4c67dfd4379d8"},"breadcrumb":{"@id":"https:\/\/cabellonews.com\/?p=1863#breadcrumb"},"inLanguage":"en-US","potentialAction":[{"@type":"ReadAction","target":["https:\/\/cabellonews.com\/?p=1863"]}]},{"@type":"BreadcrumbList","@id":"https:\/\/cabellonews.com\/?p=1863#breadcrumb","itemListElement":[{"@type":"ListItem","position":1,"name":"Inicio","item":"https:\/\/cabellonews.com\/"},{"@type":"ListItem","position":2,"name":"M\u00f3nica Villarreal Encabeza Reuni\u00f3n del Consejo Municipal de Protecci\u00f3n Civil por Tormenta Tropical &#8220;Barry&#8221;"}]},{"@type":"WebSite","@id":"https:\/\/cabellonews.com\/#website","url":"https:\/\/cabellonews.com\/","name":"cabellonews.com","description":"Con Cobertura En Tamaulipas Y norte de Veracruz","potentialAction":[{"@type":"SearchAction","target":{"@type":"EntryPoint","urlTemplate":"https:\/\/cabellonews.com\/?s={search_term_string}"},"query-input":"required name=search_term_string"}],"inLanguage":"en-US"},{"@type":"Person","@id":"https:\/\/cabellonews.com\/#\/schema\/person\/7afe73bafa6cc5a24fd4c67dfd4379d8","name":"cabellonews.com","image":{"@type":"ImageObject","inLanguage":"en-US","@id":"https:\/\/cabellonews.com\/#\/schema\/person\/image\/","url":"https:\/\/secure.gravatar.com\/avatar\/8d6324fc2806389aad4cd38639618406?s=96&d=mm&r=g","contentUrl":"https:\/\/secure.gravatar.com\/avatar\/8d6324fc2806389aad4cd38639618406?s=96&d=mm&r=g","caption":"cabellonews.com"},"sameAs":["http:\/\/cabellonews.com"],"url":"https:\/\/cabellonews.com\/?author=1"}]}},"_links":{"self":[{"href":"https:\/\/cabellonews.com\/index.php?rest_route=\/wp\/v2\/posts\/1863"}],"collection":[{"href":"https:\/\/cabellonews.com\/index.php?rest_route=\/wp\/v2\/posts"}],"about":[{"href":"https:\/\/cabellonews.com\/index.php?rest_route=\/wp\/v2\/types\/post"}],"author":[{"embeddable":true,"href":"https:\/\/cabellonews.com\/index.php?rest_route=\/wp\/v2\/users\/1"}],"replies":[{"embeddable":true,"href":"https:\/\/cabellonews.com\/index.php?rest_route=%2Fwp%2Fv2%2Fcomments&post=1863"}],"version-history":[{"count":1,"href":"https:\/\/cabellonews.com\/index.php?rest_route=\/wp\/v2\/posts\/1863\/revisions"}],"predecessor-version":[{"id":1865,"href":"https:\/\/cabellonews.com\/index.php?rest_route=\/wp\/v2\/posts\/1863\/revisions\/1865"}],"wp:featuredmedia":[{"embeddable":true,"href":"https:\/\/cabellonews.com\/index.php?rest_route=\/wp\/v2\/media\/1864"}],"wp:attachment":[{"href":"https:\/\/cabellonews.com\/index.php?rest_route=%2Fwp%2Fv2%2Fmedia&parent=1863"}],"wp:term":[{"taxonomy":"category","embeddable":true,"href":"https:\/\/cabellonews.com\/index.php?rest_route=%2Fwp%2Fv2%2Fcategories&post=1863"},{"taxonomy":"post_tag","embeddable":true,"href":"https:\/\/cabellonews.com\/index.php?rest_route=%2Fwp%2Fv2%2Ftags&post=1863"}],"curies":[{"name":"wp","href":"https:\/\/api.w.org\/{rel}","templated":true}]}}