{"id":1860,"date":"2025-06-28T01:09:31","date_gmt":"2025-06-28T01:09:31","guid":{"rendered":"https:\/\/cabellonews.com\/?p=1860"},"modified":"2025-07-09T01:10:23","modified_gmt":"2025-07-09T01:10:23","slug":"encabeza-monica-villarreal-jornada-de-descacharrizacion-y-entrega-de-apoyos-a-familias-afectadas","status":"publish","type":"post","link":"https:\/\/cabellonews.com\/?p=1860","title":{"rendered":"Encabeza M\u00f3nica Villarreal Jornada de Descacharrizaci\u00f3n y Entrega de Apoyos a Familias Afectadas"},"content":{"rendered":"\n<p><em>Suman ya 71 Jornadas de limpieza en los distintos sectores de la ciudad<\/em><\/p>\n\n\n<figure class=\"wp-block-post-featured-image\"><img width=\"240\" height=\"172\" src=\"https:\/\/cabellonews.com\/wp-content\/uploads\/2025\/07\/ea84f95d-baee-4624-bc99-891712dcc149-240x172.jpeg\" class=\"attachment-post-thumbnail size-post-thumbnail wp-post-image\" alt=\"\" decoding=\"async\" loading=\"lazy\" \/><\/figure>\n\n\n<p>Cumpliendo su compromiso de estar cerca de las familias tampique\u00f1as, la Presidenta municipal, M\u00f3nica Villarreal Anaya encabez\u00f3 este s\u00e1bado una nueva jornada de limpieza y descacharrizaci\u00f3n en la zona norte de la ciudad, adem\u00e1s de atender las afectaciones registradas por las lluvias.<\/p>\n\n\n\n<p>La jefa de la comuna, acompa\u00f1ada de los titulares de Servicios P\u00fablicos, Ricardo Mora Alvarado; Protecci\u00f3n Civil, Jos\u00e9 Antonio Mar\u00edn Flores; y de Obras P\u00fablicas, Rogelio Ontiveros Arredondo, recorri\u00f3 las colonias Luis Donaldo Colosio y Tancol, donde se llevaron acciones de limpieza y descacharrizaci\u00f3n; adem\u00e1s de escuchar y atender las problem\u00e1ticas de la poblaci\u00f3n, derivadas del aumento del R\u00edo Tames\u00ed.<\/p>\n\n\n\n<p>\u201cVamos a estar trabajando ahorita en la limpieza, y descacharrizaci\u00f3n; y tambi\u00e9n en la nivelaci\u00f3n de la calle para ofrecer v\u00edas dignas y de calidad. Hoy vamos ya por la jornada n\u00famero 71. Desde el mes de febrero hemos estado trabajando arduamente con estas jornadas para mantener nuestra ciudad limpia, atendiendo cada una de las colonias, y ahorita despu\u00e9s de las lluvias vamos a intensificar est\u00e1s jornadas, de abatizaci\u00f3n y descacharrizaci\u00f3n\u201d.<\/p>\n\n\n\n<p>Como parte de la jornada, la jefa de gobierno realiz\u00f3 la entrega de despensas a familias de la colonia Tancol y del ejido La Isleta que resultaron afectadas por las recientes lluvias. Expres\u00f3 que esta ayuda alimentaria tiene como objetivo brindar apoyo inmediato a quienes enfrentan situaciones de vulnerabilidad derivadas de las inclemencias del tiempo.<\/p>\n\n\n\n<p>Durante su visita, M\u00f3nica Villarreal sostuvo un di\u00e1logo directo con los vecinos de la zona, quienes le expresaron sus principales necesidades; por lo que de inmediato gir\u00f3 instrucciones a su equipo de colaboradores para atender las solicitudes.<\/p>\n\n\n\n<p>\u201cLa prioridad es proteger la integridad y el bienestar de todas las familias tampique\u00f1as. Vamos a seguir atentos y en coordinaci\u00f3n con todas las \u00e1reas para dar respuesta oportuna a cada situaci\u00f3n que se presente\u201d, puntualiz\u00f3.<\/p>\n","protected":false},"excerpt":{"rendered":"<p>Suman ya 71 Jornadas de limpieza en los distintos sectores de la ciudad Cumpliendo su compromiso de estar cerca de las familias tampique\u00f1as, la Presidenta municipal, M\u00f3nica Villarreal Anaya encabez\u00f3 este s\u00e1bado una nueva jornada de limpieza y descacharrizaci\u00f3n en la zona norte de la ciudad, adem\u00e1s de atender las afectaciones registradas por las lluvias. La jefa de la comuna, acompa\u00f1ada de los titulares de Servicios P\u00fablicos, Ricardo Mora Alvarado; Protecci\u00f3n Civil, Jos\u00e9 Antonio Mar\u00edn Flores; y de Obras P\u00fablicas, Rogelio Ontiveros Arredondo, recorri\u00f3 las colonias Luis Donaldo Colosio y&hellip;<\/p>\n","protected":false},"author":1,"featured_media":1861,"comment_status":"open","ping_status":"open","sticky":false,"template":"","format":"standard","meta":[],"categories":[1],"tags":[],"gutentor_comment":0,"yoast_head":"<!-- This site is optimized with the Yoast SEO plugin v20.10 - https:\/\/yoast.com\/wordpress\/plugins\/seo\/ -->\n<title>Encabeza M\u00f3nica Villarreal Jornada de Descacharrizaci\u00f3n y Entrega de Apoyos a Familias Afectadas - cabellonews.com<\/title>\n<meta name=\"robots\" content=\"index, follow, max-snippet:-1, max-image-preview:large, max-video-preview:-1\" \/>\n<link rel=\"canonical\" href=\"https:\/\/cabellonews.com\/?p=1860\" \/>\n<meta property=\"og:locale\" content=\"en_US\" \/>\n<meta property=\"og:type\" content=\"article\" \/>\n<meta property=\"og:title\" content=\"Encabeza M\u00f3nica Villarreal Jornada de Descacharrizaci\u00f3n y Entrega de Apoyos a Familias Afectadas - cabellonews.com\" \/>\n<meta property=\"og:description\" content=\"Suman ya 71 Jornadas de limpieza en los distintos sectores de la ciudad Cumpliendo su compromiso de estar cerca de las familias tampique\u00f1as, la Presidenta municipal, M\u00f3nica Villarreal Anaya encabez\u00f3 este s\u00e1bado una nueva jornada de limpieza y descacharrizaci\u00f3n en la zona norte de la ciudad, adem\u00e1s de atender las afectaciones registradas por las lluvias. La jefa de la comuna, acompa\u00f1ada de los titulares de Servicios P\u00fablicos, Ricardo Mora Alvarado; Protecci\u00f3n Civil, Jos\u00e9 Antonio Mar\u00edn Flores; y de Obras P\u00fablicas, Rogelio Ontiveros Arredondo, recorri\u00f3 las colonias Luis Donaldo Colosio y&hellip;\" \/>\n<meta property=\"og:url\" content=\"https:\/\/cabellonews.com\/?p=1860\" \/>\n<meta property=\"og:site_name\" content=\"cabellonews.com\" \/>\n<meta property=\"article:published_time\" content=\"2025-06-28T01:09:31+00:00\" \/>\n<meta property=\"article:modified_time\" content=\"2025-07-09T01:10:23+00:00\" \/>\n<meta property=\"og:image\" content=\"http:\/\/cabellonews.com\/wp-content\/uploads\/2025\/07\/ea84f95d-baee-4624-bc99-891712dcc149-scaled.jpeg\" \/>\n\t<meta property=\"og:image:width\" content=\"2560\" \/>\n\t<meta property=\"og:image:height\" content=\"1706\" \/>\n\t<meta property=\"og:image:type\" content=\"image\/jpeg\" \/>\n<meta name=\"author\" content=\"cabellonews.com\" \/>\n<meta name=\"twitter:card\" content=\"summary_large_image\" \/>\n<meta name=\"twitter:label1\" content=\"Written by\" \/>\n\t<meta name=\"twitter:data1\" content=\"cabellonews.com\" \/>\n\t<meta name=\"twitter:label2\" content=\"Est. reading time\" \/>\n\t<meta name=\"twitter:data2\" content=\"2 minutes\" \/>\n<script type=\"application\/ld+json\" class=\"yoast-schema-graph\">{\"@context\":\"https:\/\/schema.org\",\"@graph\":[{\"@type\":\"WebPage\",\"@id\":\"https:\/\/cabellonews.com\/?p=1860\",\"url\":\"https:\/\/cabellonews.com\/?p=1860\",\"name\":\"Encabeza M\u00f3nica Villarreal Jornada de Descacharrizaci\u00f3n y Entrega de Apoyos a Familias Afectadas - cabellonews.com\",\"isPartOf\":{\"@id\":\"https:\/\/cabellonews.com\/#website\"},\"datePublished\":\"2025-06-28T01:09:31+00:00\",\"dateModified\":\"2025-07-09T01:10:23+00:00\",\"author\":{\"@id\":\"https:\/\/cabellonews.com\/#\/schema\/person\/7afe73bafa6cc5a24fd4c67dfd4379d8\"},\"breadcrumb\":{\"@id\":\"https:\/\/cabellonews.com\/?p=1860#breadcrumb\"},\"inLanguage\":\"en-US\",\"potentialAction\":[{\"@type\":\"ReadAction\",\"target\":[\"https:\/\/cabellonews.com\/?p=1860\"]}]},{\"@type\":\"BreadcrumbList\",\"@id\":\"https:\/\/cabellonews.com\/?p=1860#breadcrumb\",\"itemListElement\":[{\"@type\":\"ListItem\",\"position\":1,\"name\":\"Inicio\",\"item\":\"https:\/\/cabellonews.com\/\"},{\"@type\":\"ListItem\",\"position\":2,\"name\":\"Encabeza M\u00f3nica Villarreal Jornada de Descacharrizaci\u00f3n y Entrega de Apoyos a Familias Afectadas\"}]},{\"@type\":\"WebSite\",\"@id\":\"https:\/\/cabellonews.com\/#website\",\"url\":\"https:\/\/cabellonews.com\/\",\"name\":\"cabellonews.com\",\"description\":\"Con Cobertura En Tamaulipas Y norte de Veracruz\",\"potentialAction\":[{\"@type\":\"SearchAction\",\"target\":{\"@type\":\"EntryPoint\",\"urlTemplate\":\"https:\/\/cabellonews.com\/?s={search_term_string}\"},\"query-input\":\"required name=search_term_string\"}],\"inLanguage\":\"en-US\"},{\"@type\":\"Person\",\"@id\":\"https:\/\/cabellonews.com\/#\/schema\/person\/7afe73bafa6cc5a24fd4c67dfd4379d8\",\"name\":\"cabellonews.com\",\"image\":{\"@type\":\"ImageObject\",\"inLanguage\":\"en-US\",\"@id\":\"https:\/\/cabellonews.com\/#\/schema\/person\/image\/\",\"url\":\"https:\/\/secure.gravatar.com\/avatar\/8d6324fc2806389aad4cd38639618406?s=96&d=mm&r=g\",\"contentUrl\":\"https:\/\/secure.gravatar.com\/avatar\/8d6324fc2806389aad4cd38639618406?s=96&d=mm&r=g\",\"caption\":\"cabellonews.com\"},\"sameAs\":[\"http:\/\/cabellonews.com\"],\"url\":\"https:\/\/cabellonews.com\/?author=1\"}]}<\/script>\n<!-- \/ Yoast SEO plugin. -->","yoast_head_json":{"title":"Encabeza M\u00f3nica Villarreal Jornada de Descacharrizaci\u00f3n y Entrega de Apoyos a Familias Afectadas - cabellonews.com","robots":{"index":"index","follow":"follow","max-snippet":"max-snippet:-1","max-image-preview":"max-image-preview:large","max-video-preview":"max-video-preview:-1"},"canonical":"https:\/\/cabellonews.com\/?p=1860","og_locale":"en_US","og_type":"article","og_title":"Encabeza M\u00f3nica Villarreal Jornada de Descacharrizaci\u00f3n y Entrega de Apoyos a Familias Afectadas - cabellonews.com","og_description":"Suman ya 71 Jornadas de limpieza en los distintos sectores de la ciudad Cumpliendo su compromiso de estar cerca de las familias tampique\u00f1as, la Presidenta municipal, M\u00f3nica Villarreal Anaya encabez\u00f3 este s\u00e1bado una nueva jornada de limpieza y descacharrizaci\u00f3n en la zona norte de la ciudad, adem\u00e1s de atender las afectaciones registradas por las lluvias. La jefa de la comuna, acompa\u00f1ada de los titulares de Servicios P\u00fablicos, Ricardo Mora Alvarado; Protecci\u00f3n Civil, Jos\u00e9 Antonio Mar\u00edn Flores; y de Obras P\u00fablicas, Rogelio Ontiveros Arredondo, recorri\u00f3 las colonias Luis Donaldo Colosio y&hellip;","og_url":"https:\/\/cabellonews.com\/?p=1860","og_site_name":"cabellonews.com","article_published_time":"2025-06-28T01:09:31+00:00","article_modified_time":"2025-07-09T01:10:23+00:00","og_image":[{"width":2560,"height":1706,"url":"http:\/\/cabellonews.com\/wp-content\/uploads\/2025\/07\/ea84f95d-baee-4624-bc99-891712dcc149-scaled.jpeg","type":"image\/jpeg"}],"author":"cabellonews.com","twitter_card":"summary_large_image","twitter_misc":{"Written by":"cabellonews.com","Est. reading time":"2 minutes"},"schema":{"@context":"https:\/\/schema.org","@graph":[{"@type":"WebPage","@id":"https:\/\/cabellonews.com\/?p=1860","url":"https:\/\/cabellonews.com\/?p=1860","name":"Encabeza M\u00f3nica Villarreal Jornada de Descacharrizaci\u00f3n y Entrega de Apoyos a Familias Afectadas - cabellonews.com","isPartOf":{"@id":"https:\/\/cabellonews.com\/#website"},"datePublished":"2025-06-28T01:09:31+00:00","dateModified":"2025-07-09T01:10:23+00:00","author":{"@id":"https:\/\/cabellonews.com\/#\/schema\/person\/7afe73bafa6cc5a24fd4c67dfd4379d8"},"breadcrumb":{"@id":"https:\/\/cabellonews.com\/?p=1860#breadcrumb"},"inLanguage":"en-US","potentialAction":[{"@type":"ReadAction","target":["https:\/\/cabellonews.com\/?p=1860"]}]},{"@type":"BreadcrumbList","@id":"https:\/\/cabellonews.com\/?p=1860#breadcrumb","itemListElement":[{"@type":"ListItem","position":1,"name":"Inicio","item":"https:\/\/cabellonews.com\/"},{"@type":"ListItem","position":2,"name":"Encabeza M\u00f3nica Villarreal Jornada de Descacharrizaci\u00f3n y Entrega de Apoyos a Familias Afectadas"}]},{"@type":"WebSite","@id":"https:\/\/cabellonews.com\/#website","url":"https:\/\/cabellonews.com\/","name":"cabellonews.com","description":"Con Cobertura En Tamaulipas Y norte de Veracruz","potentialAction":[{"@type":"SearchAction","target":{"@type":"EntryPoint","urlTemplate":"https:\/\/cabellonews.com\/?s={search_term_string}"},"query-input":"required name=search_term_string"}],"inLanguage":"en-US"},{"@type":"Person","@id":"https:\/\/cabellonews.com\/#\/schema\/person\/7afe73bafa6cc5a24fd4c67dfd4379d8","name":"cabellonews.com","image":{"@type":"ImageObject","inLanguage":"en-US","@id":"https:\/\/cabellonews.com\/#\/schema\/person\/image\/","url":"https:\/\/secure.gravatar.com\/avatar\/8d6324fc2806389aad4cd38639618406?s=96&d=mm&r=g","contentUrl":"https:\/\/secure.gravatar.com\/avatar\/8d6324fc2806389aad4cd38639618406?s=96&d=mm&r=g","caption":"cabellonews.com"},"sameAs":["http:\/\/cabellonews.com"],"url":"https:\/\/cabellonews.com\/?author=1"}]}},"_links":{"self":[{"href":"https:\/\/cabellonews.com\/index.php?rest_route=\/wp\/v2\/posts\/1860"}],"collection":[{"href":"https:\/\/cabellonews.com\/index.php?rest_route=\/wp\/v2\/posts"}],"about":[{"href":"https:\/\/cabellonews.com\/index.php?rest_route=\/wp\/v2\/types\/post"}],"author":[{"embeddable":true,"href":"https:\/\/cabellonews.com\/index.php?rest_route=\/wp\/v2\/users\/1"}],"replies":[{"embeddable":true,"href":"https:\/\/cabellonews.com\/index.php?rest_route=%2Fwp%2Fv2%2Fcomments&post=1860"}],"version-history":[{"count":1,"href":"https:\/\/cabellonews.com\/index.php?rest_route=\/wp\/v2\/posts\/1860\/revisions"}],"predecessor-version":[{"id":1862,"href":"https:\/\/cabellonews.com\/index.php?rest_route=\/wp\/v2\/posts\/1860\/revisions\/1862"}],"wp:featuredmedia":[{"embeddable":true,"href":"https:\/\/cabellonews.com\/index.php?rest_route=\/wp\/v2\/media\/1861"}],"wp:attachment":[{"href":"https:\/\/cabellonews.com\/index.php?rest_route=%2Fwp%2Fv2%2Fmedia&parent=1860"}],"wp:term":[{"taxonomy":"category","embeddable":true,"href":"https:\/\/cabellonews.com\/index.php?rest_route=%2Fwp%2Fv2%2Fcategories&post=1860"},{"taxonomy":"post_tag","embeddable":true,"href":"https:\/\/cabellonews.com\/index.php?rest_route=%2Fwp%2Fv2%2Ftags&post=1860"}],"curies":[{"name":"wp","href":"https:\/\/api.w.org\/{rel}","templated":true}]}}