{"id":1857,"date":"2025-06-27T01:07:42","date_gmt":"2025-06-27T01:07:42","guid":{"rendered":"https:\/\/cabellonews.com\/?p=1857"},"modified":"2025-07-09T01:09:00","modified_gmt":"2025-07-09T01:09:00","slug":"instala-monica-villarreal-centro-de-control-y-coordinacion-en-sector-moscu","status":"publish","type":"post","link":"https:\/\/cabellonews.com\/?p=1857","title":{"rendered":"Instala M\u00f3nica Villarreal Centro de Control y Coordinaci\u00f3n en Sector Mosc\u00fa"},"content":{"rendered":"\n<p><em>Desde ah\u00ed se atender\u00e1n las necesidades prioritarias de familias en riesgo de inundaci\u00f3n<\/em><\/p>\n\n\n<figure class=\"wp-block-post-featured-image\"><img width=\"240\" height=\"172\" src=\"https:\/\/cabellonews.com\/wp-content\/uploads\/2025\/07\/c9bc6b9f-920d-4aff-bf7b-e6653a3f7d45-240x172.jpeg\" class=\"attachment-post-thumbnail size-post-thumbnail wp-post-image\" alt=\"\" decoding=\"async\" loading=\"lazy\" \/><\/figure>\n\n\n<p>La Presidenta municipal de Tampico, M\u00f3nica Villarreal Anaya encabez\u00f3 este viernes, un nuevo recorrido en la zonas aleda\u00f1as al r\u00edo Tames\u00ed y Laguna del Chairel, con el prop\u00f3sito de atender las necesidades inmediatas de las personas y familias que se han visto afectadas por la creciente registrada en el afluente durante las \u00faltimas horas.<\/p>\n\n\n\n<p>Dicho recorrido se llev\u00f3 a cabo, despu\u00e9s de la Instalaci\u00f3n del Centro de Mando y Coordinaci\u00f3n en el Centro de Bienestar y Paz de la colonia Vicente Guerrero, sector Mosc\u00fa, acci\u00f3n que tiene como objetivo contar con un espacio centralizado para la gesti\u00f3n de operaciones, coordinaci\u00f3n de recursos y toma de decisiones, y en caso de requerirse tambi\u00e9n se utilizar\u00e1 como refugio.<\/p>\n\n\n\n<p>La autoridad municipal, acompa\u00f1ada del titular de Protecci\u00f3n Civil, Jos\u00e9 Antonio Marin Flores; de Servicios P\u00fablicos, Ricardo Mora Alvarado; y por representantes del Ej\u00e9rcito Mexicano, Guardia Nacional, Marina, Guardia Estatal, Tr\u00e1nsito y Bomberos; subray\u00f3 que la acci\u00f3n coordinada de todas las dependencias y organismos adheridos al Consejo municipal de Protecci\u00f3n Civil, ha permitido, escuchar, atender y responder al llamado de la poblaci\u00f3n, principalmente de las colonias, Pescadores, Vicente Guerrero, -sector Mosc\u00fa- Tamaulipas, y Morelos, entre otras.<\/p>\n\n\n\n<p>\u201cYa estamos tomando las medidas, llevamos ya cinco sesiones del Consejo de Protecci\u00f3n Civil, estamos monitoreando la creciente que se espera por la venida del r\u00edo P\u00e1nuco y del r\u00edo Tames\u00ed. Estamos atendiendo muy de cerca a la poblaci\u00f3n que habita en las zonas susceptibles a sufrir inundaciones, por eso nos estamos comunicando directamente con CONAGUA que nos ha facilitado bombas para poder dar respuesta a la ciudadan\u00eda, poniendo a salvo a las familias que puedan verse afectadas, y salvaguardando en la medida de lo posible, su patrimonio\u201d, expres\u00f3.<\/p>\n\n\n\n<p>M\u00f3nica Villarreal expuso que, aunque las lluvias han disminuido en la zona conurbada, los citados r\u00edos presentan un incremento en su nivel, derivado de las aguas provenientes del centro y norte de la entidad; fen\u00f3meno que dijo, representa un riesgo para los asentamientos ubicados en las m\u00e1rgenes de estos afluentes y del sistema lagunario.<\/p>\n\n\n\n<p>La primera autoridad, dijo que actualmente se tienen establecidos seis refugios para atender a toda la poblaci\u00f3n que requiera ser evacuada; en la colonia Pescadores a trav\u00e9s del Plan DN III iniciaron a evacuar a las familias que ya se encuentran afectadas por la creciente del r\u00edo Tames\u00ed.<\/p>\n\n\n\n<p>\u201cVamos a hacer todo lo humanamente posible y vamos a demostrar ese compromiso y responsabilidad con Tampico. Estamos haciendo perifoneo para que la gente est\u00e9 enterada y pueda ir tomando previsiones, no vamos a escatimar ning\u00fan recurso humano, ning\u00fan recurso de tiempo y estrategias para poder atender de la mejor manera una situaci\u00f3n que nos llegue\u201d, puntualiz\u00f3.<\/p>\n","protected":false},"excerpt":{"rendered":"<p>Desde ah\u00ed se atender\u00e1n las necesidades prioritarias de familias en riesgo de inundaci\u00f3n La Presidenta municipal de Tampico, M\u00f3nica Villarreal Anaya encabez\u00f3 este viernes, un nuevo recorrido en la zonas aleda\u00f1as al r\u00edo Tames\u00ed y Laguna del Chairel, con el prop\u00f3sito de atender las necesidades inmediatas de las personas y familias que se han visto afectadas por la creciente registrada en el afluente durante las \u00faltimas horas. Dicho recorrido se llev\u00f3 a cabo, despu\u00e9s de la Instalaci\u00f3n del Centro de Mando y Coordinaci\u00f3n en el Centro de Bienestar y Paz&hellip;<\/p>\n","protected":false},"author":1,"featured_media":1858,"comment_status":"open","ping_status":"open","sticky":false,"template":"","format":"standard","meta":[],"categories":[1],"tags":[],"gutentor_comment":0,"yoast_head":"<!-- This site is optimized with the Yoast SEO plugin v20.10 - https:\/\/yoast.com\/wordpress\/plugins\/seo\/ -->\n<title>Instala M\u00f3nica Villarreal Centro de Control y Coordinaci\u00f3n en Sector Mosc\u00fa - cabellonews.com<\/title>\n<meta name=\"robots\" content=\"index, follow, max-snippet:-1, max-image-preview:large, max-video-preview:-1\" \/>\n<link rel=\"canonical\" href=\"https:\/\/cabellonews.com\/?p=1857\" \/>\n<meta property=\"og:locale\" content=\"en_US\" \/>\n<meta property=\"og:type\" content=\"article\" \/>\n<meta property=\"og:title\" content=\"Instala M\u00f3nica Villarreal Centro de Control y Coordinaci\u00f3n en Sector Mosc\u00fa - cabellonews.com\" \/>\n<meta property=\"og:description\" content=\"Desde ah\u00ed se atender\u00e1n las necesidades prioritarias de familias en riesgo de inundaci\u00f3n La Presidenta municipal de Tampico, M\u00f3nica Villarreal Anaya encabez\u00f3 este viernes, un nuevo recorrido en la zonas aleda\u00f1as al r\u00edo Tames\u00ed y Laguna del Chairel, con el prop\u00f3sito de atender las necesidades inmediatas de las personas y familias que se han visto afectadas por la creciente registrada en el afluente durante las \u00faltimas horas. Dicho recorrido se llev\u00f3 a cabo, despu\u00e9s de la Instalaci\u00f3n del Centro de Mando y Coordinaci\u00f3n en el Centro de Bienestar y Paz&hellip;\" \/>\n<meta property=\"og:url\" content=\"https:\/\/cabellonews.com\/?p=1857\" \/>\n<meta property=\"og:site_name\" content=\"cabellonews.com\" \/>\n<meta property=\"article:published_time\" content=\"2025-06-27T01:07:42+00:00\" \/>\n<meta property=\"article:modified_time\" content=\"2025-07-09T01:09:00+00:00\" \/>\n<meta property=\"og:image\" content=\"http:\/\/cabellonews.com\/wp-content\/uploads\/2025\/07\/c9bc6b9f-920d-4aff-bf7b-e6653a3f7d45.jpeg\" \/>\n\t<meta property=\"og:image:width\" content=\"1600\" \/>\n\t<meta property=\"og:image:height\" content=\"1068\" \/>\n\t<meta property=\"og:image:type\" content=\"image\/jpeg\" \/>\n<meta name=\"author\" content=\"cabellonews.com\" \/>\n<meta name=\"twitter:card\" content=\"summary_large_image\" \/>\n<meta name=\"twitter:label1\" content=\"Written by\" \/>\n\t<meta name=\"twitter:data1\" content=\"cabellonews.com\" \/>\n\t<meta name=\"twitter:label2\" content=\"Est. reading time\" \/>\n\t<meta name=\"twitter:data2\" content=\"2 minutes\" \/>\n<script type=\"application\/ld+json\" class=\"yoast-schema-graph\">{\"@context\":\"https:\/\/schema.org\",\"@graph\":[{\"@type\":\"WebPage\",\"@id\":\"https:\/\/cabellonews.com\/?p=1857\",\"url\":\"https:\/\/cabellonews.com\/?p=1857\",\"name\":\"Instala M\u00f3nica Villarreal Centro de Control y Coordinaci\u00f3n en Sector Mosc\u00fa - cabellonews.com\",\"isPartOf\":{\"@id\":\"https:\/\/cabellonews.com\/#website\"},\"datePublished\":\"2025-06-27T01:07:42+00:00\",\"dateModified\":\"2025-07-09T01:09:00+00:00\",\"author\":{\"@id\":\"https:\/\/cabellonews.com\/#\/schema\/person\/7afe73bafa6cc5a24fd4c67dfd4379d8\"},\"breadcrumb\":{\"@id\":\"https:\/\/cabellonews.com\/?p=1857#breadcrumb\"},\"inLanguage\":\"en-US\",\"potentialAction\":[{\"@type\":\"ReadAction\",\"target\":[\"https:\/\/cabellonews.com\/?p=1857\"]}]},{\"@type\":\"BreadcrumbList\",\"@id\":\"https:\/\/cabellonews.com\/?p=1857#breadcrumb\",\"itemListElement\":[{\"@type\":\"ListItem\",\"position\":1,\"name\":\"Inicio\",\"item\":\"https:\/\/cabellonews.com\/\"},{\"@type\":\"ListItem\",\"position\":2,\"name\":\"Instala M\u00f3nica Villarreal Centro de Control y Coordinaci\u00f3n en Sector Mosc\u00fa\"}]},{\"@type\":\"WebSite\",\"@id\":\"https:\/\/cabellonews.com\/#website\",\"url\":\"https:\/\/cabellonews.com\/\",\"name\":\"cabellonews.com\",\"description\":\"Con Cobertura En Tamaulipas Y norte de Veracruz\",\"potentialAction\":[{\"@type\":\"SearchAction\",\"target\":{\"@type\":\"EntryPoint\",\"urlTemplate\":\"https:\/\/cabellonews.com\/?s={search_term_string}\"},\"query-input\":\"required name=search_term_string\"}],\"inLanguage\":\"en-US\"},{\"@type\":\"Person\",\"@id\":\"https:\/\/cabellonews.com\/#\/schema\/person\/7afe73bafa6cc5a24fd4c67dfd4379d8\",\"name\":\"cabellonews.com\",\"image\":{\"@type\":\"ImageObject\",\"inLanguage\":\"en-US\",\"@id\":\"https:\/\/cabellonews.com\/#\/schema\/person\/image\/\",\"url\":\"https:\/\/secure.gravatar.com\/avatar\/8d6324fc2806389aad4cd38639618406?s=96&d=mm&r=g\",\"contentUrl\":\"https:\/\/secure.gravatar.com\/avatar\/8d6324fc2806389aad4cd38639618406?s=96&d=mm&r=g\",\"caption\":\"cabellonews.com\"},\"sameAs\":[\"http:\/\/cabellonews.com\"],\"url\":\"https:\/\/cabellonews.com\/?author=1\"}]}<\/script>\n<!-- \/ Yoast SEO plugin. -->","yoast_head_json":{"title":"Instala M\u00f3nica Villarreal Centro de Control y Coordinaci\u00f3n en Sector Mosc\u00fa - cabellonews.com","robots":{"index":"index","follow":"follow","max-snippet":"max-snippet:-1","max-image-preview":"max-image-preview:large","max-video-preview":"max-video-preview:-1"},"canonical":"https:\/\/cabellonews.com\/?p=1857","og_locale":"en_US","og_type":"article","og_title":"Instala M\u00f3nica Villarreal Centro de Control y Coordinaci\u00f3n en Sector Mosc\u00fa - cabellonews.com","og_description":"Desde ah\u00ed se atender\u00e1n las necesidades prioritarias de familias en riesgo de inundaci\u00f3n La Presidenta municipal de Tampico, M\u00f3nica Villarreal Anaya encabez\u00f3 este viernes, un nuevo recorrido en la zonas aleda\u00f1as al r\u00edo Tames\u00ed y Laguna del Chairel, con el prop\u00f3sito de atender las necesidades inmediatas de las personas y familias que se han visto afectadas por la creciente registrada en el afluente durante las \u00faltimas horas. Dicho recorrido se llev\u00f3 a cabo, despu\u00e9s de la Instalaci\u00f3n del Centro de Mando y Coordinaci\u00f3n en el Centro de Bienestar y Paz&hellip;","og_url":"https:\/\/cabellonews.com\/?p=1857","og_site_name":"cabellonews.com","article_published_time":"2025-06-27T01:07:42+00:00","article_modified_time":"2025-07-09T01:09:00+00:00","og_image":[{"width":1600,"height":1068,"url":"http:\/\/cabellonews.com\/wp-content\/uploads\/2025\/07\/c9bc6b9f-920d-4aff-bf7b-e6653a3f7d45.jpeg","type":"image\/jpeg"}],"author":"cabellonews.com","twitter_card":"summary_large_image","twitter_misc":{"Written by":"cabellonews.com","Est. reading time":"2 minutes"},"schema":{"@context":"https:\/\/schema.org","@graph":[{"@type":"WebPage","@id":"https:\/\/cabellonews.com\/?p=1857","url":"https:\/\/cabellonews.com\/?p=1857","name":"Instala M\u00f3nica Villarreal Centro de Control y Coordinaci\u00f3n en Sector Mosc\u00fa - cabellonews.com","isPartOf":{"@id":"https:\/\/cabellonews.com\/#website"},"datePublished":"2025-06-27T01:07:42+00:00","dateModified":"2025-07-09T01:09:00+00:00","author":{"@id":"https:\/\/cabellonews.com\/#\/schema\/person\/7afe73bafa6cc5a24fd4c67dfd4379d8"},"breadcrumb":{"@id":"https:\/\/cabellonews.com\/?p=1857#breadcrumb"},"inLanguage":"en-US","potentialAction":[{"@type":"ReadAction","target":["https:\/\/cabellonews.com\/?p=1857"]}]},{"@type":"BreadcrumbList","@id":"https:\/\/cabellonews.com\/?p=1857#breadcrumb","itemListElement":[{"@type":"ListItem","position":1,"name":"Inicio","item":"https:\/\/cabellonews.com\/"},{"@type":"ListItem","position":2,"name":"Instala M\u00f3nica Villarreal Centro de Control y Coordinaci\u00f3n en Sector Mosc\u00fa"}]},{"@type":"WebSite","@id":"https:\/\/cabellonews.com\/#website","url":"https:\/\/cabellonews.com\/","name":"cabellonews.com","description":"Con Cobertura En Tamaulipas Y norte de Veracruz","potentialAction":[{"@type":"SearchAction","target":{"@type":"EntryPoint","urlTemplate":"https:\/\/cabellonews.com\/?s={search_term_string}"},"query-input":"required name=search_term_string"}],"inLanguage":"en-US"},{"@type":"Person","@id":"https:\/\/cabellonews.com\/#\/schema\/person\/7afe73bafa6cc5a24fd4c67dfd4379d8","name":"cabellonews.com","image":{"@type":"ImageObject","inLanguage":"en-US","@id":"https:\/\/cabellonews.com\/#\/schema\/person\/image\/","url":"https:\/\/secure.gravatar.com\/avatar\/8d6324fc2806389aad4cd38639618406?s=96&d=mm&r=g","contentUrl":"https:\/\/secure.gravatar.com\/avatar\/8d6324fc2806389aad4cd38639618406?s=96&d=mm&r=g","caption":"cabellonews.com"},"sameAs":["http:\/\/cabellonews.com"],"url":"https:\/\/cabellonews.com\/?author=1"}]}},"_links":{"self":[{"href":"https:\/\/cabellonews.com\/index.php?rest_route=\/wp\/v2\/posts\/1857"}],"collection":[{"href":"https:\/\/cabellonews.com\/index.php?rest_route=\/wp\/v2\/posts"}],"about":[{"href":"https:\/\/cabellonews.com\/index.php?rest_route=\/wp\/v2\/types\/post"}],"author":[{"embeddable":true,"href":"https:\/\/cabellonews.com\/index.php?rest_route=\/wp\/v2\/users\/1"}],"replies":[{"embeddable":true,"href":"https:\/\/cabellonews.com\/index.php?rest_route=%2Fwp%2Fv2%2Fcomments&post=1857"}],"version-history":[{"count":1,"href":"https:\/\/cabellonews.com\/index.php?rest_route=\/wp\/v2\/posts\/1857\/revisions"}],"predecessor-version":[{"id":1859,"href":"https:\/\/cabellonews.com\/index.php?rest_route=\/wp\/v2\/posts\/1857\/revisions\/1859"}],"wp:featuredmedia":[{"embeddable":true,"href":"https:\/\/cabellonews.com\/index.php?rest_route=\/wp\/v2\/media\/1858"}],"wp:attachment":[{"href":"https:\/\/cabellonews.com\/index.php?rest_route=%2Fwp%2Fv2%2Fmedia&parent=1857"}],"wp:term":[{"taxonomy":"category","embeddable":true,"href":"https:\/\/cabellonews.com\/index.php?rest_route=%2Fwp%2Fv2%2Fcategories&post=1857"},{"taxonomy":"post_tag","embeddable":true,"href":"https:\/\/cabellonews.com\/index.php?rest_route=%2Fwp%2Fv2%2Ftags&post=1857"}],"curies":[{"name":"wp","href":"https:\/\/api.w.org\/{rel}","templated":true}]}}