{"id":1854,"date":"2025-06-26T01:05:51","date_gmt":"2025-06-26T01:05:51","guid":{"rendered":"https:\/\/cabellonews.com\/?p=1854"},"modified":"2025-07-09T01:07:12","modified_gmt":"2025-07-09T01:07:12","slug":"inicia-dif-tampico-programa-de-deteccion-temprana-de-defectos-de-postura","status":"publish","type":"post","link":"https:\/\/cabellonews.com\/?p=1854","title":{"rendered":"Inicia DIF Tampico Programa de Detecci\u00f3n Temprana de Defectos de Postura"},"content":{"rendered":"\n<p><em>La iniciativa se implementa en los Centros CAIC<\/em><\/p>\n\n\n<figure class=\"wp-block-post-featured-image\"><img width=\"240\" height=\"172\" src=\"https:\/\/cabellonews.com\/wp-content\/uploads\/2025\/07\/15f691e6-268d-4feb-a3af-73a85ffa6172-240x172.jpeg\" class=\"attachment-post-thumbnail size-post-thumbnail wp-post-image\" alt=\"\" decoding=\"async\" loading=\"lazy\" \/><\/figure>\n\n\n<p>La detecci\u00f3n temprana de defectos en la estructura \u00f3sea en la ni\u00f1ez, es crucial para prevenir problemas de salud a largo plazo, asegur\u00f3 la Presidenta del Sistema DIF, Tampico, Dra. Luz Adriana Villarreal Anaya, al poner en marcha el proyecto de &#8220;Detecci\u00f3n Oportuna de Defectos de Postura&#8221;.<\/p>\n\n\n\n<p>Villarreal Anaya subray\u00f3 que mediante esta iniciativa, implementada en coordinaci\u00f3n con el Centro de Rehabilitaci\u00f3n Integral, en el espacio de atenci\u00f3n infantil \u201cSan Francisco de As\u00eds\u201d de la colonia Solidaridad, Voluntad y Trabajo, se beneficiar\u00e1 a los menores de entre 4 a 6 a\u00f1os.<\/p>\n\n\n\n<p>&#8220;La importancia de este programa de detecci\u00f3n oportuna de defectos posturales, es que, en edades tempranas como los peque\u00f1os de tercer a\u00f1o de preescolar, tengan una revisi\u00f3n f\u00edsica que incluya sus piecitos, piernas, cadera, hombros, y columna; que est\u00e9n alineados y si tienen pies planos se hace una valoraci\u00f3n; y s\u00ed se detecta alguna desviaci\u00f3n o falta de alineaci\u00f3n de su cuerpo se hace la canalizaci\u00f3n respectiva. Es muy importante esto porque si lo atendemos a tiempo puede ser que \u00fanicamente requieran de una plantilla del zapato ortop\u00e9dico y no generar despu\u00e9s alg\u00fan proceso incapacitante en edades posteriores\u201d, explic\u00f3.<\/p>\n\n\n\n<p>La titular del Sistema para el Desarrollo Integral de la Familia en Tampico dijo que, en caso de identificar a una ni\u00f1a o ni\u00f1o con alg\u00fan problema de este tipo, ser\u00e1 canalizado de inmediato a un ortopedista pedi\u00e1trico para su atenci\u00f3n integral a bajo costo o bien al Centro de Rehabilitaci\u00f3n Integral.<\/p>\n\n\n\n<p>&#8220;Lo estaremos desarrollando en todos los centros CAIC que pertenecen a nuestro DIF y posteriormente lo queremos abrir tambi\u00e9n a los jardines de ni\u00f1os federalizados, es una acci\u00f3n de prevenci\u00f3n para sus ni\u00f1os, hoy damos arranque a este proyecto y agradecemos su participaci\u00f3n\u201d, enfatiz\u00f3.<\/p>\n\n\n\n<p>Finalmente Villarreal Anaya agradeci\u00f3 a los padres de familia su apoyo al unirse al Sistema DIF Tampico, para brindar a los peque\u00f1os una mejor calidad de vida.<\/p>\n\n\n\n<p>En el evento de arranque del programa &#8221; Detecci\u00f3n Oportuna de Defectos de Postura&#8221;, estuvieron presentes Keyla Esmeralda Doria Betancourt, Subdirectora del Centro de Rehabilitaci\u00f3n Integral; Martha Lilia Maldonado \u00c1vila, Subdirectora de Guarder\u00edas y CAIC&#8217;S, y Alma Patricia Mendoza Epifanio, Coordinadora del CAIC San Francisco de As\u00eds.<\/p>\n","protected":false},"excerpt":{"rendered":"<p>La iniciativa se implementa en los Centros CAIC La detecci\u00f3n temprana de defectos en la estructura \u00f3sea en la ni\u00f1ez, es crucial para prevenir problemas de salud a largo plazo, asegur\u00f3 la Presidenta del Sistema DIF, Tampico, Dra. Luz Adriana Villarreal Anaya, al poner en marcha el proyecto de &#8220;Detecci\u00f3n Oportuna de Defectos de Postura&#8221;. Villarreal Anaya subray\u00f3 que mediante esta iniciativa, implementada en coordinaci\u00f3n con el Centro de Rehabilitaci\u00f3n Integral, en el espacio de atenci\u00f3n infantil \u201cSan Francisco de As\u00eds\u201d de la colonia Solidaridad, Voluntad y Trabajo, se beneficiar\u00e1&hellip;<\/p>\n","protected":false},"author":1,"featured_media":1855,"comment_status":"open","ping_status":"open","sticky":false,"template":"","format":"standard","meta":[],"categories":[1],"tags":[],"gutentor_comment":0,"yoast_head":"<!-- This site is optimized with the Yoast SEO plugin v20.10 - https:\/\/yoast.com\/wordpress\/plugins\/seo\/ -->\n<title>Inicia DIF Tampico Programa de Detecci\u00f3n Temprana de Defectos de Postura - cabellonews.com<\/title>\n<meta name=\"robots\" content=\"index, follow, max-snippet:-1, max-image-preview:large, max-video-preview:-1\" \/>\n<link rel=\"canonical\" href=\"https:\/\/cabellonews.com\/?p=1854\" \/>\n<meta property=\"og:locale\" content=\"en_US\" \/>\n<meta property=\"og:type\" content=\"article\" \/>\n<meta property=\"og:title\" content=\"Inicia DIF Tampico Programa de Detecci\u00f3n Temprana de Defectos de Postura - cabellonews.com\" \/>\n<meta property=\"og:description\" content=\"La iniciativa se implementa en los Centros CAIC La detecci\u00f3n temprana de defectos en la estructura \u00f3sea en la ni\u00f1ez, es crucial para prevenir problemas de salud a largo plazo, asegur\u00f3 la Presidenta del Sistema DIF, Tampico, Dra. Luz Adriana Villarreal Anaya, al poner en marcha el proyecto de &#8220;Detecci\u00f3n Oportuna de Defectos de Postura&#8221;. Villarreal Anaya subray\u00f3 que mediante esta iniciativa, implementada en coordinaci\u00f3n con el Centro de Rehabilitaci\u00f3n Integral, en el espacio de atenci\u00f3n infantil \u201cSan Francisco de As\u00eds\u201d de la colonia Solidaridad, Voluntad y Trabajo, se beneficiar\u00e1&hellip;\" \/>\n<meta property=\"og:url\" content=\"https:\/\/cabellonews.com\/?p=1854\" \/>\n<meta property=\"og:site_name\" content=\"cabellonews.com\" \/>\n<meta property=\"article:published_time\" content=\"2025-06-26T01:05:51+00:00\" \/>\n<meta property=\"article:modified_time\" content=\"2025-07-09T01:07:12+00:00\" \/>\n<meta property=\"og:image\" content=\"http:\/\/cabellonews.com\/wp-content\/uploads\/2025\/07\/15f691e6-268d-4feb-a3af-73a85ffa6172-scaled.jpeg\" \/>\n\t<meta property=\"og:image:width\" content=\"2560\" \/>\n\t<meta property=\"og:image:height\" content=\"1703\" \/>\n\t<meta property=\"og:image:type\" content=\"image\/jpeg\" \/>\n<meta name=\"author\" content=\"cabellonews.com\" \/>\n<meta name=\"twitter:card\" content=\"summary_large_image\" \/>\n<meta name=\"twitter:label1\" content=\"Written by\" \/>\n\t<meta name=\"twitter:data1\" content=\"cabellonews.com\" \/>\n\t<meta name=\"twitter:label2\" content=\"Est. reading time\" \/>\n\t<meta name=\"twitter:data2\" content=\"2 minutes\" \/>\n<script type=\"application\/ld+json\" class=\"yoast-schema-graph\">{\"@context\":\"https:\/\/schema.org\",\"@graph\":[{\"@type\":\"WebPage\",\"@id\":\"https:\/\/cabellonews.com\/?p=1854\",\"url\":\"https:\/\/cabellonews.com\/?p=1854\",\"name\":\"Inicia DIF Tampico Programa de Detecci\u00f3n Temprana de Defectos de Postura - cabellonews.com\",\"isPartOf\":{\"@id\":\"https:\/\/cabellonews.com\/#website\"},\"datePublished\":\"2025-06-26T01:05:51+00:00\",\"dateModified\":\"2025-07-09T01:07:12+00:00\",\"author\":{\"@id\":\"https:\/\/cabellonews.com\/#\/schema\/person\/7afe73bafa6cc5a24fd4c67dfd4379d8\"},\"breadcrumb\":{\"@id\":\"https:\/\/cabellonews.com\/?p=1854#breadcrumb\"},\"inLanguage\":\"en-US\",\"potentialAction\":[{\"@type\":\"ReadAction\",\"target\":[\"https:\/\/cabellonews.com\/?p=1854\"]}]},{\"@type\":\"BreadcrumbList\",\"@id\":\"https:\/\/cabellonews.com\/?p=1854#breadcrumb\",\"itemListElement\":[{\"@type\":\"ListItem\",\"position\":1,\"name\":\"Inicio\",\"item\":\"https:\/\/cabellonews.com\/\"},{\"@type\":\"ListItem\",\"position\":2,\"name\":\"Inicia DIF Tampico Programa de Detecci\u00f3n Temprana de Defectos de Postura\"}]},{\"@type\":\"WebSite\",\"@id\":\"https:\/\/cabellonews.com\/#website\",\"url\":\"https:\/\/cabellonews.com\/\",\"name\":\"cabellonews.com\",\"description\":\"Con Cobertura En Tamaulipas Y norte de Veracruz\",\"potentialAction\":[{\"@type\":\"SearchAction\",\"target\":{\"@type\":\"EntryPoint\",\"urlTemplate\":\"https:\/\/cabellonews.com\/?s={search_term_string}\"},\"query-input\":\"required name=search_term_string\"}],\"inLanguage\":\"en-US\"},{\"@type\":\"Person\",\"@id\":\"https:\/\/cabellonews.com\/#\/schema\/person\/7afe73bafa6cc5a24fd4c67dfd4379d8\",\"name\":\"cabellonews.com\",\"image\":{\"@type\":\"ImageObject\",\"inLanguage\":\"en-US\",\"@id\":\"https:\/\/cabellonews.com\/#\/schema\/person\/image\/\",\"url\":\"https:\/\/secure.gravatar.com\/avatar\/8d6324fc2806389aad4cd38639618406?s=96&d=mm&r=g\",\"contentUrl\":\"https:\/\/secure.gravatar.com\/avatar\/8d6324fc2806389aad4cd38639618406?s=96&d=mm&r=g\",\"caption\":\"cabellonews.com\"},\"sameAs\":[\"http:\/\/cabellonews.com\"],\"url\":\"https:\/\/cabellonews.com\/?author=1\"}]}<\/script>\n<!-- \/ Yoast SEO plugin. -->","yoast_head_json":{"title":"Inicia DIF Tampico Programa de Detecci\u00f3n Temprana de Defectos de Postura - cabellonews.com","robots":{"index":"index","follow":"follow","max-snippet":"max-snippet:-1","max-image-preview":"max-image-preview:large","max-video-preview":"max-video-preview:-1"},"canonical":"https:\/\/cabellonews.com\/?p=1854","og_locale":"en_US","og_type":"article","og_title":"Inicia DIF Tampico Programa de Detecci\u00f3n Temprana de Defectos de Postura - cabellonews.com","og_description":"La iniciativa se implementa en los Centros CAIC La detecci\u00f3n temprana de defectos en la estructura \u00f3sea en la ni\u00f1ez, es crucial para prevenir problemas de salud a largo plazo, asegur\u00f3 la Presidenta del Sistema DIF, Tampico, Dra. Luz Adriana Villarreal Anaya, al poner en marcha el proyecto de &#8220;Detecci\u00f3n Oportuna de Defectos de Postura&#8221;. Villarreal Anaya subray\u00f3 que mediante esta iniciativa, implementada en coordinaci\u00f3n con el Centro de Rehabilitaci\u00f3n Integral, en el espacio de atenci\u00f3n infantil \u201cSan Francisco de As\u00eds\u201d de la colonia Solidaridad, Voluntad y Trabajo, se beneficiar\u00e1&hellip;","og_url":"https:\/\/cabellonews.com\/?p=1854","og_site_name":"cabellonews.com","article_published_time":"2025-06-26T01:05:51+00:00","article_modified_time":"2025-07-09T01:07:12+00:00","og_image":[{"width":2560,"height":1703,"url":"http:\/\/cabellonews.com\/wp-content\/uploads\/2025\/07\/15f691e6-268d-4feb-a3af-73a85ffa6172-scaled.jpeg","type":"image\/jpeg"}],"author":"cabellonews.com","twitter_card":"summary_large_image","twitter_misc":{"Written by":"cabellonews.com","Est. reading time":"2 minutes"},"schema":{"@context":"https:\/\/schema.org","@graph":[{"@type":"WebPage","@id":"https:\/\/cabellonews.com\/?p=1854","url":"https:\/\/cabellonews.com\/?p=1854","name":"Inicia DIF Tampico Programa de Detecci\u00f3n Temprana de Defectos de Postura - cabellonews.com","isPartOf":{"@id":"https:\/\/cabellonews.com\/#website"},"datePublished":"2025-06-26T01:05:51+00:00","dateModified":"2025-07-09T01:07:12+00:00","author":{"@id":"https:\/\/cabellonews.com\/#\/schema\/person\/7afe73bafa6cc5a24fd4c67dfd4379d8"},"breadcrumb":{"@id":"https:\/\/cabellonews.com\/?p=1854#breadcrumb"},"inLanguage":"en-US","potentialAction":[{"@type":"ReadAction","target":["https:\/\/cabellonews.com\/?p=1854"]}]},{"@type":"BreadcrumbList","@id":"https:\/\/cabellonews.com\/?p=1854#breadcrumb","itemListElement":[{"@type":"ListItem","position":1,"name":"Inicio","item":"https:\/\/cabellonews.com\/"},{"@type":"ListItem","position":2,"name":"Inicia DIF Tampico Programa de Detecci\u00f3n Temprana de Defectos de Postura"}]},{"@type":"WebSite","@id":"https:\/\/cabellonews.com\/#website","url":"https:\/\/cabellonews.com\/","name":"cabellonews.com","description":"Con Cobertura En Tamaulipas Y norte de Veracruz","potentialAction":[{"@type":"SearchAction","target":{"@type":"EntryPoint","urlTemplate":"https:\/\/cabellonews.com\/?s={search_term_string}"},"query-input":"required name=search_term_string"}],"inLanguage":"en-US"},{"@type":"Person","@id":"https:\/\/cabellonews.com\/#\/schema\/person\/7afe73bafa6cc5a24fd4c67dfd4379d8","name":"cabellonews.com","image":{"@type":"ImageObject","inLanguage":"en-US","@id":"https:\/\/cabellonews.com\/#\/schema\/person\/image\/","url":"https:\/\/secure.gravatar.com\/avatar\/8d6324fc2806389aad4cd38639618406?s=96&d=mm&r=g","contentUrl":"https:\/\/secure.gravatar.com\/avatar\/8d6324fc2806389aad4cd38639618406?s=96&d=mm&r=g","caption":"cabellonews.com"},"sameAs":["http:\/\/cabellonews.com"],"url":"https:\/\/cabellonews.com\/?author=1"}]}},"_links":{"self":[{"href":"https:\/\/cabellonews.com\/index.php?rest_route=\/wp\/v2\/posts\/1854"}],"collection":[{"href":"https:\/\/cabellonews.com\/index.php?rest_route=\/wp\/v2\/posts"}],"about":[{"href":"https:\/\/cabellonews.com\/index.php?rest_route=\/wp\/v2\/types\/post"}],"author":[{"embeddable":true,"href":"https:\/\/cabellonews.com\/index.php?rest_route=\/wp\/v2\/users\/1"}],"replies":[{"embeddable":true,"href":"https:\/\/cabellonews.com\/index.php?rest_route=%2Fwp%2Fv2%2Fcomments&post=1854"}],"version-history":[{"count":1,"href":"https:\/\/cabellonews.com\/index.php?rest_route=\/wp\/v2\/posts\/1854\/revisions"}],"predecessor-version":[{"id":1856,"href":"https:\/\/cabellonews.com\/index.php?rest_route=\/wp\/v2\/posts\/1854\/revisions\/1856"}],"wp:featuredmedia":[{"embeddable":true,"href":"https:\/\/cabellonews.com\/index.php?rest_route=\/wp\/v2\/media\/1855"}],"wp:attachment":[{"href":"https:\/\/cabellonews.com\/index.php?rest_route=%2Fwp%2Fv2%2Fmedia&parent=1854"}],"wp:term":[{"taxonomy":"category","embeddable":true,"href":"https:\/\/cabellonews.com\/index.php?rest_route=%2Fwp%2Fv2%2Fcategories&post=1854"},{"taxonomy":"post_tag","embeddable":true,"href":"https:\/\/cabellonews.com\/index.php?rest_route=%2Fwp%2Fv2%2Ftags&post=1854"}],"curies":[{"name":"wp","href":"https:\/\/api.w.org\/{rel}","templated":true}]}}