{"id":1851,"date":"2025-06-25T01:03:40","date_gmt":"2025-06-25T01:03:40","guid":{"rendered":"https:\/\/cabellonews.com\/?p=1851"},"modified":"2025-07-09T01:05:22","modified_gmt":"2025-07-09T01:05:22","slug":"encabeza-monica-villarreal-supervision-preventiva-en-zonas-bajas-ante-riesgo-por-creciente-de-los-rios","status":"publish","type":"post","link":"https:\/\/cabellonews.com\/?p=1851","title":{"rendered":"Encabeza M\u00f3nica Villarreal supervisi\u00f3n preventiva en zonas bajas ante riesgo por creciente de los r\u00edos"},"content":{"rendered":"\n<p>Cumpliendo el compromiso de atender las necesidades prioritarias de la poblaci\u00f3n asentada en las zonas bajas del municipio, la presidenta municipal, M\u00f3nica Villarreal Anaya encabez\u00f3 este d\u00eda, la supervisi\u00f3n de las \u00e1reas susceptibles a verse afectadas por las precipitaciones pluviales.<\/p>\n\n\n<figure class=\"wp-block-post-featured-image\"><img width=\"240\" height=\"172\" src=\"https:\/\/cabellonews.com\/wp-content\/uploads\/2025\/07\/4c73e4bd-7dae-4221-b1f3-7433d8ad0f70-240x172.jpeg\" class=\"attachment-post-thumbnail size-post-thumbnail wp-post-image\" alt=\"\" decoding=\"async\" loading=\"lazy\" \/><\/figure>\n\n\n<p>La alcaldesa porte\u00f1a, acompa\u00f1ada por los titulares de las \u00e1reas de Protecci\u00f3n Civil, Jos\u00e9 Antonio Mar\u00edn Flores y Servicios P\u00fablicos, Ricardo Mora Alvarado, as\u00ed como por representantes de la Guardia Nacional, Sedena, Bomberos, Protecci\u00f3n Civil regional y Tr\u00e1nsito y Vialidad, sostuvo que su administraci\u00f3n se mantiene alerta de las condiciones meteorol\u00f3gicas y del escurrimiento de las corrientes r\u00edo arriba que puedan generar afectaciones en sectores colindantes a los r\u00edos P\u00e1nuco y Tames\u00ed.<\/p>\n\n\n\n<p>\u201cMantenemos en constante alerta el Consejo municipal de Protecci\u00f3n Civil, a fin de responder con total oportunidad a las necesidades que puedan presentarse en los sectores bajos del municipio a consecuencia de la creciente que presentan los r\u00edos P\u00e1nuco y Tames\u00ed; y adem\u00e1s, mantenemos atentos los refugios temporales de las zonas centro, norte y sur del municipio, donde contamos con los enseres necesarios para atender a la poblaci\u00f3n, en caso de ser necesario\u201d.<\/p>\n\n\n\n<p>La presidenta municipal destac\u00f3 la importancia de la coordinaci\u00f3n entre las diferentes dependencias y organismos para garantizar la seguridad y el bienestar de la poblaci\u00f3n. Asimismo, hizo un llamado a la ciudadan\u00eda a mantenerse informada y a seguir las indicaciones de las autoridades en caso de emergencia.<\/p>\n\n\n\n<p>La supervisi\u00f3n de las \u00e1reas susceptibles a inundaciones permiti\u00f3 identificar los puntos cr\u00edticos y tomar medidas preventivas para minimizar los da\u00f1os; la primera autoridad asegur\u00f3 que se est\u00e1n tomando todas las medidas necesarias para proteger a la poblaci\u00f3n y garantizar su seguridad.<\/p>\n\n\n\n<p>&#8220;Mantenemos en constante alerta el Consejo municipal de Protecci\u00f3n Civil, a fin de responder con total oportunidad a las necesidades que puedan presentarse en los sectores bajos del municipio a consecuencia de la creciente que presentan los r\u00edos P\u00e1nuco y Tames\u00ed. Nos estamos adelantando para estar preparados, estos recorridos son de prevenci\u00f3n, y todos los dias estamos teniendo reuni\u00f3n con el Consejo de Protecci\u00f3n Civil para estar alerta\u201d, puntualiz\u00f3.<\/p>\n\n\n\n<p>Finalmente, la presidenta municipal agradeci\u00f3 a los miembros del Consejo municipal de Protecci\u00f3n Civil y a las fuerzas de seguridad por su arduo trabajo y dedicaci\u00f3n en la prevenci\u00f3n y atenci\u00f3n de emergencias, comprometiendose a seguir trabajando para proteger a la poblaci\u00f3n y garantizar su bienestar en situaciones de emergencia.<\/p>\n","protected":false},"excerpt":{"rendered":"<p>Cumpliendo el compromiso de atender las necesidades prioritarias de la poblaci\u00f3n asentada en las zonas bajas del municipio, la presidenta municipal, M\u00f3nica Villarreal Anaya encabez\u00f3 este d\u00eda, la supervisi\u00f3n de las \u00e1reas susceptibles a verse afectadas por las precipitaciones pluviales. La alcaldesa porte\u00f1a, acompa\u00f1ada por los titulares de las \u00e1reas de Protecci\u00f3n Civil, Jos\u00e9 Antonio Mar\u00edn Flores y Servicios P\u00fablicos, Ricardo Mora Alvarado, as\u00ed como por representantes de la Guardia Nacional, Sedena, Bomberos, Protecci\u00f3n Civil regional y Tr\u00e1nsito y Vialidad, sostuvo que su administraci\u00f3n se mantiene alerta de las condiciones&hellip;<\/p>\n","protected":false},"author":1,"featured_media":1852,"comment_status":"open","ping_status":"open","sticky":false,"template":"","format":"standard","meta":[],"categories":[1],"tags":[],"gutentor_comment":0,"yoast_head":"<!-- This site is optimized with the Yoast SEO plugin v20.10 - https:\/\/yoast.com\/wordpress\/plugins\/seo\/ -->\n<title>Encabeza M\u00f3nica Villarreal supervisi\u00f3n preventiva en zonas bajas ante riesgo por creciente de los r\u00edos - cabellonews.com<\/title>\n<meta name=\"robots\" content=\"index, follow, max-snippet:-1, max-image-preview:large, max-video-preview:-1\" \/>\n<link rel=\"canonical\" href=\"https:\/\/cabellonews.com\/?p=1851\" \/>\n<meta property=\"og:locale\" content=\"en_US\" \/>\n<meta property=\"og:type\" content=\"article\" \/>\n<meta property=\"og:title\" content=\"Encabeza M\u00f3nica Villarreal supervisi\u00f3n preventiva en zonas bajas ante riesgo por creciente de los r\u00edos - cabellonews.com\" \/>\n<meta property=\"og:description\" content=\"Cumpliendo el compromiso de atender las necesidades prioritarias de la poblaci\u00f3n asentada en las zonas bajas del municipio, la presidenta municipal, M\u00f3nica Villarreal Anaya encabez\u00f3 este d\u00eda, la supervisi\u00f3n de las \u00e1reas susceptibles a verse afectadas por las precipitaciones pluviales. La alcaldesa porte\u00f1a, acompa\u00f1ada por los titulares de las \u00e1reas de Protecci\u00f3n Civil, Jos\u00e9 Antonio Mar\u00edn Flores y Servicios P\u00fablicos, Ricardo Mora Alvarado, as\u00ed como por representantes de la Guardia Nacional, Sedena, Bomberos, Protecci\u00f3n Civil regional y Tr\u00e1nsito y Vialidad, sostuvo que su administraci\u00f3n se mantiene alerta de las condiciones&hellip;\" \/>\n<meta property=\"og:url\" content=\"https:\/\/cabellonews.com\/?p=1851\" \/>\n<meta property=\"og:site_name\" content=\"cabellonews.com\" \/>\n<meta property=\"article:published_time\" content=\"2025-06-25T01:03:40+00:00\" \/>\n<meta property=\"article:modified_time\" content=\"2025-07-09T01:05:22+00:00\" \/>\n<meta property=\"og:image\" content=\"http:\/\/cabellonews.com\/wp-content\/uploads\/2025\/07\/4c73e4bd-7dae-4221-b1f3-7433d8ad0f70-scaled.jpeg\" \/>\n\t<meta property=\"og:image:width\" content=\"2560\" \/>\n\t<meta property=\"og:image:height\" content=\"1706\" \/>\n\t<meta property=\"og:image:type\" content=\"image\/jpeg\" \/>\n<meta name=\"author\" content=\"cabellonews.com\" \/>\n<meta name=\"twitter:card\" content=\"summary_large_image\" \/>\n<meta name=\"twitter:label1\" content=\"Written by\" \/>\n\t<meta name=\"twitter:data1\" content=\"cabellonews.com\" \/>\n\t<meta name=\"twitter:label2\" content=\"Est. reading time\" \/>\n\t<meta name=\"twitter:data2\" content=\"2 minutes\" \/>\n<script type=\"application\/ld+json\" class=\"yoast-schema-graph\">{\"@context\":\"https:\/\/schema.org\",\"@graph\":[{\"@type\":\"WebPage\",\"@id\":\"https:\/\/cabellonews.com\/?p=1851\",\"url\":\"https:\/\/cabellonews.com\/?p=1851\",\"name\":\"Encabeza M\u00f3nica Villarreal supervisi\u00f3n preventiva en zonas bajas ante riesgo por creciente de los r\u00edos - cabellonews.com\",\"isPartOf\":{\"@id\":\"https:\/\/cabellonews.com\/#website\"},\"datePublished\":\"2025-06-25T01:03:40+00:00\",\"dateModified\":\"2025-07-09T01:05:22+00:00\",\"author\":{\"@id\":\"https:\/\/cabellonews.com\/#\/schema\/person\/7afe73bafa6cc5a24fd4c67dfd4379d8\"},\"breadcrumb\":{\"@id\":\"https:\/\/cabellonews.com\/?p=1851#breadcrumb\"},\"inLanguage\":\"en-US\",\"potentialAction\":[{\"@type\":\"ReadAction\",\"target\":[\"https:\/\/cabellonews.com\/?p=1851\"]}]},{\"@type\":\"BreadcrumbList\",\"@id\":\"https:\/\/cabellonews.com\/?p=1851#breadcrumb\",\"itemListElement\":[{\"@type\":\"ListItem\",\"position\":1,\"name\":\"Inicio\",\"item\":\"https:\/\/cabellonews.com\/\"},{\"@type\":\"ListItem\",\"position\":2,\"name\":\"Encabeza M\u00f3nica Villarreal supervisi\u00f3n preventiva en zonas bajas ante riesgo por creciente de los r\u00edos\"}]},{\"@type\":\"WebSite\",\"@id\":\"https:\/\/cabellonews.com\/#website\",\"url\":\"https:\/\/cabellonews.com\/\",\"name\":\"cabellonews.com\",\"description\":\"Con Cobertura En Tamaulipas Y norte de Veracruz\",\"potentialAction\":[{\"@type\":\"SearchAction\",\"target\":{\"@type\":\"EntryPoint\",\"urlTemplate\":\"https:\/\/cabellonews.com\/?s={search_term_string}\"},\"query-input\":\"required name=search_term_string\"}],\"inLanguage\":\"en-US\"},{\"@type\":\"Person\",\"@id\":\"https:\/\/cabellonews.com\/#\/schema\/person\/7afe73bafa6cc5a24fd4c67dfd4379d8\",\"name\":\"cabellonews.com\",\"image\":{\"@type\":\"ImageObject\",\"inLanguage\":\"en-US\",\"@id\":\"https:\/\/cabellonews.com\/#\/schema\/person\/image\/\",\"url\":\"https:\/\/secure.gravatar.com\/avatar\/8d6324fc2806389aad4cd38639618406?s=96&d=mm&r=g\",\"contentUrl\":\"https:\/\/secure.gravatar.com\/avatar\/8d6324fc2806389aad4cd38639618406?s=96&d=mm&r=g\",\"caption\":\"cabellonews.com\"},\"sameAs\":[\"http:\/\/cabellonews.com\"],\"url\":\"https:\/\/cabellonews.com\/?author=1\"}]}<\/script>\n<!-- \/ Yoast SEO plugin. -->","yoast_head_json":{"title":"Encabeza M\u00f3nica Villarreal supervisi\u00f3n preventiva en zonas bajas ante riesgo por creciente de los r\u00edos - cabellonews.com","robots":{"index":"index","follow":"follow","max-snippet":"max-snippet:-1","max-image-preview":"max-image-preview:large","max-video-preview":"max-video-preview:-1"},"canonical":"https:\/\/cabellonews.com\/?p=1851","og_locale":"en_US","og_type":"article","og_title":"Encabeza M\u00f3nica Villarreal supervisi\u00f3n preventiva en zonas bajas ante riesgo por creciente de los r\u00edos - cabellonews.com","og_description":"Cumpliendo el compromiso de atender las necesidades prioritarias de la poblaci\u00f3n asentada en las zonas bajas del municipio, la presidenta municipal, M\u00f3nica Villarreal Anaya encabez\u00f3 este d\u00eda, la supervisi\u00f3n de las \u00e1reas susceptibles a verse afectadas por las precipitaciones pluviales. La alcaldesa porte\u00f1a, acompa\u00f1ada por los titulares de las \u00e1reas de Protecci\u00f3n Civil, Jos\u00e9 Antonio Mar\u00edn Flores y Servicios P\u00fablicos, Ricardo Mora Alvarado, as\u00ed como por representantes de la Guardia Nacional, Sedena, Bomberos, Protecci\u00f3n Civil regional y Tr\u00e1nsito y Vialidad, sostuvo que su administraci\u00f3n se mantiene alerta de las condiciones&hellip;","og_url":"https:\/\/cabellonews.com\/?p=1851","og_site_name":"cabellonews.com","article_published_time":"2025-06-25T01:03:40+00:00","article_modified_time":"2025-07-09T01:05:22+00:00","og_image":[{"width":2560,"height":1706,"url":"http:\/\/cabellonews.com\/wp-content\/uploads\/2025\/07\/4c73e4bd-7dae-4221-b1f3-7433d8ad0f70-scaled.jpeg","type":"image\/jpeg"}],"author":"cabellonews.com","twitter_card":"summary_large_image","twitter_misc":{"Written by":"cabellonews.com","Est. reading time":"2 minutes"},"schema":{"@context":"https:\/\/schema.org","@graph":[{"@type":"WebPage","@id":"https:\/\/cabellonews.com\/?p=1851","url":"https:\/\/cabellonews.com\/?p=1851","name":"Encabeza M\u00f3nica Villarreal supervisi\u00f3n preventiva en zonas bajas ante riesgo por creciente de los r\u00edos - cabellonews.com","isPartOf":{"@id":"https:\/\/cabellonews.com\/#website"},"datePublished":"2025-06-25T01:03:40+00:00","dateModified":"2025-07-09T01:05:22+00:00","author":{"@id":"https:\/\/cabellonews.com\/#\/schema\/person\/7afe73bafa6cc5a24fd4c67dfd4379d8"},"breadcrumb":{"@id":"https:\/\/cabellonews.com\/?p=1851#breadcrumb"},"inLanguage":"en-US","potentialAction":[{"@type":"ReadAction","target":["https:\/\/cabellonews.com\/?p=1851"]}]},{"@type":"BreadcrumbList","@id":"https:\/\/cabellonews.com\/?p=1851#breadcrumb","itemListElement":[{"@type":"ListItem","position":1,"name":"Inicio","item":"https:\/\/cabellonews.com\/"},{"@type":"ListItem","position":2,"name":"Encabeza M\u00f3nica Villarreal supervisi\u00f3n preventiva en zonas bajas ante riesgo por creciente de los r\u00edos"}]},{"@type":"WebSite","@id":"https:\/\/cabellonews.com\/#website","url":"https:\/\/cabellonews.com\/","name":"cabellonews.com","description":"Con Cobertura En Tamaulipas Y norte de Veracruz","potentialAction":[{"@type":"SearchAction","target":{"@type":"EntryPoint","urlTemplate":"https:\/\/cabellonews.com\/?s={search_term_string}"},"query-input":"required name=search_term_string"}],"inLanguage":"en-US"},{"@type":"Person","@id":"https:\/\/cabellonews.com\/#\/schema\/person\/7afe73bafa6cc5a24fd4c67dfd4379d8","name":"cabellonews.com","image":{"@type":"ImageObject","inLanguage":"en-US","@id":"https:\/\/cabellonews.com\/#\/schema\/person\/image\/","url":"https:\/\/secure.gravatar.com\/avatar\/8d6324fc2806389aad4cd38639618406?s=96&d=mm&r=g","contentUrl":"https:\/\/secure.gravatar.com\/avatar\/8d6324fc2806389aad4cd38639618406?s=96&d=mm&r=g","caption":"cabellonews.com"},"sameAs":["http:\/\/cabellonews.com"],"url":"https:\/\/cabellonews.com\/?author=1"}]}},"_links":{"self":[{"href":"https:\/\/cabellonews.com\/index.php?rest_route=\/wp\/v2\/posts\/1851"}],"collection":[{"href":"https:\/\/cabellonews.com\/index.php?rest_route=\/wp\/v2\/posts"}],"about":[{"href":"https:\/\/cabellonews.com\/index.php?rest_route=\/wp\/v2\/types\/post"}],"author":[{"embeddable":true,"href":"https:\/\/cabellonews.com\/index.php?rest_route=\/wp\/v2\/users\/1"}],"replies":[{"embeddable":true,"href":"https:\/\/cabellonews.com\/index.php?rest_route=%2Fwp%2Fv2%2Fcomments&post=1851"}],"version-history":[{"count":1,"href":"https:\/\/cabellonews.com\/index.php?rest_route=\/wp\/v2\/posts\/1851\/revisions"}],"predecessor-version":[{"id":1853,"href":"https:\/\/cabellonews.com\/index.php?rest_route=\/wp\/v2\/posts\/1851\/revisions\/1853"}],"wp:featuredmedia":[{"embeddable":true,"href":"https:\/\/cabellonews.com\/index.php?rest_route=\/wp\/v2\/media\/1852"}],"wp:attachment":[{"href":"https:\/\/cabellonews.com\/index.php?rest_route=%2Fwp%2Fv2%2Fmedia&parent=1851"}],"wp:term":[{"taxonomy":"category","embeddable":true,"href":"https:\/\/cabellonews.com\/index.php?rest_route=%2Fwp%2Fv2%2Fcategories&post=1851"},{"taxonomy":"post_tag","embeddable":true,"href":"https:\/\/cabellonews.com\/index.php?rest_route=%2Fwp%2Fv2%2Ftags&post=1851"}],"curies":[{"name":"wp","href":"https:\/\/api.w.org\/{rel}","templated":true}]}}