{"id":1842,"date":"2025-06-14T07:24:37","date_gmt":"2025-06-14T07:24:37","guid":{"rendered":"https:\/\/cabellonews.com\/?p=1842"},"modified":"2025-07-04T13:25:20","modified_gmt":"2025-07-04T13:25:20","slug":"comunicado-principal","status":"publish","type":"post","link":"https:\/\/cabellonews.com\/?p=1842","title":{"rendered":"Comunicado Principal"},"content":{"rendered":"\n<p><em>Visitan Menores de la Casa Hogar y CASAN el Zool\u00f3gico Tamat\u00e1n en Ciudad Victoria<\/em><\/p>\n\n\n<figure class=\"wp-block-post-featured-image\"><img width=\"240\" height=\"172\" src=\"https:\/\/cabellonews.com\/wp-content\/uploads\/2025\/07\/32b79b5d-9f05-4f94-90a6-81ad82b9311a-240x172.jpeg\" class=\"attachment-post-thumbnail size-post-thumbnail wp-post-image\" alt=\"\" decoding=\"async\" loading=\"lazy\" \/><\/figure>\n\n\n<p>Los menores de Casa Hogar y centro CASAN, disfrutaron un extraordinario fin de semana, en Ciudad Victoria acompa\u00f1ados por la Presidenta del Sistema DIF Tampico, Dra. Luz Adriana Villarreal Anaya, para conocer el Zool\u00f3gico y el Parque Recreativo Tamat\u00e1n, as\u00ed como el Museo TAMux.<\/p>\n\n\n\n<p>La titular del organismo, reconoci\u00f3 que la atenci\u00f3n a los ni\u00f1os, ni\u00f1as y j\u00f3venes, es una prioridad del organismo, por ello, dijo, constantemente se realizan actividades recreativas y de aprendizaje, donde los menores participan activamente.<\/p>\n\n\n\n<p>\u201cEn esta ocasi\u00f3n los llevamos a la capital de nuestro Estado, Ciudad Victoria, donde disfrutaron al m\u00e1ximo del recorrido que llevaron a cabo por el zool\u00f3gico y parque recreativo Tamat\u00e1n, as\u00ed como por el Museo Tamux.<br>Signific\u00f3 una gran experiencia para ellos, lo disfrutaron mucho adem\u00e1s en cada uno de estos lugares que visitaron estuvieron muy apapachados\u201d, se\u00f1al\u00f3.<\/p>\n\n\n\n<p>La experiencia vivida por los menores de Casa Hogar y Casan en el Parque Recreativo y zool\u00f3gico Tamat\u00e1n; as\u00ed como el Museo Tamux fue \u00fanica y extraordinaria dej\u00e1ndoles una huella imborrable en su desarrollo.<\/p>\n\n\n\n<p>La Presidenta del Sistema DIF Tampico, reiter\u00f3 su compromiso con el bienestar y cuidado de la ni\u00f1ez, especialmente con aquellos que atraviesan condiciones de vulnerabilidad; destacando que los menores de la Casa Hogar y de CASAN recibir\u00e1n siempre una atenci\u00f3n y cuidado con amor y de calidad.<\/p>\n","protected":false},"excerpt":{"rendered":"<p>Visitan Menores de la Casa Hogar y CASAN el Zool\u00f3gico Tamat\u00e1n en Ciudad Victoria Los menores de Casa Hogar y centro CASAN, disfrutaron un extraordinario fin de semana, en Ciudad Victoria acompa\u00f1ados por la Presidenta del Sistema DIF Tampico, Dra. Luz Adriana Villarreal Anaya, para conocer el Zool\u00f3gico y el Parque Recreativo Tamat\u00e1n, as\u00ed como el Museo TAMux. La titular del organismo, reconoci\u00f3 que la atenci\u00f3n a los ni\u00f1os, ni\u00f1as y j\u00f3venes, es una prioridad del organismo, por ello, dijo, constantemente se realizan actividades recreativas y de aprendizaje, donde los&hellip;<\/p>\n","protected":false},"author":1,"featured_media":1843,"comment_status":"open","ping_status":"open","sticky":false,"template":"","format":"standard","meta":[],"categories":[1],"tags":[],"gutentor_comment":0,"yoast_head":"<!-- This site is optimized with the Yoast SEO plugin v20.10 - https:\/\/yoast.com\/wordpress\/plugins\/seo\/ -->\n<title>Comunicado Principal - cabellonews.com<\/title>\n<meta name=\"robots\" content=\"index, follow, max-snippet:-1, max-image-preview:large, max-video-preview:-1\" \/>\n<link rel=\"canonical\" href=\"https:\/\/cabellonews.com\/?p=1842\" \/>\n<meta property=\"og:locale\" content=\"en_US\" \/>\n<meta property=\"og:type\" content=\"article\" \/>\n<meta property=\"og:title\" content=\"Comunicado Principal - cabellonews.com\" \/>\n<meta property=\"og:description\" content=\"Visitan Menores de la Casa Hogar y CASAN el Zool\u00f3gico Tamat\u00e1n en Ciudad Victoria Los menores de Casa Hogar y centro CASAN, disfrutaron un extraordinario fin de semana, en Ciudad Victoria acompa\u00f1ados por la Presidenta del Sistema DIF Tampico, Dra. Luz Adriana Villarreal Anaya, para conocer el Zool\u00f3gico y el Parque Recreativo Tamat\u00e1n, as\u00ed como el Museo TAMux. La titular del organismo, reconoci\u00f3 que la atenci\u00f3n a los ni\u00f1os, ni\u00f1as y j\u00f3venes, es una prioridad del organismo, por ello, dijo, constantemente se realizan actividades recreativas y de aprendizaje, donde los&hellip;\" \/>\n<meta property=\"og:url\" content=\"https:\/\/cabellonews.com\/?p=1842\" \/>\n<meta property=\"og:site_name\" content=\"cabellonews.com\" \/>\n<meta property=\"article:published_time\" content=\"2025-06-14T07:24:37+00:00\" \/>\n<meta property=\"article:modified_time\" content=\"2025-07-04T13:25:20+00:00\" \/>\n<meta property=\"og:image\" content=\"http:\/\/cabellonews.com\/wp-content\/uploads\/2025\/07\/32b79b5d-9f05-4f94-90a6-81ad82b9311a-scaled.jpeg\" \/>\n\t<meta property=\"og:image:width\" content=\"2560\" \/>\n\t<meta property=\"og:image:height\" content=\"1703\" \/>\n\t<meta property=\"og:image:type\" content=\"image\/jpeg\" \/>\n<meta name=\"author\" content=\"cabellonews.com\" \/>\n<meta name=\"twitter:card\" content=\"summary_large_image\" \/>\n<meta name=\"twitter:label1\" content=\"Written by\" \/>\n\t<meta name=\"twitter:data1\" content=\"cabellonews.com\" \/>\n\t<meta name=\"twitter:label2\" content=\"Est. reading time\" \/>\n\t<meta name=\"twitter:data2\" content=\"2 minutes\" \/>\n<script type=\"application\/ld+json\" class=\"yoast-schema-graph\">{\"@context\":\"https:\/\/schema.org\",\"@graph\":[{\"@type\":\"WebPage\",\"@id\":\"https:\/\/cabellonews.com\/?p=1842\",\"url\":\"https:\/\/cabellonews.com\/?p=1842\",\"name\":\"Comunicado Principal - cabellonews.com\",\"isPartOf\":{\"@id\":\"https:\/\/cabellonews.com\/#website\"},\"datePublished\":\"2025-06-14T07:24:37+00:00\",\"dateModified\":\"2025-07-04T13:25:20+00:00\",\"author\":{\"@id\":\"https:\/\/cabellonews.com\/#\/schema\/person\/7afe73bafa6cc5a24fd4c67dfd4379d8\"},\"breadcrumb\":{\"@id\":\"https:\/\/cabellonews.com\/?p=1842#breadcrumb\"},\"inLanguage\":\"en-US\",\"potentialAction\":[{\"@type\":\"ReadAction\",\"target\":[\"https:\/\/cabellonews.com\/?p=1842\"]}]},{\"@type\":\"BreadcrumbList\",\"@id\":\"https:\/\/cabellonews.com\/?p=1842#breadcrumb\",\"itemListElement\":[{\"@type\":\"ListItem\",\"position\":1,\"name\":\"Inicio\",\"item\":\"https:\/\/cabellonews.com\/\"},{\"@type\":\"ListItem\",\"position\":2,\"name\":\"Comunicado Principal\"}]},{\"@type\":\"WebSite\",\"@id\":\"https:\/\/cabellonews.com\/#website\",\"url\":\"https:\/\/cabellonews.com\/\",\"name\":\"cabellonews.com\",\"description\":\"Con Cobertura En Tamaulipas Y norte de Veracruz\",\"potentialAction\":[{\"@type\":\"SearchAction\",\"target\":{\"@type\":\"EntryPoint\",\"urlTemplate\":\"https:\/\/cabellonews.com\/?s={search_term_string}\"},\"query-input\":\"required name=search_term_string\"}],\"inLanguage\":\"en-US\"},{\"@type\":\"Person\",\"@id\":\"https:\/\/cabellonews.com\/#\/schema\/person\/7afe73bafa6cc5a24fd4c67dfd4379d8\",\"name\":\"cabellonews.com\",\"image\":{\"@type\":\"ImageObject\",\"inLanguage\":\"en-US\",\"@id\":\"https:\/\/cabellonews.com\/#\/schema\/person\/image\/\",\"url\":\"https:\/\/secure.gravatar.com\/avatar\/8d6324fc2806389aad4cd38639618406?s=96&d=mm&r=g\",\"contentUrl\":\"https:\/\/secure.gravatar.com\/avatar\/8d6324fc2806389aad4cd38639618406?s=96&d=mm&r=g\",\"caption\":\"cabellonews.com\"},\"sameAs\":[\"http:\/\/cabellonews.com\"],\"url\":\"https:\/\/cabellonews.com\/?author=1\"}]}<\/script>\n<!-- \/ Yoast SEO plugin. -->","yoast_head_json":{"title":"Comunicado Principal - cabellonews.com","robots":{"index":"index","follow":"follow","max-snippet":"max-snippet:-1","max-image-preview":"max-image-preview:large","max-video-preview":"max-video-preview:-1"},"canonical":"https:\/\/cabellonews.com\/?p=1842","og_locale":"en_US","og_type":"article","og_title":"Comunicado Principal - cabellonews.com","og_description":"Visitan Menores de la Casa Hogar y CASAN el Zool\u00f3gico Tamat\u00e1n en Ciudad Victoria Los menores de Casa Hogar y centro CASAN, disfrutaron un extraordinario fin de semana, en Ciudad Victoria acompa\u00f1ados por la Presidenta del Sistema DIF Tampico, Dra. Luz Adriana Villarreal Anaya, para conocer el Zool\u00f3gico y el Parque Recreativo Tamat\u00e1n, as\u00ed como el Museo TAMux. La titular del organismo, reconoci\u00f3 que la atenci\u00f3n a los ni\u00f1os, ni\u00f1as y j\u00f3venes, es una prioridad del organismo, por ello, dijo, constantemente se realizan actividades recreativas y de aprendizaje, donde los&hellip;","og_url":"https:\/\/cabellonews.com\/?p=1842","og_site_name":"cabellonews.com","article_published_time":"2025-06-14T07:24:37+00:00","article_modified_time":"2025-07-04T13:25:20+00:00","og_image":[{"width":2560,"height":1703,"url":"http:\/\/cabellonews.com\/wp-content\/uploads\/2025\/07\/32b79b5d-9f05-4f94-90a6-81ad82b9311a-scaled.jpeg","type":"image\/jpeg"}],"author":"cabellonews.com","twitter_card":"summary_large_image","twitter_misc":{"Written by":"cabellonews.com","Est. reading time":"2 minutes"},"schema":{"@context":"https:\/\/schema.org","@graph":[{"@type":"WebPage","@id":"https:\/\/cabellonews.com\/?p=1842","url":"https:\/\/cabellonews.com\/?p=1842","name":"Comunicado Principal - cabellonews.com","isPartOf":{"@id":"https:\/\/cabellonews.com\/#website"},"datePublished":"2025-06-14T07:24:37+00:00","dateModified":"2025-07-04T13:25:20+00:00","author":{"@id":"https:\/\/cabellonews.com\/#\/schema\/person\/7afe73bafa6cc5a24fd4c67dfd4379d8"},"breadcrumb":{"@id":"https:\/\/cabellonews.com\/?p=1842#breadcrumb"},"inLanguage":"en-US","potentialAction":[{"@type":"ReadAction","target":["https:\/\/cabellonews.com\/?p=1842"]}]},{"@type":"BreadcrumbList","@id":"https:\/\/cabellonews.com\/?p=1842#breadcrumb","itemListElement":[{"@type":"ListItem","position":1,"name":"Inicio","item":"https:\/\/cabellonews.com\/"},{"@type":"ListItem","position":2,"name":"Comunicado Principal"}]},{"@type":"WebSite","@id":"https:\/\/cabellonews.com\/#website","url":"https:\/\/cabellonews.com\/","name":"cabellonews.com","description":"Con Cobertura En Tamaulipas Y norte de Veracruz","potentialAction":[{"@type":"SearchAction","target":{"@type":"EntryPoint","urlTemplate":"https:\/\/cabellonews.com\/?s={search_term_string}"},"query-input":"required name=search_term_string"}],"inLanguage":"en-US"},{"@type":"Person","@id":"https:\/\/cabellonews.com\/#\/schema\/person\/7afe73bafa6cc5a24fd4c67dfd4379d8","name":"cabellonews.com","image":{"@type":"ImageObject","inLanguage":"en-US","@id":"https:\/\/cabellonews.com\/#\/schema\/person\/image\/","url":"https:\/\/secure.gravatar.com\/avatar\/8d6324fc2806389aad4cd38639618406?s=96&d=mm&r=g","contentUrl":"https:\/\/secure.gravatar.com\/avatar\/8d6324fc2806389aad4cd38639618406?s=96&d=mm&r=g","caption":"cabellonews.com"},"sameAs":["http:\/\/cabellonews.com"],"url":"https:\/\/cabellonews.com\/?author=1"}]}},"_links":{"self":[{"href":"https:\/\/cabellonews.com\/index.php?rest_route=\/wp\/v2\/posts\/1842"}],"collection":[{"href":"https:\/\/cabellonews.com\/index.php?rest_route=\/wp\/v2\/posts"}],"about":[{"href":"https:\/\/cabellonews.com\/index.php?rest_route=\/wp\/v2\/types\/post"}],"author":[{"embeddable":true,"href":"https:\/\/cabellonews.com\/index.php?rest_route=\/wp\/v2\/users\/1"}],"replies":[{"embeddable":true,"href":"https:\/\/cabellonews.com\/index.php?rest_route=%2Fwp%2Fv2%2Fcomments&post=1842"}],"version-history":[{"count":1,"href":"https:\/\/cabellonews.com\/index.php?rest_route=\/wp\/v2\/posts\/1842\/revisions"}],"predecessor-version":[{"id":1844,"href":"https:\/\/cabellonews.com\/index.php?rest_route=\/wp\/v2\/posts\/1842\/revisions\/1844"}],"wp:featuredmedia":[{"embeddable":true,"href":"https:\/\/cabellonews.com\/index.php?rest_route=\/wp\/v2\/media\/1843"}],"wp:attachment":[{"href":"https:\/\/cabellonews.com\/index.php?rest_route=%2Fwp%2Fv2%2Fmedia&parent=1842"}],"wp:term":[{"taxonomy":"category","embeddable":true,"href":"https:\/\/cabellonews.com\/index.php?rest_route=%2Fwp%2Fv2%2Fcategories&post=1842"},{"taxonomy":"post_tag","embeddable":true,"href":"https:\/\/cabellonews.com\/index.php?rest_route=%2Fwp%2Fv2%2Ftags&post=1842"}],"curies":[{"name":"wp","href":"https:\/\/api.w.org\/{rel}","templated":true}]}}