{"id":1821,"date":"2025-06-07T13:11:47","date_gmt":"2025-06-07T13:11:47","guid":{"rendered":"https:\/\/cabellonews.com\/?p=1821"},"modified":"2025-07-04T13:13:13","modified_gmt":"2025-07-04T13:13:13","slug":"1821","status":"publish","type":"post","link":"https:\/\/cabellonews.com\/?p=1821","title":{"rendered":""},"content":{"rendered":"\n<p><em>Impulsa M\u00f3nica Villarreal la &#8220;Ciudad de la Salud Casa por Casa&#8221; en Jornada por la Paz<\/em><\/p>\n\n\n\n<p><em>Lleva Gobierno de Tampico atenci\u00f3n m\u00e9dica a domicilio para personas en situaci\u00f3n vulnerable<\/em><\/p>\n\n\n\n<p>En el marco de la Jornada de la Paz realizada en la colonia Nuevo Amanecer, la Presidenta Municipal de Tampico M\u00f3nica Villarreal Anaya, anunci\u00f3 el arranque del programa \u201cCiudad de la Salud, Casa por Casa\u201d, una estrategia de atenci\u00f3n m\u00e9dica a domicilio para personas que, por distintas condiciones de salud, no pueden acudir a consulta m\u00e9dica.<\/p>\n\n\n\n<p>Acompa\u00f1ada por el Secretario de Bienestar Social, Omar Fabbri Flores; la Delegada de la zona Occidente, Teresa Tijerina; as\u00ed como titulares de diversas dependencias municipales y estatales, la alcaldesa destac\u00f3 el compromiso de su gobierno por fortalecer acciones que acerquen servicios de salud a quienes m\u00e1s lo necesitan.<\/p>\n\n\n\n<p>\u201cA partir de hoy iniciamos un proyecto nuevo, que es la Ciudad de la Salud Casa por Casa, a cargo de la Direcci\u00f3n de Salud del Municipio, encabezada por la Dra. Ofelia Cant\u00fa con un grupo de m\u00e9dicos quienes visitar\u00e1n los hogares para brindar servicios como toma de presi\u00f3n, glucosa y consultas generales, dirigido a personas con dificultades de movilidad o de acceso a los servicios m\u00e9dicos\u201d, explic\u00f3 Villarreal Anaya.<\/p>\n\n\n\n<p>La alcaldesa detall\u00f3 que actualmente este modelo de atenci\u00f3n ya beneficia a personas pensionadas y jubiladas del Ayuntamiento, especialmente a quienes su estado de salud les impide trasladarse a los Servicios M\u00e9dicos Municipales.<\/p>\n\n\n\n<p>Asimismo, inform\u00f3 que cada martes se realizan visitas a centros de trabajo de mujeres despicadoras para brindarles atenci\u00f3n m\u00e9dica oportuna.<\/p>\n\n\n\n<p>Durante la jornada tambi\u00e9n se ofrecieron diversos servicios como consulta m\u00e9dica y dental, corte de cabello, venta de abarrote a bajo precio, reparaci\u00f3n de electrodom\u00e9sticos, venta de Liconsa, entre otros m\u00e1s; reafirmando la visi\u00f3n de un gobierno cercano y humano que busca el bienestar integral de la ciudadan\u00eda.<\/p>\n\n\n\n<p>Finalmente, M\u00f3nica Villarreal subray\u00f3 que estas acciones son reflejo del Gobierno Humano y Cercano que impulsa el gobernador del estado, Dr. Am\u00e9rico Villarreal Anaya, en favor de quienes m\u00e1s lo requieren.<\/p>\n\n\n<figure class=\"wp-block-post-featured-image\"><img width=\"240\" height=\"172\" src=\"https:\/\/cabellonews.com\/wp-content\/uploads\/2025\/07\/45bd6e90-8de3-4e06-be02-2825450cf8ee-240x172.jpeg\" class=\"attachment-post-thumbnail size-post-thumbnail wp-post-image\" alt=\"\" decoding=\"async\" loading=\"lazy\" \/><\/figure>","protected":false},"excerpt":{"rendered":"<p>Impulsa M\u00f3nica Villarreal la &#8220;Ciudad de la Salud Casa por Casa&#8221; en Jornada por la Paz Lleva Gobierno de Tampico atenci\u00f3n m\u00e9dica a domicilio para personas en situaci\u00f3n vulnerable En el marco de la Jornada de la Paz realizada en la colonia Nuevo Amanecer, la Presidenta Municipal de Tampico M\u00f3nica Villarreal Anaya, anunci\u00f3 el arranque del programa \u201cCiudad de la Salud, Casa por Casa\u201d, una estrategia de atenci\u00f3n m\u00e9dica a domicilio para personas que, por distintas condiciones de salud, no pueden acudir a consulta m\u00e9dica. Acompa\u00f1ada por el Secretario de&hellip;<\/p>\n","protected":false},"author":1,"featured_media":1822,"comment_status":"open","ping_status":"open","sticky":false,"template":"","format":"standard","meta":[],"categories":[1],"tags":[],"gutentor_comment":0,"yoast_head":"<!-- This site is optimized with the Yoast SEO plugin v20.10 - https:\/\/yoast.com\/wordpress\/plugins\/seo\/ -->\n<title>- cabellonews.com<\/title>\n<meta name=\"robots\" content=\"index, follow, max-snippet:-1, max-image-preview:large, max-video-preview:-1\" \/>\n<link rel=\"canonical\" href=\"https:\/\/cabellonews.com\/?p=1821\" \/>\n<meta property=\"og:locale\" content=\"en_US\" \/>\n<meta property=\"og:type\" content=\"article\" \/>\n<meta property=\"og:title\" content=\"- cabellonews.com\" \/>\n<meta property=\"og:description\" content=\"Impulsa M\u00f3nica Villarreal la &#8220;Ciudad de la Salud Casa por Casa&#8221; en Jornada por la Paz Lleva Gobierno de Tampico atenci\u00f3n m\u00e9dica a domicilio para personas en situaci\u00f3n vulnerable En el marco de la Jornada de la Paz realizada en la colonia Nuevo Amanecer, la Presidenta Municipal de Tampico M\u00f3nica Villarreal Anaya, anunci\u00f3 el arranque del programa \u201cCiudad de la Salud, Casa por Casa\u201d, una estrategia de atenci\u00f3n m\u00e9dica a domicilio para personas que, por distintas condiciones de salud, no pueden acudir a consulta m\u00e9dica. Acompa\u00f1ada por el Secretario de&hellip;\" \/>\n<meta property=\"og:url\" content=\"https:\/\/cabellonews.com\/?p=1821\" \/>\n<meta property=\"og:site_name\" content=\"cabellonews.com\" \/>\n<meta property=\"article:published_time\" content=\"2025-06-07T13:11:47+00:00\" \/>\n<meta property=\"article:modified_time\" content=\"2025-07-04T13:13:13+00:00\" \/>\n<meta property=\"og:image\" content=\"http:\/\/cabellonews.com\/wp-content\/uploads\/2025\/07\/45bd6e90-8de3-4e06-be02-2825450cf8ee-scaled.jpeg\" \/>\n\t<meta property=\"og:image:width\" content=\"2560\" \/>\n\t<meta property=\"og:image:height\" content=\"1706\" \/>\n\t<meta property=\"og:image:type\" content=\"image\/jpeg\" \/>\n<meta name=\"author\" content=\"cabellonews.com\" \/>\n<meta name=\"twitter:card\" content=\"summary_large_image\" \/>\n<meta name=\"twitter:label1\" content=\"Written by\" \/>\n\t<meta name=\"twitter:data1\" content=\"cabellonews.com\" \/>\n\t<meta name=\"twitter:label2\" content=\"Est. reading time\" \/>\n\t<meta name=\"twitter:data2\" content=\"2 minutes\" \/>\n<script type=\"application\/ld+json\" class=\"yoast-schema-graph\">{\"@context\":\"https:\/\/schema.org\",\"@graph\":[{\"@type\":\"WebPage\",\"@id\":\"https:\/\/cabellonews.com\/?p=1821\",\"url\":\"https:\/\/cabellonews.com\/?p=1821\",\"name\":\"- cabellonews.com\",\"isPartOf\":{\"@id\":\"https:\/\/cabellonews.com\/#website\"},\"datePublished\":\"2025-06-07T13:11:47+00:00\",\"dateModified\":\"2025-07-04T13:13:13+00:00\",\"author\":{\"@id\":\"https:\/\/cabellonews.com\/#\/schema\/person\/7afe73bafa6cc5a24fd4c67dfd4379d8\"},\"inLanguage\":\"en-US\",\"potentialAction\":[{\"@type\":\"ReadAction\",\"target\":[\"https:\/\/cabellonews.com\/?p=1821\"]}]},{\"@type\":\"WebSite\",\"@id\":\"https:\/\/cabellonews.com\/#website\",\"url\":\"https:\/\/cabellonews.com\/\",\"name\":\"cabellonews.com\",\"description\":\"Con Cobertura En Tamaulipas Y norte de Veracruz\",\"potentialAction\":[{\"@type\":\"SearchAction\",\"target\":{\"@type\":\"EntryPoint\",\"urlTemplate\":\"https:\/\/cabellonews.com\/?s={search_term_string}\"},\"query-input\":\"required name=search_term_string\"}],\"inLanguage\":\"en-US\"},{\"@type\":\"Person\",\"@id\":\"https:\/\/cabellonews.com\/#\/schema\/person\/7afe73bafa6cc5a24fd4c67dfd4379d8\",\"name\":\"cabellonews.com\",\"image\":{\"@type\":\"ImageObject\",\"inLanguage\":\"en-US\",\"@id\":\"https:\/\/cabellonews.com\/#\/schema\/person\/image\/\",\"url\":\"https:\/\/secure.gravatar.com\/avatar\/8d6324fc2806389aad4cd38639618406?s=96&d=mm&r=g\",\"contentUrl\":\"https:\/\/secure.gravatar.com\/avatar\/8d6324fc2806389aad4cd38639618406?s=96&d=mm&r=g\",\"caption\":\"cabellonews.com\"},\"sameAs\":[\"http:\/\/cabellonews.com\"],\"url\":\"https:\/\/cabellonews.com\/?author=1\"}]}<\/script>\n<!-- \/ Yoast SEO plugin. -->","yoast_head_json":{"title":"- cabellonews.com","robots":{"index":"index","follow":"follow","max-snippet":"max-snippet:-1","max-image-preview":"max-image-preview:large","max-video-preview":"max-video-preview:-1"},"canonical":"https:\/\/cabellonews.com\/?p=1821","og_locale":"en_US","og_type":"article","og_title":"- cabellonews.com","og_description":"Impulsa M\u00f3nica Villarreal la &#8220;Ciudad de la Salud Casa por Casa&#8221; en Jornada por la Paz Lleva Gobierno de Tampico atenci\u00f3n m\u00e9dica a domicilio para personas en situaci\u00f3n vulnerable En el marco de la Jornada de la Paz realizada en la colonia Nuevo Amanecer, la Presidenta Municipal de Tampico M\u00f3nica Villarreal Anaya, anunci\u00f3 el arranque del programa \u201cCiudad de la Salud, Casa por Casa\u201d, una estrategia de atenci\u00f3n m\u00e9dica a domicilio para personas que, por distintas condiciones de salud, no pueden acudir a consulta m\u00e9dica. Acompa\u00f1ada por el Secretario de&hellip;","og_url":"https:\/\/cabellonews.com\/?p=1821","og_site_name":"cabellonews.com","article_published_time":"2025-06-07T13:11:47+00:00","article_modified_time":"2025-07-04T13:13:13+00:00","og_image":[{"width":2560,"height":1706,"url":"http:\/\/cabellonews.com\/wp-content\/uploads\/2025\/07\/45bd6e90-8de3-4e06-be02-2825450cf8ee-scaled.jpeg","type":"image\/jpeg"}],"author":"cabellonews.com","twitter_card":"summary_large_image","twitter_misc":{"Written by":"cabellonews.com","Est. reading time":"2 minutes"},"schema":{"@context":"https:\/\/schema.org","@graph":[{"@type":"WebPage","@id":"https:\/\/cabellonews.com\/?p=1821","url":"https:\/\/cabellonews.com\/?p=1821","name":"- cabellonews.com","isPartOf":{"@id":"https:\/\/cabellonews.com\/#website"},"datePublished":"2025-06-07T13:11:47+00:00","dateModified":"2025-07-04T13:13:13+00:00","author":{"@id":"https:\/\/cabellonews.com\/#\/schema\/person\/7afe73bafa6cc5a24fd4c67dfd4379d8"},"inLanguage":"en-US","potentialAction":[{"@type":"ReadAction","target":["https:\/\/cabellonews.com\/?p=1821"]}]},{"@type":"WebSite","@id":"https:\/\/cabellonews.com\/#website","url":"https:\/\/cabellonews.com\/","name":"cabellonews.com","description":"Con Cobertura En Tamaulipas Y norte de Veracruz","potentialAction":[{"@type":"SearchAction","target":{"@type":"EntryPoint","urlTemplate":"https:\/\/cabellonews.com\/?s={search_term_string}"},"query-input":"required name=search_term_string"}],"inLanguage":"en-US"},{"@type":"Person","@id":"https:\/\/cabellonews.com\/#\/schema\/person\/7afe73bafa6cc5a24fd4c67dfd4379d8","name":"cabellonews.com","image":{"@type":"ImageObject","inLanguage":"en-US","@id":"https:\/\/cabellonews.com\/#\/schema\/person\/image\/","url":"https:\/\/secure.gravatar.com\/avatar\/8d6324fc2806389aad4cd38639618406?s=96&d=mm&r=g","contentUrl":"https:\/\/secure.gravatar.com\/avatar\/8d6324fc2806389aad4cd38639618406?s=96&d=mm&r=g","caption":"cabellonews.com"},"sameAs":["http:\/\/cabellonews.com"],"url":"https:\/\/cabellonews.com\/?author=1"}]}},"_links":{"self":[{"href":"https:\/\/cabellonews.com\/index.php?rest_route=\/wp\/v2\/posts\/1821"}],"collection":[{"href":"https:\/\/cabellonews.com\/index.php?rest_route=\/wp\/v2\/posts"}],"about":[{"href":"https:\/\/cabellonews.com\/index.php?rest_route=\/wp\/v2\/types\/post"}],"author":[{"embeddable":true,"href":"https:\/\/cabellonews.com\/index.php?rest_route=\/wp\/v2\/users\/1"}],"replies":[{"embeddable":true,"href":"https:\/\/cabellonews.com\/index.php?rest_route=%2Fwp%2Fv2%2Fcomments&post=1821"}],"version-history":[{"count":1,"href":"https:\/\/cabellonews.com\/index.php?rest_route=\/wp\/v2\/posts\/1821\/revisions"}],"predecessor-version":[{"id":1823,"href":"https:\/\/cabellonews.com\/index.php?rest_route=\/wp\/v2\/posts\/1821\/revisions\/1823"}],"wp:featuredmedia":[{"embeddable":true,"href":"https:\/\/cabellonews.com\/index.php?rest_route=\/wp\/v2\/media\/1822"}],"wp:attachment":[{"href":"https:\/\/cabellonews.com\/index.php?rest_route=%2Fwp%2Fv2%2Fmedia&parent=1821"}],"wp:term":[{"taxonomy":"category","embeddable":true,"href":"https:\/\/cabellonews.com\/index.php?rest_route=%2Fwp%2Fv2%2Fcategories&post=1821"},{"taxonomy":"post_tag","embeddable":true,"href":"https:\/\/cabellonews.com\/index.php?rest_route=%2Fwp%2Fv2%2Ftags&post=1821"}],"curies":[{"name":"wp","href":"https:\/\/api.w.org\/{rel}","templated":true}]}}