{"id":1792,"date":"2025-06-22T01:59:46","date_gmt":"2025-06-22T01:59:46","guid":{"rendered":"https:\/\/cabellonews.com\/?p=1792"},"modified":"2025-06-25T02:00:37","modified_gmt":"2025-06-25T02:00:37","slug":"realiza-dif-tamaulipas-segunda-capacitacion-y-donacion-de-sillas-de-ruedas-para-personas-discapacitadas","status":"publish","type":"post","link":"https:\/\/cabellonews.com\/?p=1792","title":{"rendered":"Realiza DIF Tamaulipas segunda capacitaci\u00f3n y donaci\u00f3n de sillas de ruedas para personas discapacitadas"},"content":{"rendered":"\n<p>Junio 22 de 2025<\/p>\n\n\n<figure class=\"wp-block-post-featured-image\"><img width=\"240\" height=\"172\" src=\"https:\/\/cabellonews.com\/wp-content\/uploads\/2025\/06\/35489188-6ad0-4bdf-9b9b-7bf6fe904ab2-240x172.jpeg\" class=\"attachment-post-thumbnail size-post-thumbnail wp-post-image\" alt=\"\" decoding=\"async\" loading=\"lazy\" \/><\/figure>\n\n\n<p>Ciudad Victoria, Tamaulipas.\u2013 El Sistema para el Desarrollo Integral de la Familia (DIF) de Tamaulipas, presidido por la doctora Mar\u00eda de Villarreal, en colaboraci\u00f3n con la asociaci\u00f3n Vida Independiente M\u00e9xico, llev\u00f3 a cabo la segunda capacitaci\u00f3n dirigida a personas con discapacidad motriz.<\/p>\n\n\n\n<p>Durante esta actividad tambi\u00e9n se entregaron 27 sillas de ruedas dise\u00f1adas especialmente por dicha asociaci\u00f3n, adquiridas gracias a lo recaudado a trav\u00e9s del redondeo de Fundaci\u00f3n Oxxo.<\/p>\n\n\n\n<p>En el curso participaron 27 personas con discapacidad, quienes durante cinco d\u00edas recibieron capacitaci\u00f3n por parte de instructores especializados de Vida Independiente M\u00e9xico.<\/p>\n\n\n\n<p>Adem\u00e1s, 10 alumnos del Centro de Rehabilitaci\u00f3n y Educaci\u00f3n Especial (CREE) del Sistema DIF Tamaulipas apoyaron activamente a los beneficiarios, facilitando su aprendizaje y el aprovechamiento \u00f3ptimo del equipo.<\/p>\n\n\n\n<p>Esta capacitaci\u00f3n tuvo como objetivo fortalecer las habilidades f\u00edsicas y emocionales de los participantes, a trav\u00e9s de t\u00e9cnicas para el manejo aut\u00f3nomo de la silla de ruedas, as\u00ed como compartir experiencias de inclusi\u00f3n social y laboral.<\/p>\n\n\n\n<p>Al concluir el curso, la directora de Atenci\u00f3n Prioritaria, Mariela Benavides Espronceda, agradeci\u00f3 a Vida Independiente M\u00e9xico por su participaci\u00f3n, as\u00ed como a Fundaci\u00f3n Oxxo por la valiosa donaci\u00f3n de las sillas de ruedas, gracias al redondeo voluntario de sus clientes en todo el pa\u00eds.<\/p>\n\n\n\n<pre class=\"wp-block-code\"><code>   *      *    *<\/code><\/pre>\n","protected":false},"excerpt":{"rendered":"<p>Junio 22 de 2025 Ciudad Victoria, Tamaulipas.\u2013 El Sistema para el Desarrollo Integral de la Familia (DIF) de Tamaulipas, presidido por la doctora Mar\u00eda de Villarreal, en colaboraci\u00f3n con la asociaci\u00f3n Vida Independiente M\u00e9xico, llev\u00f3 a cabo la segunda capacitaci\u00f3n dirigida a personas con discapacidad motriz. Durante esta actividad tambi\u00e9n se entregaron 27 sillas de ruedas dise\u00f1adas especialmente por dicha asociaci\u00f3n, adquiridas gracias a lo recaudado a trav\u00e9s del redondeo de Fundaci\u00f3n Oxxo. En el curso participaron 27 personas con discapacidad, quienes durante cinco d\u00edas recibieron capacitaci\u00f3n por parte de&hellip;<\/p>\n","protected":false},"author":1,"featured_media":1794,"comment_status":"open","ping_status":"open","sticky":false,"template":"","format":"standard","meta":[],"categories":[1],"tags":[],"gutentor_comment":0,"yoast_head":"<!-- This site is optimized with the Yoast SEO plugin v20.10 - https:\/\/yoast.com\/wordpress\/plugins\/seo\/ -->\n<title>Realiza DIF Tamaulipas segunda capacitaci\u00f3n y donaci\u00f3n de sillas de ruedas para personas discapacitadas - cabellonews.com<\/title>\n<meta name=\"robots\" content=\"index, follow, max-snippet:-1, max-image-preview:large, max-video-preview:-1\" \/>\n<link rel=\"canonical\" href=\"https:\/\/cabellonews.com\/?p=1792\" \/>\n<meta property=\"og:locale\" content=\"en_US\" \/>\n<meta property=\"og:type\" content=\"article\" \/>\n<meta property=\"og:title\" content=\"Realiza DIF Tamaulipas segunda capacitaci\u00f3n y donaci\u00f3n de sillas de ruedas para personas discapacitadas - cabellonews.com\" \/>\n<meta property=\"og:description\" content=\"Junio 22 de 2025 Ciudad Victoria, Tamaulipas.\u2013 El Sistema para el Desarrollo Integral de la Familia (DIF) de Tamaulipas, presidido por la doctora Mar\u00eda de Villarreal, en colaboraci\u00f3n con la asociaci\u00f3n Vida Independiente M\u00e9xico, llev\u00f3 a cabo la segunda capacitaci\u00f3n dirigida a personas con discapacidad motriz. Durante esta actividad tambi\u00e9n se entregaron 27 sillas de ruedas dise\u00f1adas especialmente por dicha asociaci\u00f3n, adquiridas gracias a lo recaudado a trav\u00e9s del redondeo de Fundaci\u00f3n Oxxo. En el curso participaron 27 personas con discapacidad, quienes durante cinco d\u00edas recibieron capacitaci\u00f3n por parte de&hellip;\" \/>\n<meta property=\"og:url\" content=\"https:\/\/cabellonews.com\/?p=1792\" \/>\n<meta property=\"og:site_name\" content=\"cabellonews.com\" \/>\n<meta property=\"article:published_time\" content=\"2025-06-22T01:59:46+00:00\" \/>\n<meta property=\"article:modified_time\" content=\"2025-06-25T02:00:37+00:00\" \/>\n<meta property=\"og:image\" content=\"http:\/\/cabellonews.com\/wp-content\/uploads\/2025\/06\/35489188-6ad0-4bdf-9b9b-7bf6fe904ab2.jpeg\" \/>\n\t<meta property=\"og:image:width\" content=\"1600\" \/>\n\t<meta property=\"og:image:height\" content=\"1066\" \/>\n\t<meta property=\"og:image:type\" content=\"image\/jpeg\" \/>\n<meta name=\"author\" content=\"cabellonews.com\" \/>\n<meta name=\"twitter:card\" content=\"summary_large_image\" \/>\n<meta name=\"twitter:label1\" content=\"Written by\" \/>\n\t<meta name=\"twitter:data1\" content=\"cabellonews.com\" \/>\n\t<meta name=\"twitter:label2\" content=\"Est. reading time\" \/>\n\t<meta name=\"twitter:data2\" content=\"1 minute\" \/>\n<script type=\"application\/ld+json\" class=\"yoast-schema-graph\">{\"@context\":\"https:\/\/schema.org\",\"@graph\":[{\"@type\":\"WebPage\",\"@id\":\"https:\/\/cabellonews.com\/?p=1792\",\"url\":\"https:\/\/cabellonews.com\/?p=1792\",\"name\":\"Realiza DIF Tamaulipas segunda capacitaci\u00f3n y donaci\u00f3n de sillas de ruedas para personas discapacitadas - cabellonews.com\",\"isPartOf\":{\"@id\":\"https:\/\/cabellonews.com\/#website\"},\"datePublished\":\"2025-06-22T01:59:46+00:00\",\"dateModified\":\"2025-06-25T02:00:37+00:00\",\"author\":{\"@id\":\"https:\/\/cabellonews.com\/#\/schema\/person\/7afe73bafa6cc5a24fd4c67dfd4379d8\"},\"breadcrumb\":{\"@id\":\"https:\/\/cabellonews.com\/?p=1792#breadcrumb\"},\"inLanguage\":\"en-US\",\"potentialAction\":[{\"@type\":\"ReadAction\",\"target\":[\"https:\/\/cabellonews.com\/?p=1792\"]}]},{\"@type\":\"BreadcrumbList\",\"@id\":\"https:\/\/cabellonews.com\/?p=1792#breadcrumb\",\"itemListElement\":[{\"@type\":\"ListItem\",\"position\":1,\"name\":\"Inicio\",\"item\":\"https:\/\/cabellonews.com\/\"},{\"@type\":\"ListItem\",\"position\":2,\"name\":\"Realiza DIF Tamaulipas segunda capacitaci\u00f3n y donaci\u00f3n de sillas de ruedas para personas discapacitadas\"}]},{\"@type\":\"WebSite\",\"@id\":\"https:\/\/cabellonews.com\/#website\",\"url\":\"https:\/\/cabellonews.com\/\",\"name\":\"cabellonews.com\",\"description\":\"Con Cobertura En Tamaulipas Y norte de Veracruz\",\"potentialAction\":[{\"@type\":\"SearchAction\",\"target\":{\"@type\":\"EntryPoint\",\"urlTemplate\":\"https:\/\/cabellonews.com\/?s={search_term_string}\"},\"query-input\":\"required name=search_term_string\"}],\"inLanguage\":\"en-US\"},{\"@type\":\"Person\",\"@id\":\"https:\/\/cabellonews.com\/#\/schema\/person\/7afe73bafa6cc5a24fd4c67dfd4379d8\",\"name\":\"cabellonews.com\",\"image\":{\"@type\":\"ImageObject\",\"inLanguage\":\"en-US\",\"@id\":\"https:\/\/cabellonews.com\/#\/schema\/person\/image\/\",\"url\":\"https:\/\/secure.gravatar.com\/avatar\/8d6324fc2806389aad4cd38639618406?s=96&d=mm&r=g\",\"contentUrl\":\"https:\/\/secure.gravatar.com\/avatar\/8d6324fc2806389aad4cd38639618406?s=96&d=mm&r=g\",\"caption\":\"cabellonews.com\"},\"sameAs\":[\"http:\/\/cabellonews.com\"],\"url\":\"https:\/\/cabellonews.com\/?author=1\"}]}<\/script>\n<!-- \/ Yoast SEO plugin. -->","yoast_head_json":{"title":"Realiza DIF Tamaulipas segunda capacitaci\u00f3n y donaci\u00f3n de sillas de ruedas para personas discapacitadas - cabellonews.com","robots":{"index":"index","follow":"follow","max-snippet":"max-snippet:-1","max-image-preview":"max-image-preview:large","max-video-preview":"max-video-preview:-1"},"canonical":"https:\/\/cabellonews.com\/?p=1792","og_locale":"en_US","og_type":"article","og_title":"Realiza DIF Tamaulipas segunda capacitaci\u00f3n y donaci\u00f3n de sillas de ruedas para personas discapacitadas - cabellonews.com","og_description":"Junio 22 de 2025 Ciudad Victoria, Tamaulipas.\u2013 El Sistema para el Desarrollo Integral de la Familia (DIF) de Tamaulipas, presidido por la doctora Mar\u00eda de Villarreal, en colaboraci\u00f3n con la asociaci\u00f3n Vida Independiente M\u00e9xico, llev\u00f3 a cabo la segunda capacitaci\u00f3n dirigida a personas con discapacidad motriz. Durante esta actividad tambi\u00e9n se entregaron 27 sillas de ruedas dise\u00f1adas especialmente por dicha asociaci\u00f3n, adquiridas gracias a lo recaudado a trav\u00e9s del redondeo de Fundaci\u00f3n Oxxo. En el curso participaron 27 personas con discapacidad, quienes durante cinco d\u00edas recibieron capacitaci\u00f3n por parte de&hellip;","og_url":"https:\/\/cabellonews.com\/?p=1792","og_site_name":"cabellonews.com","article_published_time":"2025-06-22T01:59:46+00:00","article_modified_time":"2025-06-25T02:00:37+00:00","og_image":[{"width":1600,"height":1066,"url":"http:\/\/cabellonews.com\/wp-content\/uploads\/2025\/06\/35489188-6ad0-4bdf-9b9b-7bf6fe904ab2.jpeg","type":"image\/jpeg"}],"author":"cabellonews.com","twitter_card":"summary_large_image","twitter_misc":{"Written by":"cabellonews.com","Est. reading time":"1 minute"},"schema":{"@context":"https:\/\/schema.org","@graph":[{"@type":"WebPage","@id":"https:\/\/cabellonews.com\/?p=1792","url":"https:\/\/cabellonews.com\/?p=1792","name":"Realiza DIF Tamaulipas segunda capacitaci\u00f3n y donaci\u00f3n de sillas de ruedas para personas discapacitadas - cabellonews.com","isPartOf":{"@id":"https:\/\/cabellonews.com\/#website"},"datePublished":"2025-06-22T01:59:46+00:00","dateModified":"2025-06-25T02:00:37+00:00","author":{"@id":"https:\/\/cabellonews.com\/#\/schema\/person\/7afe73bafa6cc5a24fd4c67dfd4379d8"},"breadcrumb":{"@id":"https:\/\/cabellonews.com\/?p=1792#breadcrumb"},"inLanguage":"en-US","potentialAction":[{"@type":"ReadAction","target":["https:\/\/cabellonews.com\/?p=1792"]}]},{"@type":"BreadcrumbList","@id":"https:\/\/cabellonews.com\/?p=1792#breadcrumb","itemListElement":[{"@type":"ListItem","position":1,"name":"Inicio","item":"https:\/\/cabellonews.com\/"},{"@type":"ListItem","position":2,"name":"Realiza DIF Tamaulipas segunda capacitaci\u00f3n y donaci\u00f3n de sillas de ruedas para personas discapacitadas"}]},{"@type":"WebSite","@id":"https:\/\/cabellonews.com\/#website","url":"https:\/\/cabellonews.com\/","name":"cabellonews.com","description":"Con Cobertura En Tamaulipas Y norte de Veracruz","potentialAction":[{"@type":"SearchAction","target":{"@type":"EntryPoint","urlTemplate":"https:\/\/cabellonews.com\/?s={search_term_string}"},"query-input":"required name=search_term_string"}],"inLanguage":"en-US"},{"@type":"Person","@id":"https:\/\/cabellonews.com\/#\/schema\/person\/7afe73bafa6cc5a24fd4c67dfd4379d8","name":"cabellonews.com","image":{"@type":"ImageObject","inLanguage":"en-US","@id":"https:\/\/cabellonews.com\/#\/schema\/person\/image\/","url":"https:\/\/secure.gravatar.com\/avatar\/8d6324fc2806389aad4cd38639618406?s=96&d=mm&r=g","contentUrl":"https:\/\/secure.gravatar.com\/avatar\/8d6324fc2806389aad4cd38639618406?s=96&d=mm&r=g","caption":"cabellonews.com"},"sameAs":["http:\/\/cabellonews.com"],"url":"https:\/\/cabellonews.com\/?author=1"}]}},"_links":{"self":[{"href":"https:\/\/cabellonews.com\/index.php?rest_route=\/wp\/v2\/posts\/1792"}],"collection":[{"href":"https:\/\/cabellonews.com\/index.php?rest_route=\/wp\/v2\/posts"}],"about":[{"href":"https:\/\/cabellonews.com\/index.php?rest_route=\/wp\/v2\/types\/post"}],"author":[{"embeddable":true,"href":"https:\/\/cabellonews.com\/index.php?rest_route=\/wp\/v2\/users\/1"}],"replies":[{"embeddable":true,"href":"https:\/\/cabellonews.com\/index.php?rest_route=%2Fwp%2Fv2%2Fcomments&post=1792"}],"version-history":[{"count":1,"href":"https:\/\/cabellonews.com\/index.php?rest_route=\/wp\/v2\/posts\/1792\/revisions"}],"predecessor-version":[{"id":1795,"href":"https:\/\/cabellonews.com\/index.php?rest_route=\/wp\/v2\/posts\/1792\/revisions\/1795"}],"wp:featuredmedia":[{"embeddable":true,"href":"https:\/\/cabellonews.com\/index.php?rest_route=\/wp\/v2\/media\/1794"}],"wp:attachment":[{"href":"https:\/\/cabellonews.com\/index.php?rest_route=%2Fwp%2Fv2%2Fmedia&parent=1792"}],"wp:term":[{"taxonomy":"category","embeddable":true,"href":"https:\/\/cabellonews.com\/index.php?rest_route=%2Fwp%2Fv2%2Fcategories&post=1792"},{"taxonomy":"post_tag","embeddable":true,"href":"https:\/\/cabellonews.com\/index.php?rest_route=%2Fwp%2Fv2%2Ftags&post=1792"}],"curies":[{"name":"wp","href":"https:\/\/api.w.org\/{rel}","templated":true}]}}