{"id":1789,"date":"2025-06-21T01:58:25","date_gmt":"2025-06-21T01:58:25","guid":{"rendered":"https:\/\/cabellonews.com\/?p=1789"},"modified":"2025-06-25T01:59:19","modified_gmt":"2025-06-25T01:59:19","slug":"avanza-construccion-del-nuevo-hospital-general-madero","status":"publish","type":"post","link":"https:\/\/cabellonews.com\/?p=1789","title":{"rendered":"Avanza construcci\u00f3n del nuevo Hospital General Madero"},"content":{"rendered":"\n<p>Junio 21 de 2025<\/p>\n\n\n<figure class=\"wp-block-post-featured-image\"><img width=\"240\" height=\"172\" src=\"https:\/\/cabellonews.com\/wp-content\/uploads\/2025\/06\/8b7e929c-19f6-4ee5-b554-5354c06263cf-240x172.jpeg\" class=\"attachment-post-thumbnail size-post-thumbnail wp-post-image\" alt=\"\" decoding=\"async\" loading=\"lazy\" \/><\/figure>\n\n\n<p>Ciudad Madero, Tamaulipas.- El gobierno de Am\u00e9rico Villarreal Anaya, a trav\u00e9s de la Secretar\u00eda de Obras P\u00fablicas (SOP), avanza en la construcci\u00f3n del nuevo Hospital General Madero con un 88 por ciento y una inversi\u00f3n superior a los 329 millones de pesos.<\/p>\n\n\n\n<p>El titular de la dependencia estatal, Pedro Cepeda Anaya mencion\u00f3 que la construcci\u00f3n del hospital como parte de un compromiso presidencial, comenz\u00f3 en el 2015, sin embargo, destac\u00f3 que hubo diversas interrupciones por fallas estructurales y cambios de administraci\u00f3n, retomando la obra gracias a la visi\u00f3n humanista del gobernador.<\/p>\n\n\n\n<p>Apunt\u00f3 que los trabajos comenzaron en el 2023 con el reforzamiento estructural, para posteriormente instalar la red el\u00e9ctrica, sistema de gases medicinales y aire acondicionado.<\/p>\n\n\n\n<p>Agreg\u00f3 que en el 2024 continuaron con la obra dividida en varias etapas, realizando labores de alba\u00f1iler\u00eda, canceler\u00eda, instalaciones y mobiliario, adem\u00e1s del equipamiento en subestaci\u00f3n el\u00e9ctrica, cuarto de m\u00e1quinas y ejecuci\u00f3n de descargas de drenaje.<\/p>\n\n\n\n<p>\u201cEl avance ha sido importante; gracias al esfuerzo de la actual administraci\u00f3n estatal, miles de habitantes del sur de Tamaulipas se beneficiar\u00e1n al contar con infraestructura hospitalaria de calidad\u201d, concluy\u00f3 el servidor p\u00fablico.<\/p>\n\n\n\n<pre class=\"wp-block-code\"><code>        *      *    *<\/code><\/pre>\n","protected":false},"excerpt":{"rendered":"<p>Junio 21 de 2025 Ciudad Madero, Tamaulipas.- El gobierno de Am\u00e9rico Villarreal Anaya, a trav\u00e9s de la Secretar\u00eda de Obras P\u00fablicas (SOP), avanza en la construcci\u00f3n del nuevo Hospital General Madero con un 88 por ciento y una inversi\u00f3n superior a los 329 millones de pesos. El titular de la dependencia estatal, Pedro Cepeda Anaya mencion\u00f3 que la construcci\u00f3n del hospital como parte de un compromiso presidencial, comenz\u00f3 en el 2015, sin embargo, destac\u00f3 que hubo diversas interrupciones por fallas estructurales y cambios de administraci\u00f3n, retomando la obra gracias a&hellip;<\/p>\n","protected":false},"author":1,"featured_media":1790,"comment_status":"open","ping_status":"open","sticky":false,"template":"","format":"standard","meta":[],"categories":[1],"tags":[],"gutentor_comment":1,"yoast_head":"<!-- This site is optimized with the Yoast SEO plugin v20.10 - https:\/\/yoast.com\/wordpress\/plugins\/seo\/ -->\n<title>Avanza construcci\u00f3n del nuevo Hospital General Madero - cabellonews.com<\/title>\n<meta name=\"robots\" content=\"index, follow, max-snippet:-1, max-image-preview:large, max-video-preview:-1\" \/>\n<link rel=\"canonical\" href=\"https:\/\/cabellonews.com\/?p=1789\" \/>\n<meta property=\"og:locale\" content=\"en_US\" \/>\n<meta property=\"og:type\" content=\"article\" \/>\n<meta property=\"og:title\" content=\"Avanza construcci\u00f3n del nuevo Hospital General Madero - cabellonews.com\" \/>\n<meta property=\"og:description\" content=\"Junio 21 de 2025 Ciudad Madero, Tamaulipas.- El gobierno de Am\u00e9rico Villarreal Anaya, a trav\u00e9s de la Secretar\u00eda de Obras P\u00fablicas (SOP), avanza en la construcci\u00f3n del nuevo Hospital General Madero con un 88 por ciento y una inversi\u00f3n superior a los 329 millones de pesos. El titular de la dependencia estatal, Pedro Cepeda Anaya mencion\u00f3 que la construcci\u00f3n del hospital como parte de un compromiso presidencial, comenz\u00f3 en el 2015, sin embargo, destac\u00f3 que hubo diversas interrupciones por fallas estructurales y cambios de administraci\u00f3n, retomando la obra gracias a&hellip;\" \/>\n<meta property=\"og:url\" content=\"https:\/\/cabellonews.com\/?p=1789\" \/>\n<meta property=\"og:site_name\" content=\"cabellonews.com\" \/>\n<meta property=\"article:published_time\" content=\"2025-06-21T01:58:25+00:00\" \/>\n<meta property=\"article:modified_time\" content=\"2025-06-25T01:59:19+00:00\" \/>\n<meta property=\"og:image\" content=\"http:\/\/cabellonews.com\/wp-content\/uploads\/2025\/06\/8b7e929c-19f6-4ee5-b554-5354c06263cf.jpeg\" \/>\n\t<meta property=\"og:image:width\" content=\"1600\" \/>\n\t<meta property=\"og:image:height\" content=\"900\" \/>\n\t<meta property=\"og:image:type\" content=\"image\/jpeg\" \/>\n<meta name=\"author\" content=\"cabellonews.com\" \/>\n<meta name=\"twitter:card\" content=\"summary_large_image\" \/>\n<meta name=\"twitter:label1\" content=\"Written by\" \/>\n\t<meta name=\"twitter:data1\" content=\"cabellonews.com\" \/>\n\t<meta name=\"twitter:label2\" content=\"Est. reading time\" \/>\n\t<meta name=\"twitter:data2\" content=\"1 minute\" \/>\n<script type=\"application\/ld+json\" class=\"yoast-schema-graph\">{\"@context\":\"https:\/\/schema.org\",\"@graph\":[{\"@type\":\"WebPage\",\"@id\":\"https:\/\/cabellonews.com\/?p=1789\",\"url\":\"https:\/\/cabellonews.com\/?p=1789\",\"name\":\"Avanza construcci\u00f3n del nuevo Hospital General Madero - cabellonews.com\",\"isPartOf\":{\"@id\":\"https:\/\/cabellonews.com\/#website\"},\"datePublished\":\"2025-06-21T01:58:25+00:00\",\"dateModified\":\"2025-06-25T01:59:19+00:00\",\"author\":{\"@id\":\"https:\/\/cabellonews.com\/#\/schema\/person\/7afe73bafa6cc5a24fd4c67dfd4379d8\"},\"breadcrumb\":{\"@id\":\"https:\/\/cabellonews.com\/?p=1789#breadcrumb\"},\"inLanguage\":\"en-US\",\"potentialAction\":[{\"@type\":\"ReadAction\",\"target\":[\"https:\/\/cabellonews.com\/?p=1789\"]}]},{\"@type\":\"BreadcrumbList\",\"@id\":\"https:\/\/cabellonews.com\/?p=1789#breadcrumb\",\"itemListElement\":[{\"@type\":\"ListItem\",\"position\":1,\"name\":\"Inicio\",\"item\":\"https:\/\/cabellonews.com\/\"},{\"@type\":\"ListItem\",\"position\":2,\"name\":\"Avanza construcci\u00f3n del nuevo Hospital General Madero\"}]},{\"@type\":\"WebSite\",\"@id\":\"https:\/\/cabellonews.com\/#website\",\"url\":\"https:\/\/cabellonews.com\/\",\"name\":\"cabellonews.com\",\"description\":\"Con Cobertura En Tamaulipas Y norte de Veracruz\",\"potentialAction\":[{\"@type\":\"SearchAction\",\"target\":{\"@type\":\"EntryPoint\",\"urlTemplate\":\"https:\/\/cabellonews.com\/?s={search_term_string}\"},\"query-input\":\"required name=search_term_string\"}],\"inLanguage\":\"en-US\"},{\"@type\":\"Person\",\"@id\":\"https:\/\/cabellonews.com\/#\/schema\/person\/7afe73bafa6cc5a24fd4c67dfd4379d8\",\"name\":\"cabellonews.com\",\"image\":{\"@type\":\"ImageObject\",\"inLanguage\":\"en-US\",\"@id\":\"https:\/\/cabellonews.com\/#\/schema\/person\/image\/\",\"url\":\"https:\/\/secure.gravatar.com\/avatar\/8d6324fc2806389aad4cd38639618406?s=96&d=mm&r=g\",\"contentUrl\":\"https:\/\/secure.gravatar.com\/avatar\/8d6324fc2806389aad4cd38639618406?s=96&d=mm&r=g\",\"caption\":\"cabellonews.com\"},\"sameAs\":[\"http:\/\/cabellonews.com\"],\"url\":\"https:\/\/cabellonews.com\/?author=1\"}]}<\/script>\n<!-- \/ Yoast SEO plugin. -->","yoast_head_json":{"title":"Avanza construcci\u00f3n del nuevo Hospital General Madero - cabellonews.com","robots":{"index":"index","follow":"follow","max-snippet":"max-snippet:-1","max-image-preview":"max-image-preview:large","max-video-preview":"max-video-preview:-1"},"canonical":"https:\/\/cabellonews.com\/?p=1789","og_locale":"en_US","og_type":"article","og_title":"Avanza construcci\u00f3n del nuevo Hospital General Madero - cabellonews.com","og_description":"Junio 21 de 2025 Ciudad Madero, Tamaulipas.- El gobierno de Am\u00e9rico Villarreal Anaya, a trav\u00e9s de la Secretar\u00eda de Obras P\u00fablicas (SOP), avanza en la construcci\u00f3n del nuevo Hospital General Madero con un 88 por ciento y una inversi\u00f3n superior a los 329 millones de pesos. El titular de la dependencia estatal, Pedro Cepeda Anaya mencion\u00f3 que la construcci\u00f3n del hospital como parte de un compromiso presidencial, comenz\u00f3 en el 2015, sin embargo, destac\u00f3 que hubo diversas interrupciones por fallas estructurales y cambios de administraci\u00f3n, retomando la obra gracias a&hellip;","og_url":"https:\/\/cabellonews.com\/?p=1789","og_site_name":"cabellonews.com","article_published_time":"2025-06-21T01:58:25+00:00","article_modified_time":"2025-06-25T01:59:19+00:00","og_image":[{"width":1600,"height":900,"url":"http:\/\/cabellonews.com\/wp-content\/uploads\/2025\/06\/8b7e929c-19f6-4ee5-b554-5354c06263cf.jpeg","type":"image\/jpeg"}],"author":"cabellonews.com","twitter_card":"summary_large_image","twitter_misc":{"Written by":"cabellonews.com","Est. reading time":"1 minute"},"schema":{"@context":"https:\/\/schema.org","@graph":[{"@type":"WebPage","@id":"https:\/\/cabellonews.com\/?p=1789","url":"https:\/\/cabellonews.com\/?p=1789","name":"Avanza construcci\u00f3n del nuevo Hospital General Madero - cabellonews.com","isPartOf":{"@id":"https:\/\/cabellonews.com\/#website"},"datePublished":"2025-06-21T01:58:25+00:00","dateModified":"2025-06-25T01:59:19+00:00","author":{"@id":"https:\/\/cabellonews.com\/#\/schema\/person\/7afe73bafa6cc5a24fd4c67dfd4379d8"},"breadcrumb":{"@id":"https:\/\/cabellonews.com\/?p=1789#breadcrumb"},"inLanguage":"en-US","potentialAction":[{"@type":"ReadAction","target":["https:\/\/cabellonews.com\/?p=1789"]}]},{"@type":"BreadcrumbList","@id":"https:\/\/cabellonews.com\/?p=1789#breadcrumb","itemListElement":[{"@type":"ListItem","position":1,"name":"Inicio","item":"https:\/\/cabellonews.com\/"},{"@type":"ListItem","position":2,"name":"Avanza construcci\u00f3n del nuevo Hospital General Madero"}]},{"@type":"WebSite","@id":"https:\/\/cabellonews.com\/#website","url":"https:\/\/cabellonews.com\/","name":"cabellonews.com","description":"Con Cobertura En Tamaulipas Y norte de Veracruz","potentialAction":[{"@type":"SearchAction","target":{"@type":"EntryPoint","urlTemplate":"https:\/\/cabellonews.com\/?s={search_term_string}"},"query-input":"required name=search_term_string"}],"inLanguage":"en-US"},{"@type":"Person","@id":"https:\/\/cabellonews.com\/#\/schema\/person\/7afe73bafa6cc5a24fd4c67dfd4379d8","name":"cabellonews.com","image":{"@type":"ImageObject","inLanguage":"en-US","@id":"https:\/\/cabellonews.com\/#\/schema\/person\/image\/","url":"https:\/\/secure.gravatar.com\/avatar\/8d6324fc2806389aad4cd38639618406?s=96&d=mm&r=g","contentUrl":"https:\/\/secure.gravatar.com\/avatar\/8d6324fc2806389aad4cd38639618406?s=96&d=mm&r=g","caption":"cabellonews.com"},"sameAs":["http:\/\/cabellonews.com"],"url":"https:\/\/cabellonews.com\/?author=1"}]}},"_links":{"self":[{"href":"https:\/\/cabellonews.com\/index.php?rest_route=\/wp\/v2\/posts\/1789"}],"collection":[{"href":"https:\/\/cabellonews.com\/index.php?rest_route=\/wp\/v2\/posts"}],"about":[{"href":"https:\/\/cabellonews.com\/index.php?rest_route=\/wp\/v2\/types\/post"}],"author":[{"embeddable":true,"href":"https:\/\/cabellonews.com\/index.php?rest_route=\/wp\/v2\/users\/1"}],"replies":[{"embeddable":true,"href":"https:\/\/cabellonews.com\/index.php?rest_route=%2Fwp%2Fv2%2Fcomments&post=1789"}],"version-history":[{"count":1,"href":"https:\/\/cabellonews.com\/index.php?rest_route=\/wp\/v2\/posts\/1789\/revisions"}],"predecessor-version":[{"id":1791,"href":"https:\/\/cabellonews.com\/index.php?rest_route=\/wp\/v2\/posts\/1789\/revisions\/1791"}],"wp:featuredmedia":[{"embeddable":true,"href":"https:\/\/cabellonews.com\/index.php?rest_route=\/wp\/v2\/media\/1790"}],"wp:attachment":[{"href":"https:\/\/cabellonews.com\/index.php?rest_route=%2Fwp%2Fv2%2Fmedia&parent=1789"}],"wp:term":[{"taxonomy":"category","embeddable":true,"href":"https:\/\/cabellonews.com\/index.php?rest_route=%2Fwp%2Fv2%2Fcategories&post=1789"},{"taxonomy":"post_tag","embeddable":true,"href":"https:\/\/cabellonews.com\/index.php?rest_route=%2Fwp%2Fv2%2Ftags&post=1789"}],"curies":[{"name":"wp","href":"https:\/\/api.w.org\/{rel}","templated":true}]}}