{"id":1786,"date":"2025-06-20T01:57:19","date_gmt":"2025-06-20T01:57:19","guid":{"rendered":"https:\/\/cabellonews.com\/?p=1786"},"modified":"2025-06-25T01:58:01","modified_gmt":"2025-06-25T01:58:01","slug":"gobernador-americo-villarreal-y-autoridades-de-mexico-y-eua-fortalecen-acciones-contra-tuberculosis-bovina","status":"publish","type":"post","link":"https:\/\/cabellonews.com\/?p=1786","title":{"rendered":"Gobernador Am\u00e9rico Villarreal y autoridades de M\u00e9xico y EUA, fortalecen acciones contra tuberculosis bovina"},"content":{"rendered":"\n<p>Junio 20 de 2025<\/p>\n\n\n<figure class=\"wp-block-post-featured-image\"><img width=\"240\" height=\"172\" src=\"https:\/\/cabellonews.com\/wp-content\/uploads\/2025\/06\/3ff519df-5957-42ae-bd99-59c8cf4f684b-240x172.jpeg\" class=\"attachment-post-thumbnail size-post-thumbnail wp-post-image\" alt=\"\" decoding=\"async\" loading=\"lazy\" \/><\/figure>\n\n\n<p>Ciudad Victoria, Tamaulipas. &#8211; Desde el inicio de la actual administraci\u00f3n, el Gobierno de Tamaulipas ha desplegado una intensa campa\u00f1a para cumplir con el Programa de Erradicaci\u00f3n de Tuberculosis Bovina destinando a las campa\u00f1as zoosanitarias cerca de 120 millones de pesos, a fin de recuperar el estatus ganadero que fue degradado en 2020, inform\u00f3 el gobernador Am\u00e9rico Villarreal Anaya.<\/p>\n\n\n\n<p>En un enlace virtual de trabajo binacional, el mandatario tamaulipeco se reuni\u00f3 con autoridades de la Secretar\u00eda de Agricultura y Desarrollo Rural, (SADER), as\u00ed como del Departamento de Agricultura de los Estados Unidos (USDA), del Servicio Nacional de Sanidad, Inocuidad y Calidad Agroalimentaria (SENASICA) y la Uni\u00f3n Ganadera Regional, donde destac\u00f3 las diferentes campa\u00f1as y acciones que con el apoyo del gobierno federal, se implementan en el estado para lograr la certificaci\u00f3n del Programa de Erradicaci\u00f3n de la Tuberculosis Bovina en Tamaulipas y obtener la reclasificaci\u00f3n como acreditado modificado (nivel III).<\/p>\n\n\n\n<p>Explic\u00f3 que el Estado lleva a cabo la aplicaci\u00f3n de pruebas diagn\u00f3sticas de tuberculosis, la adquisici\u00f3n de equipo de acero inoxidable para 10 rastros municipales, la adquisici\u00f3n de 8 veh\u00edculos equipados para el control de la movilizaci\u00f3n, principalmente en las zonas de amortiguamiento Tamaulipas-Nuevo Le\u00f3n y Tamaulipas-San Luis Potos\u00ed.<\/p>\n\n\n\n<p>Adem\u00e1s, la contrataci\u00f3n de inspectores de ganader\u00eda y el establecimiento de cuatro mesas de trabajo a fin de garantizar que el ganado de origen tamaulipeco que se exporta a los Estados Unidos cumpla con las estrictas normas sanitarias.<\/p>\n\n\n\n<p>Durante la reuni\u00f3n virtual, en la que estuvo acompa\u00f1ado por Antonio Varela Flores, secretario de Desarrollo Rural, Pesca y Acuacultura, el mandatario tamaulipeco reiter\u00f3 que estar\u00e1 atento al trabajo en territorio que realice el equipo interinstitucional en su visita a los hatos ganaderos y reiter\u00f3 su confianza para que las acciones emprendidas contin\u00faen favoreciendo el desarrollo de la ganader\u00eda del estado.<\/p>\n\n\n\n<pre class=\"wp-block-code\"><code>       *     *    *<\/code><\/pre>\n","protected":false},"excerpt":{"rendered":"<p>Junio 20 de 2025 Ciudad Victoria, Tamaulipas. &#8211; Desde el inicio de la actual administraci\u00f3n, el Gobierno de Tamaulipas ha desplegado una intensa campa\u00f1a para cumplir con el Programa de Erradicaci\u00f3n de Tuberculosis Bovina destinando a las campa\u00f1as zoosanitarias cerca de 120 millones de pesos, a fin de recuperar el estatus ganadero que fue degradado en 2020, inform\u00f3 el gobernador Am\u00e9rico Villarreal Anaya. En un enlace virtual de trabajo binacional, el mandatario tamaulipeco se reuni\u00f3 con autoridades de la Secretar\u00eda de Agricultura y Desarrollo Rural, (SADER), as\u00ed como del Departamento&hellip;<\/p>\n","protected":false},"author":1,"featured_media":1787,"comment_status":"open","ping_status":"open","sticky":false,"template":"","format":"standard","meta":[],"categories":[1],"tags":[],"gutentor_comment":1,"yoast_head":"<!-- This site is optimized with the Yoast SEO plugin v20.10 - https:\/\/yoast.com\/wordpress\/plugins\/seo\/ -->\n<title>Gobernador Am\u00e9rico Villarreal y autoridades de M\u00e9xico y EUA, fortalecen acciones contra tuberculosis bovina - cabellonews.com<\/title>\n<meta name=\"robots\" content=\"index, follow, max-snippet:-1, max-image-preview:large, max-video-preview:-1\" \/>\n<link rel=\"canonical\" href=\"https:\/\/cabellonews.com\/?p=1786\" \/>\n<meta property=\"og:locale\" content=\"en_US\" \/>\n<meta property=\"og:type\" content=\"article\" \/>\n<meta property=\"og:title\" content=\"Gobernador Am\u00e9rico Villarreal y autoridades de M\u00e9xico y EUA, fortalecen acciones contra tuberculosis bovina - cabellonews.com\" \/>\n<meta property=\"og:description\" content=\"Junio 20 de 2025 Ciudad Victoria, Tamaulipas. &#8211; Desde el inicio de la actual administraci\u00f3n, el Gobierno de Tamaulipas ha desplegado una intensa campa\u00f1a para cumplir con el Programa de Erradicaci\u00f3n de Tuberculosis Bovina destinando a las campa\u00f1as zoosanitarias cerca de 120 millones de pesos, a fin de recuperar el estatus ganadero que fue degradado en 2020, inform\u00f3 el gobernador Am\u00e9rico Villarreal Anaya. En un enlace virtual de trabajo binacional, el mandatario tamaulipeco se reuni\u00f3 con autoridades de la Secretar\u00eda de Agricultura y Desarrollo Rural, (SADER), as\u00ed como del Departamento&hellip;\" \/>\n<meta property=\"og:url\" content=\"https:\/\/cabellonews.com\/?p=1786\" \/>\n<meta property=\"og:site_name\" content=\"cabellonews.com\" \/>\n<meta property=\"article:published_time\" content=\"2025-06-20T01:57:19+00:00\" \/>\n<meta property=\"article:modified_time\" content=\"2025-06-25T01:58:01+00:00\" \/>\n<meta property=\"og:image\" content=\"http:\/\/cabellonews.com\/wp-content\/uploads\/2025\/06\/3ff519df-5957-42ae-bd99-59c8cf4f684b.jpeg\" \/>\n\t<meta property=\"og:image:width\" content=\"1600\" \/>\n\t<meta property=\"og:image:height\" content=\"1067\" \/>\n\t<meta property=\"og:image:type\" content=\"image\/jpeg\" \/>\n<meta name=\"author\" content=\"cabellonews.com\" \/>\n<meta name=\"twitter:card\" content=\"summary_large_image\" \/>\n<meta name=\"twitter:label1\" content=\"Written by\" \/>\n\t<meta name=\"twitter:data1\" content=\"cabellonews.com\" \/>\n\t<meta name=\"twitter:label2\" content=\"Est. reading time\" \/>\n\t<meta name=\"twitter:data2\" content=\"2 minutes\" \/>\n<script type=\"application\/ld+json\" class=\"yoast-schema-graph\">{\"@context\":\"https:\/\/schema.org\",\"@graph\":[{\"@type\":\"WebPage\",\"@id\":\"https:\/\/cabellonews.com\/?p=1786\",\"url\":\"https:\/\/cabellonews.com\/?p=1786\",\"name\":\"Gobernador Am\u00e9rico Villarreal y autoridades de M\u00e9xico y EUA, fortalecen acciones contra tuberculosis bovina - cabellonews.com\",\"isPartOf\":{\"@id\":\"https:\/\/cabellonews.com\/#website\"},\"datePublished\":\"2025-06-20T01:57:19+00:00\",\"dateModified\":\"2025-06-25T01:58:01+00:00\",\"author\":{\"@id\":\"https:\/\/cabellonews.com\/#\/schema\/person\/7afe73bafa6cc5a24fd4c67dfd4379d8\"},\"breadcrumb\":{\"@id\":\"https:\/\/cabellonews.com\/?p=1786#breadcrumb\"},\"inLanguage\":\"en-US\",\"potentialAction\":[{\"@type\":\"ReadAction\",\"target\":[\"https:\/\/cabellonews.com\/?p=1786\"]}]},{\"@type\":\"BreadcrumbList\",\"@id\":\"https:\/\/cabellonews.com\/?p=1786#breadcrumb\",\"itemListElement\":[{\"@type\":\"ListItem\",\"position\":1,\"name\":\"Inicio\",\"item\":\"https:\/\/cabellonews.com\/\"},{\"@type\":\"ListItem\",\"position\":2,\"name\":\"Gobernador Am\u00e9rico Villarreal y autoridades de M\u00e9xico y EUA, fortalecen acciones contra tuberculosis bovina\"}]},{\"@type\":\"WebSite\",\"@id\":\"https:\/\/cabellonews.com\/#website\",\"url\":\"https:\/\/cabellonews.com\/\",\"name\":\"cabellonews.com\",\"description\":\"Con Cobertura En Tamaulipas Y norte de Veracruz\",\"potentialAction\":[{\"@type\":\"SearchAction\",\"target\":{\"@type\":\"EntryPoint\",\"urlTemplate\":\"https:\/\/cabellonews.com\/?s={search_term_string}\"},\"query-input\":\"required name=search_term_string\"}],\"inLanguage\":\"en-US\"},{\"@type\":\"Person\",\"@id\":\"https:\/\/cabellonews.com\/#\/schema\/person\/7afe73bafa6cc5a24fd4c67dfd4379d8\",\"name\":\"cabellonews.com\",\"image\":{\"@type\":\"ImageObject\",\"inLanguage\":\"en-US\",\"@id\":\"https:\/\/cabellonews.com\/#\/schema\/person\/image\/\",\"url\":\"https:\/\/secure.gravatar.com\/avatar\/8d6324fc2806389aad4cd38639618406?s=96&d=mm&r=g\",\"contentUrl\":\"https:\/\/secure.gravatar.com\/avatar\/8d6324fc2806389aad4cd38639618406?s=96&d=mm&r=g\",\"caption\":\"cabellonews.com\"},\"sameAs\":[\"http:\/\/cabellonews.com\"],\"url\":\"https:\/\/cabellonews.com\/?author=1\"}]}<\/script>\n<!-- \/ Yoast SEO plugin. -->","yoast_head_json":{"title":"Gobernador Am\u00e9rico Villarreal y autoridades de M\u00e9xico y EUA, fortalecen acciones contra tuberculosis bovina - cabellonews.com","robots":{"index":"index","follow":"follow","max-snippet":"max-snippet:-1","max-image-preview":"max-image-preview:large","max-video-preview":"max-video-preview:-1"},"canonical":"https:\/\/cabellonews.com\/?p=1786","og_locale":"en_US","og_type":"article","og_title":"Gobernador Am\u00e9rico Villarreal y autoridades de M\u00e9xico y EUA, fortalecen acciones contra tuberculosis bovina - cabellonews.com","og_description":"Junio 20 de 2025 Ciudad Victoria, Tamaulipas. &#8211; Desde el inicio de la actual administraci\u00f3n, el Gobierno de Tamaulipas ha desplegado una intensa campa\u00f1a para cumplir con el Programa de Erradicaci\u00f3n de Tuberculosis Bovina destinando a las campa\u00f1as zoosanitarias cerca de 120 millones de pesos, a fin de recuperar el estatus ganadero que fue degradado en 2020, inform\u00f3 el gobernador Am\u00e9rico Villarreal Anaya. En un enlace virtual de trabajo binacional, el mandatario tamaulipeco se reuni\u00f3 con autoridades de la Secretar\u00eda de Agricultura y Desarrollo Rural, (SADER), as\u00ed como del Departamento&hellip;","og_url":"https:\/\/cabellonews.com\/?p=1786","og_site_name":"cabellonews.com","article_published_time":"2025-06-20T01:57:19+00:00","article_modified_time":"2025-06-25T01:58:01+00:00","og_image":[{"width":1600,"height":1067,"url":"http:\/\/cabellonews.com\/wp-content\/uploads\/2025\/06\/3ff519df-5957-42ae-bd99-59c8cf4f684b.jpeg","type":"image\/jpeg"}],"author":"cabellonews.com","twitter_card":"summary_large_image","twitter_misc":{"Written by":"cabellonews.com","Est. reading time":"2 minutes"},"schema":{"@context":"https:\/\/schema.org","@graph":[{"@type":"WebPage","@id":"https:\/\/cabellonews.com\/?p=1786","url":"https:\/\/cabellonews.com\/?p=1786","name":"Gobernador Am\u00e9rico Villarreal y autoridades de M\u00e9xico y EUA, fortalecen acciones contra tuberculosis bovina - cabellonews.com","isPartOf":{"@id":"https:\/\/cabellonews.com\/#website"},"datePublished":"2025-06-20T01:57:19+00:00","dateModified":"2025-06-25T01:58:01+00:00","author":{"@id":"https:\/\/cabellonews.com\/#\/schema\/person\/7afe73bafa6cc5a24fd4c67dfd4379d8"},"breadcrumb":{"@id":"https:\/\/cabellonews.com\/?p=1786#breadcrumb"},"inLanguage":"en-US","potentialAction":[{"@type":"ReadAction","target":["https:\/\/cabellonews.com\/?p=1786"]}]},{"@type":"BreadcrumbList","@id":"https:\/\/cabellonews.com\/?p=1786#breadcrumb","itemListElement":[{"@type":"ListItem","position":1,"name":"Inicio","item":"https:\/\/cabellonews.com\/"},{"@type":"ListItem","position":2,"name":"Gobernador Am\u00e9rico Villarreal y autoridades de M\u00e9xico y EUA, fortalecen acciones contra tuberculosis bovina"}]},{"@type":"WebSite","@id":"https:\/\/cabellonews.com\/#website","url":"https:\/\/cabellonews.com\/","name":"cabellonews.com","description":"Con Cobertura En Tamaulipas Y norte de Veracruz","potentialAction":[{"@type":"SearchAction","target":{"@type":"EntryPoint","urlTemplate":"https:\/\/cabellonews.com\/?s={search_term_string}"},"query-input":"required name=search_term_string"}],"inLanguage":"en-US"},{"@type":"Person","@id":"https:\/\/cabellonews.com\/#\/schema\/person\/7afe73bafa6cc5a24fd4c67dfd4379d8","name":"cabellonews.com","image":{"@type":"ImageObject","inLanguage":"en-US","@id":"https:\/\/cabellonews.com\/#\/schema\/person\/image\/","url":"https:\/\/secure.gravatar.com\/avatar\/8d6324fc2806389aad4cd38639618406?s=96&d=mm&r=g","contentUrl":"https:\/\/secure.gravatar.com\/avatar\/8d6324fc2806389aad4cd38639618406?s=96&d=mm&r=g","caption":"cabellonews.com"},"sameAs":["http:\/\/cabellonews.com"],"url":"https:\/\/cabellonews.com\/?author=1"}]}},"_links":{"self":[{"href":"https:\/\/cabellonews.com\/index.php?rest_route=\/wp\/v2\/posts\/1786"}],"collection":[{"href":"https:\/\/cabellonews.com\/index.php?rest_route=\/wp\/v2\/posts"}],"about":[{"href":"https:\/\/cabellonews.com\/index.php?rest_route=\/wp\/v2\/types\/post"}],"author":[{"embeddable":true,"href":"https:\/\/cabellonews.com\/index.php?rest_route=\/wp\/v2\/users\/1"}],"replies":[{"embeddable":true,"href":"https:\/\/cabellonews.com\/index.php?rest_route=%2Fwp%2Fv2%2Fcomments&post=1786"}],"version-history":[{"count":1,"href":"https:\/\/cabellonews.com\/index.php?rest_route=\/wp\/v2\/posts\/1786\/revisions"}],"predecessor-version":[{"id":1788,"href":"https:\/\/cabellonews.com\/index.php?rest_route=\/wp\/v2\/posts\/1786\/revisions\/1788"}],"wp:featuredmedia":[{"embeddable":true,"href":"https:\/\/cabellonews.com\/index.php?rest_route=\/wp\/v2\/media\/1787"}],"wp:attachment":[{"href":"https:\/\/cabellonews.com\/index.php?rest_route=%2Fwp%2Fv2%2Fmedia&parent=1786"}],"wp:term":[{"taxonomy":"category","embeddable":true,"href":"https:\/\/cabellonews.com\/index.php?rest_route=%2Fwp%2Fv2%2Fcategories&post=1786"},{"taxonomy":"post_tag","embeddable":true,"href":"https:\/\/cabellonews.com\/index.php?rest_route=%2Fwp%2Fv2%2Ftags&post=1786"}],"curies":[{"name":"wp","href":"https:\/\/api.w.org\/{rel}","templated":true}]}}