{"id":1783,"date":"2025-06-19T01:56:08","date_gmt":"2025-06-19T01:56:08","guid":{"rendered":"https:\/\/cabellonews.com\/?p=1783"},"modified":"2025-06-25T01:56:56","modified_gmt":"2025-06-25T01:56:56","slug":"destaca-calificadora-pcr-verum-honestidad-del-gobierno-de-tamaulipas","status":"publish","type":"post","link":"https:\/\/cabellonews.com\/?p=1783","title":{"rendered":"Destaca Calificadora PCR Verum honestidad del gobierno de Tamaulipas"},"content":{"rendered":"\n<p>-La Agencia da calificaci\u00f3n \u2018A+\/M\u2019 por eficiencia administrativa y responsable en el manejo de los dineros p\u00fablicos en la administraci\u00f3n de Am\u00e9rico Villarreal<\/p>\n\n\n<figure class=\"wp-block-post-featured-image\"><img width=\"240\" height=\"172\" src=\"https:\/\/cabellonews.com\/wp-content\/uploads\/2025\/06\/f2da7782-801e-46b0-8bf1-75b693088798-240x172.jpeg\" class=\"attachment-post-thumbnail size-post-thumbnail wp-post-image\" alt=\"\" decoding=\"async\" loading=\"lazy\" \/><\/figure>\n\n\n<p>Junio 19 de 2025<\/p>\n\n\n\n<p>Ciudad Victoria, Tamaulipas.- En reconocimiento a la conducci\u00f3n financiera transparente, responsable y eficiente del gobierno de Tamaulipas, la agencia calificadora PCR Verum ratific\u00f3 la calificaci\u00f3n de largo plazo en escala nacional de \u2018A+\/M\u2019 con Perspectiva Estable al estado de Tamaulipas.<\/p>\n\n\n\n<p>La calificaci\u00f3n refleja el fortalecimiento sostenido de los ingresos propios del estado, una posici\u00f3n de liquidez adecuada, disciplina en el gasto, manejo prudente de la deuda y un desempe\u00f1o presupuestal superavitario, lo que distingue a la actual administraci\u00f3n estatal frente a la opacidad, irresponsabilidad y corrupci\u00f3n con la que se manejaron los recursos p\u00fablicos en gobiernos anteriores.<\/p>\n\n\n\n<p>Este reconocimiento institucional, al gobierno de Am\u00e9rico Villarreal, refrenda la confianza en el modelo de gesti\u00f3n financiera implementado por la administraci\u00f3n estatal y evidencia un cambio profundo en la manera de ejercer el gasto p\u00fablico en beneficio de las y los tamaulipecos.<\/p>\n\n\n\n<p>\u201cHoy Tamaulipas es un estado que administra con responsabilidad y honestidad el dinero del pueblo. Gracias a ello, se invierte en infraestructura estrat\u00e9gica, programas sociales y proyectos que detonan el desarrollo econ\u00f3mico y el bienestar de las familias\u201d, destac\u00f3 Jes\u00fas Lav\u00edn Ver\u00e1stegui, secretario de Finanzas del estado.<\/p>\n\n\n\n<p>PCR Verum tambi\u00e9n destac\u00f3 la reestructuraci\u00f3n de deuda heredada de administraciones anteriores, lo cual ha permitido mejorar el perfil financiero de la entidad, reducir costos y liberar recursos para inversi\u00f3n p\u00fablica.<\/p>\n\n\n\n<p>Asimismo, la calificadora reconoci\u00f3 el aprovechamiento de las ventajas competitivas de Tamaulipas, como su ubicaci\u00f3n geogr\u00e1fica estrat\u00e9gica, su infraestructura log\u00edstica y su capital humano, como factores que apuntalan el potencial de desarrollo econ\u00f3mico bajo el liderazgo del gobernador Am\u00e9rico Villarreal.<\/p>\n\n\n\n<p>En materia de sostenibilidad, el informe de PCR Verum subraya avances importantes en criterios ESG (ambientales, sociales y de gobernanza), entre ellos la implementaci\u00f3n del impuesto verde, la mejora en el tratamiento de aguas, los apoyos sociales a poblaci\u00f3n vulnerable y una mayor transparencia en los procesos gubernamentales.<\/p>\n\n\n\n<p>El secretario de Finanzas reafirm\u00f3 su compromiso de continuar con una pol\u00edtica econ\u00f3mica basada en la eficiencia, la rendici\u00f3n de cuentas y el uso estrat\u00e9gico de los recursos p\u00fablicos para consolidar la transformaci\u00f3n profunda que vive Tamaulipas.<\/p>\n\n\n\n<pre class=\"wp-block-code\"><code>        *   *    *<\/code><\/pre>\n","protected":false},"excerpt":{"rendered":"<p>-La Agencia da calificaci\u00f3n \u2018A+\/M\u2019 por eficiencia administrativa y responsable en el manejo de los dineros p\u00fablicos en la administraci\u00f3n de Am\u00e9rico Villarreal Junio 19 de 2025 Ciudad Victoria, Tamaulipas.- En reconocimiento a la conducci\u00f3n financiera transparente, responsable y eficiente del gobierno de Tamaulipas, la agencia calificadora PCR Verum ratific\u00f3 la calificaci\u00f3n de largo plazo en escala nacional de \u2018A+\/M\u2019 con Perspectiva Estable al estado de Tamaulipas. La calificaci\u00f3n refleja el fortalecimiento sostenido de los ingresos propios del estado, una posici\u00f3n de liquidez adecuada, disciplina en el gasto, manejo prudente&hellip;<\/p>\n","protected":false},"author":1,"featured_media":1784,"comment_status":"open","ping_status":"open","sticky":false,"template":"","format":"standard","meta":[],"categories":[1],"tags":[],"gutentor_comment":0,"yoast_head":"<!-- This site is optimized with the Yoast SEO plugin v20.10 - https:\/\/yoast.com\/wordpress\/plugins\/seo\/ -->\n<title>Destaca Calificadora PCR Verum honestidad del gobierno de Tamaulipas - cabellonews.com<\/title>\n<meta name=\"robots\" content=\"index, follow, max-snippet:-1, max-image-preview:large, max-video-preview:-1\" \/>\n<link rel=\"canonical\" href=\"https:\/\/cabellonews.com\/?p=1783\" \/>\n<meta property=\"og:locale\" content=\"en_US\" \/>\n<meta property=\"og:type\" content=\"article\" \/>\n<meta property=\"og:title\" content=\"Destaca Calificadora PCR Verum honestidad del gobierno de Tamaulipas - cabellonews.com\" \/>\n<meta property=\"og:description\" content=\"-La Agencia da calificaci\u00f3n \u2018A+\/M\u2019 por eficiencia administrativa y responsable en el manejo de los dineros p\u00fablicos en la administraci\u00f3n de Am\u00e9rico Villarreal Junio 19 de 2025 Ciudad Victoria, Tamaulipas.- En reconocimiento a la conducci\u00f3n financiera transparente, responsable y eficiente del gobierno de Tamaulipas, la agencia calificadora PCR Verum ratific\u00f3 la calificaci\u00f3n de largo plazo en escala nacional de \u2018A+\/M\u2019 con Perspectiva Estable al estado de Tamaulipas. La calificaci\u00f3n refleja el fortalecimiento sostenido de los ingresos propios del estado, una posici\u00f3n de liquidez adecuada, disciplina en el gasto, manejo prudente&hellip;\" \/>\n<meta property=\"og:url\" content=\"https:\/\/cabellonews.com\/?p=1783\" \/>\n<meta property=\"og:site_name\" content=\"cabellonews.com\" \/>\n<meta property=\"article:published_time\" content=\"2025-06-19T01:56:08+00:00\" \/>\n<meta property=\"article:modified_time\" content=\"2025-06-25T01:56:56+00:00\" \/>\n<meta property=\"og:image\" content=\"http:\/\/cabellonews.com\/wp-content\/uploads\/2025\/06\/f2da7782-801e-46b0-8bf1-75b693088798.jpeg\" \/>\n\t<meta property=\"og:image:width\" content=\"2048\" \/>\n\t<meta property=\"og:image:height\" content=\"1366\" \/>\n\t<meta property=\"og:image:type\" content=\"image\/jpeg\" \/>\n<meta name=\"author\" content=\"cabellonews.com\" \/>\n<meta name=\"twitter:card\" content=\"summary_large_image\" \/>\n<meta name=\"twitter:label1\" content=\"Written by\" \/>\n\t<meta name=\"twitter:data1\" content=\"cabellonews.com\" \/>\n\t<meta name=\"twitter:label2\" content=\"Est. reading time\" \/>\n\t<meta name=\"twitter:data2\" content=\"2 minutes\" \/>\n<script type=\"application\/ld+json\" class=\"yoast-schema-graph\">{\"@context\":\"https:\/\/schema.org\",\"@graph\":[{\"@type\":\"WebPage\",\"@id\":\"https:\/\/cabellonews.com\/?p=1783\",\"url\":\"https:\/\/cabellonews.com\/?p=1783\",\"name\":\"Destaca Calificadora PCR Verum honestidad del gobierno de Tamaulipas - cabellonews.com\",\"isPartOf\":{\"@id\":\"https:\/\/cabellonews.com\/#website\"},\"datePublished\":\"2025-06-19T01:56:08+00:00\",\"dateModified\":\"2025-06-25T01:56:56+00:00\",\"author\":{\"@id\":\"https:\/\/cabellonews.com\/#\/schema\/person\/7afe73bafa6cc5a24fd4c67dfd4379d8\"},\"breadcrumb\":{\"@id\":\"https:\/\/cabellonews.com\/?p=1783#breadcrumb\"},\"inLanguage\":\"en-US\",\"potentialAction\":[{\"@type\":\"ReadAction\",\"target\":[\"https:\/\/cabellonews.com\/?p=1783\"]}]},{\"@type\":\"BreadcrumbList\",\"@id\":\"https:\/\/cabellonews.com\/?p=1783#breadcrumb\",\"itemListElement\":[{\"@type\":\"ListItem\",\"position\":1,\"name\":\"Inicio\",\"item\":\"https:\/\/cabellonews.com\/\"},{\"@type\":\"ListItem\",\"position\":2,\"name\":\"Destaca Calificadora PCR Verum honestidad del gobierno de Tamaulipas\"}]},{\"@type\":\"WebSite\",\"@id\":\"https:\/\/cabellonews.com\/#website\",\"url\":\"https:\/\/cabellonews.com\/\",\"name\":\"cabellonews.com\",\"description\":\"Con Cobertura En Tamaulipas Y norte de Veracruz\",\"potentialAction\":[{\"@type\":\"SearchAction\",\"target\":{\"@type\":\"EntryPoint\",\"urlTemplate\":\"https:\/\/cabellonews.com\/?s={search_term_string}\"},\"query-input\":\"required name=search_term_string\"}],\"inLanguage\":\"en-US\"},{\"@type\":\"Person\",\"@id\":\"https:\/\/cabellonews.com\/#\/schema\/person\/7afe73bafa6cc5a24fd4c67dfd4379d8\",\"name\":\"cabellonews.com\",\"image\":{\"@type\":\"ImageObject\",\"inLanguage\":\"en-US\",\"@id\":\"https:\/\/cabellonews.com\/#\/schema\/person\/image\/\",\"url\":\"https:\/\/secure.gravatar.com\/avatar\/8d6324fc2806389aad4cd38639618406?s=96&d=mm&r=g\",\"contentUrl\":\"https:\/\/secure.gravatar.com\/avatar\/8d6324fc2806389aad4cd38639618406?s=96&d=mm&r=g\",\"caption\":\"cabellonews.com\"},\"sameAs\":[\"http:\/\/cabellonews.com\"],\"url\":\"https:\/\/cabellonews.com\/?author=1\"}]}<\/script>\n<!-- \/ Yoast SEO plugin. -->","yoast_head_json":{"title":"Destaca Calificadora PCR Verum honestidad del gobierno de Tamaulipas - cabellonews.com","robots":{"index":"index","follow":"follow","max-snippet":"max-snippet:-1","max-image-preview":"max-image-preview:large","max-video-preview":"max-video-preview:-1"},"canonical":"https:\/\/cabellonews.com\/?p=1783","og_locale":"en_US","og_type":"article","og_title":"Destaca Calificadora PCR Verum honestidad del gobierno de Tamaulipas - cabellonews.com","og_description":"-La Agencia da calificaci\u00f3n \u2018A+\/M\u2019 por eficiencia administrativa y responsable en el manejo de los dineros p\u00fablicos en la administraci\u00f3n de Am\u00e9rico Villarreal Junio 19 de 2025 Ciudad Victoria, Tamaulipas.- En reconocimiento a la conducci\u00f3n financiera transparente, responsable y eficiente del gobierno de Tamaulipas, la agencia calificadora PCR Verum ratific\u00f3 la calificaci\u00f3n de largo plazo en escala nacional de \u2018A+\/M\u2019 con Perspectiva Estable al estado de Tamaulipas. La calificaci\u00f3n refleja el fortalecimiento sostenido de los ingresos propios del estado, una posici\u00f3n de liquidez adecuada, disciplina en el gasto, manejo prudente&hellip;","og_url":"https:\/\/cabellonews.com\/?p=1783","og_site_name":"cabellonews.com","article_published_time":"2025-06-19T01:56:08+00:00","article_modified_time":"2025-06-25T01:56:56+00:00","og_image":[{"width":2048,"height":1366,"url":"http:\/\/cabellonews.com\/wp-content\/uploads\/2025\/06\/f2da7782-801e-46b0-8bf1-75b693088798.jpeg","type":"image\/jpeg"}],"author":"cabellonews.com","twitter_card":"summary_large_image","twitter_misc":{"Written by":"cabellonews.com","Est. reading time":"2 minutes"},"schema":{"@context":"https:\/\/schema.org","@graph":[{"@type":"WebPage","@id":"https:\/\/cabellonews.com\/?p=1783","url":"https:\/\/cabellonews.com\/?p=1783","name":"Destaca Calificadora PCR Verum honestidad del gobierno de Tamaulipas - cabellonews.com","isPartOf":{"@id":"https:\/\/cabellonews.com\/#website"},"datePublished":"2025-06-19T01:56:08+00:00","dateModified":"2025-06-25T01:56:56+00:00","author":{"@id":"https:\/\/cabellonews.com\/#\/schema\/person\/7afe73bafa6cc5a24fd4c67dfd4379d8"},"breadcrumb":{"@id":"https:\/\/cabellonews.com\/?p=1783#breadcrumb"},"inLanguage":"en-US","potentialAction":[{"@type":"ReadAction","target":["https:\/\/cabellonews.com\/?p=1783"]}]},{"@type":"BreadcrumbList","@id":"https:\/\/cabellonews.com\/?p=1783#breadcrumb","itemListElement":[{"@type":"ListItem","position":1,"name":"Inicio","item":"https:\/\/cabellonews.com\/"},{"@type":"ListItem","position":2,"name":"Destaca Calificadora PCR Verum honestidad del gobierno de Tamaulipas"}]},{"@type":"WebSite","@id":"https:\/\/cabellonews.com\/#website","url":"https:\/\/cabellonews.com\/","name":"cabellonews.com","description":"Con Cobertura En Tamaulipas Y norte de Veracruz","potentialAction":[{"@type":"SearchAction","target":{"@type":"EntryPoint","urlTemplate":"https:\/\/cabellonews.com\/?s={search_term_string}"},"query-input":"required name=search_term_string"}],"inLanguage":"en-US"},{"@type":"Person","@id":"https:\/\/cabellonews.com\/#\/schema\/person\/7afe73bafa6cc5a24fd4c67dfd4379d8","name":"cabellonews.com","image":{"@type":"ImageObject","inLanguage":"en-US","@id":"https:\/\/cabellonews.com\/#\/schema\/person\/image\/","url":"https:\/\/secure.gravatar.com\/avatar\/8d6324fc2806389aad4cd38639618406?s=96&d=mm&r=g","contentUrl":"https:\/\/secure.gravatar.com\/avatar\/8d6324fc2806389aad4cd38639618406?s=96&d=mm&r=g","caption":"cabellonews.com"},"sameAs":["http:\/\/cabellonews.com"],"url":"https:\/\/cabellonews.com\/?author=1"}]}},"_links":{"self":[{"href":"https:\/\/cabellonews.com\/index.php?rest_route=\/wp\/v2\/posts\/1783"}],"collection":[{"href":"https:\/\/cabellonews.com\/index.php?rest_route=\/wp\/v2\/posts"}],"about":[{"href":"https:\/\/cabellonews.com\/index.php?rest_route=\/wp\/v2\/types\/post"}],"author":[{"embeddable":true,"href":"https:\/\/cabellonews.com\/index.php?rest_route=\/wp\/v2\/users\/1"}],"replies":[{"embeddable":true,"href":"https:\/\/cabellonews.com\/index.php?rest_route=%2Fwp%2Fv2%2Fcomments&post=1783"}],"version-history":[{"count":1,"href":"https:\/\/cabellonews.com\/index.php?rest_route=\/wp\/v2\/posts\/1783\/revisions"}],"predecessor-version":[{"id":1785,"href":"https:\/\/cabellonews.com\/index.php?rest_route=\/wp\/v2\/posts\/1783\/revisions\/1785"}],"wp:featuredmedia":[{"embeddable":true,"href":"https:\/\/cabellonews.com\/index.php?rest_route=\/wp\/v2\/media\/1784"}],"wp:attachment":[{"href":"https:\/\/cabellonews.com\/index.php?rest_route=%2Fwp%2Fv2%2Fmedia&parent=1783"}],"wp:term":[{"taxonomy":"category","embeddable":true,"href":"https:\/\/cabellonews.com\/index.php?rest_route=%2Fwp%2Fv2%2Fcategories&post=1783"},{"taxonomy":"post_tag","embeddable":true,"href":"https:\/\/cabellonews.com\/index.php?rest_route=%2Fwp%2Fv2%2Ftags&post=1783"}],"curies":[{"name":"wp","href":"https:\/\/api.w.org\/{rel}","templated":true}]}}