{"id":1756,"date":"2025-06-10T01:45:58","date_gmt":"2025-06-10T01:45:58","guid":{"rendered":"https:\/\/cabellonews.com\/?p=1756"},"modified":"2025-06-25T01:46:43","modified_gmt":"2025-06-25T01:46:43","slug":"proyecta-sop-modalidad-en-linea-para-padron-de-contratistas","status":"publish","type":"post","link":"https:\/\/cabellonews.com\/?p=1756","title":{"rendered":"Proyecta SOP modalidad en l\u00ednea para Padr\u00f3n de Contratistas"},"content":{"rendered":"\n<p>Junio 10 de 2025<\/p>\n\n\n<figure class=\"wp-block-post-featured-image\"><img width=\"240\" height=\"172\" src=\"https:\/\/cabellonews.com\/wp-content\/uploads\/2025\/06\/fcd14069-a9db-4a48-a623-39ff5219ee55-240x172.jpeg\" class=\"attachment-post-thumbnail size-post-thumbnail wp-post-image\" alt=\"\" decoding=\"async\" loading=\"lazy\" \/><\/figure>\n\n\n<p>Ciudad Victoria, Tamaulipas. &#8211; Con el objetivo de darle agilidad a los tr\u00e1mites administrativos en el Padr\u00f3n de Contratistas, la Secretar\u00eda de Obras P\u00fablicas (SOP) proyecta nueva modalidad para el registro de los interesados.<\/p>\n\n\n\n<p>El titular de la dependencia estatal, Pedro Cepeda Anaya se\u00f1al\u00f3 que actualmente las personas f\u00edsicas o morales con capacidad t\u00e9cnica para ejecutar obra p\u00fablica se registran entregando la documentaci\u00f3n en f\u00edsico o por correo, por lo que se busca darle dinamismo al procedimiento dirigido a la participaci\u00f3n de empresas y profesionistas interesados en colaborar en proyectos de infraestructura estatal.<\/p>\n\n\n\n<p>Mencion\u00f3 que se tiene prevista una reuni\u00f3n para revisar diversos aspectos t\u00e9cnicos y operativos del padr\u00f3n de contratistas, entre ellos, la posible incorporaci\u00f3n de una plataforma digital para el registro.<\/p>\n\n\n\n<p>Cabe destacar que, en la Ley de Obras P\u00fablicas y Servicios Relacionados con las mismas para el Estado de Tamaulipas, el art\u00edculo 28 es el que da a conocer la informaci\u00f3n y los requisitos para formar parte del padr\u00f3n de contratistas distribuida en 16 apartados.<\/p>\n\n\n\n<p>\u201cLas ventajas de registrarse en l\u00ednea para los contratistas se reflejar\u00e1 en la reducci\u00f3n del tiempo de espera y los costos de traslado\u201d, concluy\u00f3 el secretario.<\/p>\n\n\n\n<pre class=\"wp-block-code\"><code>       *      *     *<\/code><\/pre>\n","protected":false},"excerpt":{"rendered":"<p>Junio 10 de 2025 Ciudad Victoria, Tamaulipas. &#8211; Con el objetivo de darle agilidad a los tr\u00e1mites administrativos en el Padr\u00f3n de Contratistas, la Secretar\u00eda de Obras P\u00fablicas (SOP) proyecta nueva modalidad para el registro de los interesados. El titular de la dependencia estatal, Pedro Cepeda Anaya se\u00f1al\u00f3 que actualmente las personas f\u00edsicas o morales con capacidad t\u00e9cnica para ejecutar obra p\u00fablica se registran entregando la documentaci\u00f3n en f\u00edsico o por correo, por lo que se busca darle dinamismo al procedimiento dirigido a la participaci\u00f3n de empresas y profesionistas interesados&hellip;<\/p>\n","protected":false},"author":1,"featured_media":1757,"comment_status":"open","ping_status":"open","sticky":false,"template":"","format":"standard","meta":[],"categories":[1],"tags":[],"gutentor_comment":0,"yoast_head":"<!-- This site is optimized with the Yoast SEO plugin v20.10 - https:\/\/yoast.com\/wordpress\/plugins\/seo\/ -->\n<title>Proyecta SOP modalidad en l\u00ednea para Padr\u00f3n de Contratistas - cabellonews.com<\/title>\n<meta name=\"robots\" content=\"index, follow, max-snippet:-1, max-image-preview:large, max-video-preview:-1\" \/>\n<link rel=\"canonical\" href=\"https:\/\/cabellonews.com\/?p=1756\" \/>\n<meta property=\"og:locale\" content=\"en_US\" \/>\n<meta property=\"og:type\" content=\"article\" \/>\n<meta property=\"og:title\" content=\"Proyecta SOP modalidad en l\u00ednea para Padr\u00f3n de Contratistas - cabellonews.com\" \/>\n<meta property=\"og:description\" content=\"Junio 10 de 2025 Ciudad Victoria, Tamaulipas. &#8211; Con el objetivo de darle agilidad a los tr\u00e1mites administrativos en el Padr\u00f3n de Contratistas, la Secretar\u00eda de Obras P\u00fablicas (SOP) proyecta nueva modalidad para el registro de los interesados. El titular de la dependencia estatal, Pedro Cepeda Anaya se\u00f1al\u00f3 que actualmente las personas f\u00edsicas o morales con capacidad t\u00e9cnica para ejecutar obra p\u00fablica se registran entregando la documentaci\u00f3n en f\u00edsico o por correo, por lo que se busca darle dinamismo al procedimiento dirigido a la participaci\u00f3n de empresas y profesionistas interesados&hellip;\" \/>\n<meta property=\"og:url\" content=\"https:\/\/cabellonews.com\/?p=1756\" \/>\n<meta property=\"og:site_name\" content=\"cabellonews.com\" \/>\n<meta property=\"article:published_time\" content=\"2025-06-10T01:45:58+00:00\" \/>\n<meta property=\"article:modified_time\" content=\"2025-06-25T01:46:43+00:00\" \/>\n<meta property=\"og:image\" content=\"http:\/\/cabellonews.com\/wp-content\/uploads\/2025\/06\/fcd14069-a9db-4a48-a623-39ff5219ee55.jpeg\" \/>\n\t<meta property=\"og:image:width\" content=\"1600\" \/>\n\t<meta property=\"og:image:height\" content=\"1200\" \/>\n\t<meta property=\"og:image:type\" content=\"image\/jpeg\" \/>\n<meta name=\"author\" content=\"cabellonews.com\" \/>\n<meta name=\"twitter:card\" content=\"summary_large_image\" \/>\n<meta name=\"twitter:label1\" content=\"Written by\" \/>\n\t<meta name=\"twitter:data1\" content=\"cabellonews.com\" \/>\n\t<meta name=\"twitter:label2\" content=\"Est. reading time\" \/>\n\t<meta name=\"twitter:data2\" content=\"1 minute\" \/>\n<script type=\"application\/ld+json\" class=\"yoast-schema-graph\">{\"@context\":\"https:\/\/schema.org\",\"@graph\":[{\"@type\":\"WebPage\",\"@id\":\"https:\/\/cabellonews.com\/?p=1756\",\"url\":\"https:\/\/cabellonews.com\/?p=1756\",\"name\":\"Proyecta SOP modalidad en l\u00ednea para Padr\u00f3n de Contratistas - cabellonews.com\",\"isPartOf\":{\"@id\":\"https:\/\/cabellonews.com\/#website\"},\"datePublished\":\"2025-06-10T01:45:58+00:00\",\"dateModified\":\"2025-06-25T01:46:43+00:00\",\"author\":{\"@id\":\"https:\/\/cabellonews.com\/#\/schema\/person\/7afe73bafa6cc5a24fd4c67dfd4379d8\"},\"breadcrumb\":{\"@id\":\"https:\/\/cabellonews.com\/?p=1756#breadcrumb\"},\"inLanguage\":\"en-US\",\"potentialAction\":[{\"@type\":\"ReadAction\",\"target\":[\"https:\/\/cabellonews.com\/?p=1756\"]}]},{\"@type\":\"BreadcrumbList\",\"@id\":\"https:\/\/cabellonews.com\/?p=1756#breadcrumb\",\"itemListElement\":[{\"@type\":\"ListItem\",\"position\":1,\"name\":\"Inicio\",\"item\":\"https:\/\/cabellonews.com\/\"},{\"@type\":\"ListItem\",\"position\":2,\"name\":\"Proyecta SOP modalidad en l\u00ednea para Padr\u00f3n de Contratistas\"}]},{\"@type\":\"WebSite\",\"@id\":\"https:\/\/cabellonews.com\/#website\",\"url\":\"https:\/\/cabellonews.com\/\",\"name\":\"cabellonews.com\",\"description\":\"Con Cobertura En Tamaulipas Y norte de Veracruz\",\"potentialAction\":[{\"@type\":\"SearchAction\",\"target\":{\"@type\":\"EntryPoint\",\"urlTemplate\":\"https:\/\/cabellonews.com\/?s={search_term_string}\"},\"query-input\":\"required name=search_term_string\"}],\"inLanguage\":\"en-US\"},{\"@type\":\"Person\",\"@id\":\"https:\/\/cabellonews.com\/#\/schema\/person\/7afe73bafa6cc5a24fd4c67dfd4379d8\",\"name\":\"cabellonews.com\",\"image\":{\"@type\":\"ImageObject\",\"inLanguage\":\"en-US\",\"@id\":\"https:\/\/cabellonews.com\/#\/schema\/person\/image\/\",\"url\":\"https:\/\/secure.gravatar.com\/avatar\/8d6324fc2806389aad4cd38639618406?s=96&d=mm&r=g\",\"contentUrl\":\"https:\/\/secure.gravatar.com\/avatar\/8d6324fc2806389aad4cd38639618406?s=96&d=mm&r=g\",\"caption\":\"cabellonews.com\"},\"sameAs\":[\"http:\/\/cabellonews.com\"],\"url\":\"https:\/\/cabellonews.com\/?author=1\"}]}<\/script>\n<!-- \/ Yoast SEO plugin. -->","yoast_head_json":{"title":"Proyecta SOP modalidad en l\u00ednea para Padr\u00f3n de Contratistas - cabellonews.com","robots":{"index":"index","follow":"follow","max-snippet":"max-snippet:-1","max-image-preview":"max-image-preview:large","max-video-preview":"max-video-preview:-1"},"canonical":"https:\/\/cabellonews.com\/?p=1756","og_locale":"en_US","og_type":"article","og_title":"Proyecta SOP modalidad en l\u00ednea para Padr\u00f3n de Contratistas - cabellonews.com","og_description":"Junio 10 de 2025 Ciudad Victoria, Tamaulipas. &#8211; Con el objetivo de darle agilidad a los tr\u00e1mites administrativos en el Padr\u00f3n de Contratistas, la Secretar\u00eda de Obras P\u00fablicas (SOP) proyecta nueva modalidad para el registro de los interesados. El titular de la dependencia estatal, Pedro Cepeda Anaya se\u00f1al\u00f3 que actualmente las personas f\u00edsicas o morales con capacidad t\u00e9cnica para ejecutar obra p\u00fablica se registran entregando la documentaci\u00f3n en f\u00edsico o por correo, por lo que se busca darle dinamismo al procedimiento dirigido a la participaci\u00f3n de empresas y profesionistas interesados&hellip;","og_url":"https:\/\/cabellonews.com\/?p=1756","og_site_name":"cabellonews.com","article_published_time":"2025-06-10T01:45:58+00:00","article_modified_time":"2025-06-25T01:46:43+00:00","og_image":[{"width":1600,"height":1200,"url":"http:\/\/cabellonews.com\/wp-content\/uploads\/2025\/06\/fcd14069-a9db-4a48-a623-39ff5219ee55.jpeg","type":"image\/jpeg"}],"author":"cabellonews.com","twitter_card":"summary_large_image","twitter_misc":{"Written by":"cabellonews.com","Est. reading time":"1 minute"},"schema":{"@context":"https:\/\/schema.org","@graph":[{"@type":"WebPage","@id":"https:\/\/cabellonews.com\/?p=1756","url":"https:\/\/cabellonews.com\/?p=1756","name":"Proyecta SOP modalidad en l\u00ednea para Padr\u00f3n de Contratistas - cabellonews.com","isPartOf":{"@id":"https:\/\/cabellonews.com\/#website"},"datePublished":"2025-06-10T01:45:58+00:00","dateModified":"2025-06-25T01:46:43+00:00","author":{"@id":"https:\/\/cabellonews.com\/#\/schema\/person\/7afe73bafa6cc5a24fd4c67dfd4379d8"},"breadcrumb":{"@id":"https:\/\/cabellonews.com\/?p=1756#breadcrumb"},"inLanguage":"en-US","potentialAction":[{"@type":"ReadAction","target":["https:\/\/cabellonews.com\/?p=1756"]}]},{"@type":"BreadcrumbList","@id":"https:\/\/cabellonews.com\/?p=1756#breadcrumb","itemListElement":[{"@type":"ListItem","position":1,"name":"Inicio","item":"https:\/\/cabellonews.com\/"},{"@type":"ListItem","position":2,"name":"Proyecta SOP modalidad en l\u00ednea para Padr\u00f3n de Contratistas"}]},{"@type":"WebSite","@id":"https:\/\/cabellonews.com\/#website","url":"https:\/\/cabellonews.com\/","name":"cabellonews.com","description":"Con Cobertura En Tamaulipas Y norte de Veracruz","potentialAction":[{"@type":"SearchAction","target":{"@type":"EntryPoint","urlTemplate":"https:\/\/cabellonews.com\/?s={search_term_string}"},"query-input":"required name=search_term_string"}],"inLanguage":"en-US"},{"@type":"Person","@id":"https:\/\/cabellonews.com\/#\/schema\/person\/7afe73bafa6cc5a24fd4c67dfd4379d8","name":"cabellonews.com","image":{"@type":"ImageObject","inLanguage":"en-US","@id":"https:\/\/cabellonews.com\/#\/schema\/person\/image\/","url":"https:\/\/secure.gravatar.com\/avatar\/8d6324fc2806389aad4cd38639618406?s=96&d=mm&r=g","contentUrl":"https:\/\/secure.gravatar.com\/avatar\/8d6324fc2806389aad4cd38639618406?s=96&d=mm&r=g","caption":"cabellonews.com"},"sameAs":["http:\/\/cabellonews.com"],"url":"https:\/\/cabellonews.com\/?author=1"}]}},"_links":{"self":[{"href":"https:\/\/cabellonews.com\/index.php?rest_route=\/wp\/v2\/posts\/1756"}],"collection":[{"href":"https:\/\/cabellonews.com\/index.php?rest_route=\/wp\/v2\/posts"}],"about":[{"href":"https:\/\/cabellonews.com\/index.php?rest_route=\/wp\/v2\/types\/post"}],"author":[{"embeddable":true,"href":"https:\/\/cabellonews.com\/index.php?rest_route=\/wp\/v2\/users\/1"}],"replies":[{"embeddable":true,"href":"https:\/\/cabellonews.com\/index.php?rest_route=%2Fwp%2Fv2%2Fcomments&post=1756"}],"version-history":[{"count":1,"href":"https:\/\/cabellonews.com\/index.php?rest_route=\/wp\/v2\/posts\/1756\/revisions"}],"predecessor-version":[{"id":1758,"href":"https:\/\/cabellonews.com\/index.php?rest_route=\/wp\/v2\/posts\/1756\/revisions\/1758"}],"wp:featuredmedia":[{"embeddable":true,"href":"https:\/\/cabellonews.com\/index.php?rest_route=\/wp\/v2\/media\/1757"}],"wp:attachment":[{"href":"https:\/\/cabellonews.com\/index.php?rest_route=%2Fwp%2Fv2%2Fmedia&parent=1756"}],"wp:term":[{"taxonomy":"category","embeddable":true,"href":"https:\/\/cabellonews.com\/index.php?rest_route=%2Fwp%2Fv2%2Fcategories&post=1756"},{"taxonomy":"post_tag","embeddable":true,"href":"https:\/\/cabellonews.com\/index.php?rest_route=%2Fwp%2Fv2%2Ftags&post=1756"}],"curies":[{"name":"wp","href":"https:\/\/api.w.org\/{rel}","templated":true}]}}