{"id":1744,"date":"2025-06-06T01:40:48","date_gmt":"2025-06-06T01:40:48","guid":{"rendered":"https:\/\/cabellonews.com\/?p=1744"},"modified":"2025-06-25T01:41:49","modified_gmt":"2025-06-25T01:41:49","slug":"espera-tamaulipas-mas-de-3-8-millones-de-visitantes-en-verano","status":"publish","type":"post","link":"https:\/\/cabellonews.com\/?p=1744","title":{"rendered":"Espera Tamaulipas m\u00e1s de 3.8 millones de visitantes en verano"},"content":{"rendered":"\n<p>\u2013La Secretar\u00eda de Turismo se\u00f1al\u00f3 que se prev\u00e9 un impacto econ\u00f3mico superior a los 3,579 mdp<\/p>\n\n\n<figure class=\"wp-block-post-featured-image\"><img width=\"240\" height=\"172\" src=\"https:\/\/cabellonews.com\/wp-content\/uploads\/2025\/06\/f862715f-ba73-47d6-94a2-a1d820a5bfef-240x172.jpeg\" class=\"attachment-post-thumbnail size-post-thumbnail wp-post-image\" alt=\"\" decoding=\"async\" loading=\"lazy\" \/><\/figure>\n\n\n<p>Junio 06 de 2025<\/p>\n\n\n\n<p>Tampico, Tamaulipas.- La Secretar\u00eda de Turismo en Tamaulipas inform\u00f3 que para el periodo vacacional de verano 2025, se espera una afluencia de 3.8 millones de visitantes a los destinos tur\u00edsticos del estado, as\u00ed como una derrama superior a los 3,579 millones de pesos.<\/p>\n\n\n\n<p>Benjam\u00edn Hern\u00e1ndez Rodr\u00edguez, secretario de Turismo, destac\u00f3 que en la zona sur de Tampico, Madero y Altamira se esperan m\u00e1s de 1.9 millones de visitantes, quienes dejar\u00e1n una derrama superior a los 1,775 millones de pesos.<\/p>\n\n\n\n<p>Durante dicho periodo vacacional de verano se espera una ocupaci\u00f3n hotelera del 60 al 80 por ciento en destinos tur\u00edsticos como Tampico, Playa Miramar en Ciudad Madero, G\u00f3mez Far\u00edas, Tula, La Pesca, entre otros atractivos de Tamaulipas.<\/p>\n\n\n\n<p>Record\u00f3 que el a\u00f1o pasado se tuvo una afluencia de 3.6 millones de visitantes y una derrama superior a los 3,349 millones de pesos, cifras que se esperan superar en el presente a\u00f1o, acorde al crecimiento sostenido que muestra el sector.<\/p>\n\n\n\n<p>\u201cTodo ello, derivado del incremento y diversificaci\u00f3n de atractivos tur\u00edsticos a los que el gobernador Am\u00e9rico Villarreal Anaya le est\u00e1 apostando para hacer m\u00e1s competitivo al sector y generar al mismo tiempo mayores beneficios para la comunidad y el desarrollo regional\u201d, coment\u00f3.<br>Reiter\u00f3 su llamado a respetar los se\u00f1alamientos de tr\u00e1nsito y no manejar cansados, alcoholizados o distray\u00e9ndose atendiendo llamadas o mensajes del celular.<\/p>\n\n\n\n<p>Tambi\u00e9n exhort\u00f3 a respetar las indicaciones de las autoridades y la se\u00f1al\u00e9tica en los destinos tur\u00edsticos del estado, para tener un mejor retorno al hogar en compa\u00f1\u00eda de los seres queridos.<\/p>\n\n\n\n<p><\/p>\n","protected":false},"excerpt":{"rendered":"<p>\u2013La Secretar\u00eda de Turismo se\u00f1al\u00f3 que se prev\u00e9 un impacto econ\u00f3mico superior a los 3,579 mdp Junio 06 de 2025 Tampico, Tamaulipas.- La Secretar\u00eda de Turismo en Tamaulipas inform\u00f3 que para el periodo vacacional de verano 2025, se espera una afluencia de 3.8 millones de visitantes a los destinos tur\u00edsticos del estado, as\u00ed como una derrama superior a los 3,579 millones de pesos. Benjam\u00edn Hern\u00e1ndez Rodr\u00edguez, secretario de Turismo, destac\u00f3 que en la zona sur de Tampico, Madero y Altamira se esperan m\u00e1s de 1.9 millones de visitantes, quienes dejar\u00e1n&hellip;<\/p>\n","protected":false},"author":1,"featured_media":1745,"comment_status":"open","ping_status":"open","sticky":false,"template":"","format":"standard","meta":[],"categories":[1],"tags":[],"gutentor_comment":0,"yoast_head":"<!-- This site is optimized with the Yoast SEO plugin v20.10 - https:\/\/yoast.com\/wordpress\/plugins\/seo\/ -->\n<title>Espera Tamaulipas m\u00e1s de 3.8 millones de visitantes en verano - cabellonews.com<\/title>\n<meta name=\"robots\" content=\"index, follow, max-snippet:-1, max-image-preview:large, max-video-preview:-1\" \/>\n<link rel=\"canonical\" href=\"https:\/\/cabellonews.com\/?p=1744\" \/>\n<meta property=\"og:locale\" content=\"en_US\" \/>\n<meta property=\"og:type\" content=\"article\" \/>\n<meta property=\"og:title\" content=\"Espera Tamaulipas m\u00e1s de 3.8 millones de visitantes en verano - cabellonews.com\" \/>\n<meta property=\"og:description\" content=\"\u2013La Secretar\u00eda de Turismo se\u00f1al\u00f3 que se prev\u00e9 un impacto econ\u00f3mico superior a los 3,579 mdp Junio 06 de 2025 Tampico, Tamaulipas.- La Secretar\u00eda de Turismo en Tamaulipas inform\u00f3 que para el periodo vacacional de verano 2025, se espera una afluencia de 3.8 millones de visitantes a los destinos tur\u00edsticos del estado, as\u00ed como una derrama superior a los 3,579 millones de pesos. Benjam\u00edn Hern\u00e1ndez Rodr\u00edguez, secretario de Turismo, destac\u00f3 que en la zona sur de Tampico, Madero y Altamira se esperan m\u00e1s de 1.9 millones de visitantes, quienes dejar\u00e1n&hellip;\" \/>\n<meta property=\"og:url\" content=\"https:\/\/cabellonews.com\/?p=1744\" \/>\n<meta property=\"og:site_name\" content=\"cabellonews.com\" \/>\n<meta property=\"article:published_time\" content=\"2025-06-06T01:40:48+00:00\" \/>\n<meta property=\"article:modified_time\" content=\"2025-06-25T01:41:49+00:00\" \/>\n<meta property=\"og:image\" content=\"http:\/\/cabellonews.com\/wp-content\/uploads\/2025\/06\/f862715f-ba73-47d6-94a2-a1d820a5bfef.jpeg\" \/>\n\t<meta property=\"og:image:width\" content=\"960\" \/>\n\t<meta property=\"og:image:height\" content=\"1280\" \/>\n\t<meta property=\"og:image:type\" content=\"image\/jpeg\" \/>\n<meta name=\"author\" content=\"cabellonews.com\" \/>\n<meta name=\"twitter:card\" content=\"summary_large_image\" \/>\n<meta name=\"twitter:label1\" content=\"Written by\" \/>\n\t<meta name=\"twitter:data1\" content=\"cabellonews.com\" \/>\n\t<meta name=\"twitter:label2\" content=\"Est. reading time\" \/>\n\t<meta name=\"twitter:data2\" content=\"2 minutes\" \/>\n<script type=\"application\/ld+json\" class=\"yoast-schema-graph\">{\"@context\":\"https:\/\/schema.org\",\"@graph\":[{\"@type\":\"WebPage\",\"@id\":\"https:\/\/cabellonews.com\/?p=1744\",\"url\":\"https:\/\/cabellonews.com\/?p=1744\",\"name\":\"Espera Tamaulipas m\u00e1s de 3.8 millones de visitantes en verano - cabellonews.com\",\"isPartOf\":{\"@id\":\"https:\/\/cabellonews.com\/#website\"},\"datePublished\":\"2025-06-06T01:40:48+00:00\",\"dateModified\":\"2025-06-25T01:41:49+00:00\",\"author\":{\"@id\":\"https:\/\/cabellonews.com\/#\/schema\/person\/7afe73bafa6cc5a24fd4c67dfd4379d8\"},\"breadcrumb\":{\"@id\":\"https:\/\/cabellonews.com\/?p=1744#breadcrumb\"},\"inLanguage\":\"en-US\",\"potentialAction\":[{\"@type\":\"ReadAction\",\"target\":[\"https:\/\/cabellonews.com\/?p=1744\"]}]},{\"@type\":\"BreadcrumbList\",\"@id\":\"https:\/\/cabellonews.com\/?p=1744#breadcrumb\",\"itemListElement\":[{\"@type\":\"ListItem\",\"position\":1,\"name\":\"Inicio\",\"item\":\"https:\/\/cabellonews.com\/\"},{\"@type\":\"ListItem\",\"position\":2,\"name\":\"Espera Tamaulipas m\u00e1s de 3.8 millones de visitantes en verano\"}]},{\"@type\":\"WebSite\",\"@id\":\"https:\/\/cabellonews.com\/#website\",\"url\":\"https:\/\/cabellonews.com\/\",\"name\":\"cabellonews.com\",\"description\":\"Con Cobertura En Tamaulipas Y norte de Veracruz\",\"potentialAction\":[{\"@type\":\"SearchAction\",\"target\":{\"@type\":\"EntryPoint\",\"urlTemplate\":\"https:\/\/cabellonews.com\/?s={search_term_string}\"},\"query-input\":\"required name=search_term_string\"}],\"inLanguage\":\"en-US\"},{\"@type\":\"Person\",\"@id\":\"https:\/\/cabellonews.com\/#\/schema\/person\/7afe73bafa6cc5a24fd4c67dfd4379d8\",\"name\":\"cabellonews.com\",\"image\":{\"@type\":\"ImageObject\",\"inLanguage\":\"en-US\",\"@id\":\"https:\/\/cabellonews.com\/#\/schema\/person\/image\/\",\"url\":\"https:\/\/secure.gravatar.com\/avatar\/8d6324fc2806389aad4cd38639618406?s=96&d=mm&r=g\",\"contentUrl\":\"https:\/\/secure.gravatar.com\/avatar\/8d6324fc2806389aad4cd38639618406?s=96&d=mm&r=g\",\"caption\":\"cabellonews.com\"},\"sameAs\":[\"http:\/\/cabellonews.com\"],\"url\":\"https:\/\/cabellonews.com\/?author=1\"}]}<\/script>\n<!-- \/ Yoast SEO plugin. -->","yoast_head_json":{"title":"Espera Tamaulipas m\u00e1s de 3.8 millones de visitantes en verano - cabellonews.com","robots":{"index":"index","follow":"follow","max-snippet":"max-snippet:-1","max-image-preview":"max-image-preview:large","max-video-preview":"max-video-preview:-1"},"canonical":"https:\/\/cabellonews.com\/?p=1744","og_locale":"en_US","og_type":"article","og_title":"Espera Tamaulipas m\u00e1s de 3.8 millones de visitantes en verano - cabellonews.com","og_description":"\u2013La Secretar\u00eda de Turismo se\u00f1al\u00f3 que se prev\u00e9 un impacto econ\u00f3mico superior a los 3,579 mdp Junio 06 de 2025 Tampico, Tamaulipas.- La Secretar\u00eda de Turismo en Tamaulipas inform\u00f3 que para el periodo vacacional de verano 2025, se espera una afluencia de 3.8 millones de visitantes a los destinos tur\u00edsticos del estado, as\u00ed como una derrama superior a los 3,579 millones de pesos. Benjam\u00edn Hern\u00e1ndez Rodr\u00edguez, secretario de Turismo, destac\u00f3 que en la zona sur de Tampico, Madero y Altamira se esperan m\u00e1s de 1.9 millones de visitantes, quienes dejar\u00e1n&hellip;","og_url":"https:\/\/cabellonews.com\/?p=1744","og_site_name":"cabellonews.com","article_published_time":"2025-06-06T01:40:48+00:00","article_modified_time":"2025-06-25T01:41:49+00:00","og_image":[{"width":960,"height":1280,"url":"http:\/\/cabellonews.com\/wp-content\/uploads\/2025\/06\/f862715f-ba73-47d6-94a2-a1d820a5bfef.jpeg","type":"image\/jpeg"}],"author":"cabellonews.com","twitter_card":"summary_large_image","twitter_misc":{"Written by":"cabellonews.com","Est. reading time":"2 minutes"},"schema":{"@context":"https:\/\/schema.org","@graph":[{"@type":"WebPage","@id":"https:\/\/cabellonews.com\/?p=1744","url":"https:\/\/cabellonews.com\/?p=1744","name":"Espera Tamaulipas m\u00e1s de 3.8 millones de visitantes en verano - cabellonews.com","isPartOf":{"@id":"https:\/\/cabellonews.com\/#website"},"datePublished":"2025-06-06T01:40:48+00:00","dateModified":"2025-06-25T01:41:49+00:00","author":{"@id":"https:\/\/cabellonews.com\/#\/schema\/person\/7afe73bafa6cc5a24fd4c67dfd4379d8"},"breadcrumb":{"@id":"https:\/\/cabellonews.com\/?p=1744#breadcrumb"},"inLanguage":"en-US","potentialAction":[{"@type":"ReadAction","target":["https:\/\/cabellonews.com\/?p=1744"]}]},{"@type":"BreadcrumbList","@id":"https:\/\/cabellonews.com\/?p=1744#breadcrumb","itemListElement":[{"@type":"ListItem","position":1,"name":"Inicio","item":"https:\/\/cabellonews.com\/"},{"@type":"ListItem","position":2,"name":"Espera Tamaulipas m\u00e1s de 3.8 millones de visitantes en verano"}]},{"@type":"WebSite","@id":"https:\/\/cabellonews.com\/#website","url":"https:\/\/cabellonews.com\/","name":"cabellonews.com","description":"Con Cobertura En Tamaulipas Y norte de Veracruz","potentialAction":[{"@type":"SearchAction","target":{"@type":"EntryPoint","urlTemplate":"https:\/\/cabellonews.com\/?s={search_term_string}"},"query-input":"required name=search_term_string"}],"inLanguage":"en-US"},{"@type":"Person","@id":"https:\/\/cabellonews.com\/#\/schema\/person\/7afe73bafa6cc5a24fd4c67dfd4379d8","name":"cabellonews.com","image":{"@type":"ImageObject","inLanguage":"en-US","@id":"https:\/\/cabellonews.com\/#\/schema\/person\/image\/","url":"https:\/\/secure.gravatar.com\/avatar\/8d6324fc2806389aad4cd38639618406?s=96&d=mm&r=g","contentUrl":"https:\/\/secure.gravatar.com\/avatar\/8d6324fc2806389aad4cd38639618406?s=96&d=mm&r=g","caption":"cabellonews.com"},"sameAs":["http:\/\/cabellonews.com"],"url":"https:\/\/cabellonews.com\/?author=1"}]}},"_links":{"self":[{"href":"https:\/\/cabellonews.com\/index.php?rest_route=\/wp\/v2\/posts\/1744"}],"collection":[{"href":"https:\/\/cabellonews.com\/index.php?rest_route=\/wp\/v2\/posts"}],"about":[{"href":"https:\/\/cabellonews.com\/index.php?rest_route=\/wp\/v2\/types\/post"}],"author":[{"embeddable":true,"href":"https:\/\/cabellonews.com\/index.php?rest_route=\/wp\/v2\/users\/1"}],"replies":[{"embeddable":true,"href":"https:\/\/cabellonews.com\/index.php?rest_route=%2Fwp%2Fv2%2Fcomments&post=1744"}],"version-history":[{"count":1,"href":"https:\/\/cabellonews.com\/index.php?rest_route=\/wp\/v2\/posts\/1744\/revisions"}],"predecessor-version":[{"id":1746,"href":"https:\/\/cabellonews.com\/index.php?rest_route=\/wp\/v2\/posts\/1744\/revisions\/1746"}],"wp:featuredmedia":[{"embeddable":true,"href":"https:\/\/cabellonews.com\/index.php?rest_route=\/wp\/v2\/media\/1745"}],"wp:attachment":[{"href":"https:\/\/cabellonews.com\/index.php?rest_route=%2Fwp%2Fv2%2Fmedia&parent=1744"}],"wp:term":[{"taxonomy":"category","embeddable":true,"href":"https:\/\/cabellonews.com\/index.php?rest_route=%2Fwp%2Fv2%2Fcategories&post=1744"},{"taxonomy":"post_tag","embeddable":true,"href":"https:\/\/cabellonews.com\/index.php?rest_route=%2Fwp%2Fv2%2Ftags&post=1744"}],"curies":[{"name":"wp","href":"https:\/\/api.w.org\/{rel}","templated":true}]}}