{"id":1729,"date":"2025-06-01T01:34:00","date_gmt":"2025-06-01T01:34:00","guid":{"rendered":"https:\/\/cabellonews.com\/?p=1729"},"modified":"2025-06-25T01:34:58","modified_gmt":"2025-06-25T01:34:58","slug":"en-tamaulipas-se-desarrolla-una-jornada-electoral-en-paz-americo","status":"publish","type":"post","link":"https:\/\/cabellonews.com\/?p=1729","title":{"rendered":"En Tamaulipas se desarrolla una jornada electoral en paz: Am\u00e9rico"},"content":{"rendered":"\n<p>Junio 01 de 2025<\/p>\n\n\n<figure class=\"wp-block-post-featured-image\"><img width=\"240\" height=\"172\" src=\"https:\/\/cabellonews.com\/wp-content\/uploads\/2025\/06\/99e96101-1270-4d1c-94cc-15c603ef97e7-240x172.jpeg\" class=\"attachment-post-thumbnail size-post-thumbnail wp-post-image\" alt=\"\" decoding=\"async\" loading=\"lazy\" \/><\/figure>\n\n\n<p>Ciudad Victoria, Tamaulipas. &#8211; El gobernador Am\u00e9rico Villarreal Anaya acudi\u00f3 este domingo a emitir su voto para la elecci\u00f3n del Poder Judicial y asegur\u00f3 que &#8220;todo va muy bien&#8221; y se est\u00e1 votando en todos los municipios de Tamaulipas.<\/p>\n\n\n\n<p>&#8220;Afortunadamente, hasta este momento no hay ning\u00fan incidente mayor&#8221;, expres\u00f3.<\/p>\n\n\n\n<p>Acompa\u00f1ado por la doctora Mar\u00eda de Villarreal, presidenta del DIF Estatal, el gobernador vot\u00f3, este mediod\u00eda, en la casilla 1593 B\u00e1sica, ubicada en las instalaciones de la Universidad Pedag\u00f3gica Nacional y reiter\u00f3 que en Tamaulipas est\u00e1n dadas las condiciones para que se desarrolle una jornada en paz.<\/p>\n\n\n\n<p>&#8220;El \u00faltimo reporte era que est\u00e1bamos un poquito arriba del 96% y el reporte que nos hab\u00edan dado es que en algunas casillas hab\u00eda sido necesario implementar a los ciudadanos, puesto que no se hab\u00edan completado los funcionarios de casilla debidamente establecidos previamente a trav\u00e9s del INE o del IETAM&#8221;, dijo.<\/p>\n\n\n\n<p>Antes de ingresar a la casilla a emitir su voto, Villarreal Anaya hizo un llamado a las y los tamaulipecos para que participen en esta hist\u00f3rica elecci\u00f3n.<\/p>\n\n\n\n<p>&#8220;Salgan y sufraguen por los candidatos que consideren y conocen que pueden hacer un buen desempe\u00f1o y que esa sea la expresi\u00f3n de su deseo democr\u00e1tico &#8220;, mencion\u00f3.<\/p>\n\n\n\n<pre class=\"wp-block-code\"><code>     *       *      *<\/code><\/pre>\n","protected":false},"excerpt":{"rendered":"<p>Junio 01 de 2025 Ciudad Victoria, Tamaulipas. &#8211; El gobernador Am\u00e9rico Villarreal Anaya acudi\u00f3 este domingo a emitir su voto para la elecci\u00f3n del Poder Judicial y asegur\u00f3 que &#8220;todo va muy bien&#8221; y se est\u00e1 votando en todos los municipios de Tamaulipas. &#8220;Afortunadamente, hasta este momento no hay ning\u00fan incidente mayor&#8221;, expres\u00f3. Acompa\u00f1ado por la doctora Mar\u00eda de Villarreal, presidenta del DIF Estatal, el gobernador vot\u00f3, este mediod\u00eda, en la casilla 1593 B\u00e1sica, ubicada en las instalaciones de la Universidad Pedag\u00f3gica Nacional y reiter\u00f3 que en Tamaulipas est\u00e1n dadas&hellip;<\/p>\n","protected":false},"author":1,"featured_media":1730,"comment_status":"open","ping_status":"open","sticky":false,"template":"","format":"standard","meta":[],"categories":[1],"tags":[],"gutentor_comment":0,"yoast_head":"<!-- This site is optimized with the Yoast SEO plugin v20.10 - https:\/\/yoast.com\/wordpress\/plugins\/seo\/ -->\n<title>En Tamaulipas se desarrolla una jornada electoral en paz: Am\u00e9rico - cabellonews.com<\/title>\n<meta name=\"robots\" content=\"index, follow, max-snippet:-1, max-image-preview:large, max-video-preview:-1\" \/>\n<link rel=\"canonical\" href=\"https:\/\/cabellonews.com\/?p=1729\" \/>\n<meta property=\"og:locale\" content=\"en_US\" \/>\n<meta property=\"og:type\" content=\"article\" \/>\n<meta property=\"og:title\" content=\"En Tamaulipas se desarrolla una jornada electoral en paz: Am\u00e9rico - cabellonews.com\" \/>\n<meta property=\"og:description\" content=\"Junio 01 de 2025 Ciudad Victoria, Tamaulipas. &#8211; El gobernador Am\u00e9rico Villarreal Anaya acudi\u00f3 este domingo a emitir su voto para la elecci\u00f3n del Poder Judicial y asegur\u00f3 que &#8220;todo va muy bien&#8221; y se est\u00e1 votando en todos los municipios de Tamaulipas. &#8220;Afortunadamente, hasta este momento no hay ning\u00fan incidente mayor&#8221;, expres\u00f3. Acompa\u00f1ado por la doctora Mar\u00eda de Villarreal, presidenta del DIF Estatal, el gobernador vot\u00f3, este mediod\u00eda, en la casilla 1593 B\u00e1sica, ubicada en las instalaciones de la Universidad Pedag\u00f3gica Nacional y reiter\u00f3 que en Tamaulipas est\u00e1n dadas&hellip;\" \/>\n<meta property=\"og:url\" content=\"https:\/\/cabellonews.com\/?p=1729\" \/>\n<meta property=\"og:site_name\" content=\"cabellonews.com\" \/>\n<meta property=\"article:published_time\" content=\"2025-06-01T01:34:00+00:00\" \/>\n<meta property=\"article:modified_time\" content=\"2025-06-25T01:34:58+00:00\" \/>\n<meta property=\"og:image\" content=\"http:\/\/cabellonews.com\/wp-content\/uploads\/2025\/06\/99e96101-1270-4d1c-94cc-15c603ef97e7.jpeg\" \/>\n\t<meta property=\"og:image:width\" content=\"1600\" \/>\n\t<meta property=\"og:image:height\" content=\"1067\" \/>\n\t<meta property=\"og:image:type\" content=\"image\/jpeg\" \/>\n<meta name=\"author\" content=\"cabellonews.com\" \/>\n<meta name=\"twitter:card\" content=\"summary_large_image\" \/>\n<meta name=\"twitter:label1\" content=\"Written by\" \/>\n\t<meta name=\"twitter:data1\" content=\"cabellonews.com\" \/>\n\t<meta name=\"twitter:label2\" content=\"Est. reading time\" \/>\n\t<meta name=\"twitter:data2\" content=\"1 minute\" \/>\n<script type=\"application\/ld+json\" class=\"yoast-schema-graph\">{\"@context\":\"https:\/\/schema.org\",\"@graph\":[{\"@type\":\"WebPage\",\"@id\":\"https:\/\/cabellonews.com\/?p=1729\",\"url\":\"https:\/\/cabellonews.com\/?p=1729\",\"name\":\"En Tamaulipas se desarrolla una jornada electoral en paz: Am\u00e9rico - cabellonews.com\",\"isPartOf\":{\"@id\":\"https:\/\/cabellonews.com\/#website\"},\"datePublished\":\"2025-06-01T01:34:00+00:00\",\"dateModified\":\"2025-06-25T01:34:58+00:00\",\"author\":{\"@id\":\"https:\/\/cabellonews.com\/#\/schema\/person\/7afe73bafa6cc5a24fd4c67dfd4379d8\"},\"breadcrumb\":{\"@id\":\"https:\/\/cabellonews.com\/?p=1729#breadcrumb\"},\"inLanguage\":\"en-US\",\"potentialAction\":[{\"@type\":\"ReadAction\",\"target\":[\"https:\/\/cabellonews.com\/?p=1729\"]}]},{\"@type\":\"BreadcrumbList\",\"@id\":\"https:\/\/cabellonews.com\/?p=1729#breadcrumb\",\"itemListElement\":[{\"@type\":\"ListItem\",\"position\":1,\"name\":\"Inicio\",\"item\":\"https:\/\/cabellonews.com\/\"},{\"@type\":\"ListItem\",\"position\":2,\"name\":\"En Tamaulipas se desarrolla una jornada electoral en paz: Am\u00e9rico\"}]},{\"@type\":\"WebSite\",\"@id\":\"https:\/\/cabellonews.com\/#website\",\"url\":\"https:\/\/cabellonews.com\/\",\"name\":\"cabellonews.com\",\"description\":\"Con Cobertura En Tamaulipas Y norte de Veracruz\",\"potentialAction\":[{\"@type\":\"SearchAction\",\"target\":{\"@type\":\"EntryPoint\",\"urlTemplate\":\"https:\/\/cabellonews.com\/?s={search_term_string}\"},\"query-input\":\"required name=search_term_string\"}],\"inLanguage\":\"en-US\"},{\"@type\":\"Person\",\"@id\":\"https:\/\/cabellonews.com\/#\/schema\/person\/7afe73bafa6cc5a24fd4c67dfd4379d8\",\"name\":\"cabellonews.com\",\"image\":{\"@type\":\"ImageObject\",\"inLanguage\":\"en-US\",\"@id\":\"https:\/\/cabellonews.com\/#\/schema\/person\/image\/\",\"url\":\"https:\/\/secure.gravatar.com\/avatar\/8d6324fc2806389aad4cd38639618406?s=96&d=mm&r=g\",\"contentUrl\":\"https:\/\/secure.gravatar.com\/avatar\/8d6324fc2806389aad4cd38639618406?s=96&d=mm&r=g\",\"caption\":\"cabellonews.com\"},\"sameAs\":[\"http:\/\/cabellonews.com\"],\"url\":\"https:\/\/cabellonews.com\/?author=1\"}]}<\/script>\n<!-- \/ Yoast SEO plugin. -->","yoast_head_json":{"title":"En Tamaulipas se desarrolla una jornada electoral en paz: Am\u00e9rico - cabellonews.com","robots":{"index":"index","follow":"follow","max-snippet":"max-snippet:-1","max-image-preview":"max-image-preview:large","max-video-preview":"max-video-preview:-1"},"canonical":"https:\/\/cabellonews.com\/?p=1729","og_locale":"en_US","og_type":"article","og_title":"En Tamaulipas se desarrolla una jornada electoral en paz: Am\u00e9rico - cabellonews.com","og_description":"Junio 01 de 2025 Ciudad Victoria, Tamaulipas. &#8211; El gobernador Am\u00e9rico Villarreal Anaya acudi\u00f3 este domingo a emitir su voto para la elecci\u00f3n del Poder Judicial y asegur\u00f3 que &#8220;todo va muy bien&#8221; y se est\u00e1 votando en todos los municipios de Tamaulipas. &#8220;Afortunadamente, hasta este momento no hay ning\u00fan incidente mayor&#8221;, expres\u00f3. Acompa\u00f1ado por la doctora Mar\u00eda de Villarreal, presidenta del DIF Estatal, el gobernador vot\u00f3, este mediod\u00eda, en la casilla 1593 B\u00e1sica, ubicada en las instalaciones de la Universidad Pedag\u00f3gica Nacional y reiter\u00f3 que en Tamaulipas est\u00e1n dadas&hellip;","og_url":"https:\/\/cabellonews.com\/?p=1729","og_site_name":"cabellonews.com","article_published_time":"2025-06-01T01:34:00+00:00","article_modified_time":"2025-06-25T01:34:58+00:00","og_image":[{"width":1600,"height":1067,"url":"http:\/\/cabellonews.com\/wp-content\/uploads\/2025\/06\/99e96101-1270-4d1c-94cc-15c603ef97e7.jpeg","type":"image\/jpeg"}],"author":"cabellonews.com","twitter_card":"summary_large_image","twitter_misc":{"Written by":"cabellonews.com","Est. reading time":"1 minute"},"schema":{"@context":"https:\/\/schema.org","@graph":[{"@type":"WebPage","@id":"https:\/\/cabellonews.com\/?p=1729","url":"https:\/\/cabellonews.com\/?p=1729","name":"En Tamaulipas se desarrolla una jornada electoral en paz: Am\u00e9rico - cabellonews.com","isPartOf":{"@id":"https:\/\/cabellonews.com\/#website"},"datePublished":"2025-06-01T01:34:00+00:00","dateModified":"2025-06-25T01:34:58+00:00","author":{"@id":"https:\/\/cabellonews.com\/#\/schema\/person\/7afe73bafa6cc5a24fd4c67dfd4379d8"},"breadcrumb":{"@id":"https:\/\/cabellonews.com\/?p=1729#breadcrumb"},"inLanguage":"en-US","potentialAction":[{"@type":"ReadAction","target":["https:\/\/cabellonews.com\/?p=1729"]}]},{"@type":"BreadcrumbList","@id":"https:\/\/cabellonews.com\/?p=1729#breadcrumb","itemListElement":[{"@type":"ListItem","position":1,"name":"Inicio","item":"https:\/\/cabellonews.com\/"},{"@type":"ListItem","position":2,"name":"En Tamaulipas se desarrolla una jornada electoral en paz: Am\u00e9rico"}]},{"@type":"WebSite","@id":"https:\/\/cabellonews.com\/#website","url":"https:\/\/cabellonews.com\/","name":"cabellonews.com","description":"Con Cobertura En Tamaulipas Y norte de Veracruz","potentialAction":[{"@type":"SearchAction","target":{"@type":"EntryPoint","urlTemplate":"https:\/\/cabellonews.com\/?s={search_term_string}"},"query-input":"required name=search_term_string"}],"inLanguage":"en-US"},{"@type":"Person","@id":"https:\/\/cabellonews.com\/#\/schema\/person\/7afe73bafa6cc5a24fd4c67dfd4379d8","name":"cabellonews.com","image":{"@type":"ImageObject","inLanguage":"en-US","@id":"https:\/\/cabellonews.com\/#\/schema\/person\/image\/","url":"https:\/\/secure.gravatar.com\/avatar\/8d6324fc2806389aad4cd38639618406?s=96&d=mm&r=g","contentUrl":"https:\/\/secure.gravatar.com\/avatar\/8d6324fc2806389aad4cd38639618406?s=96&d=mm&r=g","caption":"cabellonews.com"},"sameAs":["http:\/\/cabellonews.com"],"url":"https:\/\/cabellonews.com\/?author=1"}]}},"_links":{"self":[{"href":"https:\/\/cabellonews.com\/index.php?rest_route=\/wp\/v2\/posts\/1729"}],"collection":[{"href":"https:\/\/cabellonews.com\/index.php?rest_route=\/wp\/v2\/posts"}],"about":[{"href":"https:\/\/cabellonews.com\/index.php?rest_route=\/wp\/v2\/types\/post"}],"author":[{"embeddable":true,"href":"https:\/\/cabellonews.com\/index.php?rest_route=\/wp\/v2\/users\/1"}],"replies":[{"embeddable":true,"href":"https:\/\/cabellonews.com\/index.php?rest_route=%2Fwp%2Fv2%2Fcomments&post=1729"}],"version-history":[{"count":1,"href":"https:\/\/cabellonews.com\/index.php?rest_route=\/wp\/v2\/posts\/1729\/revisions"}],"predecessor-version":[{"id":1731,"href":"https:\/\/cabellonews.com\/index.php?rest_route=\/wp\/v2\/posts\/1729\/revisions\/1731"}],"wp:featuredmedia":[{"embeddable":true,"href":"https:\/\/cabellonews.com\/index.php?rest_route=\/wp\/v2\/media\/1730"}],"wp:attachment":[{"href":"https:\/\/cabellonews.com\/index.php?rest_route=%2Fwp%2Fv2%2Fmedia&parent=1729"}],"wp:term":[{"taxonomy":"category","embeddable":true,"href":"https:\/\/cabellonews.com\/index.php?rest_route=%2Fwp%2Fv2%2Fcategories&post=1729"},{"taxonomy":"post_tag","embeddable":true,"href":"https:\/\/cabellonews.com\/index.php?rest_route=%2Fwp%2Fv2%2Ftags&post=1729"}],"curies":[{"name":"wp","href":"https:\/\/api.w.org\/{rel}","templated":true}]}}