{"id":1725,"date":"2025-05-21T13:46:36","date_gmt":"2025-05-21T13:46:36","guid":{"rendered":"https:\/\/cabellonews.com\/?p=1725"},"modified":"2025-05-22T13:47:21","modified_gmt":"2025-05-22T13:47:21","slug":"ampliacion-del-puente-internacional-nuevo-laredo-iii-mejorara-infraestructura-fronteriza-y-desarrollo-economico-regional","status":"publish","type":"post","link":"https:\/\/cabellonews.com\/?p=1725","title":{"rendered":"Ampliaci\u00f3n del Puente Internacional Nuevo Laredo III, mejorar\u00e1 infraestructura fronteriza y desarrollo econ\u00f3mico regional"},"content":{"rendered":"\n<p>Mayo 21 de 2025<\/p>\n\n\n<figure class=\"wp-block-post-featured-image\"><img width=\"240\" height=\"172\" src=\"https:\/\/cabellonews.com\/wp-content\/uploads\/2025\/05\/adf732ba-5d30-44a5-81bf-f92dd49b136f-240x172.jpeg\" class=\"attachment-post-thumbnail size-post-thumbnail wp-post-image\" alt=\"\" decoding=\"async\" loading=\"lazy\" \/><\/figure>\n\n\n<p>Nuevo Laredo, Tamaulipas.- Con un 90 por ciento del proyecto aprobado y validado por la Secretar\u00eda de Infraestructura, Comunicaciones y Transportes (SICT), el Gobierno del Estado de acuerdo a lo programado por la Secretar\u00eda de Obras P\u00fablicas (SOP) iniciar\u00e1 los trabajos de ampliaci\u00f3n del Puente Internacional Nuevo Laredo III y la construcci\u00f3n de un nuevo cuerpo para atender el alto flujo vehicular, en el a\u00f1o 2026.<\/p>\n\n\n\n<p>El titular de la dependencia estatal, Pedro Cepeda Anaya mencion\u00f3 que actualmente el tambi\u00e9n conocido como Puente del Comercio Mundial cuenta con ocho carriles y se le agregar\u00e1n 10 m\u00e1s para que tenga una capacidad de 18.<\/p>\n\n\n\n<p>Apunt\u00f3 que durante el a\u00f1o 2024, se realizaron dos entregas de informaci\u00f3n t\u00e9cnica, jur\u00eddica y financiera ante la SICT, para la ampliaci\u00f3n de la concesi\u00f3n que vence en el pr\u00f3ximo mes de julio de 2026.<\/p>\n\n\n\n<p>Destac\u00f3 que se han completado los estudios preliminares, incluyendo el estudio de Manifestaci\u00f3n de Impacto Ambiental. La Secretar\u00eda del Medio Ambiente y Recursos Naturales dio su aprobaci\u00f3n autorizando la realizaci\u00f3n de la obra conforme a lo solicitado; asimismo mencion\u00f3 la importancia de contar con el pago por el derecho de v\u00eda liberado, para dar inicio a los trabajos correspondientes.<\/p>\n\n\n\n<p>\u201cEste puente realiza operaciones de comercio internacional y por su ubicaci\u00f3n figura como el principal cruce fronterizo de Am\u00e9rica Latina\u201d, expres\u00f3 el servidor p\u00fablico.<\/p>\n\n\n\n<p>La ampliaci\u00f3n del Puente de Comercio Mundial y el nuevo cruce conectar\u00e1n a los corredores M\u00e9xico-Nuevo Laredo y Estados Unidos, por ende, fortalecer\u00e1 el intercambio econ\u00f3mico y comercial del pa\u00eds, adem\u00e1s de consolidar a Tamaulipas como un punto de transporte y log\u00edstica de primer nivel.<\/p>\n\n\n\n<p>Cepeda Anaya agreg\u00f3 que Nuevo Laredo es el punto fronterizo que une mediante una ruta m\u00e1s corta a los centros industriales de distribuci\u00f3n de Estados Unidos de Am\u00e9rica, Canad\u00e1 y la Rep\u00fablica Mexicana.<\/p>\n\n\n\n<pre class=\"wp-block-code\"><code>     *      *     *<\/code><\/pre>\n","protected":false},"excerpt":{"rendered":"<p>Mayo 21 de 2025 Nuevo Laredo, Tamaulipas.- Con un 90 por ciento del proyecto aprobado y validado por la Secretar\u00eda de Infraestructura, Comunicaciones y Transportes (SICT), el Gobierno del Estado de acuerdo a lo programado por la Secretar\u00eda de Obras P\u00fablicas (SOP) iniciar\u00e1 los trabajos de ampliaci\u00f3n del Puente Internacional Nuevo Laredo III y la construcci\u00f3n de un nuevo cuerpo para atender el alto flujo vehicular, en el a\u00f1o 2026. El titular de la dependencia estatal, Pedro Cepeda Anaya mencion\u00f3 que actualmente el tambi\u00e9n conocido como Puente del Comercio Mundial&hellip;<\/p>\n","protected":false},"author":1,"featured_media":1726,"comment_status":"open","ping_status":"open","sticky":false,"template":"","format":"standard","meta":[],"categories":[1],"tags":[],"gutentor_comment":10,"yoast_head":"<!-- This site is optimized with the Yoast SEO plugin v20.10 - https:\/\/yoast.com\/wordpress\/plugins\/seo\/ -->\n<title>Ampliaci\u00f3n del Puente Internacional Nuevo Laredo III, mejorar\u00e1 infraestructura fronteriza y desarrollo econ\u00f3mico regional - cabellonews.com<\/title>\n<meta name=\"robots\" content=\"index, follow, max-snippet:-1, max-image-preview:large, max-video-preview:-1\" \/>\n<link rel=\"canonical\" href=\"https:\/\/cabellonews.com\/?p=1725\" \/>\n<meta property=\"og:locale\" content=\"en_US\" \/>\n<meta property=\"og:type\" content=\"article\" \/>\n<meta property=\"og:title\" content=\"Ampliaci\u00f3n del Puente Internacional Nuevo Laredo III, mejorar\u00e1 infraestructura fronteriza y desarrollo econ\u00f3mico regional - cabellonews.com\" \/>\n<meta property=\"og:description\" content=\"Mayo 21 de 2025 Nuevo Laredo, Tamaulipas.- Con un 90 por ciento del proyecto aprobado y validado por la Secretar\u00eda de Infraestructura, Comunicaciones y Transportes (SICT), el Gobierno del Estado de acuerdo a lo programado por la Secretar\u00eda de Obras P\u00fablicas (SOP) iniciar\u00e1 los trabajos de ampliaci\u00f3n del Puente Internacional Nuevo Laredo III y la construcci\u00f3n de un nuevo cuerpo para atender el alto flujo vehicular, en el a\u00f1o 2026. El titular de la dependencia estatal, Pedro Cepeda Anaya mencion\u00f3 que actualmente el tambi\u00e9n conocido como Puente del Comercio Mundial&hellip;\" \/>\n<meta property=\"og:url\" content=\"https:\/\/cabellonews.com\/?p=1725\" \/>\n<meta property=\"og:site_name\" content=\"cabellonews.com\" \/>\n<meta property=\"article:published_time\" content=\"2025-05-21T13:46:36+00:00\" \/>\n<meta property=\"article:modified_time\" content=\"2025-05-22T13:47:21+00:00\" \/>\n<meta property=\"og:image\" content=\"http:\/\/cabellonews.com\/wp-content\/uploads\/2025\/05\/adf732ba-5d30-44a5-81bf-f92dd49b136f.jpeg\" \/>\n\t<meta property=\"og:image:width\" content=\"1600\" \/>\n\t<meta property=\"og:image:height\" content=\"1200\" \/>\n\t<meta property=\"og:image:type\" content=\"image\/jpeg\" \/>\n<meta name=\"author\" content=\"cabellonews.com\" \/>\n<meta name=\"twitter:card\" content=\"summary_large_image\" \/>\n<meta name=\"twitter:label1\" content=\"Written by\" \/>\n\t<meta name=\"twitter:data1\" content=\"cabellonews.com\" \/>\n\t<meta name=\"twitter:label2\" content=\"Est. reading time\" \/>\n\t<meta name=\"twitter:data2\" content=\"2 minutes\" \/>\n<script type=\"application\/ld+json\" class=\"yoast-schema-graph\">{\"@context\":\"https:\/\/schema.org\",\"@graph\":[{\"@type\":\"WebPage\",\"@id\":\"https:\/\/cabellonews.com\/?p=1725\",\"url\":\"https:\/\/cabellonews.com\/?p=1725\",\"name\":\"Ampliaci\u00f3n del Puente Internacional Nuevo Laredo III, mejorar\u00e1 infraestructura fronteriza y desarrollo econ\u00f3mico regional - cabellonews.com\",\"isPartOf\":{\"@id\":\"https:\/\/cabellonews.com\/#website\"},\"datePublished\":\"2025-05-21T13:46:36+00:00\",\"dateModified\":\"2025-05-22T13:47:21+00:00\",\"author\":{\"@id\":\"https:\/\/cabellonews.com\/#\/schema\/person\/7afe73bafa6cc5a24fd4c67dfd4379d8\"},\"breadcrumb\":{\"@id\":\"https:\/\/cabellonews.com\/?p=1725#breadcrumb\"},\"inLanguage\":\"en-US\",\"potentialAction\":[{\"@type\":\"ReadAction\",\"target\":[\"https:\/\/cabellonews.com\/?p=1725\"]}]},{\"@type\":\"BreadcrumbList\",\"@id\":\"https:\/\/cabellonews.com\/?p=1725#breadcrumb\",\"itemListElement\":[{\"@type\":\"ListItem\",\"position\":1,\"name\":\"Inicio\",\"item\":\"https:\/\/cabellonews.com\/\"},{\"@type\":\"ListItem\",\"position\":2,\"name\":\"Ampliaci\u00f3n del Puente Internacional Nuevo Laredo III, mejorar\u00e1 infraestructura fronteriza y desarrollo econ\u00f3mico regional\"}]},{\"@type\":\"WebSite\",\"@id\":\"https:\/\/cabellonews.com\/#website\",\"url\":\"https:\/\/cabellonews.com\/\",\"name\":\"cabellonews.com\",\"description\":\"Con Cobertura En Tamaulipas Y norte de Veracruz\",\"potentialAction\":[{\"@type\":\"SearchAction\",\"target\":{\"@type\":\"EntryPoint\",\"urlTemplate\":\"https:\/\/cabellonews.com\/?s={search_term_string}\"},\"query-input\":\"required name=search_term_string\"}],\"inLanguage\":\"en-US\"},{\"@type\":\"Person\",\"@id\":\"https:\/\/cabellonews.com\/#\/schema\/person\/7afe73bafa6cc5a24fd4c67dfd4379d8\",\"name\":\"cabellonews.com\",\"image\":{\"@type\":\"ImageObject\",\"inLanguage\":\"en-US\",\"@id\":\"https:\/\/cabellonews.com\/#\/schema\/person\/image\/\",\"url\":\"https:\/\/secure.gravatar.com\/avatar\/8d6324fc2806389aad4cd38639618406?s=96&d=mm&r=g\",\"contentUrl\":\"https:\/\/secure.gravatar.com\/avatar\/8d6324fc2806389aad4cd38639618406?s=96&d=mm&r=g\",\"caption\":\"cabellonews.com\"},\"sameAs\":[\"http:\/\/cabellonews.com\"],\"url\":\"https:\/\/cabellonews.com\/?author=1\"}]}<\/script>\n<!-- \/ Yoast SEO plugin. -->","yoast_head_json":{"title":"Ampliaci\u00f3n del Puente Internacional Nuevo Laredo III, mejorar\u00e1 infraestructura fronteriza y desarrollo econ\u00f3mico regional - cabellonews.com","robots":{"index":"index","follow":"follow","max-snippet":"max-snippet:-1","max-image-preview":"max-image-preview:large","max-video-preview":"max-video-preview:-1"},"canonical":"https:\/\/cabellonews.com\/?p=1725","og_locale":"en_US","og_type":"article","og_title":"Ampliaci\u00f3n del Puente Internacional Nuevo Laredo III, mejorar\u00e1 infraestructura fronteriza y desarrollo econ\u00f3mico regional - cabellonews.com","og_description":"Mayo 21 de 2025 Nuevo Laredo, Tamaulipas.- Con un 90 por ciento del proyecto aprobado y validado por la Secretar\u00eda de Infraestructura, Comunicaciones y Transportes (SICT), el Gobierno del Estado de acuerdo a lo programado por la Secretar\u00eda de Obras P\u00fablicas (SOP) iniciar\u00e1 los trabajos de ampliaci\u00f3n del Puente Internacional Nuevo Laredo III y la construcci\u00f3n de un nuevo cuerpo para atender el alto flujo vehicular, en el a\u00f1o 2026. El titular de la dependencia estatal, Pedro Cepeda Anaya mencion\u00f3 que actualmente el tambi\u00e9n conocido como Puente del Comercio Mundial&hellip;","og_url":"https:\/\/cabellonews.com\/?p=1725","og_site_name":"cabellonews.com","article_published_time":"2025-05-21T13:46:36+00:00","article_modified_time":"2025-05-22T13:47:21+00:00","og_image":[{"width":1600,"height":1200,"url":"http:\/\/cabellonews.com\/wp-content\/uploads\/2025\/05\/adf732ba-5d30-44a5-81bf-f92dd49b136f.jpeg","type":"image\/jpeg"}],"author":"cabellonews.com","twitter_card":"summary_large_image","twitter_misc":{"Written by":"cabellonews.com","Est. reading time":"2 minutes"},"schema":{"@context":"https:\/\/schema.org","@graph":[{"@type":"WebPage","@id":"https:\/\/cabellonews.com\/?p=1725","url":"https:\/\/cabellonews.com\/?p=1725","name":"Ampliaci\u00f3n del Puente Internacional Nuevo Laredo III, mejorar\u00e1 infraestructura fronteriza y desarrollo econ\u00f3mico regional - cabellonews.com","isPartOf":{"@id":"https:\/\/cabellonews.com\/#website"},"datePublished":"2025-05-21T13:46:36+00:00","dateModified":"2025-05-22T13:47:21+00:00","author":{"@id":"https:\/\/cabellonews.com\/#\/schema\/person\/7afe73bafa6cc5a24fd4c67dfd4379d8"},"breadcrumb":{"@id":"https:\/\/cabellonews.com\/?p=1725#breadcrumb"},"inLanguage":"en-US","potentialAction":[{"@type":"ReadAction","target":["https:\/\/cabellonews.com\/?p=1725"]}]},{"@type":"BreadcrumbList","@id":"https:\/\/cabellonews.com\/?p=1725#breadcrumb","itemListElement":[{"@type":"ListItem","position":1,"name":"Inicio","item":"https:\/\/cabellonews.com\/"},{"@type":"ListItem","position":2,"name":"Ampliaci\u00f3n del Puente Internacional Nuevo Laredo III, mejorar\u00e1 infraestructura fronteriza y desarrollo econ\u00f3mico regional"}]},{"@type":"WebSite","@id":"https:\/\/cabellonews.com\/#website","url":"https:\/\/cabellonews.com\/","name":"cabellonews.com","description":"Con Cobertura En Tamaulipas Y norte de Veracruz","potentialAction":[{"@type":"SearchAction","target":{"@type":"EntryPoint","urlTemplate":"https:\/\/cabellonews.com\/?s={search_term_string}"},"query-input":"required name=search_term_string"}],"inLanguage":"en-US"},{"@type":"Person","@id":"https:\/\/cabellonews.com\/#\/schema\/person\/7afe73bafa6cc5a24fd4c67dfd4379d8","name":"cabellonews.com","image":{"@type":"ImageObject","inLanguage":"en-US","@id":"https:\/\/cabellonews.com\/#\/schema\/person\/image\/","url":"https:\/\/secure.gravatar.com\/avatar\/8d6324fc2806389aad4cd38639618406?s=96&d=mm&r=g","contentUrl":"https:\/\/secure.gravatar.com\/avatar\/8d6324fc2806389aad4cd38639618406?s=96&d=mm&r=g","caption":"cabellonews.com"},"sameAs":["http:\/\/cabellonews.com"],"url":"https:\/\/cabellonews.com\/?author=1"}]}},"_links":{"self":[{"href":"https:\/\/cabellonews.com\/index.php?rest_route=\/wp\/v2\/posts\/1725"}],"collection":[{"href":"https:\/\/cabellonews.com\/index.php?rest_route=\/wp\/v2\/posts"}],"about":[{"href":"https:\/\/cabellonews.com\/index.php?rest_route=\/wp\/v2\/types\/post"}],"author":[{"embeddable":true,"href":"https:\/\/cabellonews.com\/index.php?rest_route=\/wp\/v2\/users\/1"}],"replies":[{"embeddable":true,"href":"https:\/\/cabellonews.com\/index.php?rest_route=%2Fwp%2Fv2%2Fcomments&post=1725"}],"version-history":[{"count":1,"href":"https:\/\/cabellonews.com\/index.php?rest_route=\/wp\/v2\/posts\/1725\/revisions"}],"predecessor-version":[{"id":1727,"href":"https:\/\/cabellonews.com\/index.php?rest_route=\/wp\/v2\/posts\/1725\/revisions\/1727"}],"wp:featuredmedia":[{"embeddable":true,"href":"https:\/\/cabellonews.com\/index.php?rest_route=\/wp\/v2\/media\/1726"}],"wp:attachment":[{"href":"https:\/\/cabellonews.com\/index.php?rest_route=%2Fwp%2Fv2%2Fmedia&parent=1725"}],"wp:term":[{"taxonomy":"category","embeddable":true,"href":"https:\/\/cabellonews.com\/index.php?rest_route=%2Fwp%2Fv2%2Fcategories&post=1725"},{"taxonomy":"post_tag","embeddable":true,"href":"https:\/\/cabellonews.com\/index.php?rest_route=%2Fwp%2Fv2%2Ftags&post=1725"}],"curies":[{"name":"wp","href":"https:\/\/api.w.org\/{rel}","templated":true}]}}