{"id":166,"date":"2023-06-21T18:44:12","date_gmt":"2023-06-21T18:44:12","guid":{"rendered":"https:\/\/cabellonews.com\/?p=166"},"modified":"2023-06-21T18:44:12","modified_gmt":"2023-06-21T18:44:12","slug":"entrega-dif-tamaulipas-mas-de-mil-800-becas-en-beneficio-de-la-poblacion-vulnerable-de-los-43-municipios-del-estado","status":"publish","type":"post","link":"https:\/\/cabellonews.com\/?p=166","title":{"rendered":"Entrega DIF Tamaulipas m\u00e1s de mil 800 becas en beneficio de la poblaci\u00f3n vulnerable de los 43 municipios del estado"},"content":{"rendered":"\n<p>-De manera simb\u00f3lica fueron entregadas 20 becas \u201cEsperanza de Tamaulipas\u201d y \u201cPor la Inclusi\u00f3n Social en Tamaulipas\u201d<\/p>\n\n\n\n<p>Junio 21 de 2023<\/p>\n\n\n\n<p>Ciudad Victoria, Tamaulipas. Para garantizar el acceso y permanencia en el sistema educativo estatal a las ni\u00f1as, ni\u00f1os y j\u00f3venes tamaulipecos en situaci\u00f3n de vulnerabilidad y contribuir a disminuir la deserci\u00f3n escolar, el Sistema DIF Tamaulipas que preside la doctora Mar\u00eda Santiago de Villarreal junto a la Secretar\u00eda de Educaci\u00f3n de Tamaulipas, realizaron una entrega simb\u00f3lica de 20 becas \u201cEsperanza de Tamaulipas\u201d y \u201cPor la Inclusi\u00f3n Social en Tamaulipas\u201d, de un total de mil 810 que ser\u00e1n distribuidas entre beneficiarios de los 43 municipios de la entidad.<\/p>\n\n\n\n<p>La beca \u201cEsperanza de Tamaulipas\u201d beneficia a estudiantes integrantes de familias que son atendidas por la Comisi\u00f3n Estatal de Atenci\u00f3n a V\u00edctimas, a los alumnos inscritos en el Programa de Atenci\u00f3n a Ni\u00f1os, Ni\u00f1as y Adolescentes en Riesgo de Trabajo Infantil (PANNARTI) y a quienes est\u00e1n en orfandad derivado de la comisi\u00f3n de delitos de alto impacto y que son atendidos por el DIF Tamaulipas.<\/p>\n\n\n\n<p>Por su parte, la beca \u201cPor la Inclusi\u00f3n Social en Tamaulipas\u201d atiende a los estudiantes en situaci\u00f3n de discapacidad motriz, visual, auditiva o intelectual leve que se encuentran inscritos en instituciones de educaci\u00f3n p\u00fablica.<\/p>\n\n\n\n<p>\u201cSin duda, este acto simboliza la preocupaci\u00f3n de un gobierno sensible y humanista que apoya a las familias tamaulipecas para que ning\u00fan ni\u00f1o, ni\u00f1a o joven deje sus estudios por falta de recursos econ\u00f3micos. Esta es la mejor inversi\u00f3n, pues la ni\u00f1ez y juventud son nuestra mayor esperanza para seguir transformando a Tamaulipas\u201d mencion\u00f3 Geancarlo Bonetta Cavazos, director general del DIF Estatal.<\/p>\n\n\n\n<p>En su intervenci\u00f3n la Secretaria de Educaci\u00f3n de Tamaulipas Luc\u00eda Aim\u00e9 Castillo Pastor, mencion\u00f3 que sin duda, este d\u00eda ha sido trascendental para la vida de las y los estudiantes beneficiados, y esto en gran medida se debe al empe\u00f1o y compromiso que la doctora Mar\u00eda Santiago de Villarreal ha tenido desde el primer d\u00eda de la administraci\u00f3n del gobernador Am\u00e9rico Villarreal Anaya.<\/p>\n\n\n<figure class=\"wp-block-post-featured-image\"><img width=\"240\" height=\"172\" src=\"https:\/\/cabellonews.com\/wp-content\/uploads\/2023\/06\/45B88560-F38C-454F-8C3F-2F0042E7CA2F-240x172.jpeg\" class=\"attachment-post-thumbnail size-post-thumbnail wp-post-image\" alt=\"\" decoding=\"async\" loading=\"lazy\" \/><\/figure>\n\n\n<pre class=\"wp-block-code\"><code>   *   *   *<\/code><\/pre>\n","protected":false},"excerpt":{"rendered":"<p>-De manera simb\u00f3lica fueron entregadas 20 becas \u201cEsperanza de Tamaulipas\u201d y \u201cPor la Inclusi\u00f3n Social en Tamaulipas\u201d Junio 21 de 2023 Ciudad Victoria, Tamaulipas. Para garantizar el acceso y permanencia en el sistema educativo estatal a las ni\u00f1as, ni\u00f1os y j\u00f3venes tamaulipecos en situaci\u00f3n de vulnerabilidad y contribuir a disminuir la deserci\u00f3n escolar, el Sistema DIF Tamaulipas que preside la doctora Mar\u00eda Santiago de Villarreal junto a la Secretar\u00eda de Educaci\u00f3n de Tamaulipas, realizaron una entrega simb\u00f3lica de 20 becas \u201cEsperanza de Tamaulipas\u201d y \u201cPor la Inclusi\u00f3n Social en Tamaulipas\u201d,&hellip;<\/p>\n","protected":false},"author":1,"featured_media":167,"comment_status":"open","ping_status":"open","sticky":false,"template":"","format":"standard","meta":[],"categories":[1],"tags":[],"gutentor_comment":0,"yoast_head":"<!-- This site is optimized with the Yoast SEO plugin v20.10 - https:\/\/yoast.com\/wordpress\/plugins\/seo\/ -->\n<title>Entrega DIF Tamaulipas m\u00e1s de mil 800 becas en beneficio de la poblaci\u00f3n vulnerable de los 43 municipios del estado - cabellonews.com<\/title>\n<meta name=\"robots\" content=\"index, follow, max-snippet:-1, max-image-preview:large, max-video-preview:-1\" \/>\n<link rel=\"canonical\" href=\"https:\/\/cabellonews.com\/?p=166\" \/>\n<meta property=\"og:locale\" content=\"en_US\" \/>\n<meta property=\"og:type\" content=\"article\" \/>\n<meta property=\"og:title\" content=\"Entrega DIF Tamaulipas m\u00e1s de mil 800 becas en beneficio de la poblaci\u00f3n vulnerable de los 43 municipios del estado - cabellonews.com\" \/>\n<meta property=\"og:description\" content=\"-De manera simb\u00f3lica fueron entregadas 20 becas \u201cEsperanza de Tamaulipas\u201d y \u201cPor la Inclusi\u00f3n Social en Tamaulipas\u201d Junio 21 de 2023 Ciudad Victoria, Tamaulipas. Para garantizar el acceso y permanencia en el sistema educativo estatal a las ni\u00f1as, ni\u00f1os y j\u00f3venes tamaulipecos en situaci\u00f3n de vulnerabilidad y contribuir a disminuir la deserci\u00f3n escolar, el Sistema DIF Tamaulipas que preside la doctora Mar\u00eda Santiago de Villarreal junto a la Secretar\u00eda de Educaci\u00f3n de Tamaulipas, realizaron una entrega simb\u00f3lica de 20 becas \u201cEsperanza de Tamaulipas\u201d y \u201cPor la Inclusi\u00f3n Social en Tamaulipas\u201d,&hellip;\" \/>\n<meta property=\"og:url\" content=\"https:\/\/cabellonews.com\/?p=166\" \/>\n<meta property=\"og:site_name\" content=\"cabellonews.com\" \/>\n<meta property=\"article:published_time\" content=\"2023-06-21T18:44:12+00:00\" \/>\n<meta property=\"og:image\" content=\"http:\/\/cabellonews.com\/wp-content\/uploads\/2023\/06\/45B88560-F38C-454F-8C3F-2F0042E7CA2F.jpeg\" \/>\n\t<meta property=\"og:image:width\" content=\"1024\" \/>\n\t<meta property=\"og:image:height\" content=\"686\" \/>\n\t<meta property=\"og:image:type\" content=\"image\/jpeg\" \/>\n<meta name=\"author\" content=\"cabellonews.com\" \/>\n<meta name=\"twitter:card\" content=\"summary_large_image\" \/>\n<meta name=\"twitter:label1\" content=\"Written by\" \/>\n\t<meta name=\"twitter:data1\" content=\"cabellonews.com\" \/>\n\t<meta name=\"twitter:label2\" content=\"Est. reading time\" \/>\n\t<meta name=\"twitter:data2\" content=\"2 minutes\" \/>\n<script type=\"application\/ld+json\" class=\"yoast-schema-graph\">{\"@context\":\"https:\/\/schema.org\",\"@graph\":[{\"@type\":\"WebPage\",\"@id\":\"https:\/\/cabellonews.com\/?p=166\",\"url\":\"https:\/\/cabellonews.com\/?p=166\",\"name\":\"Entrega DIF Tamaulipas m\u00e1s de mil 800 becas en beneficio de la poblaci\u00f3n vulnerable de los 43 municipios del estado - cabellonews.com\",\"isPartOf\":{\"@id\":\"https:\/\/cabellonews.com\/#website\"},\"datePublished\":\"2023-06-21T18:44:12+00:00\",\"dateModified\":\"2023-06-21T18:44:12+00:00\",\"author\":{\"@id\":\"https:\/\/cabellonews.com\/#\/schema\/person\/7afe73bafa6cc5a24fd4c67dfd4379d8\"},\"breadcrumb\":{\"@id\":\"https:\/\/cabellonews.com\/?p=166#breadcrumb\"},\"inLanguage\":\"en-US\",\"potentialAction\":[{\"@type\":\"ReadAction\",\"target\":[\"https:\/\/cabellonews.com\/?p=166\"]}]},{\"@type\":\"BreadcrumbList\",\"@id\":\"https:\/\/cabellonews.com\/?p=166#breadcrumb\",\"itemListElement\":[{\"@type\":\"ListItem\",\"position\":1,\"name\":\"Inicio\",\"item\":\"https:\/\/cabellonews.com\/\"},{\"@type\":\"ListItem\",\"position\":2,\"name\":\"Entrega DIF Tamaulipas m\u00e1s de mil 800 becas en beneficio de la poblaci\u00f3n vulnerable de los 43 municipios del estado\"}]},{\"@type\":\"WebSite\",\"@id\":\"https:\/\/cabellonews.com\/#website\",\"url\":\"https:\/\/cabellonews.com\/\",\"name\":\"cabellonews.com\",\"description\":\"Con Cobertura En Tamaulipas Y norte de Veracruz\",\"potentialAction\":[{\"@type\":\"SearchAction\",\"target\":{\"@type\":\"EntryPoint\",\"urlTemplate\":\"https:\/\/cabellonews.com\/?s={search_term_string}\"},\"query-input\":\"required name=search_term_string\"}],\"inLanguage\":\"en-US\"},{\"@type\":\"Person\",\"@id\":\"https:\/\/cabellonews.com\/#\/schema\/person\/7afe73bafa6cc5a24fd4c67dfd4379d8\",\"name\":\"cabellonews.com\",\"image\":{\"@type\":\"ImageObject\",\"inLanguage\":\"en-US\",\"@id\":\"https:\/\/cabellonews.com\/#\/schema\/person\/image\/\",\"url\":\"https:\/\/secure.gravatar.com\/avatar\/8d6324fc2806389aad4cd38639618406?s=96&d=mm&r=g\",\"contentUrl\":\"https:\/\/secure.gravatar.com\/avatar\/8d6324fc2806389aad4cd38639618406?s=96&d=mm&r=g\",\"caption\":\"cabellonews.com\"},\"sameAs\":[\"http:\/\/cabellonews.com\"],\"url\":\"https:\/\/cabellonews.com\/?author=1\"}]}<\/script>\n<!-- \/ Yoast SEO plugin. -->","yoast_head_json":{"title":"Entrega DIF Tamaulipas m\u00e1s de mil 800 becas en beneficio de la poblaci\u00f3n vulnerable de los 43 municipios del estado - cabellonews.com","robots":{"index":"index","follow":"follow","max-snippet":"max-snippet:-1","max-image-preview":"max-image-preview:large","max-video-preview":"max-video-preview:-1"},"canonical":"https:\/\/cabellonews.com\/?p=166","og_locale":"en_US","og_type":"article","og_title":"Entrega DIF Tamaulipas m\u00e1s de mil 800 becas en beneficio de la poblaci\u00f3n vulnerable de los 43 municipios del estado - cabellonews.com","og_description":"-De manera simb\u00f3lica fueron entregadas 20 becas \u201cEsperanza de Tamaulipas\u201d y \u201cPor la Inclusi\u00f3n Social en Tamaulipas\u201d Junio 21 de 2023 Ciudad Victoria, Tamaulipas. Para garantizar el acceso y permanencia en el sistema educativo estatal a las ni\u00f1as, ni\u00f1os y j\u00f3venes tamaulipecos en situaci\u00f3n de vulnerabilidad y contribuir a disminuir la deserci\u00f3n escolar, el Sistema DIF Tamaulipas que preside la doctora Mar\u00eda Santiago de Villarreal junto a la Secretar\u00eda de Educaci\u00f3n de Tamaulipas, realizaron una entrega simb\u00f3lica de 20 becas \u201cEsperanza de Tamaulipas\u201d y \u201cPor la Inclusi\u00f3n Social en Tamaulipas\u201d,&hellip;","og_url":"https:\/\/cabellonews.com\/?p=166","og_site_name":"cabellonews.com","article_published_time":"2023-06-21T18:44:12+00:00","og_image":[{"width":1024,"height":686,"url":"http:\/\/cabellonews.com\/wp-content\/uploads\/2023\/06\/45B88560-F38C-454F-8C3F-2F0042E7CA2F.jpeg","type":"image\/jpeg"}],"author":"cabellonews.com","twitter_card":"summary_large_image","twitter_misc":{"Written by":"cabellonews.com","Est. reading time":"2 minutes"},"schema":{"@context":"https:\/\/schema.org","@graph":[{"@type":"WebPage","@id":"https:\/\/cabellonews.com\/?p=166","url":"https:\/\/cabellonews.com\/?p=166","name":"Entrega DIF Tamaulipas m\u00e1s de mil 800 becas en beneficio de la poblaci\u00f3n vulnerable de los 43 municipios del estado - cabellonews.com","isPartOf":{"@id":"https:\/\/cabellonews.com\/#website"},"datePublished":"2023-06-21T18:44:12+00:00","dateModified":"2023-06-21T18:44:12+00:00","author":{"@id":"https:\/\/cabellonews.com\/#\/schema\/person\/7afe73bafa6cc5a24fd4c67dfd4379d8"},"breadcrumb":{"@id":"https:\/\/cabellonews.com\/?p=166#breadcrumb"},"inLanguage":"en-US","potentialAction":[{"@type":"ReadAction","target":["https:\/\/cabellonews.com\/?p=166"]}]},{"@type":"BreadcrumbList","@id":"https:\/\/cabellonews.com\/?p=166#breadcrumb","itemListElement":[{"@type":"ListItem","position":1,"name":"Inicio","item":"https:\/\/cabellonews.com\/"},{"@type":"ListItem","position":2,"name":"Entrega DIF Tamaulipas m\u00e1s de mil 800 becas en beneficio de la poblaci\u00f3n vulnerable de los 43 municipios del estado"}]},{"@type":"WebSite","@id":"https:\/\/cabellonews.com\/#website","url":"https:\/\/cabellonews.com\/","name":"cabellonews.com","description":"Con Cobertura En Tamaulipas Y norte de Veracruz","potentialAction":[{"@type":"SearchAction","target":{"@type":"EntryPoint","urlTemplate":"https:\/\/cabellonews.com\/?s={search_term_string}"},"query-input":"required name=search_term_string"}],"inLanguage":"en-US"},{"@type":"Person","@id":"https:\/\/cabellonews.com\/#\/schema\/person\/7afe73bafa6cc5a24fd4c67dfd4379d8","name":"cabellonews.com","image":{"@type":"ImageObject","inLanguage":"en-US","@id":"https:\/\/cabellonews.com\/#\/schema\/person\/image\/","url":"https:\/\/secure.gravatar.com\/avatar\/8d6324fc2806389aad4cd38639618406?s=96&d=mm&r=g","contentUrl":"https:\/\/secure.gravatar.com\/avatar\/8d6324fc2806389aad4cd38639618406?s=96&d=mm&r=g","caption":"cabellonews.com"},"sameAs":["http:\/\/cabellonews.com"],"url":"https:\/\/cabellonews.com\/?author=1"}]}},"_links":{"self":[{"href":"https:\/\/cabellonews.com\/index.php?rest_route=\/wp\/v2\/posts\/166"}],"collection":[{"href":"https:\/\/cabellonews.com\/index.php?rest_route=\/wp\/v2\/posts"}],"about":[{"href":"https:\/\/cabellonews.com\/index.php?rest_route=\/wp\/v2\/types\/post"}],"author":[{"embeddable":true,"href":"https:\/\/cabellonews.com\/index.php?rest_route=\/wp\/v2\/users\/1"}],"replies":[{"embeddable":true,"href":"https:\/\/cabellonews.com\/index.php?rest_route=%2Fwp%2Fv2%2Fcomments&post=166"}],"version-history":[{"count":1,"href":"https:\/\/cabellonews.com\/index.php?rest_route=\/wp\/v2\/posts\/166\/revisions"}],"predecessor-version":[{"id":168,"href":"https:\/\/cabellonews.com\/index.php?rest_route=\/wp\/v2\/posts\/166\/revisions\/168"}],"wp:featuredmedia":[{"embeddable":true,"href":"https:\/\/cabellonews.com\/index.php?rest_route=\/wp\/v2\/media\/167"}],"wp:attachment":[{"href":"https:\/\/cabellonews.com\/index.php?rest_route=%2Fwp%2Fv2%2Fmedia&parent=166"}],"wp:term":[{"taxonomy":"category","embeddable":true,"href":"https:\/\/cabellonews.com\/index.php?rest_route=%2Fwp%2Fv2%2Fcategories&post=166"},{"taxonomy":"post_tag","embeddable":true,"href":"https:\/\/cabellonews.com\/index.php?rest_route=%2Fwp%2Fv2%2Ftags&post=166"}],"curies":[{"name":"wp","href":"https:\/\/api.w.org\/{rel}","templated":true}]}}