{"id":1651,"date":"2025-04-21T18:46:59","date_gmt":"2025-04-21T18:46:59","guid":{"rendered":"https:\/\/cabellonews.com\/?p=1651"},"modified":"2025-04-23T18:47:34","modified_gmt":"2025-04-23T18:47:34","slug":"saldo-blanco-en-playas-y-balnearios-durante-semana-santa-2025-en-tamaulipas","status":"publish","type":"post","link":"https:\/\/cabellonews.com\/?p=1651","title":{"rendered":"Saldo blanco en playas y balnearios durante Semana Santa 2025 en Tamaulipas"},"content":{"rendered":"\n<p>Abril 21 de 2025<\/p>\n\n\n<figure class=\"wp-block-post-featured-image\"><img width=\"240\" height=\"172\" src=\"https:\/\/cabellonews.com\/wp-content\/uploads\/2025\/04\/e8293a31-d0d9-4cf8-865d-cf1a93e00f45-240x172.jpeg\" class=\"attachment-post-thumbnail size-post-thumbnail wp-post-image\" alt=\"\" decoding=\"async\" loading=\"lazy\" \/><\/figure>\n\n\n<p>Ciudad Victoria, Tamaulipas.- Derivado de la planeaci\u00f3n previa al inicio del periodo vacacional de Semana Santa 2025, entre todas las autoridades involucradas en la atenci\u00f3n y seguridad de la ciudadan\u00eda que visita los distintos atractivos tur\u00edsticos, y gracias a la participaci\u00f3n y conciencia de las y los visitantes, quienes acataron las medidas de prevenci\u00f3n, se report\u00f3 un saldo blanco en playas, balnearios y pueblos m\u00e1gicos durante esta primera semana de vacaciones.<\/p>\n\n\n\n<p>Luego de un recorrido por las principales playas del litoral tamaulipeco y centros tur\u00edsticos, el coordinador estatal de Protecci\u00f3n Civil Tamaulipas, Luis Gerardo Gonz\u00e1lez de la Fuente, inform\u00f3 que no se han registrado incidentes que lamentar, adem\u00e1s de que en todo momento, se cuenta con personal para resguardar la seguridad y brindar atenci\u00f3n oportuna.<\/p>\n\n\n\n<p>Destac\u00f3 la presencia de elementos de corporaciones de seguridad y auxilio a lo largo y ancho del estado, pero sobre todo, la coordinaci\u00f3n entre los tres niveles de gobierno para eficientar las acciones y asignar funciones espec\u00edficas.<\/p>\n\n\n\n<p>En los diferentes puntos de atenci\u00f3n y auxilio se cont\u00f3 con personal y veh\u00edculos de Protecci\u00f3n Civil, tanto estatal como municipal, as\u00ed como representantes de la Secretar\u00eda de Turismo, Salud, DIF, Guardia Estatal, Marina, Guardia Nacional y Secretar\u00eda de la Defensa Nacional. Incluso, en algunos sitios, la propia ciudadan\u00eda, a trav\u00e9s de grupos voluntarios, se sum\u00f3 a las labores de apoyo a las y los turistas.<\/p>\n\n\n\n<p>Gonz\u00e1lez de la Fuente reiter\u00f3 el exhorto a la poblaci\u00f3n para continuar con los buenos resultados obtenidos en esta primera semana, ya que pueden ayudar a prevenir accidentes o situaciones no deseadas.<\/p>\n\n\n\n<p>Algunas de las recomendaciones incluyen: evitar conducir bajo los efectos del alcohol o cualquier sustancia que altere los sentidos, respetar los l\u00edmites de velocidad y no utilizar el celular mientras se conduce. Asimismo, al estar en un balneario o playa, es importante mantener vigilancia sobre las y los ni\u00f1os para prevenir cualquier incidente. En caso de requerir ayuda, se debe utilizar el n\u00famero de emergencias 911, disponible las 24 horas del d\u00eda.<\/p>\n\n\n\n<p>El coordinador de Protecci\u00f3n Civil Tamaulipas subray\u00f3 que estas acciones preventivas y de cuidado a la poblaci\u00f3n continuar\u00e1n durante la segunda semana del periodo vacacional.<\/p>\n\n\n\n<pre class=\"wp-block-code\"><code>      *      *    *<\/code><\/pre>\n","protected":false},"excerpt":{"rendered":"<p>Abril 21 de 2025 Ciudad Victoria, Tamaulipas.- Derivado de la planeaci\u00f3n previa al inicio del periodo vacacional de Semana Santa 2025, entre todas las autoridades involucradas en la atenci\u00f3n y seguridad de la ciudadan\u00eda que visita los distintos atractivos tur\u00edsticos, y gracias a la participaci\u00f3n y conciencia de las y los visitantes, quienes acataron las medidas de prevenci\u00f3n, se report\u00f3 un saldo blanco en playas, balnearios y pueblos m\u00e1gicos durante esta primera semana de vacaciones. Luego de un recorrido por las principales playas del litoral tamaulipeco y centros tur\u00edsticos, el&hellip;<\/p>\n","protected":false},"author":1,"featured_media":1652,"comment_status":"open","ping_status":"open","sticky":false,"template":"","format":"standard","meta":[],"categories":[1],"tags":[],"gutentor_comment":1,"yoast_head":"<!-- This site is optimized with the Yoast SEO plugin v20.10 - https:\/\/yoast.com\/wordpress\/plugins\/seo\/ -->\n<title>Saldo blanco en playas y balnearios durante Semana Santa 2025 en Tamaulipas - cabellonews.com<\/title>\n<meta name=\"robots\" content=\"index, follow, max-snippet:-1, max-image-preview:large, max-video-preview:-1\" \/>\n<link rel=\"canonical\" href=\"https:\/\/cabellonews.com\/?p=1651\" \/>\n<meta property=\"og:locale\" content=\"en_US\" \/>\n<meta property=\"og:type\" content=\"article\" \/>\n<meta property=\"og:title\" content=\"Saldo blanco en playas y balnearios durante Semana Santa 2025 en Tamaulipas - cabellonews.com\" \/>\n<meta property=\"og:description\" content=\"Abril 21 de 2025 Ciudad Victoria, Tamaulipas.- Derivado de la planeaci\u00f3n previa al inicio del periodo vacacional de Semana Santa 2025, entre todas las autoridades involucradas en la atenci\u00f3n y seguridad de la ciudadan\u00eda que visita los distintos atractivos tur\u00edsticos, y gracias a la participaci\u00f3n y conciencia de las y los visitantes, quienes acataron las medidas de prevenci\u00f3n, se report\u00f3 un saldo blanco en playas, balnearios y pueblos m\u00e1gicos durante esta primera semana de vacaciones. Luego de un recorrido por las principales playas del litoral tamaulipeco y centros tur\u00edsticos, el&hellip;\" \/>\n<meta property=\"og:url\" content=\"https:\/\/cabellonews.com\/?p=1651\" \/>\n<meta property=\"og:site_name\" content=\"cabellonews.com\" \/>\n<meta property=\"article:published_time\" content=\"2025-04-21T18:46:59+00:00\" \/>\n<meta property=\"article:modified_time\" content=\"2025-04-23T18:47:34+00:00\" \/>\n<meta property=\"og:image\" content=\"http:\/\/cabellonews.com\/wp-content\/uploads\/2025\/04\/e8293a31-d0d9-4cf8-865d-cf1a93e00f45.jpeg\" \/>\n\t<meta property=\"og:image:width\" content=\"1600\" \/>\n\t<meta property=\"og:image:height\" content=\"900\" \/>\n\t<meta property=\"og:image:type\" content=\"image\/jpeg\" \/>\n<meta name=\"author\" content=\"cabellonews.com\" \/>\n<meta name=\"twitter:card\" content=\"summary_large_image\" \/>\n<meta name=\"twitter:label1\" content=\"Written by\" \/>\n\t<meta name=\"twitter:data1\" content=\"cabellonews.com\" \/>\n\t<meta name=\"twitter:label2\" content=\"Est. reading time\" \/>\n\t<meta name=\"twitter:data2\" content=\"2 minutes\" \/>\n<script type=\"application\/ld+json\" class=\"yoast-schema-graph\">{\"@context\":\"https:\/\/schema.org\",\"@graph\":[{\"@type\":\"WebPage\",\"@id\":\"https:\/\/cabellonews.com\/?p=1651\",\"url\":\"https:\/\/cabellonews.com\/?p=1651\",\"name\":\"Saldo blanco en playas y balnearios durante Semana Santa 2025 en Tamaulipas - cabellonews.com\",\"isPartOf\":{\"@id\":\"https:\/\/cabellonews.com\/#website\"},\"datePublished\":\"2025-04-21T18:46:59+00:00\",\"dateModified\":\"2025-04-23T18:47:34+00:00\",\"author\":{\"@id\":\"https:\/\/cabellonews.com\/#\/schema\/person\/7afe73bafa6cc5a24fd4c67dfd4379d8\"},\"breadcrumb\":{\"@id\":\"https:\/\/cabellonews.com\/?p=1651#breadcrumb\"},\"inLanguage\":\"en-US\",\"potentialAction\":[{\"@type\":\"ReadAction\",\"target\":[\"https:\/\/cabellonews.com\/?p=1651\"]}]},{\"@type\":\"BreadcrumbList\",\"@id\":\"https:\/\/cabellonews.com\/?p=1651#breadcrumb\",\"itemListElement\":[{\"@type\":\"ListItem\",\"position\":1,\"name\":\"Inicio\",\"item\":\"https:\/\/cabellonews.com\/\"},{\"@type\":\"ListItem\",\"position\":2,\"name\":\"Saldo blanco en playas y balnearios durante Semana Santa 2025 en Tamaulipas\"}]},{\"@type\":\"WebSite\",\"@id\":\"https:\/\/cabellonews.com\/#website\",\"url\":\"https:\/\/cabellonews.com\/\",\"name\":\"cabellonews.com\",\"description\":\"Con Cobertura En Tamaulipas Y norte de Veracruz\",\"potentialAction\":[{\"@type\":\"SearchAction\",\"target\":{\"@type\":\"EntryPoint\",\"urlTemplate\":\"https:\/\/cabellonews.com\/?s={search_term_string}\"},\"query-input\":\"required name=search_term_string\"}],\"inLanguage\":\"en-US\"},{\"@type\":\"Person\",\"@id\":\"https:\/\/cabellonews.com\/#\/schema\/person\/7afe73bafa6cc5a24fd4c67dfd4379d8\",\"name\":\"cabellonews.com\",\"image\":{\"@type\":\"ImageObject\",\"inLanguage\":\"en-US\",\"@id\":\"https:\/\/cabellonews.com\/#\/schema\/person\/image\/\",\"url\":\"https:\/\/secure.gravatar.com\/avatar\/8d6324fc2806389aad4cd38639618406?s=96&d=mm&r=g\",\"contentUrl\":\"https:\/\/secure.gravatar.com\/avatar\/8d6324fc2806389aad4cd38639618406?s=96&d=mm&r=g\",\"caption\":\"cabellonews.com\"},\"sameAs\":[\"http:\/\/cabellonews.com\"],\"url\":\"https:\/\/cabellonews.com\/?author=1\"}]}<\/script>\n<!-- \/ Yoast SEO plugin. -->","yoast_head_json":{"title":"Saldo blanco en playas y balnearios durante Semana Santa 2025 en Tamaulipas - cabellonews.com","robots":{"index":"index","follow":"follow","max-snippet":"max-snippet:-1","max-image-preview":"max-image-preview:large","max-video-preview":"max-video-preview:-1"},"canonical":"https:\/\/cabellonews.com\/?p=1651","og_locale":"en_US","og_type":"article","og_title":"Saldo blanco en playas y balnearios durante Semana Santa 2025 en Tamaulipas - cabellonews.com","og_description":"Abril 21 de 2025 Ciudad Victoria, Tamaulipas.- Derivado de la planeaci\u00f3n previa al inicio del periodo vacacional de Semana Santa 2025, entre todas las autoridades involucradas en la atenci\u00f3n y seguridad de la ciudadan\u00eda que visita los distintos atractivos tur\u00edsticos, y gracias a la participaci\u00f3n y conciencia de las y los visitantes, quienes acataron las medidas de prevenci\u00f3n, se report\u00f3 un saldo blanco en playas, balnearios y pueblos m\u00e1gicos durante esta primera semana de vacaciones. Luego de un recorrido por las principales playas del litoral tamaulipeco y centros tur\u00edsticos, el&hellip;","og_url":"https:\/\/cabellonews.com\/?p=1651","og_site_name":"cabellonews.com","article_published_time":"2025-04-21T18:46:59+00:00","article_modified_time":"2025-04-23T18:47:34+00:00","og_image":[{"width":1600,"height":900,"url":"http:\/\/cabellonews.com\/wp-content\/uploads\/2025\/04\/e8293a31-d0d9-4cf8-865d-cf1a93e00f45.jpeg","type":"image\/jpeg"}],"author":"cabellonews.com","twitter_card":"summary_large_image","twitter_misc":{"Written by":"cabellonews.com","Est. reading time":"2 minutes"},"schema":{"@context":"https:\/\/schema.org","@graph":[{"@type":"WebPage","@id":"https:\/\/cabellonews.com\/?p=1651","url":"https:\/\/cabellonews.com\/?p=1651","name":"Saldo blanco en playas y balnearios durante Semana Santa 2025 en Tamaulipas - cabellonews.com","isPartOf":{"@id":"https:\/\/cabellonews.com\/#website"},"datePublished":"2025-04-21T18:46:59+00:00","dateModified":"2025-04-23T18:47:34+00:00","author":{"@id":"https:\/\/cabellonews.com\/#\/schema\/person\/7afe73bafa6cc5a24fd4c67dfd4379d8"},"breadcrumb":{"@id":"https:\/\/cabellonews.com\/?p=1651#breadcrumb"},"inLanguage":"en-US","potentialAction":[{"@type":"ReadAction","target":["https:\/\/cabellonews.com\/?p=1651"]}]},{"@type":"BreadcrumbList","@id":"https:\/\/cabellonews.com\/?p=1651#breadcrumb","itemListElement":[{"@type":"ListItem","position":1,"name":"Inicio","item":"https:\/\/cabellonews.com\/"},{"@type":"ListItem","position":2,"name":"Saldo blanco en playas y balnearios durante Semana Santa 2025 en Tamaulipas"}]},{"@type":"WebSite","@id":"https:\/\/cabellonews.com\/#website","url":"https:\/\/cabellonews.com\/","name":"cabellonews.com","description":"Con Cobertura En Tamaulipas Y norte de Veracruz","potentialAction":[{"@type":"SearchAction","target":{"@type":"EntryPoint","urlTemplate":"https:\/\/cabellonews.com\/?s={search_term_string}"},"query-input":"required name=search_term_string"}],"inLanguage":"en-US"},{"@type":"Person","@id":"https:\/\/cabellonews.com\/#\/schema\/person\/7afe73bafa6cc5a24fd4c67dfd4379d8","name":"cabellonews.com","image":{"@type":"ImageObject","inLanguage":"en-US","@id":"https:\/\/cabellonews.com\/#\/schema\/person\/image\/","url":"https:\/\/secure.gravatar.com\/avatar\/8d6324fc2806389aad4cd38639618406?s=96&d=mm&r=g","contentUrl":"https:\/\/secure.gravatar.com\/avatar\/8d6324fc2806389aad4cd38639618406?s=96&d=mm&r=g","caption":"cabellonews.com"},"sameAs":["http:\/\/cabellonews.com"],"url":"https:\/\/cabellonews.com\/?author=1"}]}},"_links":{"self":[{"href":"https:\/\/cabellonews.com\/index.php?rest_route=\/wp\/v2\/posts\/1651"}],"collection":[{"href":"https:\/\/cabellonews.com\/index.php?rest_route=\/wp\/v2\/posts"}],"about":[{"href":"https:\/\/cabellonews.com\/index.php?rest_route=\/wp\/v2\/types\/post"}],"author":[{"embeddable":true,"href":"https:\/\/cabellonews.com\/index.php?rest_route=\/wp\/v2\/users\/1"}],"replies":[{"embeddable":true,"href":"https:\/\/cabellonews.com\/index.php?rest_route=%2Fwp%2Fv2%2Fcomments&post=1651"}],"version-history":[{"count":1,"href":"https:\/\/cabellonews.com\/index.php?rest_route=\/wp\/v2\/posts\/1651\/revisions"}],"predecessor-version":[{"id":1653,"href":"https:\/\/cabellonews.com\/index.php?rest_route=\/wp\/v2\/posts\/1651\/revisions\/1653"}],"wp:featuredmedia":[{"embeddable":true,"href":"https:\/\/cabellonews.com\/index.php?rest_route=\/wp\/v2\/media\/1652"}],"wp:attachment":[{"href":"https:\/\/cabellonews.com\/index.php?rest_route=%2Fwp%2Fv2%2Fmedia&parent=1651"}],"wp:term":[{"taxonomy":"category","embeddable":true,"href":"https:\/\/cabellonews.com\/index.php?rest_route=%2Fwp%2Fv2%2Fcategories&post=1651"},{"taxonomy":"post_tag","embeddable":true,"href":"https:\/\/cabellonews.com\/index.php?rest_route=%2Fwp%2Fv2%2Ftags&post=1651"}],"curies":[{"name":"wp","href":"https:\/\/api.w.org\/{rel}","templated":true}]}}