{"id":163,"date":"2023-06-20T16:19:19","date_gmt":"2023-06-20T16:19:19","guid":{"rendered":"https:\/\/cabellonews.com\/?p=163"},"modified":"2023-06-20T16:19:19","modified_gmt":"2023-06-20T16:19:19","slug":"entregan-las-llaves-de-laredo-texas-al-gobernador-americo-villarreal","status":"publish","type":"post","link":"https:\/\/cabellonews.com\/?p=163","title":{"rendered":"Entregan las llaves de Laredo, Texas al gobernador Am\u00e9rico Villarreal"},"content":{"rendered":"\n<p>-Reconocen el humanismo de su gobierno<\/p>\n\n\n\n<p>Junio 20 de 2023<\/p>\n\n\n\n<p>Laredo, Texas. &#8211; En reconocimiento a su gobierno humanista y por las acciones emprendidas que permiten el desarrollo y bienestar de las y los tamaulipecos, el gobernador del estado Am\u00e9rico Villarreal Anaya, recibi\u00f3 de manos del Mayor, V\u00edctor D. Trevi\u00f1o, las llaves de la ciudad de Laredo, Texas.<\/p>\n\n\n\n<p>Durante una ceremonia celebrada, la noche del lunes, en la residencia del empresario Eduardo Garza Robles, CEO de Uni Trade, el gobernador Am\u00e9rico Villarreal destac\u00f3 la fortaleza de la relaci\u00f3n entre Laredo, Texas y Nuevo Laredo, Tamaulipas y confi\u00f3 en que las nuevas inversiones y los proyectos estrat\u00e9gicos que ya est\u00e1n en marcha en esta regi\u00f3n servir\u00e1n para potenciar el desarrollo econ\u00f3mico y refrendar el liderazgo en comercio internacional y log\u00edstica aduanera de ambas ciudades.<\/p>\n\n\n\n<p>Acompa\u00f1ado por funcionarios del gabinete estatal, Villarreal Anaya agradeci\u00f3 la distinci\u00f3n que le otorg\u00f3 la ciudad de Laredo, Texas y adem\u00e1s aprovech\u00f3 el encuentro para exponer ante miembros del Cabildo y empresarios, proyectos como la instalaci\u00f3n de la Direcci\u00f3n General de Aduanas, en Nuevo Laredo, Tamaulipas, y el desarrollo del Puerto del Norte, en Matamoros, que permitir\u00e1n fortalecer el crecimiento econ\u00f3mico de la frontera norte del Estado.<\/p>\n\n\n\n<p>La presidenta municipal de Nuevo Laredo, Carmen Lilia Cant\u00farosas, acompa\u00f1\u00f3 al gobernador del estado, as\u00ed como el secretario general de Gobierno, H\u00e9ctor Joel Villegas; el jefe de la Oficina del Gobernador, Ricardo Guerrero Morales; la secretaria de Desarrollo Econ\u00f3mico, Ninfa Cant\u00fa De\u00e1ndar y el secretario de Desarrollo Energ\u00e9tico, Jos\u00e9 Ram\u00f3n Silva Arizabalo.<\/p>\n\n\n\n<figure class=\"wp-block-video\"><video controls src=\"https:\/\/cabellonews.com\/wp-content\/uploads\/2023\/06\/trim.70A0551E-C4ED-4FC5-B8AC-F41CCA41D1C1.mov\"><\/video><\/figure>\n\n\n\n<pre class=\"wp-block-code\"><code>    *    *   *<\/code><\/pre>\n","protected":false},"excerpt":{"rendered":"<p>-Reconocen el humanismo de su gobierno Junio 20 de 2023 Laredo, Texas. &#8211; En reconocimiento a su gobierno humanista y por las acciones emprendidas que permiten el desarrollo y bienestar de las y los tamaulipecos, el gobernador del estado Am\u00e9rico Villarreal Anaya, recibi\u00f3 de manos del Mayor, V\u00edctor D. Trevi\u00f1o, las llaves de la ciudad de Laredo, Texas. Durante una ceremonia celebrada, la noche del lunes, en la residencia del empresario Eduardo Garza Robles, CEO de Uni Trade, el gobernador Am\u00e9rico Villarreal destac\u00f3 la fortaleza de la relaci\u00f3n entre Laredo,&hellip;<\/p>\n","protected":false},"author":1,"featured_media":0,"comment_status":"open","ping_status":"open","sticky":false,"template":"","format":"standard","meta":[],"categories":[1],"tags":[],"gutentor_comment":0,"yoast_head":"<!-- This site is optimized with the Yoast SEO plugin v20.10 - https:\/\/yoast.com\/wordpress\/plugins\/seo\/ -->\n<title>Entregan las llaves de Laredo, Texas al gobernador Am\u00e9rico Villarreal - cabellonews.com<\/title>\n<meta name=\"robots\" content=\"index, follow, max-snippet:-1, max-image-preview:large, max-video-preview:-1\" \/>\n<link rel=\"canonical\" href=\"https:\/\/cabellonews.com\/?p=163\" \/>\n<meta property=\"og:locale\" content=\"en_US\" \/>\n<meta property=\"og:type\" content=\"article\" \/>\n<meta property=\"og:title\" content=\"Entregan las llaves de Laredo, Texas al gobernador Am\u00e9rico Villarreal - cabellonews.com\" \/>\n<meta property=\"og:description\" content=\"-Reconocen el humanismo de su gobierno Junio 20 de 2023 Laredo, Texas. &#8211; En reconocimiento a su gobierno humanista y por las acciones emprendidas que permiten el desarrollo y bienestar de las y los tamaulipecos, el gobernador del estado Am\u00e9rico Villarreal Anaya, recibi\u00f3 de manos del Mayor, V\u00edctor D. Trevi\u00f1o, las llaves de la ciudad de Laredo, Texas. Durante una ceremonia celebrada, la noche del lunes, en la residencia del empresario Eduardo Garza Robles, CEO de Uni Trade, el gobernador Am\u00e9rico Villarreal destac\u00f3 la fortaleza de la relaci\u00f3n entre Laredo,&hellip;\" \/>\n<meta property=\"og:url\" content=\"https:\/\/cabellonews.com\/?p=163\" \/>\n<meta property=\"og:site_name\" content=\"cabellonews.com\" \/>\n<meta property=\"article:published_time\" content=\"2023-06-20T16:19:19+00:00\" \/>\n<meta name=\"author\" content=\"cabellonews.com\" \/>\n<meta name=\"twitter:card\" content=\"summary_large_image\" \/>\n<meta name=\"twitter:label1\" content=\"Written by\" \/>\n\t<meta name=\"twitter:data1\" content=\"cabellonews.com\" \/>\n\t<meta name=\"twitter:label2\" content=\"Est. reading time\" \/>\n\t<meta name=\"twitter:data2\" content=\"2 minutes\" \/>\n<script type=\"application\/ld+json\" class=\"yoast-schema-graph\">{\"@context\":\"https:\/\/schema.org\",\"@graph\":[{\"@type\":\"WebPage\",\"@id\":\"https:\/\/cabellonews.com\/?p=163\",\"url\":\"https:\/\/cabellonews.com\/?p=163\",\"name\":\"Entregan las llaves de Laredo, Texas al gobernador Am\u00e9rico Villarreal - cabellonews.com\",\"isPartOf\":{\"@id\":\"https:\/\/cabellonews.com\/#website\"},\"datePublished\":\"2023-06-20T16:19:19+00:00\",\"dateModified\":\"2023-06-20T16:19:19+00:00\",\"author\":{\"@id\":\"https:\/\/cabellonews.com\/#\/schema\/person\/7afe73bafa6cc5a24fd4c67dfd4379d8\"},\"breadcrumb\":{\"@id\":\"https:\/\/cabellonews.com\/?p=163#breadcrumb\"},\"inLanguage\":\"en-US\",\"potentialAction\":[{\"@type\":\"ReadAction\",\"target\":[\"https:\/\/cabellonews.com\/?p=163\"]}]},{\"@type\":\"BreadcrumbList\",\"@id\":\"https:\/\/cabellonews.com\/?p=163#breadcrumb\",\"itemListElement\":[{\"@type\":\"ListItem\",\"position\":1,\"name\":\"Inicio\",\"item\":\"https:\/\/cabellonews.com\/\"},{\"@type\":\"ListItem\",\"position\":2,\"name\":\"Entregan las llaves de Laredo, Texas al gobernador Am\u00e9rico Villarreal\"}]},{\"@type\":\"WebSite\",\"@id\":\"https:\/\/cabellonews.com\/#website\",\"url\":\"https:\/\/cabellonews.com\/\",\"name\":\"cabellonews.com\",\"description\":\"Con Cobertura En Tamaulipas Y norte de Veracruz\",\"potentialAction\":[{\"@type\":\"SearchAction\",\"target\":{\"@type\":\"EntryPoint\",\"urlTemplate\":\"https:\/\/cabellonews.com\/?s={search_term_string}\"},\"query-input\":\"required name=search_term_string\"}],\"inLanguage\":\"en-US\"},{\"@type\":\"Person\",\"@id\":\"https:\/\/cabellonews.com\/#\/schema\/person\/7afe73bafa6cc5a24fd4c67dfd4379d8\",\"name\":\"cabellonews.com\",\"image\":{\"@type\":\"ImageObject\",\"inLanguage\":\"en-US\",\"@id\":\"https:\/\/cabellonews.com\/#\/schema\/person\/image\/\",\"url\":\"https:\/\/secure.gravatar.com\/avatar\/8d6324fc2806389aad4cd38639618406?s=96&d=mm&r=g\",\"contentUrl\":\"https:\/\/secure.gravatar.com\/avatar\/8d6324fc2806389aad4cd38639618406?s=96&d=mm&r=g\",\"caption\":\"cabellonews.com\"},\"sameAs\":[\"http:\/\/cabellonews.com\"],\"url\":\"https:\/\/cabellonews.com\/?author=1\"}]}<\/script>\n<!-- \/ Yoast SEO plugin. -->","yoast_head_json":{"title":"Entregan las llaves de Laredo, Texas al gobernador Am\u00e9rico Villarreal - cabellonews.com","robots":{"index":"index","follow":"follow","max-snippet":"max-snippet:-1","max-image-preview":"max-image-preview:large","max-video-preview":"max-video-preview:-1"},"canonical":"https:\/\/cabellonews.com\/?p=163","og_locale":"en_US","og_type":"article","og_title":"Entregan las llaves de Laredo, Texas al gobernador Am\u00e9rico Villarreal - cabellonews.com","og_description":"-Reconocen el humanismo de su gobierno Junio 20 de 2023 Laredo, Texas. &#8211; En reconocimiento a su gobierno humanista y por las acciones emprendidas que permiten el desarrollo y bienestar de las y los tamaulipecos, el gobernador del estado Am\u00e9rico Villarreal Anaya, recibi\u00f3 de manos del Mayor, V\u00edctor D. Trevi\u00f1o, las llaves de la ciudad de Laredo, Texas. Durante una ceremonia celebrada, la noche del lunes, en la residencia del empresario Eduardo Garza Robles, CEO de Uni Trade, el gobernador Am\u00e9rico Villarreal destac\u00f3 la fortaleza de la relaci\u00f3n entre Laredo,&hellip;","og_url":"https:\/\/cabellonews.com\/?p=163","og_site_name":"cabellonews.com","article_published_time":"2023-06-20T16:19:19+00:00","author":"cabellonews.com","twitter_card":"summary_large_image","twitter_misc":{"Written by":"cabellonews.com","Est. reading time":"2 minutes"},"schema":{"@context":"https:\/\/schema.org","@graph":[{"@type":"WebPage","@id":"https:\/\/cabellonews.com\/?p=163","url":"https:\/\/cabellonews.com\/?p=163","name":"Entregan las llaves de Laredo, Texas al gobernador Am\u00e9rico Villarreal - cabellonews.com","isPartOf":{"@id":"https:\/\/cabellonews.com\/#website"},"datePublished":"2023-06-20T16:19:19+00:00","dateModified":"2023-06-20T16:19:19+00:00","author":{"@id":"https:\/\/cabellonews.com\/#\/schema\/person\/7afe73bafa6cc5a24fd4c67dfd4379d8"},"breadcrumb":{"@id":"https:\/\/cabellonews.com\/?p=163#breadcrumb"},"inLanguage":"en-US","potentialAction":[{"@type":"ReadAction","target":["https:\/\/cabellonews.com\/?p=163"]}]},{"@type":"BreadcrumbList","@id":"https:\/\/cabellonews.com\/?p=163#breadcrumb","itemListElement":[{"@type":"ListItem","position":1,"name":"Inicio","item":"https:\/\/cabellonews.com\/"},{"@type":"ListItem","position":2,"name":"Entregan las llaves de Laredo, Texas al gobernador Am\u00e9rico Villarreal"}]},{"@type":"WebSite","@id":"https:\/\/cabellonews.com\/#website","url":"https:\/\/cabellonews.com\/","name":"cabellonews.com","description":"Con Cobertura En Tamaulipas Y norte de Veracruz","potentialAction":[{"@type":"SearchAction","target":{"@type":"EntryPoint","urlTemplate":"https:\/\/cabellonews.com\/?s={search_term_string}"},"query-input":"required name=search_term_string"}],"inLanguage":"en-US"},{"@type":"Person","@id":"https:\/\/cabellonews.com\/#\/schema\/person\/7afe73bafa6cc5a24fd4c67dfd4379d8","name":"cabellonews.com","image":{"@type":"ImageObject","inLanguage":"en-US","@id":"https:\/\/cabellonews.com\/#\/schema\/person\/image\/","url":"https:\/\/secure.gravatar.com\/avatar\/8d6324fc2806389aad4cd38639618406?s=96&d=mm&r=g","contentUrl":"https:\/\/secure.gravatar.com\/avatar\/8d6324fc2806389aad4cd38639618406?s=96&d=mm&r=g","caption":"cabellonews.com"},"sameAs":["http:\/\/cabellonews.com"],"url":"https:\/\/cabellonews.com\/?author=1"}]}},"_links":{"self":[{"href":"https:\/\/cabellonews.com\/index.php?rest_route=\/wp\/v2\/posts\/163"}],"collection":[{"href":"https:\/\/cabellonews.com\/index.php?rest_route=\/wp\/v2\/posts"}],"about":[{"href":"https:\/\/cabellonews.com\/index.php?rest_route=\/wp\/v2\/types\/post"}],"author":[{"embeddable":true,"href":"https:\/\/cabellonews.com\/index.php?rest_route=\/wp\/v2\/users\/1"}],"replies":[{"embeddable":true,"href":"https:\/\/cabellonews.com\/index.php?rest_route=%2Fwp%2Fv2%2Fcomments&post=163"}],"version-history":[{"count":1,"href":"https:\/\/cabellonews.com\/index.php?rest_route=\/wp\/v2\/posts\/163\/revisions"}],"predecessor-version":[{"id":165,"href":"https:\/\/cabellonews.com\/index.php?rest_route=\/wp\/v2\/posts\/163\/revisions\/165"}],"wp:attachment":[{"href":"https:\/\/cabellonews.com\/index.php?rest_route=%2Fwp%2Fv2%2Fmedia&parent=163"}],"wp:term":[{"taxonomy":"category","embeddable":true,"href":"https:\/\/cabellonews.com\/index.php?rest_route=%2Fwp%2Fv2%2Fcategories&post=163"},{"taxonomy":"post_tag","embeddable":true,"href":"https:\/\/cabellonews.com\/index.php?rest_route=%2Fwp%2Fv2%2Ftags&post=163"}],"curies":[{"name":"wp","href":"https:\/\/api.w.org\/{rel}","templated":true}]}}