{"id":1532,"date":"2025-03-08T19:12:29","date_gmt":"2025-03-08T19:12:29","guid":{"rendered":"https:\/\/cabellonews.com\/?p=1532"},"modified":"2025-03-23T19:13:32","modified_gmt":"2025-03-23T19:13:32","slug":"llama-contraloria-gubernamental-a-borrar-estigmas-que-violentan-a-la-mujer","status":"publish","type":"post","link":"https:\/\/cabellonews.com\/?p=1532","title":{"rendered":"Llama Contralor\u00eda Gubernamental a borrar estigmas que violentan a la mujer"},"content":{"rendered":"\n<p>Marzo 08 de 2025<\/p>\n\n\n<figure class=\"wp-block-post-featured-image\"><img width=\"240\" height=\"172\" src=\"https:\/\/cabellonews.com\/wp-content\/uploads\/2025\/03\/1feba2bf-0682-4ef5-84bf-a127aac1092d-240x172.jpeg\" class=\"attachment-post-thumbnail size-post-thumbnail wp-post-image\" alt=\"\" decoding=\"async\" loading=\"lazy\" \/><\/figure>\n\n\n<p>Ciudad Victoria, Tamaulipas.- La Contralor\u00eda Gubernamental del Estado de Tamaulipas, a cargo de Norma Ang\u00e9lica Pedraza Melo, trabaja desde el Comit\u00e9 de \u00c9tica por consolidar la no discriminaci\u00f3n y los espacios libres de violencia, garantizando que las personas servidoras p\u00fablicas de esta dependencia accedan a las mismas oportunidades, condiciones y responsabilidades en el \u00e1mbito profesional y personal.<\/p>\n\n\n\n<p>\u201cEl trabajo de todas y todos los servidores p\u00fablicos, debe estar encaminado a fortalecer el apoyo institucional a las mujeres, a la protecci\u00f3n y cuidado de las v\u00edctimas, a borrar estigmas y prejuicios que violentan a la mujer, y mantener informada a nuestra sociedad a fin de detectar y erradicar comportamientos violentos que contin\u00faan haciendo m\u00e1s grande la brecha entre g\u00e9neros\u201d, dijo la contralora gubernamental al 51.17 por ciento del personal a su cargo, integrado por mujeres.<\/p>\n\n\n\n<p>Invit\u00f3 a todas y todos a sumarse en un frente com\u00fan contra la violencia de g\u00e9nero, y a<br>hacer uso de la denuncia ante cualquier conducta que vulnere los derechos de la mujer.<\/p>\n\n\n\n<p>Desde la denuncia ciudadana y aquellas que se realicen ante el Comit\u00e9 de \u00c9tica, al interior de las dependencias, dijo, servir\u00e1n para focalizar temas que requieran integrarse a la agenda p\u00fablica en todos los gobiernos y desde la Contralor\u00eda Gubernamental, &#8220;hacemos el exhorto a toda la sociedad, en especial, a los servidores p\u00fablicos, a ser portavoces de esta lucha y ser agentes de cambio ante la violencia de g\u00e9nero&#8221;.<\/p>\n\n\n\n<p>La denuncia ciudadana se recibe en :<br>https:\/\/docs.google.com\/forms\/d\/e\/1FAIpQLSeaqva72udhxqAGsuAEBd_jVMnNIGoeVb6otQnD5PsvyS8wkA\/viewform<\/p>\n\n\n\n<pre class=\"wp-block-code\"><code>        *     *     *<\/code><\/pre>\n","protected":false},"excerpt":{"rendered":"<p>Marzo 08 de 2025 Ciudad Victoria, Tamaulipas.- La Contralor\u00eda Gubernamental del Estado de Tamaulipas, a cargo de Norma Ang\u00e9lica Pedraza Melo, trabaja desde el Comit\u00e9 de \u00c9tica por consolidar la no discriminaci\u00f3n y los espacios libres de violencia, garantizando que las personas servidoras p\u00fablicas de esta dependencia accedan a las mismas oportunidades, condiciones y responsabilidades en el \u00e1mbito profesional y personal. \u201cEl trabajo de todas y todos los servidores p\u00fablicos, debe estar encaminado a fortalecer el apoyo institucional a las mujeres, a la protecci\u00f3n y cuidado de las v\u00edctimas, a&hellip;<\/p>\n","protected":false},"author":1,"featured_media":1533,"comment_status":"open","ping_status":"open","sticky":false,"template":"","format":"standard","meta":[],"categories":[1],"tags":[],"gutentor_comment":0,"yoast_head":"<!-- This site is optimized with the Yoast SEO plugin v20.10 - https:\/\/yoast.com\/wordpress\/plugins\/seo\/ -->\n<title>Llama Contralor\u00eda Gubernamental a borrar estigmas que violentan a la mujer - cabellonews.com<\/title>\n<meta name=\"robots\" content=\"index, follow, max-snippet:-1, max-image-preview:large, max-video-preview:-1\" \/>\n<link rel=\"canonical\" href=\"https:\/\/cabellonews.com\/?p=1532\" \/>\n<meta property=\"og:locale\" content=\"en_US\" \/>\n<meta property=\"og:type\" content=\"article\" \/>\n<meta property=\"og:title\" content=\"Llama Contralor\u00eda Gubernamental a borrar estigmas que violentan a la mujer - cabellonews.com\" \/>\n<meta property=\"og:description\" content=\"Marzo 08 de 2025 Ciudad Victoria, Tamaulipas.- La Contralor\u00eda Gubernamental del Estado de Tamaulipas, a cargo de Norma Ang\u00e9lica Pedraza Melo, trabaja desde el Comit\u00e9 de \u00c9tica por consolidar la no discriminaci\u00f3n y los espacios libres de violencia, garantizando que las personas servidoras p\u00fablicas de esta dependencia accedan a las mismas oportunidades, condiciones y responsabilidades en el \u00e1mbito profesional y personal. \u201cEl trabajo de todas y todos los servidores p\u00fablicos, debe estar encaminado a fortalecer el apoyo institucional a las mujeres, a la protecci\u00f3n y cuidado de las v\u00edctimas, a&hellip;\" \/>\n<meta property=\"og:url\" content=\"https:\/\/cabellonews.com\/?p=1532\" \/>\n<meta property=\"og:site_name\" content=\"cabellonews.com\" \/>\n<meta property=\"article:published_time\" content=\"2025-03-08T19:12:29+00:00\" \/>\n<meta property=\"article:modified_time\" content=\"2025-03-23T19:13:32+00:00\" \/>\n<meta property=\"og:image\" content=\"http:\/\/cabellonews.com\/wp-content\/uploads\/2025\/03\/1feba2bf-0682-4ef5-84bf-a127aac1092d.jpeg\" \/>\n\t<meta property=\"og:image:width\" content=\"1031\" \/>\n\t<meta property=\"og:image:height\" content=\"1600\" \/>\n\t<meta property=\"og:image:type\" content=\"image\/jpeg\" \/>\n<meta name=\"author\" content=\"cabellonews.com\" \/>\n<meta name=\"twitter:card\" content=\"summary_large_image\" \/>\n<meta name=\"twitter:label1\" content=\"Written by\" \/>\n\t<meta name=\"twitter:data1\" content=\"cabellonews.com\" \/>\n\t<meta name=\"twitter:label2\" content=\"Est. reading time\" \/>\n\t<meta name=\"twitter:data2\" content=\"2 minutes\" \/>\n<script type=\"application\/ld+json\" class=\"yoast-schema-graph\">{\"@context\":\"https:\/\/schema.org\",\"@graph\":[{\"@type\":\"WebPage\",\"@id\":\"https:\/\/cabellonews.com\/?p=1532\",\"url\":\"https:\/\/cabellonews.com\/?p=1532\",\"name\":\"Llama Contralor\u00eda Gubernamental a borrar estigmas que violentan a la mujer - cabellonews.com\",\"isPartOf\":{\"@id\":\"https:\/\/cabellonews.com\/#website\"},\"datePublished\":\"2025-03-08T19:12:29+00:00\",\"dateModified\":\"2025-03-23T19:13:32+00:00\",\"author\":{\"@id\":\"https:\/\/cabellonews.com\/#\/schema\/person\/7afe73bafa6cc5a24fd4c67dfd4379d8\"},\"breadcrumb\":{\"@id\":\"https:\/\/cabellonews.com\/?p=1532#breadcrumb\"},\"inLanguage\":\"en-US\",\"potentialAction\":[{\"@type\":\"ReadAction\",\"target\":[\"https:\/\/cabellonews.com\/?p=1532\"]}]},{\"@type\":\"BreadcrumbList\",\"@id\":\"https:\/\/cabellonews.com\/?p=1532#breadcrumb\",\"itemListElement\":[{\"@type\":\"ListItem\",\"position\":1,\"name\":\"Inicio\",\"item\":\"https:\/\/cabellonews.com\/\"},{\"@type\":\"ListItem\",\"position\":2,\"name\":\"Llama Contralor\u00eda Gubernamental a borrar estigmas que violentan a la mujer\"}]},{\"@type\":\"WebSite\",\"@id\":\"https:\/\/cabellonews.com\/#website\",\"url\":\"https:\/\/cabellonews.com\/\",\"name\":\"cabellonews.com\",\"description\":\"Con Cobertura En Tamaulipas Y norte de Veracruz\",\"potentialAction\":[{\"@type\":\"SearchAction\",\"target\":{\"@type\":\"EntryPoint\",\"urlTemplate\":\"https:\/\/cabellonews.com\/?s={search_term_string}\"},\"query-input\":\"required name=search_term_string\"}],\"inLanguage\":\"en-US\"},{\"@type\":\"Person\",\"@id\":\"https:\/\/cabellonews.com\/#\/schema\/person\/7afe73bafa6cc5a24fd4c67dfd4379d8\",\"name\":\"cabellonews.com\",\"image\":{\"@type\":\"ImageObject\",\"inLanguage\":\"en-US\",\"@id\":\"https:\/\/cabellonews.com\/#\/schema\/person\/image\/\",\"url\":\"https:\/\/secure.gravatar.com\/avatar\/8d6324fc2806389aad4cd38639618406?s=96&d=mm&r=g\",\"contentUrl\":\"https:\/\/secure.gravatar.com\/avatar\/8d6324fc2806389aad4cd38639618406?s=96&d=mm&r=g\",\"caption\":\"cabellonews.com\"},\"sameAs\":[\"http:\/\/cabellonews.com\"],\"url\":\"https:\/\/cabellonews.com\/?author=1\"}]}<\/script>\n<!-- \/ Yoast SEO plugin. -->","yoast_head_json":{"title":"Llama Contralor\u00eda Gubernamental a borrar estigmas que violentan a la mujer - cabellonews.com","robots":{"index":"index","follow":"follow","max-snippet":"max-snippet:-1","max-image-preview":"max-image-preview:large","max-video-preview":"max-video-preview:-1"},"canonical":"https:\/\/cabellonews.com\/?p=1532","og_locale":"en_US","og_type":"article","og_title":"Llama Contralor\u00eda Gubernamental a borrar estigmas que violentan a la mujer - cabellonews.com","og_description":"Marzo 08 de 2025 Ciudad Victoria, Tamaulipas.- La Contralor\u00eda Gubernamental del Estado de Tamaulipas, a cargo de Norma Ang\u00e9lica Pedraza Melo, trabaja desde el Comit\u00e9 de \u00c9tica por consolidar la no discriminaci\u00f3n y los espacios libres de violencia, garantizando que las personas servidoras p\u00fablicas de esta dependencia accedan a las mismas oportunidades, condiciones y responsabilidades en el \u00e1mbito profesional y personal. \u201cEl trabajo de todas y todos los servidores p\u00fablicos, debe estar encaminado a fortalecer el apoyo institucional a las mujeres, a la protecci\u00f3n y cuidado de las v\u00edctimas, a&hellip;","og_url":"https:\/\/cabellonews.com\/?p=1532","og_site_name":"cabellonews.com","article_published_time":"2025-03-08T19:12:29+00:00","article_modified_time":"2025-03-23T19:13:32+00:00","og_image":[{"width":1031,"height":1600,"url":"http:\/\/cabellonews.com\/wp-content\/uploads\/2025\/03\/1feba2bf-0682-4ef5-84bf-a127aac1092d.jpeg","type":"image\/jpeg"}],"author":"cabellonews.com","twitter_card":"summary_large_image","twitter_misc":{"Written by":"cabellonews.com","Est. reading time":"2 minutes"},"schema":{"@context":"https:\/\/schema.org","@graph":[{"@type":"WebPage","@id":"https:\/\/cabellonews.com\/?p=1532","url":"https:\/\/cabellonews.com\/?p=1532","name":"Llama Contralor\u00eda Gubernamental a borrar estigmas que violentan a la mujer - cabellonews.com","isPartOf":{"@id":"https:\/\/cabellonews.com\/#website"},"datePublished":"2025-03-08T19:12:29+00:00","dateModified":"2025-03-23T19:13:32+00:00","author":{"@id":"https:\/\/cabellonews.com\/#\/schema\/person\/7afe73bafa6cc5a24fd4c67dfd4379d8"},"breadcrumb":{"@id":"https:\/\/cabellonews.com\/?p=1532#breadcrumb"},"inLanguage":"en-US","potentialAction":[{"@type":"ReadAction","target":["https:\/\/cabellonews.com\/?p=1532"]}]},{"@type":"BreadcrumbList","@id":"https:\/\/cabellonews.com\/?p=1532#breadcrumb","itemListElement":[{"@type":"ListItem","position":1,"name":"Inicio","item":"https:\/\/cabellonews.com\/"},{"@type":"ListItem","position":2,"name":"Llama Contralor\u00eda Gubernamental a borrar estigmas que violentan a la mujer"}]},{"@type":"WebSite","@id":"https:\/\/cabellonews.com\/#website","url":"https:\/\/cabellonews.com\/","name":"cabellonews.com","description":"Con Cobertura En Tamaulipas Y norte de Veracruz","potentialAction":[{"@type":"SearchAction","target":{"@type":"EntryPoint","urlTemplate":"https:\/\/cabellonews.com\/?s={search_term_string}"},"query-input":"required name=search_term_string"}],"inLanguage":"en-US"},{"@type":"Person","@id":"https:\/\/cabellonews.com\/#\/schema\/person\/7afe73bafa6cc5a24fd4c67dfd4379d8","name":"cabellonews.com","image":{"@type":"ImageObject","inLanguage":"en-US","@id":"https:\/\/cabellonews.com\/#\/schema\/person\/image\/","url":"https:\/\/secure.gravatar.com\/avatar\/8d6324fc2806389aad4cd38639618406?s=96&d=mm&r=g","contentUrl":"https:\/\/secure.gravatar.com\/avatar\/8d6324fc2806389aad4cd38639618406?s=96&d=mm&r=g","caption":"cabellonews.com"},"sameAs":["http:\/\/cabellonews.com"],"url":"https:\/\/cabellonews.com\/?author=1"}]}},"_links":{"self":[{"href":"https:\/\/cabellonews.com\/index.php?rest_route=\/wp\/v2\/posts\/1532"}],"collection":[{"href":"https:\/\/cabellonews.com\/index.php?rest_route=\/wp\/v2\/posts"}],"about":[{"href":"https:\/\/cabellonews.com\/index.php?rest_route=\/wp\/v2\/types\/post"}],"author":[{"embeddable":true,"href":"https:\/\/cabellonews.com\/index.php?rest_route=\/wp\/v2\/users\/1"}],"replies":[{"embeddable":true,"href":"https:\/\/cabellonews.com\/index.php?rest_route=%2Fwp%2Fv2%2Fcomments&post=1532"}],"version-history":[{"count":1,"href":"https:\/\/cabellonews.com\/index.php?rest_route=\/wp\/v2\/posts\/1532\/revisions"}],"predecessor-version":[{"id":1534,"href":"https:\/\/cabellonews.com\/index.php?rest_route=\/wp\/v2\/posts\/1532\/revisions\/1534"}],"wp:featuredmedia":[{"embeddable":true,"href":"https:\/\/cabellonews.com\/index.php?rest_route=\/wp\/v2\/media\/1533"}],"wp:attachment":[{"href":"https:\/\/cabellonews.com\/index.php?rest_route=%2Fwp%2Fv2%2Fmedia&parent=1532"}],"wp:term":[{"taxonomy":"category","embeddable":true,"href":"https:\/\/cabellonews.com\/index.php?rest_route=%2Fwp%2Fv2%2Fcategories&post=1532"},{"taxonomy":"post_tag","embeddable":true,"href":"https:\/\/cabellonews.com\/index.php?rest_route=%2Fwp%2Fv2%2Ftags&post=1532"}],"curies":[{"name":"wp","href":"https:\/\/api.w.org\/{rel}","templated":true}]}}