{"id":1510,"date":"2025-03-02T18:02:29","date_gmt":"2025-03-02T18:02:29","guid":{"rendered":"https:\/\/cabellonews.com\/?p=1510"},"modified":"2025-03-23T18:04:08","modified_gmt":"2025-03-23T18:04:08","slug":"fortalece-maria-de-villarreal-la-estrategia-lazos-del-bienestar-con-la-entrega-de-equipamiento","status":"publish","type":"post","link":"https:\/\/cabellonews.com\/?p=1510","title":{"rendered":"Fortalece Mar\u00eda de Villarreal la estrategia Lazos del Bienestar con la entrega de equipamiento"},"content":{"rendered":"\n<p>-Por medio del programa Pilares, fue equipado el Centro de Desarrollo Comunitario del pol\u00edgono de atenci\u00f3n de la colonia Ampliaci\u00f3n Echeverr\u00eda de Victoria<\/p>\n\n\n<figure class=\"wp-block-post-featured-image\"><img width=\"240\" height=\"172\" src=\"https:\/\/cabellonews.com\/wp-content\/uploads\/2025\/03\/afd2ee40-d1ef-4b75-ba42-d77c72ee2a90-240x172.jpeg\" class=\"attachment-post-thumbnail size-post-thumbnail wp-post-image\" alt=\"\" decoding=\"async\" loading=\"lazy\" \/><\/figure>\n\n\n<p>Marzo 02 de 2025<br>Ciudad Victoria, Tamaulipas.- La presidenta del Sistema DIF Tamaulipas, doctora Mar\u00eda de Villarreal, realiz\u00f3 la entrega de equipamiento para el Centro de Desarrollo Comunitario de la colonia Ampliaci\u00f3n Echeverr\u00eda, el cual es operado mediante la estrategia Lazos del Bienestar, con el objetivo de fortalecer las actividades y proyectos que tienden a mejorar las condiciones de bienestar en dicho pol\u00edgono de atenci\u00f3n.<br>Al anunciar la expansi\u00f3n de la estrategia Lazos del Bienestar a 10 municipios de Tamaulipas, entre los que se incluyen Victoria, la doctora Mar\u00eda de Villarreal afirm\u00f3 que el pol\u00edgono de la colonia Ampliaci\u00f3n Echeverr\u00eda es un ejemplo estatal de participaci\u00f3n ciudadana y transformaci\u00f3n comunitaria.<br>\u201cHan logrado transformar su colonia, su vida, sus ilusiones, llev\u00e1ndolas hacia donde ustedes desean llegar. Ustedes son el ejemplo para todo el estado y continuaremos trabajando con m\u00e1s centros de Lazos, pero ustedes son el modelo que debe extenderse a todo Tamaulipas\u201d, declar\u00f3 la presidenta del DIF Estatal.<br>El equipamiento fue adquirido a trav\u00e9s del programa Pilares, perteneciente a la Estrategia Integral de Asistencia Social Alimentaria y Desarrollo Comunitario (EIASADC) del Sistema Nacional DIF, el cual destin\u00f3 una inversi\u00f3n de un mill\u00f3n de pesos para la compra de mobiliario, equipo deportivo, instrumentos musicales, material m\u00e9dico para la red de enfermer\u00eda, materiales e insumos para los proyectos de arte y art\u00edculos para el mantenimiento de espacios p\u00fablicos.<\/p>\n\n\n\n<pre class=\"wp-block-code\"><code>    *       *      *<\/code><\/pre>\n","protected":false},"excerpt":{"rendered":"<p>-Por medio del programa Pilares, fue equipado el Centro de Desarrollo Comunitario del pol\u00edgono de atenci\u00f3n de la colonia Ampliaci\u00f3n Echeverr\u00eda de Victoria Marzo 02 de 2025Ciudad Victoria, Tamaulipas.- La presidenta del Sistema DIF Tamaulipas, doctora Mar\u00eda de Villarreal, realiz\u00f3 la entrega de equipamiento para el Centro de Desarrollo Comunitario de la colonia Ampliaci\u00f3n Echeverr\u00eda, el cual es operado mediante la estrategia Lazos del Bienestar, con el objetivo de fortalecer las actividades y proyectos que tienden a mejorar las condiciones de bienestar en dicho pol\u00edgono de atenci\u00f3n.Al anunciar la expansi\u00f3n&hellip;<\/p>\n","protected":false},"author":1,"featured_media":1511,"comment_status":"open","ping_status":"open","sticky":false,"template":"","format":"standard","meta":[],"categories":[1],"tags":[],"gutentor_comment":0,"yoast_head":"<!-- This site is optimized with the Yoast SEO plugin v20.10 - https:\/\/yoast.com\/wordpress\/plugins\/seo\/ -->\n<title>Fortalece Mar\u00eda de Villarreal la estrategia Lazos del Bienestar con la entrega de equipamiento - cabellonews.com<\/title>\n<meta name=\"robots\" content=\"index, follow, max-snippet:-1, max-image-preview:large, max-video-preview:-1\" \/>\n<link rel=\"canonical\" href=\"https:\/\/cabellonews.com\/?p=1510\" \/>\n<meta property=\"og:locale\" content=\"en_US\" \/>\n<meta property=\"og:type\" content=\"article\" \/>\n<meta property=\"og:title\" content=\"Fortalece Mar\u00eda de Villarreal la estrategia Lazos del Bienestar con la entrega de equipamiento - cabellonews.com\" \/>\n<meta property=\"og:description\" content=\"-Por medio del programa Pilares, fue equipado el Centro de Desarrollo Comunitario del pol\u00edgono de atenci\u00f3n de la colonia Ampliaci\u00f3n Echeverr\u00eda de Victoria Marzo 02 de 2025Ciudad Victoria, Tamaulipas.- La presidenta del Sistema DIF Tamaulipas, doctora Mar\u00eda de Villarreal, realiz\u00f3 la entrega de equipamiento para el Centro de Desarrollo Comunitario de la colonia Ampliaci\u00f3n Echeverr\u00eda, el cual es operado mediante la estrategia Lazos del Bienestar, con el objetivo de fortalecer las actividades y proyectos que tienden a mejorar las condiciones de bienestar en dicho pol\u00edgono de atenci\u00f3n.Al anunciar la expansi\u00f3n&hellip;\" \/>\n<meta property=\"og:url\" content=\"https:\/\/cabellonews.com\/?p=1510\" \/>\n<meta property=\"og:site_name\" content=\"cabellonews.com\" \/>\n<meta property=\"article:published_time\" content=\"2025-03-02T18:02:29+00:00\" \/>\n<meta property=\"article:modified_time\" content=\"2025-03-23T18:04:08+00:00\" \/>\n<meta property=\"og:image\" content=\"http:\/\/cabellonews.com\/wp-content\/uploads\/2025\/03\/afd2ee40-d1ef-4b75-ba42-d77c72ee2a90.jpeg\" \/>\n\t<meta property=\"og:image:width\" content=\"1600\" \/>\n\t<meta property=\"og:image:height\" content=\"1066\" \/>\n\t<meta property=\"og:image:type\" content=\"image\/jpeg\" \/>\n<meta name=\"author\" content=\"cabellonews.com\" \/>\n<meta name=\"twitter:card\" content=\"summary_large_image\" \/>\n<meta name=\"twitter:label1\" content=\"Written by\" \/>\n\t<meta name=\"twitter:data1\" content=\"cabellonews.com\" \/>\n\t<meta name=\"twitter:label2\" content=\"Est. reading time\" \/>\n\t<meta name=\"twitter:data2\" content=\"2 minutes\" \/>\n<script type=\"application\/ld+json\" class=\"yoast-schema-graph\">{\"@context\":\"https:\/\/schema.org\",\"@graph\":[{\"@type\":\"WebPage\",\"@id\":\"https:\/\/cabellonews.com\/?p=1510\",\"url\":\"https:\/\/cabellonews.com\/?p=1510\",\"name\":\"Fortalece Mar\u00eda de Villarreal la estrategia Lazos del Bienestar con la entrega de equipamiento - cabellonews.com\",\"isPartOf\":{\"@id\":\"https:\/\/cabellonews.com\/#website\"},\"datePublished\":\"2025-03-02T18:02:29+00:00\",\"dateModified\":\"2025-03-23T18:04:08+00:00\",\"author\":{\"@id\":\"https:\/\/cabellonews.com\/#\/schema\/person\/7afe73bafa6cc5a24fd4c67dfd4379d8\"},\"breadcrumb\":{\"@id\":\"https:\/\/cabellonews.com\/?p=1510#breadcrumb\"},\"inLanguage\":\"en-US\",\"potentialAction\":[{\"@type\":\"ReadAction\",\"target\":[\"https:\/\/cabellonews.com\/?p=1510\"]}]},{\"@type\":\"BreadcrumbList\",\"@id\":\"https:\/\/cabellonews.com\/?p=1510#breadcrumb\",\"itemListElement\":[{\"@type\":\"ListItem\",\"position\":1,\"name\":\"Inicio\",\"item\":\"https:\/\/cabellonews.com\/\"},{\"@type\":\"ListItem\",\"position\":2,\"name\":\"Fortalece Mar\u00eda de Villarreal la estrategia Lazos del Bienestar con la entrega de equipamiento\"}]},{\"@type\":\"WebSite\",\"@id\":\"https:\/\/cabellonews.com\/#website\",\"url\":\"https:\/\/cabellonews.com\/\",\"name\":\"cabellonews.com\",\"description\":\"Con Cobertura En Tamaulipas Y norte de Veracruz\",\"potentialAction\":[{\"@type\":\"SearchAction\",\"target\":{\"@type\":\"EntryPoint\",\"urlTemplate\":\"https:\/\/cabellonews.com\/?s={search_term_string}\"},\"query-input\":\"required name=search_term_string\"}],\"inLanguage\":\"en-US\"},{\"@type\":\"Person\",\"@id\":\"https:\/\/cabellonews.com\/#\/schema\/person\/7afe73bafa6cc5a24fd4c67dfd4379d8\",\"name\":\"cabellonews.com\",\"image\":{\"@type\":\"ImageObject\",\"inLanguage\":\"en-US\",\"@id\":\"https:\/\/cabellonews.com\/#\/schema\/person\/image\/\",\"url\":\"https:\/\/secure.gravatar.com\/avatar\/8d6324fc2806389aad4cd38639618406?s=96&d=mm&r=g\",\"contentUrl\":\"https:\/\/secure.gravatar.com\/avatar\/8d6324fc2806389aad4cd38639618406?s=96&d=mm&r=g\",\"caption\":\"cabellonews.com\"},\"sameAs\":[\"http:\/\/cabellonews.com\"],\"url\":\"https:\/\/cabellonews.com\/?author=1\"}]}<\/script>\n<!-- \/ Yoast SEO plugin. -->","yoast_head_json":{"title":"Fortalece Mar\u00eda de Villarreal la estrategia Lazos del Bienestar con la entrega de equipamiento - cabellonews.com","robots":{"index":"index","follow":"follow","max-snippet":"max-snippet:-1","max-image-preview":"max-image-preview:large","max-video-preview":"max-video-preview:-1"},"canonical":"https:\/\/cabellonews.com\/?p=1510","og_locale":"en_US","og_type":"article","og_title":"Fortalece Mar\u00eda de Villarreal la estrategia Lazos del Bienestar con la entrega de equipamiento - cabellonews.com","og_description":"-Por medio del programa Pilares, fue equipado el Centro de Desarrollo Comunitario del pol\u00edgono de atenci\u00f3n de la colonia Ampliaci\u00f3n Echeverr\u00eda de Victoria Marzo 02 de 2025Ciudad Victoria, Tamaulipas.- La presidenta del Sistema DIF Tamaulipas, doctora Mar\u00eda de Villarreal, realiz\u00f3 la entrega de equipamiento para el Centro de Desarrollo Comunitario de la colonia Ampliaci\u00f3n Echeverr\u00eda, el cual es operado mediante la estrategia Lazos del Bienestar, con el objetivo de fortalecer las actividades y proyectos que tienden a mejorar las condiciones de bienestar en dicho pol\u00edgono de atenci\u00f3n.Al anunciar la expansi\u00f3n&hellip;","og_url":"https:\/\/cabellonews.com\/?p=1510","og_site_name":"cabellonews.com","article_published_time":"2025-03-02T18:02:29+00:00","article_modified_time":"2025-03-23T18:04:08+00:00","og_image":[{"width":1600,"height":1066,"url":"http:\/\/cabellonews.com\/wp-content\/uploads\/2025\/03\/afd2ee40-d1ef-4b75-ba42-d77c72ee2a90.jpeg","type":"image\/jpeg"}],"author":"cabellonews.com","twitter_card":"summary_large_image","twitter_misc":{"Written by":"cabellonews.com","Est. reading time":"2 minutes"},"schema":{"@context":"https:\/\/schema.org","@graph":[{"@type":"WebPage","@id":"https:\/\/cabellonews.com\/?p=1510","url":"https:\/\/cabellonews.com\/?p=1510","name":"Fortalece Mar\u00eda de Villarreal la estrategia Lazos del Bienestar con la entrega de equipamiento - cabellonews.com","isPartOf":{"@id":"https:\/\/cabellonews.com\/#website"},"datePublished":"2025-03-02T18:02:29+00:00","dateModified":"2025-03-23T18:04:08+00:00","author":{"@id":"https:\/\/cabellonews.com\/#\/schema\/person\/7afe73bafa6cc5a24fd4c67dfd4379d8"},"breadcrumb":{"@id":"https:\/\/cabellonews.com\/?p=1510#breadcrumb"},"inLanguage":"en-US","potentialAction":[{"@type":"ReadAction","target":["https:\/\/cabellonews.com\/?p=1510"]}]},{"@type":"BreadcrumbList","@id":"https:\/\/cabellonews.com\/?p=1510#breadcrumb","itemListElement":[{"@type":"ListItem","position":1,"name":"Inicio","item":"https:\/\/cabellonews.com\/"},{"@type":"ListItem","position":2,"name":"Fortalece Mar\u00eda de Villarreal la estrategia Lazos del Bienestar con la entrega de equipamiento"}]},{"@type":"WebSite","@id":"https:\/\/cabellonews.com\/#website","url":"https:\/\/cabellonews.com\/","name":"cabellonews.com","description":"Con Cobertura En Tamaulipas Y norte de Veracruz","potentialAction":[{"@type":"SearchAction","target":{"@type":"EntryPoint","urlTemplate":"https:\/\/cabellonews.com\/?s={search_term_string}"},"query-input":"required name=search_term_string"}],"inLanguage":"en-US"},{"@type":"Person","@id":"https:\/\/cabellonews.com\/#\/schema\/person\/7afe73bafa6cc5a24fd4c67dfd4379d8","name":"cabellonews.com","image":{"@type":"ImageObject","inLanguage":"en-US","@id":"https:\/\/cabellonews.com\/#\/schema\/person\/image\/","url":"https:\/\/secure.gravatar.com\/avatar\/8d6324fc2806389aad4cd38639618406?s=96&d=mm&r=g","contentUrl":"https:\/\/secure.gravatar.com\/avatar\/8d6324fc2806389aad4cd38639618406?s=96&d=mm&r=g","caption":"cabellonews.com"},"sameAs":["http:\/\/cabellonews.com"],"url":"https:\/\/cabellonews.com\/?author=1"}]}},"_links":{"self":[{"href":"https:\/\/cabellonews.com\/index.php?rest_route=\/wp\/v2\/posts\/1510"}],"collection":[{"href":"https:\/\/cabellonews.com\/index.php?rest_route=\/wp\/v2\/posts"}],"about":[{"href":"https:\/\/cabellonews.com\/index.php?rest_route=\/wp\/v2\/types\/post"}],"author":[{"embeddable":true,"href":"https:\/\/cabellonews.com\/index.php?rest_route=\/wp\/v2\/users\/1"}],"replies":[{"embeddable":true,"href":"https:\/\/cabellonews.com\/index.php?rest_route=%2Fwp%2Fv2%2Fcomments&post=1510"}],"version-history":[{"count":1,"href":"https:\/\/cabellonews.com\/index.php?rest_route=\/wp\/v2\/posts\/1510\/revisions"}],"predecessor-version":[{"id":1512,"href":"https:\/\/cabellonews.com\/index.php?rest_route=\/wp\/v2\/posts\/1510\/revisions\/1512"}],"wp:featuredmedia":[{"embeddable":true,"href":"https:\/\/cabellonews.com\/index.php?rest_route=\/wp\/v2\/media\/1511"}],"wp:attachment":[{"href":"https:\/\/cabellonews.com\/index.php?rest_route=%2Fwp%2Fv2%2Fmedia&parent=1510"}],"wp:term":[{"taxonomy":"category","embeddable":true,"href":"https:\/\/cabellonews.com\/index.php?rest_route=%2Fwp%2Fv2%2Fcategories&post=1510"},{"taxonomy":"post_tag","embeddable":true,"href":"https:\/\/cabellonews.com\/index.php?rest_route=%2Fwp%2Fv2%2Ftags&post=1510"}],"curies":[{"name":"wp","href":"https:\/\/api.w.org\/{rel}","templated":true}]}}