{"id":1507,"date":"2025-03-01T17:59:47","date_gmt":"2025-03-01T17:59:47","guid":{"rendered":"https:\/\/cabellonews.com\/?p=1507"},"modified":"2025-03-23T18:01:44","modified_gmt":"2025-03-23T18:01:44","slug":"disfrutan-miles-el-carnaval-2025-en-tamaulipas-benjamin-hernandez","status":"publish","type":"post","link":"https:\/\/cabellonews.com\/?p=1507","title":{"rendered":"Disfrutan miles el Carnaval 2025 en Tamaulipas: Benjam\u00edn Hern\u00e1ndez"},"content":{"rendered":"\n<p>-Este s\u00e1bado la fiesta contin\u00faa en Ciudad Madero y el domingo cierra en Tampico<\/p>\n\n\n<figure class=\"wp-block-post-featured-image\"><img width=\"240\" height=\"172\" src=\"https:\/\/cabellonews.com\/wp-content\/uploads\/2025\/03\/97fa44ff-378c-4a32-abcd-a2446413c305-240x172.jpeg\" class=\"attachment-post-thumbnail size-post-thumbnail wp-post-image\" alt=\"\" decoding=\"async\" loading=\"lazy\" \/><\/figure>\n\n\n<p>Marzo 01 de 2025<\/p>\n\n\n\n<p>Altamira, Tamaulipas.- Miles de personas se congregaron en las calles de Altamira para presenciar el desfile de carros aleg\u00f3ricos, comparsas y grupos de animaci\u00f3n que dieron vida al Carnaval de Tamaulipas 2025.<\/p>\n\n\n\n<p>Alex Mont y La Merengossa fueron los encargados de amenizar y poner a bailar a todos los asistentes en el segundo d\u00eda de esta gran fiesta en la zona sur del estado.<\/p>\n\n\n\n<p>El secretario de Turismo de Tamaulipas, Benjam\u00edn Hern\u00e1ndez Rodr\u00edguez, inform\u00f3 que este s\u00e1bado 1 de marzo la celebraci\u00f3n del carnaval contin\u00faa en Ciudad Madero, mientras que el domingo cerrar\u00e1 con broche de oro en Tampico.<\/p>\n\n\n\n<p>\u201cLa gente est\u00e1 disfrutando las fiestas del carnaval en la zona sur del estado. Hay una gran participaci\u00f3n, se vive el colorido, la m\u00fasica y la alegr\u00eda\u201d, destac\u00f3.<\/p>\n\n\n\n<p>Asimismo, resalt\u00f3 la presencia de artistas invitadas como Mariana Ochoa, exintegrante del grupo OV7; la conductora Raquel Bigorra y la actriz Michelle Vieth, quienes con su talento y carisma han hecho de este evento una experiencia \u00fanica.<\/p>\n\n\n\n<p>\u201cLo mejor de todo es que, con estas acciones, el estado se proyecta a nivel nacional e internacional, lo que permite seguir generando mayor afluencia tur\u00edstica y una importante derrama econ\u00f3mica en beneficio del desarrollo estatal\u201d, expres\u00f3.<\/p>\n\n\n\n<p>Finalmente, indic\u00f3 que este s\u00e1bado la fiesta en Ciudad Madero contar\u00e1 con la presentaci\u00f3n del grupo La Casetera, mientras que el domingo en Tampico el gran cierre del Carnaval estar\u00e1 a cargo de La Firma.<\/p>\n\n\n\n<pre class=\"wp-block-code\"><code>    *       *      *<\/code><\/pre>\n","protected":false},"excerpt":{"rendered":"<p>-Este s\u00e1bado la fiesta contin\u00faa en Ciudad Madero y el domingo cierra en Tampico Marzo 01 de 2025 Altamira, Tamaulipas.- Miles de personas se congregaron en las calles de Altamira para presenciar el desfile de carros aleg\u00f3ricos, comparsas y grupos de animaci\u00f3n que dieron vida al Carnaval de Tamaulipas 2025. Alex Mont y La Merengossa fueron los encargados de amenizar y poner a bailar a todos los asistentes en el segundo d\u00eda de esta gran fiesta en la zona sur del estado. El secretario de Turismo de Tamaulipas, Benjam\u00edn Hern\u00e1ndez&hellip;<\/p>\n","protected":false},"author":1,"featured_media":1508,"comment_status":"open","ping_status":"open","sticky":false,"template":"","format":"standard","meta":[],"categories":[1],"tags":[],"gutentor_comment":0,"yoast_head":"<!-- This site is optimized with the Yoast SEO plugin v20.10 - https:\/\/yoast.com\/wordpress\/plugins\/seo\/ -->\n<title>Disfrutan miles el Carnaval 2025 en Tamaulipas: Benjam\u00edn Hern\u00e1ndez - cabellonews.com<\/title>\n<meta name=\"robots\" content=\"index, follow, max-snippet:-1, max-image-preview:large, max-video-preview:-1\" \/>\n<link rel=\"canonical\" href=\"https:\/\/cabellonews.com\/?p=1507\" \/>\n<meta property=\"og:locale\" content=\"en_US\" \/>\n<meta property=\"og:type\" content=\"article\" \/>\n<meta property=\"og:title\" content=\"Disfrutan miles el Carnaval 2025 en Tamaulipas: Benjam\u00edn Hern\u00e1ndez - cabellonews.com\" \/>\n<meta property=\"og:description\" content=\"-Este s\u00e1bado la fiesta contin\u00faa en Ciudad Madero y el domingo cierra en Tampico Marzo 01 de 2025 Altamira, Tamaulipas.- Miles de personas se congregaron en las calles de Altamira para presenciar el desfile de carros aleg\u00f3ricos, comparsas y grupos de animaci\u00f3n que dieron vida al Carnaval de Tamaulipas 2025. Alex Mont y La Merengossa fueron los encargados de amenizar y poner a bailar a todos los asistentes en el segundo d\u00eda de esta gran fiesta en la zona sur del estado. El secretario de Turismo de Tamaulipas, Benjam\u00edn Hern\u00e1ndez&hellip;\" \/>\n<meta property=\"og:url\" content=\"https:\/\/cabellonews.com\/?p=1507\" \/>\n<meta property=\"og:site_name\" content=\"cabellonews.com\" \/>\n<meta property=\"article:published_time\" content=\"2025-03-01T17:59:47+00:00\" \/>\n<meta property=\"article:modified_time\" content=\"2025-03-23T18:01:44+00:00\" \/>\n<meta property=\"og:image\" content=\"http:\/\/cabellonews.com\/wp-content\/uploads\/2025\/03\/97fa44ff-378c-4a32-abcd-a2446413c305.jpeg\" \/>\n\t<meta property=\"og:image:width\" content=\"1560\" \/>\n\t<meta property=\"og:image:height\" content=\"1040\" \/>\n\t<meta property=\"og:image:type\" content=\"image\/jpeg\" \/>\n<meta name=\"author\" content=\"cabellonews.com\" \/>\n<meta name=\"twitter:card\" content=\"summary_large_image\" \/>\n<meta name=\"twitter:label1\" content=\"Written by\" \/>\n\t<meta name=\"twitter:data1\" content=\"cabellonews.com\" \/>\n\t<meta name=\"twitter:label2\" content=\"Est. reading time\" \/>\n\t<meta name=\"twitter:data2\" content=\"2 minutes\" \/>\n<script type=\"application\/ld+json\" class=\"yoast-schema-graph\">{\"@context\":\"https:\/\/schema.org\",\"@graph\":[{\"@type\":\"WebPage\",\"@id\":\"https:\/\/cabellonews.com\/?p=1507\",\"url\":\"https:\/\/cabellonews.com\/?p=1507\",\"name\":\"Disfrutan miles el Carnaval 2025 en Tamaulipas: Benjam\u00edn Hern\u00e1ndez - cabellonews.com\",\"isPartOf\":{\"@id\":\"https:\/\/cabellonews.com\/#website\"},\"datePublished\":\"2025-03-01T17:59:47+00:00\",\"dateModified\":\"2025-03-23T18:01:44+00:00\",\"author\":{\"@id\":\"https:\/\/cabellonews.com\/#\/schema\/person\/7afe73bafa6cc5a24fd4c67dfd4379d8\"},\"breadcrumb\":{\"@id\":\"https:\/\/cabellonews.com\/?p=1507#breadcrumb\"},\"inLanguage\":\"en-US\",\"potentialAction\":[{\"@type\":\"ReadAction\",\"target\":[\"https:\/\/cabellonews.com\/?p=1507\"]}]},{\"@type\":\"BreadcrumbList\",\"@id\":\"https:\/\/cabellonews.com\/?p=1507#breadcrumb\",\"itemListElement\":[{\"@type\":\"ListItem\",\"position\":1,\"name\":\"Inicio\",\"item\":\"https:\/\/cabellonews.com\/\"},{\"@type\":\"ListItem\",\"position\":2,\"name\":\"Disfrutan miles el Carnaval 2025 en Tamaulipas: Benjam\u00edn Hern\u00e1ndez\"}]},{\"@type\":\"WebSite\",\"@id\":\"https:\/\/cabellonews.com\/#website\",\"url\":\"https:\/\/cabellonews.com\/\",\"name\":\"cabellonews.com\",\"description\":\"Con Cobertura En Tamaulipas Y norte de Veracruz\",\"potentialAction\":[{\"@type\":\"SearchAction\",\"target\":{\"@type\":\"EntryPoint\",\"urlTemplate\":\"https:\/\/cabellonews.com\/?s={search_term_string}\"},\"query-input\":\"required name=search_term_string\"}],\"inLanguage\":\"en-US\"},{\"@type\":\"Person\",\"@id\":\"https:\/\/cabellonews.com\/#\/schema\/person\/7afe73bafa6cc5a24fd4c67dfd4379d8\",\"name\":\"cabellonews.com\",\"image\":{\"@type\":\"ImageObject\",\"inLanguage\":\"en-US\",\"@id\":\"https:\/\/cabellonews.com\/#\/schema\/person\/image\/\",\"url\":\"https:\/\/secure.gravatar.com\/avatar\/8d6324fc2806389aad4cd38639618406?s=96&d=mm&r=g\",\"contentUrl\":\"https:\/\/secure.gravatar.com\/avatar\/8d6324fc2806389aad4cd38639618406?s=96&d=mm&r=g\",\"caption\":\"cabellonews.com\"},\"sameAs\":[\"http:\/\/cabellonews.com\"],\"url\":\"https:\/\/cabellonews.com\/?author=1\"}]}<\/script>\n<!-- \/ Yoast SEO plugin. -->","yoast_head_json":{"title":"Disfrutan miles el Carnaval 2025 en Tamaulipas: Benjam\u00edn Hern\u00e1ndez - cabellonews.com","robots":{"index":"index","follow":"follow","max-snippet":"max-snippet:-1","max-image-preview":"max-image-preview:large","max-video-preview":"max-video-preview:-1"},"canonical":"https:\/\/cabellonews.com\/?p=1507","og_locale":"en_US","og_type":"article","og_title":"Disfrutan miles el Carnaval 2025 en Tamaulipas: Benjam\u00edn Hern\u00e1ndez - cabellonews.com","og_description":"-Este s\u00e1bado la fiesta contin\u00faa en Ciudad Madero y el domingo cierra en Tampico Marzo 01 de 2025 Altamira, Tamaulipas.- Miles de personas se congregaron en las calles de Altamira para presenciar el desfile de carros aleg\u00f3ricos, comparsas y grupos de animaci\u00f3n que dieron vida al Carnaval de Tamaulipas 2025. Alex Mont y La Merengossa fueron los encargados de amenizar y poner a bailar a todos los asistentes en el segundo d\u00eda de esta gran fiesta en la zona sur del estado. El secretario de Turismo de Tamaulipas, Benjam\u00edn Hern\u00e1ndez&hellip;","og_url":"https:\/\/cabellonews.com\/?p=1507","og_site_name":"cabellonews.com","article_published_time":"2025-03-01T17:59:47+00:00","article_modified_time":"2025-03-23T18:01:44+00:00","og_image":[{"width":1560,"height":1040,"url":"http:\/\/cabellonews.com\/wp-content\/uploads\/2025\/03\/97fa44ff-378c-4a32-abcd-a2446413c305.jpeg","type":"image\/jpeg"}],"author":"cabellonews.com","twitter_card":"summary_large_image","twitter_misc":{"Written by":"cabellonews.com","Est. reading time":"2 minutes"},"schema":{"@context":"https:\/\/schema.org","@graph":[{"@type":"WebPage","@id":"https:\/\/cabellonews.com\/?p=1507","url":"https:\/\/cabellonews.com\/?p=1507","name":"Disfrutan miles el Carnaval 2025 en Tamaulipas: Benjam\u00edn Hern\u00e1ndez - cabellonews.com","isPartOf":{"@id":"https:\/\/cabellonews.com\/#website"},"datePublished":"2025-03-01T17:59:47+00:00","dateModified":"2025-03-23T18:01:44+00:00","author":{"@id":"https:\/\/cabellonews.com\/#\/schema\/person\/7afe73bafa6cc5a24fd4c67dfd4379d8"},"breadcrumb":{"@id":"https:\/\/cabellonews.com\/?p=1507#breadcrumb"},"inLanguage":"en-US","potentialAction":[{"@type":"ReadAction","target":["https:\/\/cabellonews.com\/?p=1507"]}]},{"@type":"BreadcrumbList","@id":"https:\/\/cabellonews.com\/?p=1507#breadcrumb","itemListElement":[{"@type":"ListItem","position":1,"name":"Inicio","item":"https:\/\/cabellonews.com\/"},{"@type":"ListItem","position":2,"name":"Disfrutan miles el Carnaval 2025 en Tamaulipas: Benjam\u00edn Hern\u00e1ndez"}]},{"@type":"WebSite","@id":"https:\/\/cabellonews.com\/#website","url":"https:\/\/cabellonews.com\/","name":"cabellonews.com","description":"Con Cobertura En Tamaulipas Y norte de Veracruz","potentialAction":[{"@type":"SearchAction","target":{"@type":"EntryPoint","urlTemplate":"https:\/\/cabellonews.com\/?s={search_term_string}"},"query-input":"required name=search_term_string"}],"inLanguage":"en-US"},{"@type":"Person","@id":"https:\/\/cabellonews.com\/#\/schema\/person\/7afe73bafa6cc5a24fd4c67dfd4379d8","name":"cabellonews.com","image":{"@type":"ImageObject","inLanguage":"en-US","@id":"https:\/\/cabellonews.com\/#\/schema\/person\/image\/","url":"https:\/\/secure.gravatar.com\/avatar\/8d6324fc2806389aad4cd38639618406?s=96&d=mm&r=g","contentUrl":"https:\/\/secure.gravatar.com\/avatar\/8d6324fc2806389aad4cd38639618406?s=96&d=mm&r=g","caption":"cabellonews.com"},"sameAs":["http:\/\/cabellonews.com"],"url":"https:\/\/cabellonews.com\/?author=1"}]}},"_links":{"self":[{"href":"https:\/\/cabellonews.com\/index.php?rest_route=\/wp\/v2\/posts\/1507"}],"collection":[{"href":"https:\/\/cabellonews.com\/index.php?rest_route=\/wp\/v2\/posts"}],"about":[{"href":"https:\/\/cabellonews.com\/index.php?rest_route=\/wp\/v2\/types\/post"}],"author":[{"embeddable":true,"href":"https:\/\/cabellonews.com\/index.php?rest_route=\/wp\/v2\/users\/1"}],"replies":[{"embeddable":true,"href":"https:\/\/cabellonews.com\/index.php?rest_route=%2Fwp%2Fv2%2Fcomments&post=1507"}],"version-history":[{"count":1,"href":"https:\/\/cabellonews.com\/index.php?rest_route=\/wp\/v2\/posts\/1507\/revisions"}],"predecessor-version":[{"id":1509,"href":"https:\/\/cabellonews.com\/index.php?rest_route=\/wp\/v2\/posts\/1507\/revisions\/1509"}],"wp:featuredmedia":[{"embeddable":true,"href":"https:\/\/cabellonews.com\/index.php?rest_route=\/wp\/v2\/media\/1508"}],"wp:attachment":[{"href":"https:\/\/cabellonews.com\/index.php?rest_route=%2Fwp%2Fv2%2Fmedia&parent=1507"}],"wp:term":[{"taxonomy":"category","embeddable":true,"href":"https:\/\/cabellonews.com\/index.php?rest_route=%2Fwp%2Fv2%2Fcategories&post=1507"},{"taxonomy":"post_tag","embeddable":true,"href":"https:\/\/cabellonews.com\/index.php?rest_route=%2Fwp%2Fv2%2Ftags&post=1507"}],"curies":[{"name":"wp","href":"https:\/\/api.w.org\/{rel}","templated":true}]}}