{"id":1500,"date":"2025-02-28T03:07:51","date_gmt":"2025-02-28T03:07:51","guid":{"rendered":"https:\/\/cabellonews.com\/?p=1500"},"modified":"2025-03-05T03:08:32","modified_gmt":"2025-03-05T03:08:32","slug":"aclara-comision-de-parques-y-biodiversidad-jaguar-atropellado-no-corresponde-a-tamaulipas","status":"publish","type":"post","link":"https:\/\/cabellonews.com\/?p=1500","title":{"rendered":"Aclara Comisi\u00f3n de Parques y Biodiversidad: jaguar atropellado no corresponde a Tamaulipas"},"content":{"rendered":"\n<p>-La imagen que circul\u00f3 en redes sociales y algunos medios de comunicaci\u00f3n, es de un ejemplar atropellado en el sureste de M\u00e9xico en el 2019<\/p>\n\n\n<figure class=\"wp-block-post-featured-image\"><img width=\"240\" height=\"172\" src=\"https:\/\/cabellonews.com\/wp-content\/uploads\/2025\/03\/16bdcc3a-6b67-4e03-95a4-29820e96daa6-240x172.jpeg\" class=\"attachment-post-thumbnail size-post-thumbnail wp-post-image\" alt=\"\" decoding=\"async\" loading=\"lazy\" \/><\/figure>\n\n\n<p>Febrero 28 de 2025<\/p>\n\n\n\n<p>Ciudad Victoria, Tamaulipas.- La Comisi\u00f3n de Parques y Biodiversidad de Tamaulipas (CPBT) exhort\u00f3 a la poblaci\u00f3n a no caer en la desinformaci\u00f3n tras la difusi\u00f3n de una imagen en redes sociales y algunos medios de comunicaci\u00f3n que muestra un jaguar atropellado. La dependencia aclar\u00f3 que la fotograf\u00eda no corresponde a Tamaulipas, sino a un hecho registrado en 2019 en la carretera Playa del Carmen-Tulum, en el sureste del pa\u00eds, espec\u00edficamente entre los parques R\u00edo Secreto y Xcaret.<\/p>\n\n\n\n<p>El vocal ejecutivo de la CPBT, Eduardo Rocha Orozco, se\u00f1al\u00f3 que mantienen una estrecha coordinaci\u00f3n con el Gobierno Federal, a trav\u00e9s de la Procuradur\u00eda Federal de Protecci\u00f3n al Ambiente (PROFEPA) y la Secretar\u00eda de Medio Ambiente y Recursos Naturales (SEMARNAT), para el monitoreo de especies protegidas.<\/p>\n\n\n\n<p>&#8220;Trabajamos constantemente en la vigilancia de la fauna silvestre. Hemos instalado trampas y c\u00e1maras de fototrampeo en puntos estrat\u00e9gicos para detectar la presencia de estos animales y actuar de manera oportuna&#8221;, explic\u00f3 Rocha Orozco.<\/p>\n\n\n\n<p>El funcionario detall\u00f3 que cuando un ejemplar es capturado, es atendido por el equipo m\u00e9dico del Zool\u00f3gico de Tamat\u00e1n, &#8220;todos los animales pasan por un proceso de evaluaci\u00f3n y cuarentena antes de ser reintegrados a su h\u00e1bitat natural&#8221;, precis\u00f3.<\/p>\n\n\n\n<p>Asimismo, destac\u00f3 que el Gobierno de Tamaulipas, encabezado por Am\u00e9rico Villarreal Anaya, mantiene un firme compromiso con la conservaci\u00f3n de la biodiversidad. Por ello, invit\u00f3 a la ciudadan\u00eda a reportar cualquier avistamiento de fauna silvestre a las autoridades correspondientes a trav\u00e9s del n\u00famero de emergencia 911.<\/p>\n\n\n\n<p>&#8220;La participaci\u00f3n ciudadana es clave para la protecci\u00f3n de estas especies. Si ven un jaguar u otro animal en zonas urbanas, es importante avisar de inmediato para que podamos actuar de forma adecuada&#8221;, concluy\u00f3 Rocha Orozco.<\/p>\n\n\n\n<pre class=\"wp-block-code\"><code>    *       *       *<\/code><\/pre>\n","protected":false},"excerpt":{"rendered":"<p>-La imagen que circul\u00f3 en redes sociales y algunos medios de comunicaci\u00f3n, es de un ejemplar atropellado en el sureste de M\u00e9xico en el 2019 Febrero 28 de 2025 Ciudad Victoria, Tamaulipas.- La Comisi\u00f3n de Parques y Biodiversidad de Tamaulipas (CPBT) exhort\u00f3 a la poblaci\u00f3n a no caer en la desinformaci\u00f3n tras la difusi\u00f3n de una imagen en redes sociales y algunos medios de comunicaci\u00f3n que muestra un jaguar atropellado. La dependencia aclar\u00f3 que la fotograf\u00eda no corresponde a Tamaulipas, sino a un hecho registrado en 2019 en la carretera&hellip;<\/p>\n","protected":false},"author":1,"featured_media":1501,"comment_status":"open","ping_status":"open","sticky":false,"template":"","format":"standard","meta":[],"categories":[1],"tags":[],"gutentor_comment":1,"yoast_head":"<!-- This site is optimized with the Yoast SEO plugin v20.10 - https:\/\/yoast.com\/wordpress\/plugins\/seo\/ -->\n<title>Aclara Comisi\u00f3n de Parques y Biodiversidad: jaguar atropellado no corresponde a Tamaulipas - cabellonews.com<\/title>\n<meta name=\"robots\" content=\"index, follow, max-snippet:-1, max-image-preview:large, max-video-preview:-1\" \/>\n<link rel=\"canonical\" href=\"https:\/\/cabellonews.com\/?p=1500\" \/>\n<meta property=\"og:locale\" content=\"en_US\" \/>\n<meta property=\"og:type\" content=\"article\" \/>\n<meta property=\"og:title\" content=\"Aclara Comisi\u00f3n de Parques y Biodiversidad: jaguar atropellado no corresponde a Tamaulipas - cabellonews.com\" \/>\n<meta property=\"og:description\" content=\"-La imagen que circul\u00f3 en redes sociales y algunos medios de comunicaci\u00f3n, es de un ejemplar atropellado en el sureste de M\u00e9xico en el 2019 Febrero 28 de 2025 Ciudad Victoria, Tamaulipas.- La Comisi\u00f3n de Parques y Biodiversidad de Tamaulipas (CPBT) exhort\u00f3 a la poblaci\u00f3n a no caer en la desinformaci\u00f3n tras la difusi\u00f3n de una imagen en redes sociales y algunos medios de comunicaci\u00f3n que muestra un jaguar atropellado. La dependencia aclar\u00f3 que la fotograf\u00eda no corresponde a Tamaulipas, sino a un hecho registrado en 2019 en la carretera&hellip;\" \/>\n<meta property=\"og:url\" content=\"https:\/\/cabellonews.com\/?p=1500\" \/>\n<meta property=\"og:site_name\" content=\"cabellonews.com\" \/>\n<meta property=\"article:published_time\" content=\"2025-02-28T03:07:51+00:00\" \/>\n<meta property=\"article:modified_time\" content=\"2025-03-05T03:08:32+00:00\" \/>\n<meta property=\"og:image\" content=\"http:\/\/cabellonews.com\/wp-content\/uploads\/2025\/03\/16bdcc3a-6b67-4e03-95a4-29820e96daa6.jpeg\" \/>\n\t<meta property=\"og:image:width\" content=\"1600\" \/>\n\t<meta property=\"og:image:height\" content=\"873\" \/>\n\t<meta property=\"og:image:type\" content=\"image\/jpeg\" \/>\n<meta name=\"author\" content=\"cabellonews.com\" \/>\n<meta name=\"twitter:card\" content=\"summary_large_image\" \/>\n<meta name=\"twitter:label1\" content=\"Written by\" \/>\n\t<meta name=\"twitter:data1\" content=\"cabellonews.com\" \/>\n\t<meta name=\"twitter:label2\" content=\"Est. reading time\" \/>\n\t<meta name=\"twitter:data2\" content=\"2 minutes\" \/>\n<script type=\"application\/ld+json\" class=\"yoast-schema-graph\">{\"@context\":\"https:\/\/schema.org\",\"@graph\":[{\"@type\":\"WebPage\",\"@id\":\"https:\/\/cabellonews.com\/?p=1500\",\"url\":\"https:\/\/cabellonews.com\/?p=1500\",\"name\":\"Aclara Comisi\u00f3n de Parques y Biodiversidad: jaguar atropellado no corresponde a Tamaulipas - cabellonews.com\",\"isPartOf\":{\"@id\":\"https:\/\/cabellonews.com\/#website\"},\"datePublished\":\"2025-02-28T03:07:51+00:00\",\"dateModified\":\"2025-03-05T03:08:32+00:00\",\"author\":{\"@id\":\"https:\/\/cabellonews.com\/#\/schema\/person\/7afe73bafa6cc5a24fd4c67dfd4379d8\"},\"breadcrumb\":{\"@id\":\"https:\/\/cabellonews.com\/?p=1500#breadcrumb\"},\"inLanguage\":\"en-US\",\"potentialAction\":[{\"@type\":\"ReadAction\",\"target\":[\"https:\/\/cabellonews.com\/?p=1500\"]}]},{\"@type\":\"BreadcrumbList\",\"@id\":\"https:\/\/cabellonews.com\/?p=1500#breadcrumb\",\"itemListElement\":[{\"@type\":\"ListItem\",\"position\":1,\"name\":\"Inicio\",\"item\":\"https:\/\/cabellonews.com\/\"},{\"@type\":\"ListItem\",\"position\":2,\"name\":\"Aclara Comisi\u00f3n de Parques y Biodiversidad: jaguar atropellado no corresponde a Tamaulipas\"}]},{\"@type\":\"WebSite\",\"@id\":\"https:\/\/cabellonews.com\/#website\",\"url\":\"https:\/\/cabellonews.com\/\",\"name\":\"cabellonews.com\",\"description\":\"Con Cobertura En Tamaulipas Y norte de Veracruz\",\"potentialAction\":[{\"@type\":\"SearchAction\",\"target\":{\"@type\":\"EntryPoint\",\"urlTemplate\":\"https:\/\/cabellonews.com\/?s={search_term_string}\"},\"query-input\":\"required name=search_term_string\"}],\"inLanguage\":\"en-US\"},{\"@type\":\"Person\",\"@id\":\"https:\/\/cabellonews.com\/#\/schema\/person\/7afe73bafa6cc5a24fd4c67dfd4379d8\",\"name\":\"cabellonews.com\",\"image\":{\"@type\":\"ImageObject\",\"inLanguage\":\"en-US\",\"@id\":\"https:\/\/cabellonews.com\/#\/schema\/person\/image\/\",\"url\":\"https:\/\/secure.gravatar.com\/avatar\/8d6324fc2806389aad4cd38639618406?s=96&d=mm&r=g\",\"contentUrl\":\"https:\/\/secure.gravatar.com\/avatar\/8d6324fc2806389aad4cd38639618406?s=96&d=mm&r=g\",\"caption\":\"cabellonews.com\"},\"sameAs\":[\"http:\/\/cabellonews.com\"],\"url\":\"https:\/\/cabellonews.com\/?author=1\"}]}<\/script>\n<!-- \/ Yoast SEO plugin. -->","yoast_head_json":{"title":"Aclara Comisi\u00f3n de Parques y Biodiversidad: jaguar atropellado no corresponde a Tamaulipas - cabellonews.com","robots":{"index":"index","follow":"follow","max-snippet":"max-snippet:-1","max-image-preview":"max-image-preview:large","max-video-preview":"max-video-preview:-1"},"canonical":"https:\/\/cabellonews.com\/?p=1500","og_locale":"en_US","og_type":"article","og_title":"Aclara Comisi\u00f3n de Parques y Biodiversidad: jaguar atropellado no corresponde a Tamaulipas - cabellonews.com","og_description":"-La imagen que circul\u00f3 en redes sociales y algunos medios de comunicaci\u00f3n, es de un ejemplar atropellado en el sureste de M\u00e9xico en el 2019 Febrero 28 de 2025 Ciudad Victoria, Tamaulipas.- La Comisi\u00f3n de Parques y Biodiversidad de Tamaulipas (CPBT) exhort\u00f3 a la poblaci\u00f3n a no caer en la desinformaci\u00f3n tras la difusi\u00f3n de una imagen en redes sociales y algunos medios de comunicaci\u00f3n que muestra un jaguar atropellado. La dependencia aclar\u00f3 que la fotograf\u00eda no corresponde a Tamaulipas, sino a un hecho registrado en 2019 en la carretera&hellip;","og_url":"https:\/\/cabellonews.com\/?p=1500","og_site_name":"cabellonews.com","article_published_time":"2025-02-28T03:07:51+00:00","article_modified_time":"2025-03-05T03:08:32+00:00","og_image":[{"width":1600,"height":873,"url":"http:\/\/cabellonews.com\/wp-content\/uploads\/2025\/03\/16bdcc3a-6b67-4e03-95a4-29820e96daa6.jpeg","type":"image\/jpeg"}],"author":"cabellonews.com","twitter_card":"summary_large_image","twitter_misc":{"Written by":"cabellonews.com","Est. reading time":"2 minutes"},"schema":{"@context":"https:\/\/schema.org","@graph":[{"@type":"WebPage","@id":"https:\/\/cabellonews.com\/?p=1500","url":"https:\/\/cabellonews.com\/?p=1500","name":"Aclara Comisi\u00f3n de Parques y Biodiversidad: jaguar atropellado no corresponde a Tamaulipas - cabellonews.com","isPartOf":{"@id":"https:\/\/cabellonews.com\/#website"},"datePublished":"2025-02-28T03:07:51+00:00","dateModified":"2025-03-05T03:08:32+00:00","author":{"@id":"https:\/\/cabellonews.com\/#\/schema\/person\/7afe73bafa6cc5a24fd4c67dfd4379d8"},"breadcrumb":{"@id":"https:\/\/cabellonews.com\/?p=1500#breadcrumb"},"inLanguage":"en-US","potentialAction":[{"@type":"ReadAction","target":["https:\/\/cabellonews.com\/?p=1500"]}]},{"@type":"BreadcrumbList","@id":"https:\/\/cabellonews.com\/?p=1500#breadcrumb","itemListElement":[{"@type":"ListItem","position":1,"name":"Inicio","item":"https:\/\/cabellonews.com\/"},{"@type":"ListItem","position":2,"name":"Aclara Comisi\u00f3n de Parques y Biodiversidad: jaguar atropellado no corresponde a Tamaulipas"}]},{"@type":"WebSite","@id":"https:\/\/cabellonews.com\/#website","url":"https:\/\/cabellonews.com\/","name":"cabellonews.com","description":"Con Cobertura En Tamaulipas Y norte de Veracruz","potentialAction":[{"@type":"SearchAction","target":{"@type":"EntryPoint","urlTemplate":"https:\/\/cabellonews.com\/?s={search_term_string}"},"query-input":"required name=search_term_string"}],"inLanguage":"en-US"},{"@type":"Person","@id":"https:\/\/cabellonews.com\/#\/schema\/person\/7afe73bafa6cc5a24fd4c67dfd4379d8","name":"cabellonews.com","image":{"@type":"ImageObject","inLanguage":"en-US","@id":"https:\/\/cabellonews.com\/#\/schema\/person\/image\/","url":"https:\/\/secure.gravatar.com\/avatar\/8d6324fc2806389aad4cd38639618406?s=96&d=mm&r=g","contentUrl":"https:\/\/secure.gravatar.com\/avatar\/8d6324fc2806389aad4cd38639618406?s=96&d=mm&r=g","caption":"cabellonews.com"},"sameAs":["http:\/\/cabellonews.com"],"url":"https:\/\/cabellonews.com\/?author=1"}]}},"_links":{"self":[{"href":"https:\/\/cabellonews.com\/index.php?rest_route=\/wp\/v2\/posts\/1500"}],"collection":[{"href":"https:\/\/cabellonews.com\/index.php?rest_route=\/wp\/v2\/posts"}],"about":[{"href":"https:\/\/cabellonews.com\/index.php?rest_route=\/wp\/v2\/types\/post"}],"author":[{"embeddable":true,"href":"https:\/\/cabellonews.com\/index.php?rest_route=\/wp\/v2\/users\/1"}],"replies":[{"embeddable":true,"href":"https:\/\/cabellonews.com\/index.php?rest_route=%2Fwp%2Fv2%2Fcomments&post=1500"}],"version-history":[{"count":1,"href":"https:\/\/cabellonews.com\/index.php?rest_route=\/wp\/v2\/posts\/1500\/revisions"}],"predecessor-version":[{"id":1502,"href":"https:\/\/cabellonews.com\/index.php?rest_route=\/wp\/v2\/posts\/1500\/revisions\/1502"}],"wp:featuredmedia":[{"embeddable":true,"href":"https:\/\/cabellonews.com\/index.php?rest_route=\/wp\/v2\/media\/1501"}],"wp:attachment":[{"href":"https:\/\/cabellonews.com\/index.php?rest_route=%2Fwp%2Fv2%2Fmedia&parent=1500"}],"wp:term":[{"taxonomy":"category","embeddable":true,"href":"https:\/\/cabellonews.com\/index.php?rest_route=%2Fwp%2Fv2%2Fcategories&post=1500"},{"taxonomy":"post_tag","embeddable":true,"href":"https:\/\/cabellonews.com\/index.php?rest_route=%2Fwp%2Fv2%2Ftags&post=1500"}],"curies":[{"name":"wp","href":"https:\/\/api.w.org\/{rel}","templated":true}]}}