{"id":1495,"date":"2025-02-27T03:06:35","date_gmt":"2025-02-27T03:06:35","guid":{"rendered":"https:\/\/cabellonews.com\/?p=1495"},"modified":"2025-03-05T03:07:16","modified_gmt":"2025-03-05T03:07:16","slug":"refuerzan-lucha-contra-el-dengue-en-zona-conurbada","status":"publish","type":"post","link":"https:\/\/cabellonews.com\/?p=1495","title":{"rendered":"Refuerzan lucha contra el dengue en zona conurbada"},"content":{"rendered":"\n<p>Febrero 27 de 2025<\/p>\n\n\n<figure class=\"wp-block-post-featured-image\"><img width=\"240\" height=\"172\" src=\"https:\/\/cabellonews.com\/wp-content\/uploads\/2025\/03\/d0046927-b7ee-4bde-a47a-c61eb61dff5e-240x172.jpeg\" class=\"attachment-post-thumbnail size-post-thumbnail wp-post-image\" alt=\"\" decoding=\"async\" loading=\"lazy\" \/><\/figure>\n\n\n<p>Ciudad Victoria, Tamaulipas.- El gobernador Am\u00e9rico Villarreal Anaya expres\u00f3 todo su respaldo a la Secretar\u00eda de Salud y reiter\u00f3 que no se escatimar\u00e1n recursos para la puesta en marcha en Tamaulipas del Plan Anual Contra el Dengue 2025, a fin de intensificar las tareas de prevenci\u00f3n y reducir la incidencia de esta enfermedad.<\/p>\n\n\n\n<p>Durante una reuni\u00f3n en la que el secretario de Salud, Vicente Joel Hern\u00e1ndez Navarro, present\u00f3 la &#8220;Estrategia de prevenci\u00f3n y control del dengue&#8221;, el mandatario tamaulipeco asegur\u00f3 que el Estado cuenta con los procedimientos y conocimientos para responder ante esta condici\u00f3n c\u00edclica.<\/p>\n\n\n\n<p>&#8220;En salud sabemos lo que tenemos que hacer y no se escatimar\u00e1n recursos&#8221;, expres\u00f3.<\/p>\n\n\n\n<p>Villarreal Anaya destac\u00f3 la importancia de contar en este tipo de acciones con una sociedad participativa y colaborativa, adem\u00e1s de incorporar la participaci\u00f3n integral de los gobiernos municipales, ya que la suma de esfuerzos es fundamental para evitar la propagaci\u00f3n del dengue.<\/p>\n\n\n\n<p>Durante la reuni\u00f3n de trabajo, el secretario de Salud expuso la situaci\u00f3n actual del dengue en Tamaulipas y las acciones que se han venido implementando para poder atender y evitar que se incremente la propagaci\u00f3n de la enfermedad.<\/p>\n\n\n\n<p>Hern\u00e1ndez Navarro explic\u00f3 que en las \u00e1reas &#8220;rojas&#8221;, consideradas en la zona sur del estado, se lleva un 35 por ciento de avance en las tareas de abatizaci\u00f3n, a fin de impedir que se disperse el mosquito transmisor, adem\u00e1s de que ya se realiz\u00f3 la primera de cinco rondas de fumigaci\u00f3n que se realizar\u00e1n en esa regi\u00f3n.<\/p>\n\n\n\n<p>Asimismo, se presentaron las recomendaciones por parte del Centro Nacional de Programas Preventivos y Control de Enfermedades (CENAPRECE), entre otras: Delimitar las \u00e1reas de riesgo, de acuerdo con los casos probables de las \u00faltimas cinco semanas para el control larvario y la nebulizaci\u00f3n con maquinaria pesada.<\/p>\n\n\n\n<p>Actualizar equipos y generar la georreferenciaci\u00f3n de casos en las plataformas de vectores; realizar un estudio epidemiol\u00f3gico en las \u00e1reas de mayor concentraci\u00f3n poblacional; continuar con las campa\u00f1as de eliminaci\u00f3n de criaderos; aplicar c\u00e9dulas de supervisi\u00f3n e implementar brigadas fijas en \u00e1reas de transmisi\u00f3n del dengue.<\/p>\n\n\n\n<p>En esta reuni\u00f3n tambi\u00e9n participaron: Rembrandt Reyes N\u00e1jera, subsecretario de Promoci\u00f3n de la Salud; Ra\u00fal Huidobro Guevara, coordinador Estatal de Salud P\u00fablica; Sergio Uriegas Camargo, director de Epidemiolog\u00eda y Mario Rebolledo, titular de la Comisi\u00f3n Estatal Para la Protecci\u00f3n Contra Riesgos Sanitarios (COEPRIS).<\/p>\n\n\n\n<pre class=\"wp-block-code\"><code>   *     *     *<\/code><\/pre>\n","protected":false},"excerpt":{"rendered":"<p>Febrero 27 de 2025 Ciudad Victoria, Tamaulipas.- El gobernador Am\u00e9rico Villarreal Anaya expres\u00f3 todo su respaldo a la Secretar\u00eda de Salud y reiter\u00f3 que no se escatimar\u00e1n recursos para la puesta en marcha en Tamaulipas del Plan Anual Contra el Dengue 2025, a fin de intensificar las tareas de prevenci\u00f3n y reducir la incidencia de esta enfermedad. Durante una reuni\u00f3n en la que el secretario de Salud, Vicente Joel Hern\u00e1ndez Navarro, present\u00f3 la &#8220;Estrategia de prevenci\u00f3n y control del dengue&#8221;, el mandatario tamaulipeco asegur\u00f3 que el Estado cuenta con los&hellip;<\/p>\n","protected":false},"author":1,"featured_media":1496,"comment_status":"open","ping_status":"open","sticky":false,"template":"","format":"standard","meta":[],"categories":[1],"tags":[],"gutentor_comment":0,"yoast_head":"<!-- This site is optimized with the Yoast SEO plugin v20.10 - https:\/\/yoast.com\/wordpress\/plugins\/seo\/ -->\n<title>Refuerzan lucha contra el dengue en zona conurbada - cabellonews.com<\/title>\n<meta name=\"robots\" content=\"index, follow, max-snippet:-1, max-image-preview:large, max-video-preview:-1\" \/>\n<link rel=\"canonical\" href=\"https:\/\/cabellonews.com\/?p=1495\" \/>\n<meta property=\"og:locale\" content=\"en_US\" \/>\n<meta property=\"og:type\" content=\"article\" \/>\n<meta property=\"og:title\" content=\"Refuerzan lucha contra el dengue en zona conurbada - cabellonews.com\" \/>\n<meta property=\"og:description\" content=\"Febrero 27 de 2025 Ciudad Victoria, Tamaulipas.- El gobernador Am\u00e9rico Villarreal Anaya expres\u00f3 todo su respaldo a la Secretar\u00eda de Salud y reiter\u00f3 que no se escatimar\u00e1n recursos para la puesta en marcha en Tamaulipas del Plan Anual Contra el Dengue 2025, a fin de intensificar las tareas de prevenci\u00f3n y reducir la incidencia de esta enfermedad. Durante una reuni\u00f3n en la que el secretario de Salud, Vicente Joel Hern\u00e1ndez Navarro, present\u00f3 la &#8220;Estrategia de prevenci\u00f3n y control del dengue&#8221;, el mandatario tamaulipeco asegur\u00f3 que el Estado cuenta con los&hellip;\" \/>\n<meta property=\"og:url\" content=\"https:\/\/cabellonews.com\/?p=1495\" \/>\n<meta property=\"og:site_name\" content=\"cabellonews.com\" \/>\n<meta property=\"article:published_time\" content=\"2025-02-27T03:06:35+00:00\" \/>\n<meta property=\"article:modified_time\" content=\"2025-03-05T03:07:16+00:00\" \/>\n<meta property=\"og:image\" content=\"http:\/\/cabellonews.com\/wp-content\/uploads\/2025\/03\/d0046927-b7ee-4bde-a47a-c61eb61dff5e.jpeg\" \/>\n\t<meta property=\"og:image:width\" content=\"1600\" \/>\n\t<meta property=\"og:image:height\" content=\"1067\" \/>\n\t<meta property=\"og:image:type\" content=\"image\/jpeg\" \/>\n<meta name=\"author\" content=\"cabellonews.com\" \/>\n<meta name=\"twitter:card\" content=\"summary_large_image\" \/>\n<meta name=\"twitter:label1\" content=\"Written by\" \/>\n\t<meta name=\"twitter:data1\" content=\"cabellonews.com\" \/>\n\t<meta name=\"twitter:label2\" content=\"Est. reading time\" \/>\n\t<meta name=\"twitter:data2\" content=\"2 minutes\" \/>\n<script type=\"application\/ld+json\" class=\"yoast-schema-graph\">{\"@context\":\"https:\/\/schema.org\",\"@graph\":[{\"@type\":\"WebPage\",\"@id\":\"https:\/\/cabellonews.com\/?p=1495\",\"url\":\"https:\/\/cabellonews.com\/?p=1495\",\"name\":\"Refuerzan lucha contra el dengue en zona conurbada - cabellonews.com\",\"isPartOf\":{\"@id\":\"https:\/\/cabellonews.com\/#website\"},\"datePublished\":\"2025-02-27T03:06:35+00:00\",\"dateModified\":\"2025-03-05T03:07:16+00:00\",\"author\":{\"@id\":\"https:\/\/cabellonews.com\/#\/schema\/person\/7afe73bafa6cc5a24fd4c67dfd4379d8\"},\"breadcrumb\":{\"@id\":\"https:\/\/cabellonews.com\/?p=1495#breadcrumb\"},\"inLanguage\":\"en-US\",\"potentialAction\":[{\"@type\":\"ReadAction\",\"target\":[\"https:\/\/cabellonews.com\/?p=1495\"]}]},{\"@type\":\"BreadcrumbList\",\"@id\":\"https:\/\/cabellonews.com\/?p=1495#breadcrumb\",\"itemListElement\":[{\"@type\":\"ListItem\",\"position\":1,\"name\":\"Inicio\",\"item\":\"https:\/\/cabellonews.com\/\"},{\"@type\":\"ListItem\",\"position\":2,\"name\":\"Refuerzan lucha contra el dengue en zona conurbada\"}]},{\"@type\":\"WebSite\",\"@id\":\"https:\/\/cabellonews.com\/#website\",\"url\":\"https:\/\/cabellonews.com\/\",\"name\":\"cabellonews.com\",\"description\":\"Con Cobertura En Tamaulipas Y norte de Veracruz\",\"potentialAction\":[{\"@type\":\"SearchAction\",\"target\":{\"@type\":\"EntryPoint\",\"urlTemplate\":\"https:\/\/cabellonews.com\/?s={search_term_string}\"},\"query-input\":\"required name=search_term_string\"}],\"inLanguage\":\"en-US\"},{\"@type\":\"Person\",\"@id\":\"https:\/\/cabellonews.com\/#\/schema\/person\/7afe73bafa6cc5a24fd4c67dfd4379d8\",\"name\":\"cabellonews.com\",\"image\":{\"@type\":\"ImageObject\",\"inLanguage\":\"en-US\",\"@id\":\"https:\/\/cabellonews.com\/#\/schema\/person\/image\/\",\"url\":\"https:\/\/secure.gravatar.com\/avatar\/8d6324fc2806389aad4cd38639618406?s=96&d=mm&r=g\",\"contentUrl\":\"https:\/\/secure.gravatar.com\/avatar\/8d6324fc2806389aad4cd38639618406?s=96&d=mm&r=g\",\"caption\":\"cabellonews.com\"},\"sameAs\":[\"http:\/\/cabellonews.com\"],\"url\":\"https:\/\/cabellonews.com\/?author=1\"}]}<\/script>\n<!-- \/ Yoast SEO plugin. -->","yoast_head_json":{"title":"Refuerzan lucha contra el dengue en zona conurbada - cabellonews.com","robots":{"index":"index","follow":"follow","max-snippet":"max-snippet:-1","max-image-preview":"max-image-preview:large","max-video-preview":"max-video-preview:-1"},"canonical":"https:\/\/cabellonews.com\/?p=1495","og_locale":"en_US","og_type":"article","og_title":"Refuerzan lucha contra el dengue en zona conurbada - cabellonews.com","og_description":"Febrero 27 de 2025 Ciudad Victoria, Tamaulipas.- El gobernador Am\u00e9rico Villarreal Anaya expres\u00f3 todo su respaldo a la Secretar\u00eda de Salud y reiter\u00f3 que no se escatimar\u00e1n recursos para la puesta en marcha en Tamaulipas del Plan Anual Contra el Dengue 2025, a fin de intensificar las tareas de prevenci\u00f3n y reducir la incidencia de esta enfermedad. Durante una reuni\u00f3n en la que el secretario de Salud, Vicente Joel Hern\u00e1ndez Navarro, present\u00f3 la &#8220;Estrategia de prevenci\u00f3n y control del dengue&#8221;, el mandatario tamaulipeco asegur\u00f3 que el Estado cuenta con los&hellip;","og_url":"https:\/\/cabellonews.com\/?p=1495","og_site_name":"cabellonews.com","article_published_time":"2025-02-27T03:06:35+00:00","article_modified_time":"2025-03-05T03:07:16+00:00","og_image":[{"width":1600,"height":1067,"url":"http:\/\/cabellonews.com\/wp-content\/uploads\/2025\/03\/d0046927-b7ee-4bde-a47a-c61eb61dff5e.jpeg","type":"image\/jpeg"}],"author":"cabellonews.com","twitter_card":"summary_large_image","twitter_misc":{"Written by":"cabellonews.com","Est. reading time":"2 minutes"},"schema":{"@context":"https:\/\/schema.org","@graph":[{"@type":"WebPage","@id":"https:\/\/cabellonews.com\/?p=1495","url":"https:\/\/cabellonews.com\/?p=1495","name":"Refuerzan lucha contra el dengue en zona conurbada - cabellonews.com","isPartOf":{"@id":"https:\/\/cabellonews.com\/#website"},"datePublished":"2025-02-27T03:06:35+00:00","dateModified":"2025-03-05T03:07:16+00:00","author":{"@id":"https:\/\/cabellonews.com\/#\/schema\/person\/7afe73bafa6cc5a24fd4c67dfd4379d8"},"breadcrumb":{"@id":"https:\/\/cabellonews.com\/?p=1495#breadcrumb"},"inLanguage":"en-US","potentialAction":[{"@type":"ReadAction","target":["https:\/\/cabellonews.com\/?p=1495"]}]},{"@type":"BreadcrumbList","@id":"https:\/\/cabellonews.com\/?p=1495#breadcrumb","itemListElement":[{"@type":"ListItem","position":1,"name":"Inicio","item":"https:\/\/cabellonews.com\/"},{"@type":"ListItem","position":2,"name":"Refuerzan lucha contra el dengue en zona conurbada"}]},{"@type":"WebSite","@id":"https:\/\/cabellonews.com\/#website","url":"https:\/\/cabellonews.com\/","name":"cabellonews.com","description":"Con Cobertura En Tamaulipas Y norte de Veracruz","potentialAction":[{"@type":"SearchAction","target":{"@type":"EntryPoint","urlTemplate":"https:\/\/cabellonews.com\/?s={search_term_string}"},"query-input":"required name=search_term_string"}],"inLanguage":"en-US"},{"@type":"Person","@id":"https:\/\/cabellonews.com\/#\/schema\/person\/7afe73bafa6cc5a24fd4c67dfd4379d8","name":"cabellonews.com","image":{"@type":"ImageObject","inLanguage":"en-US","@id":"https:\/\/cabellonews.com\/#\/schema\/person\/image\/","url":"https:\/\/secure.gravatar.com\/avatar\/8d6324fc2806389aad4cd38639618406?s=96&d=mm&r=g","contentUrl":"https:\/\/secure.gravatar.com\/avatar\/8d6324fc2806389aad4cd38639618406?s=96&d=mm&r=g","caption":"cabellonews.com"},"sameAs":["http:\/\/cabellonews.com"],"url":"https:\/\/cabellonews.com\/?author=1"}]}},"_links":{"self":[{"href":"https:\/\/cabellonews.com\/index.php?rest_route=\/wp\/v2\/posts\/1495"}],"collection":[{"href":"https:\/\/cabellonews.com\/index.php?rest_route=\/wp\/v2\/posts"}],"about":[{"href":"https:\/\/cabellonews.com\/index.php?rest_route=\/wp\/v2\/types\/post"}],"author":[{"embeddable":true,"href":"https:\/\/cabellonews.com\/index.php?rest_route=\/wp\/v2\/users\/1"}],"replies":[{"embeddable":true,"href":"https:\/\/cabellonews.com\/index.php?rest_route=%2Fwp%2Fv2%2Fcomments&post=1495"}],"version-history":[{"count":1,"href":"https:\/\/cabellonews.com\/index.php?rest_route=\/wp\/v2\/posts\/1495\/revisions"}],"predecessor-version":[{"id":1497,"href":"https:\/\/cabellonews.com\/index.php?rest_route=\/wp\/v2\/posts\/1495\/revisions\/1497"}],"wp:featuredmedia":[{"embeddable":true,"href":"https:\/\/cabellonews.com\/index.php?rest_route=\/wp\/v2\/media\/1496"}],"wp:attachment":[{"href":"https:\/\/cabellonews.com\/index.php?rest_route=%2Fwp%2Fv2%2Fmedia&parent=1495"}],"wp:term":[{"taxonomy":"category","embeddable":true,"href":"https:\/\/cabellonews.com\/index.php?rest_route=%2Fwp%2Fv2%2Fcategories&post=1495"},{"taxonomy":"post_tag","embeddable":true,"href":"https:\/\/cabellonews.com\/index.php?rest_route=%2Fwp%2Fv2%2Ftags&post=1495"}],"curies":[{"name":"wp","href":"https:\/\/api.w.org\/{rel}","templated":true}]}}