{"id":1489,"date":"2025-02-25T03:05:18","date_gmt":"2025-02-25T03:05:18","guid":{"rendered":"https:\/\/cabellonews.com\/?p=1489"},"modified":"2025-03-05T03:05:52","modified_gmt":"2025-03-05T03:05:52","slug":"avanza-zona-metropolitana-de-tamaulipas-y-veracruz-en-estrategia-de-crecimiento","status":"publish","type":"post","link":"https:\/\/cabellonews.com\/?p=1489","title":{"rendered":"Avanza zona metropolitana de Tamaulipas y Veracruz en estrategia de crecimiento"},"content":{"rendered":"\n<p>-SEDUMA se coordina con gobiernos municipales que integran la zona interestatal, para identificar \u00e1reas de oportunidad que detonen el potencial de la regi\u00f3n<\/p>\n\n\n<figure class=\"wp-block-post-featured-image\"><img width=\"240\" height=\"172\" src=\"https:\/\/cabellonews.com\/wp-content\/uploads\/2025\/03\/982c9da3-274f-4e1c-a551-3f058c6b9b28-240x172.jpeg\" class=\"attachment-post-thumbnail size-post-thumbnail wp-post-image\" alt=\"\" decoding=\"async\" loading=\"lazy\" \/><\/figure>\n\n\n<p>Febrero 25 de 2025<\/p>\n\n\n\n<p>Tampico, Tamaulipas.- Con el objetivo de consolidar el crecimiento integral de la zona Metropolitana Interestatal Tampico, la Secretar\u00eda de Desarrollo Urbano y Medio Ambiente (SEDUMA), llev\u00f3 a cabo reuni\u00f3n de trabajo donde se present\u00f3 el Modelo Polinuclear. Esta estrategia identifica \u00e1reas de oportunidad para el desarrollo de los municipios de Tampico, Altamira, Ciudad Madero, Aldama y Gonz\u00e1lez, en Tamaulipas, as\u00ed como P\u00e1nuco, Pueblo Viejo y Tampico Alto, en Veracruz.<\/p>\n\n\n\n<p>Durante el encuentro, la titular de la SEDUMA, Karina Lizeth Sald\u00edvar Lartigue, destac\u00f3 la necesidad de estructurar una cartera de proyectos que impulsen el potencial de la regi\u00f3n, \u201cbuscamos fortalecer una de las zonas metropolitanas interestatales m\u00e1s importantes del pa\u00eds, aprovechando nuestras ventajas en ecoturismo, industria, ganader\u00eda, agricultura, comercio y servicios&#8221;, se\u00f1al\u00f3.<\/p>\n\n\n\n<p>Entre las principales iniciativas se contemplan el saneamiento del sistema lagunario, la ampliaci\u00f3n de vialidades, atender los cruces fluviales en el r\u00edo P\u00e1nuco, mejoras en la conectividad carretera, una ruta n\u00e1utica, el Sistema Integral de Transporte (BRT) y el tratamiento de agua potable. Adem\u00e1s, se pretende establecer una econom\u00eda circular que impulse la producci\u00f3n local y promueva el desarrollo sustentable de la regi\u00f3n.<\/p>\n\n\n\n<p>Sald\u00edvar Lartigue mencion\u00f3, que estos trabajos son el resultado de las gestiones del gobernador Am\u00e9rico Villarreal Anaya ante el gobierno federal, para atender las necesidades de m\u00e1s de un mill\u00f3n de habitantes de la regi\u00f3n, que requieren mejores servicios de salud, educaci\u00f3n, transporte y carreteras.<\/p>\n\n\n\n<p>En la primer reuni\u00f3n presencial participaron la directora general del IMEPLAN, Mar\u00eda Silvia Montalvo Tello; la alcaldesa de Tampico, M\u00f3nica Zacil Villarreal Anaya; el alcalde de Gonz\u00e1lez, Miguel Alejandro Z\u00fa\u00f1iga Rodr\u00edguez; el alcalde de P\u00e1nuco, \u00d3scar Guzm\u00e1n de Paz, as\u00ed como representantes de Altamira, Ciudad Madero y Aldama, en Tamaulipas, y de Pueblo Viejo y Tampico Alto, en Veracruz.<\/p>\n\n\n\n<p>El encuentro reafirma el compromiso de los gobiernos de Tamaulipas y Veracruz, as\u00ed como de los municipios, para coordinar esfuerzos y consolidar proyectos estrat\u00e9gicos que mejoren la competitividad y calidad de vida en la regi\u00f3n.<\/p>\n\n\n\n<pre class=\"wp-block-code\"><code>     *      *      *<\/code><\/pre>\n","protected":false},"excerpt":{"rendered":"<p>-SEDUMA se coordina con gobiernos municipales que integran la zona interestatal, para identificar \u00e1reas de oportunidad que detonen el potencial de la regi\u00f3n Febrero 25 de 2025 Tampico, Tamaulipas.- Con el objetivo de consolidar el crecimiento integral de la zona Metropolitana Interestatal Tampico, la Secretar\u00eda de Desarrollo Urbano y Medio Ambiente (SEDUMA), llev\u00f3 a cabo reuni\u00f3n de trabajo donde se present\u00f3 el Modelo Polinuclear. Esta estrategia identifica \u00e1reas de oportunidad para el desarrollo de los municipios de Tampico, Altamira, Ciudad Madero, Aldama y Gonz\u00e1lez, en Tamaulipas, as\u00ed como P\u00e1nuco, Pueblo&hellip;<\/p>\n","protected":false},"author":1,"featured_media":1490,"comment_status":"open","ping_status":"open","sticky":false,"template":"","format":"standard","meta":[],"categories":[1],"tags":[],"gutentor_comment":0,"yoast_head":"<!-- This site is optimized with the Yoast SEO plugin v20.10 - https:\/\/yoast.com\/wordpress\/plugins\/seo\/ -->\n<title>Avanza zona metropolitana de Tamaulipas y Veracruz en estrategia de crecimiento - cabellonews.com<\/title>\n<meta name=\"robots\" content=\"index, follow, max-snippet:-1, max-image-preview:large, max-video-preview:-1\" \/>\n<link rel=\"canonical\" href=\"https:\/\/cabellonews.com\/?p=1489\" \/>\n<meta property=\"og:locale\" content=\"en_US\" \/>\n<meta property=\"og:type\" content=\"article\" \/>\n<meta property=\"og:title\" content=\"Avanza zona metropolitana de Tamaulipas y Veracruz en estrategia de crecimiento - cabellonews.com\" \/>\n<meta property=\"og:description\" content=\"-SEDUMA se coordina con gobiernos municipales que integran la zona interestatal, para identificar \u00e1reas de oportunidad que detonen el potencial de la regi\u00f3n Febrero 25 de 2025 Tampico, Tamaulipas.- Con el objetivo de consolidar el crecimiento integral de la zona Metropolitana Interestatal Tampico, la Secretar\u00eda de Desarrollo Urbano y Medio Ambiente (SEDUMA), llev\u00f3 a cabo reuni\u00f3n de trabajo donde se present\u00f3 el Modelo Polinuclear. Esta estrategia identifica \u00e1reas de oportunidad para el desarrollo de los municipios de Tampico, Altamira, Ciudad Madero, Aldama y Gonz\u00e1lez, en Tamaulipas, as\u00ed como P\u00e1nuco, Pueblo&hellip;\" \/>\n<meta property=\"og:url\" content=\"https:\/\/cabellonews.com\/?p=1489\" \/>\n<meta property=\"og:site_name\" content=\"cabellonews.com\" \/>\n<meta property=\"article:published_time\" content=\"2025-02-25T03:05:18+00:00\" \/>\n<meta property=\"article:modified_time\" content=\"2025-03-05T03:05:52+00:00\" \/>\n<meta property=\"og:image\" content=\"http:\/\/cabellonews.com\/wp-content\/uploads\/2025\/03\/982c9da3-274f-4e1c-a551-3f058c6b9b28.jpeg\" \/>\n\t<meta property=\"og:image:width\" content=\"1600\" \/>\n\t<meta property=\"og:image:height\" content=\"1066\" \/>\n\t<meta property=\"og:image:type\" content=\"image\/jpeg\" \/>\n<meta name=\"author\" content=\"cabellonews.com\" \/>\n<meta name=\"twitter:card\" content=\"summary_large_image\" \/>\n<meta name=\"twitter:label1\" content=\"Written by\" \/>\n\t<meta name=\"twitter:data1\" content=\"cabellonews.com\" \/>\n\t<meta name=\"twitter:label2\" content=\"Est. reading time\" \/>\n\t<meta name=\"twitter:data2\" content=\"2 minutes\" \/>\n<script type=\"application\/ld+json\" class=\"yoast-schema-graph\">{\"@context\":\"https:\/\/schema.org\",\"@graph\":[{\"@type\":\"WebPage\",\"@id\":\"https:\/\/cabellonews.com\/?p=1489\",\"url\":\"https:\/\/cabellonews.com\/?p=1489\",\"name\":\"Avanza zona metropolitana de Tamaulipas y Veracruz en estrategia de crecimiento - cabellonews.com\",\"isPartOf\":{\"@id\":\"https:\/\/cabellonews.com\/#website\"},\"datePublished\":\"2025-02-25T03:05:18+00:00\",\"dateModified\":\"2025-03-05T03:05:52+00:00\",\"author\":{\"@id\":\"https:\/\/cabellonews.com\/#\/schema\/person\/7afe73bafa6cc5a24fd4c67dfd4379d8\"},\"breadcrumb\":{\"@id\":\"https:\/\/cabellonews.com\/?p=1489#breadcrumb\"},\"inLanguage\":\"en-US\",\"potentialAction\":[{\"@type\":\"ReadAction\",\"target\":[\"https:\/\/cabellonews.com\/?p=1489\"]}]},{\"@type\":\"BreadcrumbList\",\"@id\":\"https:\/\/cabellonews.com\/?p=1489#breadcrumb\",\"itemListElement\":[{\"@type\":\"ListItem\",\"position\":1,\"name\":\"Inicio\",\"item\":\"https:\/\/cabellonews.com\/\"},{\"@type\":\"ListItem\",\"position\":2,\"name\":\"Avanza zona metropolitana de Tamaulipas y Veracruz en estrategia de crecimiento\"}]},{\"@type\":\"WebSite\",\"@id\":\"https:\/\/cabellonews.com\/#website\",\"url\":\"https:\/\/cabellonews.com\/\",\"name\":\"cabellonews.com\",\"description\":\"Con Cobertura En Tamaulipas Y norte de Veracruz\",\"potentialAction\":[{\"@type\":\"SearchAction\",\"target\":{\"@type\":\"EntryPoint\",\"urlTemplate\":\"https:\/\/cabellonews.com\/?s={search_term_string}\"},\"query-input\":\"required name=search_term_string\"}],\"inLanguage\":\"en-US\"},{\"@type\":\"Person\",\"@id\":\"https:\/\/cabellonews.com\/#\/schema\/person\/7afe73bafa6cc5a24fd4c67dfd4379d8\",\"name\":\"cabellonews.com\",\"image\":{\"@type\":\"ImageObject\",\"inLanguage\":\"en-US\",\"@id\":\"https:\/\/cabellonews.com\/#\/schema\/person\/image\/\",\"url\":\"https:\/\/secure.gravatar.com\/avatar\/8d6324fc2806389aad4cd38639618406?s=96&d=mm&r=g\",\"contentUrl\":\"https:\/\/secure.gravatar.com\/avatar\/8d6324fc2806389aad4cd38639618406?s=96&d=mm&r=g\",\"caption\":\"cabellonews.com\"},\"sameAs\":[\"http:\/\/cabellonews.com\"],\"url\":\"https:\/\/cabellonews.com\/?author=1\"}]}<\/script>\n<!-- \/ Yoast SEO plugin. -->","yoast_head_json":{"title":"Avanza zona metropolitana de Tamaulipas y Veracruz en estrategia de crecimiento - cabellonews.com","robots":{"index":"index","follow":"follow","max-snippet":"max-snippet:-1","max-image-preview":"max-image-preview:large","max-video-preview":"max-video-preview:-1"},"canonical":"https:\/\/cabellonews.com\/?p=1489","og_locale":"en_US","og_type":"article","og_title":"Avanza zona metropolitana de Tamaulipas y Veracruz en estrategia de crecimiento - cabellonews.com","og_description":"-SEDUMA se coordina con gobiernos municipales que integran la zona interestatal, para identificar \u00e1reas de oportunidad que detonen el potencial de la regi\u00f3n Febrero 25 de 2025 Tampico, Tamaulipas.- Con el objetivo de consolidar el crecimiento integral de la zona Metropolitana Interestatal Tampico, la Secretar\u00eda de Desarrollo Urbano y Medio Ambiente (SEDUMA), llev\u00f3 a cabo reuni\u00f3n de trabajo donde se present\u00f3 el Modelo Polinuclear. Esta estrategia identifica \u00e1reas de oportunidad para el desarrollo de los municipios de Tampico, Altamira, Ciudad Madero, Aldama y Gonz\u00e1lez, en Tamaulipas, as\u00ed como P\u00e1nuco, Pueblo&hellip;","og_url":"https:\/\/cabellonews.com\/?p=1489","og_site_name":"cabellonews.com","article_published_time":"2025-02-25T03:05:18+00:00","article_modified_time":"2025-03-05T03:05:52+00:00","og_image":[{"width":1600,"height":1066,"url":"http:\/\/cabellonews.com\/wp-content\/uploads\/2025\/03\/982c9da3-274f-4e1c-a551-3f058c6b9b28.jpeg","type":"image\/jpeg"}],"author":"cabellonews.com","twitter_card":"summary_large_image","twitter_misc":{"Written by":"cabellonews.com","Est. reading time":"2 minutes"},"schema":{"@context":"https:\/\/schema.org","@graph":[{"@type":"WebPage","@id":"https:\/\/cabellonews.com\/?p=1489","url":"https:\/\/cabellonews.com\/?p=1489","name":"Avanza zona metropolitana de Tamaulipas y Veracruz en estrategia de crecimiento - cabellonews.com","isPartOf":{"@id":"https:\/\/cabellonews.com\/#website"},"datePublished":"2025-02-25T03:05:18+00:00","dateModified":"2025-03-05T03:05:52+00:00","author":{"@id":"https:\/\/cabellonews.com\/#\/schema\/person\/7afe73bafa6cc5a24fd4c67dfd4379d8"},"breadcrumb":{"@id":"https:\/\/cabellonews.com\/?p=1489#breadcrumb"},"inLanguage":"en-US","potentialAction":[{"@type":"ReadAction","target":["https:\/\/cabellonews.com\/?p=1489"]}]},{"@type":"BreadcrumbList","@id":"https:\/\/cabellonews.com\/?p=1489#breadcrumb","itemListElement":[{"@type":"ListItem","position":1,"name":"Inicio","item":"https:\/\/cabellonews.com\/"},{"@type":"ListItem","position":2,"name":"Avanza zona metropolitana de Tamaulipas y Veracruz en estrategia de crecimiento"}]},{"@type":"WebSite","@id":"https:\/\/cabellonews.com\/#website","url":"https:\/\/cabellonews.com\/","name":"cabellonews.com","description":"Con Cobertura En Tamaulipas Y norte de Veracruz","potentialAction":[{"@type":"SearchAction","target":{"@type":"EntryPoint","urlTemplate":"https:\/\/cabellonews.com\/?s={search_term_string}"},"query-input":"required name=search_term_string"}],"inLanguage":"en-US"},{"@type":"Person","@id":"https:\/\/cabellonews.com\/#\/schema\/person\/7afe73bafa6cc5a24fd4c67dfd4379d8","name":"cabellonews.com","image":{"@type":"ImageObject","inLanguage":"en-US","@id":"https:\/\/cabellonews.com\/#\/schema\/person\/image\/","url":"https:\/\/secure.gravatar.com\/avatar\/8d6324fc2806389aad4cd38639618406?s=96&d=mm&r=g","contentUrl":"https:\/\/secure.gravatar.com\/avatar\/8d6324fc2806389aad4cd38639618406?s=96&d=mm&r=g","caption":"cabellonews.com"},"sameAs":["http:\/\/cabellonews.com"],"url":"https:\/\/cabellonews.com\/?author=1"}]}},"_links":{"self":[{"href":"https:\/\/cabellonews.com\/index.php?rest_route=\/wp\/v2\/posts\/1489"}],"collection":[{"href":"https:\/\/cabellonews.com\/index.php?rest_route=\/wp\/v2\/posts"}],"about":[{"href":"https:\/\/cabellonews.com\/index.php?rest_route=\/wp\/v2\/types\/post"}],"author":[{"embeddable":true,"href":"https:\/\/cabellonews.com\/index.php?rest_route=\/wp\/v2\/users\/1"}],"replies":[{"embeddable":true,"href":"https:\/\/cabellonews.com\/index.php?rest_route=%2Fwp%2Fv2%2Fcomments&post=1489"}],"version-history":[{"count":1,"href":"https:\/\/cabellonews.com\/index.php?rest_route=\/wp\/v2\/posts\/1489\/revisions"}],"predecessor-version":[{"id":1491,"href":"https:\/\/cabellonews.com\/index.php?rest_route=\/wp\/v2\/posts\/1489\/revisions\/1491"}],"wp:featuredmedia":[{"embeddable":true,"href":"https:\/\/cabellonews.com\/index.php?rest_route=\/wp\/v2\/media\/1490"}],"wp:attachment":[{"href":"https:\/\/cabellonews.com\/index.php?rest_route=%2Fwp%2Fv2%2Fmedia&parent=1489"}],"wp:term":[{"taxonomy":"category","embeddable":true,"href":"https:\/\/cabellonews.com\/index.php?rest_route=%2Fwp%2Fv2%2Fcategories&post=1489"},{"taxonomy":"post_tag","embeddable":true,"href":"https:\/\/cabellonews.com\/index.php?rest_route=%2Fwp%2Fv2%2Ftags&post=1489"}],"curies":[{"name":"wp","href":"https:\/\/api.w.org\/{rel}","templated":true}]}}