{"id":1483,"date":"2025-02-23T03:03:15","date_gmt":"2025-02-23T03:03:15","guid":{"rendered":"https:\/\/cabellonews.com\/?p=1483"},"modified":"2025-03-05T03:03:56","modified_gmt":"2025-03-05T03:03:56","slug":"premia-gobernador-americo-villarreal-a-ganadores-de-torneo-de-golf-dif-tampico-2025","status":"publish","type":"post","link":"https:\/\/cabellonews.com\/?p=1483","title":{"rendered":"Premia gobernador Am\u00e9rico Villarreal a ganadores de Torneo de Golf DIF Tampico 2025"},"content":{"rendered":"\n<p>-Con estas actividades deportivas se impulsan centros de asistencia social del Sistema DIF<\/p>\n\n\n<figure class=\"wp-block-post-featured-image\"><img width=\"240\" height=\"172\" src=\"https:\/\/cabellonews.com\/wp-content\/uploads\/2025\/03\/4f75f40e-6e8d-479b-9b44-21ca1a247cb3-240x172.jpeg\" class=\"attachment-post-thumbnail size-post-thumbnail wp-post-image\" alt=\"\" decoding=\"async\" loading=\"lazy\" \/><\/figure>\n\n\n<p>Febrero 23 de 2025<\/p>\n\n\n\n<p>Tampico, Tamaulipas. &#8211; El Gobierno del Estado est\u00e1 empe\u00f1ado en mejorar las condiciones de vida de las y los tamaulipecos y trabaja para reducir los \u00edndices de pobreza y brindar mejores oportunidades a todos sus habitantes, afirm\u00f3 el gobernador Am\u00e9rico Villarreal Anaya.<\/p>\n\n\n\n<p>Al encabezar la ceremonia de premiaci\u00f3n del Primer Torneo de Golf DIF Tampico 2025, acompa\u00f1ado por la presidenta del DIF Tamaulipas, doctora Mar\u00eda de Villarreal, y por la presidenta municipal M\u00f3nica Villarreal Anaya, el gobernador destac\u00f3 que este tipo de actividades y el respaldo econ\u00f3mico que brindan es un ejemplo de c\u00f3mo se puede seguir construyendo un mejor futuro a trav\u00e9s de una sociedad participativa y colaborativa.<\/p>\n\n\n\n<p>Luego de un recorrido por el campo del Club Campestre, el mandatario tamaulipeco convivi\u00f3 con las y los jugadores participantes y asisti\u00f3 a la ceremonia de premiaci\u00f3n de las y los ganadores de este torneo.<\/p>\n\n\n\n<p>En su mensaje, la doctora Luz Adriana Villarreal Anaya, presidenta del DIF Tampico, destac\u00f3 el respaldo estatal al DIF municipal y asegur\u00f3 que los fondos recaudados en este certamen se destinar\u00e1n a los programas y centros asistenciales de esta noble instituci\u00f3n.<\/p>\n\n\n\n<p>&#8220;Desde el DIF Tampico trabajamos con un firme compromiso: cuidar de las familias tampique\u00f1as, acci\u00f3n que logramos a diario con el absoluto respaldo del gobernador del estado, el doctor Am\u00e9rico Villarreal Anaya, y con el Sistema DIF Tamaulipas, dirigido por la doctora Mar\u00eda Santiago de Villarreal&#8221;, dijo.<\/p>\n\n\n\n<p>&#8220;Gracias por ayudarnos a ayudar y por hacer de Tampico un ejemplo de solidaridad, sensibilidad y humanismo&#8221;, expres\u00f3.<\/p>\n\n\n\n<p>En el evento se cont\u00f3 con la asistencia de los presidentes municipales de Altamira, Armando Mart\u00ednez Manr\u00edquez, y la presidenta del DIF Altamira, Rossy Luque de Mart\u00ednez; as\u00ed como del presidente municipal de Ciudad Madero, Erasmo Gonz\u00e1lez Robledo, y la presidenta del DIF Madero, Dunia Mar\u00f3n de Gonz\u00e1lez, adem\u00e1s de Jos\u00e9 Luis Herrera Sarmiento, presidente del Consejo Directivo del Club Campestre.<\/p>\n\n\n\n<pre class=\"wp-block-code\"><code>     *     *     *<\/code><\/pre>\n","protected":false},"excerpt":{"rendered":"<p>-Con estas actividades deportivas se impulsan centros de asistencia social del Sistema DIF Febrero 23 de 2025 Tampico, Tamaulipas. &#8211; El Gobierno del Estado est\u00e1 empe\u00f1ado en mejorar las condiciones de vida de las y los tamaulipecos y trabaja para reducir los \u00edndices de pobreza y brindar mejores oportunidades a todos sus habitantes, afirm\u00f3 el gobernador Am\u00e9rico Villarreal Anaya. Al encabezar la ceremonia de premiaci\u00f3n del Primer Torneo de Golf DIF Tampico 2025, acompa\u00f1ado por la presidenta del DIF Tamaulipas, doctora Mar\u00eda de Villarreal, y por la presidenta municipal M\u00f3nica&hellip;<\/p>\n","protected":false},"author":1,"featured_media":1484,"comment_status":"open","ping_status":"open","sticky":false,"template":"","format":"standard","meta":[],"categories":[1],"tags":[],"gutentor_comment":0,"yoast_head":"<!-- This site is optimized with the Yoast SEO plugin v20.10 - https:\/\/yoast.com\/wordpress\/plugins\/seo\/ -->\n<title>Premia gobernador Am\u00e9rico Villarreal a ganadores de Torneo de Golf DIF Tampico 2025 - cabellonews.com<\/title>\n<meta name=\"robots\" content=\"index, follow, max-snippet:-1, max-image-preview:large, max-video-preview:-1\" \/>\n<link rel=\"canonical\" href=\"https:\/\/cabellonews.com\/?p=1483\" \/>\n<meta property=\"og:locale\" content=\"en_US\" \/>\n<meta property=\"og:type\" content=\"article\" \/>\n<meta property=\"og:title\" content=\"Premia gobernador Am\u00e9rico Villarreal a ganadores de Torneo de Golf DIF Tampico 2025 - cabellonews.com\" \/>\n<meta property=\"og:description\" content=\"-Con estas actividades deportivas se impulsan centros de asistencia social del Sistema DIF Febrero 23 de 2025 Tampico, Tamaulipas. &#8211; El Gobierno del Estado est\u00e1 empe\u00f1ado en mejorar las condiciones de vida de las y los tamaulipecos y trabaja para reducir los \u00edndices de pobreza y brindar mejores oportunidades a todos sus habitantes, afirm\u00f3 el gobernador Am\u00e9rico Villarreal Anaya. Al encabezar la ceremonia de premiaci\u00f3n del Primer Torneo de Golf DIF Tampico 2025, acompa\u00f1ado por la presidenta del DIF Tamaulipas, doctora Mar\u00eda de Villarreal, y por la presidenta municipal M\u00f3nica&hellip;\" \/>\n<meta property=\"og:url\" content=\"https:\/\/cabellonews.com\/?p=1483\" \/>\n<meta property=\"og:site_name\" content=\"cabellonews.com\" \/>\n<meta property=\"article:published_time\" content=\"2025-02-23T03:03:15+00:00\" \/>\n<meta property=\"article:modified_time\" content=\"2025-03-05T03:03:56+00:00\" \/>\n<meta property=\"og:image\" content=\"http:\/\/cabellonews.com\/wp-content\/uploads\/2025\/03\/4f75f40e-6e8d-479b-9b44-21ca1a247cb3.jpeg\" \/>\n\t<meta property=\"og:image:width\" content=\"1040\" \/>\n\t<meta property=\"og:image:height\" content=\"694\" \/>\n\t<meta property=\"og:image:type\" content=\"image\/jpeg\" \/>\n<meta name=\"author\" content=\"cabellonews.com\" \/>\n<meta name=\"twitter:card\" content=\"summary_large_image\" \/>\n<meta name=\"twitter:label1\" content=\"Written by\" \/>\n\t<meta name=\"twitter:data1\" content=\"cabellonews.com\" \/>\n\t<meta name=\"twitter:label2\" content=\"Est. reading time\" \/>\n\t<meta name=\"twitter:data2\" content=\"2 minutes\" \/>\n<script type=\"application\/ld+json\" class=\"yoast-schema-graph\">{\"@context\":\"https:\/\/schema.org\",\"@graph\":[{\"@type\":\"WebPage\",\"@id\":\"https:\/\/cabellonews.com\/?p=1483\",\"url\":\"https:\/\/cabellonews.com\/?p=1483\",\"name\":\"Premia gobernador Am\u00e9rico Villarreal a ganadores de Torneo de Golf DIF Tampico 2025 - cabellonews.com\",\"isPartOf\":{\"@id\":\"https:\/\/cabellonews.com\/#website\"},\"datePublished\":\"2025-02-23T03:03:15+00:00\",\"dateModified\":\"2025-03-05T03:03:56+00:00\",\"author\":{\"@id\":\"https:\/\/cabellonews.com\/#\/schema\/person\/7afe73bafa6cc5a24fd4c67dfd4379d8\"},\"breadcrumb\":{\"@id\":\"https:\/\/cabellonews.com\/?p=1483#breadcrumb\"},\"inLanguage\":\"en-US\",\"potentialAction\":[{\"@type\":\"ReadAction\",\"target\":[\"https:\/\/cabellonews.com\/?p=1483\"]}]},{\"@type\":\"BreadcrumbList\",\"@id\":\"https:\/\/cabellonews.com\/?p=1483#breadcrumb\",\"itemListElement\":[{\"@type\":\"ListItem\",\"position\":1,\"name\":\"Inicio\",\"item\":\"https:\/\/cabellonews.com\/\"},{\"@type\":\"ListItem\",\"position\":2,\"name\":\"Premia gobernador Am\u00e9rico Villarreal a ganadores de Torneo de Golf DIF Tampico 2025\"}]},{\"@type\":\"WebSite\",\"@id\":\"https:\/\/cabellonews.com\/#website\",\"url\":\"https:\/\/cabellonews.com\/\",\"name\":\"cabellonews.com\",\"description\":\"Con Cobertura En Tamaulipas Y norte de Veracruz\",\"potentialAction\":[{\"@type\":\"SearchAction\",\"target\":{\"@type\":\"EntryPoint\",\"urlTemplate\":\"https:\/\/cabellonews.com\/?s={search_term_string}\"},\"query-input\":\"required name=search_term_string\"}],\"inLanguage\":\"en-US\"},{\"@type\":\"Person\",\"@id\":\"https:\/\/cabellonews.com\/#\/schema\/person\/7afe73bafa6cc5a24fd4c67dfd4379d8\",\"name\":\"cabellonews.com\",\"image\":{\"@type\":\"ImageObject\",\"inLanguage\":\"en-US\",\"@id\":\"https:\/\/cabellonews.com\/#\/schema\/person\/image\/\",\"url\":\"https:\/\/secure.gravatar.com\/avatar\/8d6324fc2806389aad4cd38639618406?s=96&d=mm&r=g\",\"contentUrl\":\"https:\/\/secure.gravatar.com\/avatar\/8d6324fc2806389aad4cd38639618406?s=96&d=mm&r=g\",\"caption\":\"cabellonews.com\"},\"sameAs\":[\"http:\/\/cabellonews.com\"],\"url\":\"https:\/\/cabellonews.com\/?author=1\"}]}<\/script>\n<!-- \/ Yoast SEO plugin. -->","yoast_head_json":{"title":"Premia gobernador Am\u00e9rico Villarreal a ganadores de Torneo de Golf DIF Tampico 2025 - cabellonews.com","robots":{"index":"index","follow":"follow","max-snippet":"max-snippet:-1","max-image-preview":"max-image-preview:large","max-video-preview":"max-video-preview:-1"},"canonical":"https:\/\/cabellonews.com\/?p=1483","og_locale":"en_US","og_type":"article","og_title":"Premia gobernador Am\u00e9rico Villarreal a ganadores de Torneo de Golf DIF Tampico 2025 - cabellonews.com","og_description":"-Con estas actividades deportivas se impulsan centros de asistencia social del Sistema DIF Febrero 23 de 2025 Tampico, Tamaulipas. &#8211; El Gobierno del Estado est\u00e1 empe\u00f1ado en mejorar las condiciones de vida de las y los tamaulipecos y trabaja para reducir los \u00edndices de pobreza y brindar mejores oportunidades a todos sus habitantes, afirm\u00f3 el gobernador Am\u00e9rico Villarreal Anaya. Al encabezar la ceremonia de premiaci\u00f3n del Primer Torneo de Golf DIF Tampico 2025, acompa\u00f1ado por la presidenta del DIF Tamaulipas, doctora Mar\u00eda de Villarreal, y por la presidenta municipal M\u00f3nica&hellip;","og_url":"https:\/\/cabellonews.com\/?p=1483","og_site_name":"cabellonews.com","article_published_time":"2025-02-23T03:03:15+00:00","article_modified_time":"2025-03-05T03:03:56+00:00","og_image":[{"width":1040,"height":694,"url":"http:\/\/cabellonews.com\/wp-content\/uploads\/2025\/03\/4f75f40e-6e8d-479b-9b44-21ca1a247cb3.jpeg","type":"image\/jpeg"}],"author":"cabellonews.com","twitter_card":"summary_large_image","twitter_misc":{"Written by":"cabellonews.com","Est. reading time":"2 minutes"},"schema":{"@context":"https:\/\/schema.org","@graph":[{"@type":"WebPage","@id":"https:\/\/cabellonews.com\/?p=1483","url":"https:\/\/cabellonews.com\/?p=1483","name":"Premia gobernador Am\u00e9rico Villarreal a ganadores de Torneo de Golf DIF Tampico 2025 - cabellonews.com","isPartOf":{"@id":"https:\/\/cabellonews.com\/#website"},"datePublished":"2025-02-23T03:03:15+00:00","dateModified":"2025-03-05T03:03:56+00:00","author":{"@id":"https:\/\/cabellonews.com\/#\/schema\/person\/7afe73bafa6cc5a24fd4c67dfd4379d8"},"breadcrumb":{"@id":"https:\/\/cabellonews.com\/?p=1483#breadcrumb"},"inLanguage":"en-US","potentialAction":[{"@type":"ReadAction","target":["https:\/\/cabellonews.com\/?p=1483"]}]},{"@type":"BreadcrumbList","@id":"https:\/\/cabellonews.com\/?p=1483#breadcrumb","itemListElement":[{"@type":"ListItem","position":1,"name":"Inicio","item":"https:\/\/cabellonews.com\/"},{"@type":"ListItem","position":2,"name":"Premia gobernador Am\u00e9rico Villarreal a ganadores de Torneo de Golf DIF Tampico 2025"}]},{"@type":"WebSite","@id":"https:\/\/cabellonews.com\/#website","url":"https:\/\/cabellonews.com\/","name":"cabellonews.com","description":"Con Cobertura En Tamaulipas Y norte de Veracruz","potentialAction":[{"@type":"SearchAction","target":{"@type":"EntryPoint","urlTemplate":"https:\/\/cabellonews.com\/?s={search_term_string}"},"query-input":"required name=search_term_string"}],"inLanguage":"en-US"},{"@type":"Person","@id":"https:\/\/cabellonews.com\/#\/schema\/person\/7afe73bafa6cc5a24fd4c67dfd4379d8","name":"cabellonews.com","image":{"@type":"ImageObject","inLanguage":"en-US","@id":"https:\/\/cabellonews.com\/#\/schema\/person\/image\/","url":"https:\/\/secure.gravatar.com\/avatar\/8d6324fc2806389aad4cd38639618406?s=96&d=mm&r=g","contentUrl":"https:\/\/secure.gravatar.com\/avatar\/8d6324fc2806389aad4cd38639618406?s=96&d=mm&r=g","caption":"cabellonews.com"},"sameAs":["http:\/\/cabellonews.com"],"url":"https:\/\/cabellonews.com\/?author=1"}]}},"_links":{"self":[{"href":"https:\/\/cabellonews.com\/index.php?rest_route=\/wp\/v2\/posts\/1483"}],"collection":[{"href":"https:\/\/cabellonews.com\/index.php?rest_route=\/wp\/v2\/posts"}],"about":[{"href":"https:\/\/cabellonews.com\/index.php?rest_route=\/wp\/v2\/types\/post"}],"author":[{"embeddable":true,"href":"https:\/\/cabellonews.com\/index.php?rest_route=\/wp\/v2\/users\/1"}],"replies":[{"embeddable":true,"href":"https:\/\/cabellonews.com\/index.php?rest_route=%2Fwp%2Fv2%2Fcomments&post=1483"}],"version-history":[{"count":1,"href":"https:\/\/cabellonews.com\/index.php?rest_route=\/wp\/v2\/posts\/1483\/revisions"}],"predecessor-version":[{"id":1485,"href":"https:\/\/cabellonews.com\/index.php?rest_route=\/wp\/v2\/posts\/1483\/revisions\/1485"}],"wp:featuredmedia":[{"embeddable":true,"href":"https:\/\/cabellonews.com\/index.php?rest_route=\/wp\/v2\/media\/1484"}],"wp:attachment":[{"href":"https:\/\/cabellonews.com\/index.php?rest_route=%2Fwp%2Fv2%2Fmedia&parent=1483"}],"wp:term":[{"taxonomy":"category","embeddable":true,"href":"https:\/\/cabellonews.com\/index.php?rest_route=%2Fwp%2Fv2%2Fcategories&post=1483"},{"taxonomy":"post_tag","embeddable":true,"href":"https:\/\/cabellonews.com\/index.php?rest_route=%2Fwp%2Fv2%2Ftags&post=1483"}],"curies":[{"name":"wp","href":"https:\/\/api.w.org\/{rel}","templated":true}]}}