{"id":1480,"date":"2025-02-22T03:02:32","date_gmt":"2025-02-22T03:02:32","guid":{"rendered":"https:\/\/cabellonews.com\/?p=1480"},"modified":"2025-03-05T03:03:14","modified_gmt":"2025-03-05T03:03:14","slug":"controla-proteccion-civil-aparatoso-incendio-en-la-capital","status":"publish","type":"post","link":"https:\/\/cabellonews.com\/?p=1480","title":{"rendered":"Controla Protecci\u00f3n Civil aparatoso incendio en la capital"},"content":{"rendered":"\n<p>Febrero 22 de 2025<\/p>\n\n\n<figure class=\"wp-block-post-featured-image\"><img width=\"240\" height=\"172\" src=\"https:\/\/cabellonews.com\/wp-content\/uploads\/2025\/03\/f9eca60f-b923-4df5-9e84-7469d10a5400-240x172.jpeg\" class=\"attachment-post-thumbnail size-post-thumbnail wp-post-image\" alt=\"\" decoding=\"async\" loading=\"lazy\" \/><\/figure>\n\n\n<p>Ciudad Victoria, Tamaulipas.-Personal de Bomberos y Protecci\u00f3n Civil Estatal, logr\u00f3 controlar el fuerte incendio que se registr\u00f3 esta noche en un predio ubicado entre la calle prolongaci\u00f3n Carlos Adri\u00e1n Avil\u00e9s con cruce de carretera a Soto la Marina.<\/p>\n\n\n\n<p>Los apagafuegos acudieron al lugar, luego de que por una llamada al 911, se avis\u00f3 del incendio que consumi\u00f3 pastizales sin ocasionar da\u00f1os de ning\u00fan tipo.<\/p>\n\n\n\n<p>Lo aparatoso del incendio provoc\u00f3 la movilizaci\u00f3n del personal de Protecci\u00f3n Civil quienes lograron controlar el fuego luego de m\u00e1s de dos horas de trabajo.<\/p>\n","protected":false},"excerpt":{"rendered":"<p>Febrero 22 de 2025 Ciudad Victoria, Tamaulipas.-Personal de Bomberos y Protecci\u00f3n Civil Estatal, logr\u00f3 controlar el fuerte incendio que se registr\u00f3 esta noche en un predio ubicado entre la calle prolongaci\u00f3n Carlos Adri\u00e1n Avil\u00e9s con cruce de carretera a Soto la Marina. Los apagafuegos acudieron al lugar, luego de que por una llamada al 911, se avis\u00f3 del incendio que consumi\u00f3 pastizales sin ocasionar da\u00f1os de ning\u00fan tipo. Lo aparatoso del incendio provoc\u00f3 la movilizaci\u00f3n del personal de Protecci\u00f3n Civil quienes lograron controlar el fuego luego de m\u00e1s de dos&hellip;<\/p>\n","protected":false},"author":1,"featured_media":1481,"comment_status":"open","ping_status":"open","sticky":false,"template":"","format":"standard","meta":[],"categories":[1],"tags":[],"gutentor_comment":0,"yoast_head":"<!-- This site is optimized with the Yoast SEO plugin v20.10 - https:\/\/yoast.com\/wordpress\/plugins\/seo\/ -->\n<title>Controla Protecci\u00f3n Civil aparatoso incendio en la capital - cabellonews.com<\/title>\n<meta name=\"robots\" content=\"index, follow, max-snippet:-1, max-image-preview:large, max-video-preview:-1\" \/>\n<link rel=\"canonical\" href=\"https:\/\/cabellonews.com\/?p=1480\" \/>\n<meta property=\"og:locale\" content=\"en_US\" \/>\n<meta property=\"og:type\" content=\"article\" \/>\n<meta property=\"og:title\" content=\"Controla Protecci\u00f3n Civil aparatoso incendio en la capital - cabellonews.com\" \/>\n<meta property=\"og:description\" content=\"Febrero 22 de 2025 Ciudad Victoria, Tamaulipas.-Personal de Bomberos y Protecci\u00f3n Civil Estatal, logr\u00f3 controlar el fuerte incendio que se registr\u00f3 esta noche en un predio ubicado entre la calle prolongaci\u00f3n Carlos Adri\u00e1n Avil\u00e9s con cruce de carretera a Soto la Marina. Los apagafuegos acudieron al lugar, luego de que por una llamada al 911, se avis\u00f3 del incendio que consumi\u00f3 pastizales sin ocasionar da\u00f1os de ning\u00fan tipo. Lo aparatoso del incendio provoc\u00f3 la movilizaci\u00f3n del personal de Protecci\u00f3n Civil quienes lograron controlar el fuego luego de m\u00e1s de dos&hellip;\" \/>\n<meta property=\"og:url\" content=\"https:\/\/cabellonews.com\/?p=1480\" \/>\n<meta property=\"og:site_name\" content=\"cabellonews.com\" \/>\n<meta property=\"article:published_time\" content=\"2025-02-22T03:02:32+00:00\" \/>\n<meta property=\"article:modified_time\" content=\"2025-03-05T03:03:14+00:00\" \/>\n<meta property=\"og:image\" content=\"http:\/\/cabellonews.com\/wp-content\/uploads\/2025\/03\/f9eca60f-b923-4df5-9e84-7469d10a5400.jpeg\" \/>\n\t<meta property=\"og:image:width\" content=\"1600\" \/>\n\t<meta property=\"og:image:height\" content=\"900\" \/>\n\t<meta property=\"og:image:type\" content=\"image\/jpeg\" \/>\n<meta name=\"author\" content=\"cabellonews.com\" \/>\n<meta name=\"twitter:card\" content=\"summary_large_image\" \/>\n<meta name=\"twitter:label1\" content=\"Written by\" \/>\n\t<meta name=\"twitter:data1\" content=\"cabellonews.com\" \/>\n\t<meta name=\"twitter:label2\" content=\"Est. reading time\" \/>\n\t<meta name=\"twitter:data2\" content=\"1 minute\" \/>\n<script type=\"application\/ld+json\" class=\"yoast-schema-graph\">{\"@context\":\"https:\/\/schema.org\",\"@graph\":[{\"@type\":\"WebPage\",\"@id\":\"https:\/\/cabellonews.com\/?p=1480\",\"url\":\"https:\/\/cabellonews.com\/?p=1480\",\"name\":\"Controla Protecci\u00f3n Civil aparatoso incendio en la capital - cabellonews.com\",\"isPartOf\":{\"@id\":\"https:\/\/cabellonews.com\/#website\"},\"datePublished\":\"2025-02-22T03:02:32+00:00\",\"dateModified\":\"2025-03-05T03:03:14+00:00\",\"author\":{\"@id\":\"https:\/\/cabellonews.com\/#\/schema\/person\/7afe73bafa6cc5a24fd4c67dfd4379d8\"},\"breadcrumb\":{\"@id\":\"https:\/\/cabellonews.com\/?p=1480#breadcrumb\"},\"inLanguage\":\"en-US\",\"potentialAction\":[{\"@type\":\"ReadAction\",\"target\":[\"https:\/\/cabellonews.com\/?p=1480\"]}]},{\"@type\":\"BreadcrumbList\",\"@id\":\"https:\/\/cabellonews.com\/?p=1480#breadcrumb\",\"itemListElement\":[{\"@type\":\"ListItem\",\"position\":1,\"name\":\"Inicio\",\"item\":\"https:\/\/cabellonews.com\/\"},{\"@type\":\"ListItem\",\"position\":2,\"name\":\"Controla Protecci\u00f3n Civil aparatoso incendio en la capital\"}]},{\"@type\":\"WebSite\",\"@id\":\"https:\/\/cabellonews.com\/#website\",\"url\":\"https:\/\/cabellonews.com\/\",\"name\":\"cabellonews.com\",\"description\":\"Con Cobertura En Tamaulipas Y norte de Veracruz\",\"potentialAction\":[{\"@type\":\"SearchAction\",\"target\":{\"@type\":\"EntryPoint\",\"urlTemplate\":\"https:\/\/cabellonews.com\/?s={search_term_string}\"},\"query-input\":\"required name=search_term_string\"}],\"inLanguage\":\"en-US\"},{\"@type\":\"Person\",\"@id\":\"https:\/\/cabellonews.com\/#\/schema\/person\/7afe73bafa6cc5a24fd4c67dfd4379d8\",\"name\":\"cabellonews.com\",\"image\":{\"@type\":\"ImageObject\",\"inLanguage\":\"en-US\",\"@id\":\"https:\/\/cabellonews.com\/#\/schema\/person\/image\/\",\"url\":\"https:\/\/secure.gravatar.com\/avatar\/8d6324fc2806389aad4cd38639618406?s=96&d=mm&r=g\",\"contentUrl\":\"https:\/\/secure.gravatar.com\/avatar\/8d6324fc2806389aad4cd38639618406?s=96&d=mm&r=g\",\"caption\":\"cabellonews.com\"},\"sameAs\":[\"http:\/\/cabellonews.com\"],\"url\":\"https:\/\/cabellonews.com\/?author=1\"}]}<\/script>\n<!-- \/ Yoast SEO plugin. -->","yoast_head_json":{"title":"Controla Protecci\u00f3n Civil aparatoso incendio en la capital - cabellonews.com","robots":{"index":"index","follow":"follow","max-snippet":"max-snippet:-1","max-image-preview":"max-image-preview:large","max-video-preview":"max-video-preview:-1"},"canonical":"https:\/\/cabellonews.com\/?p=1480","og_locale":"en_US","og_type":"article","og_title":"Controla Protecci\u00f3n Civil aparatoso incendio en la capital - cabellonews.com","og_description":"Febrero 22 de 2025 Ciudad Victoria, Tamaulipas.-Personal de Bomberos y Protecci\u00f3n Civil Estatal, logr\u00f3 controlar el fuerte incendio que se registr\u00f3 esta noche en un predio ubicado entre la calle prolongaci\u00f3n Carlos Adri\u00e1n Avil\u00e9s con cruce de carretera a Soto la Marina. Los apagafuegos acudieron al lugar, luego de que por una llamada al 911, se avis\u00f3 del incendio que consumi\u00f3 pastizales sin ocasionar da\u00f1os de ning\u00fan tipo. Lo aparatoso del incendio provoc\u00f3 la movilizaci\u00f3n del personal de Protecci\u00f3n Civil quienes lograron controlar el fuego luego de m\u00e1s de dos&hellip;","og_url":"https:\/\/cabellonews.com\/?p=1480","og_site_name":"cabellonews.com","article_published_time":"2025-02-22T03:02:32+00:00","article_modified_time":"2025-03-05T03:03:14+00:00","og_image":[{"width":1600,"height":900,"url":"http:\/\/cabellonews.com\/wp-content\/uploads\/2025\/03\/f9eca60f-b923-4df5-9e84-7469d10a5400.jpeg","type":"image\/jpeg"}],"author":"cabellonews.com","twitter_card":"summary_large_image","twitter_misc":{"Written by":"cabellonews.com","Est. reading time":"1 minute"},"schema":{"@context":"https:\/\/schema.org","@graph":[{"@type":"WebPage","@id":"https:\/\/cabellonews.com\/?p=1480","url":"https:\/\/cabellonews.com\/?p=1480","name":"Controla Protecci\u00f3n Civil aparatoso incendio en la capital - cabellonews.com","isPartOf":{"@id":"https:\/\/cabellonews.com\/#website"},"datePublished":"2025-02-22T03:02:32+00:00","dateModified":"2025-03-05T03:03:14+00:00","author":{"@id":"https:\/\/cabellonews.com\/#\/schema\/person\/7afe73bafa6cc5a24fd4c67dfd4379d8"},"breadcrumb":{"@id":"https:\/\/cabellonews.com\/?p=1480#breadcrumb"},"inLanguage":"en-US","potentialAction":[{"@type":"ReadAction","target":["https:\/\/cabellonews.com\/?p=1480"]}]},{"@type":"BreadcrumbList","@id":"https:\/\/cabellonews.com\/?p=1480#breadcrumb","itemListElement":[{"@type":"ListItem","position":1,"name":"Inicio","item":"https:\/\/cabellonews.com\/"},{"@type":"ListItem","position":2,"name":"Controla Protecci\u00f3n Civil aparatoso incendio en la capital"}]},{"@type":"WebSite","@id":"https:\/\/cabellonews.com\/#website","url":"https:\/\/cabellonews.com\/","name":"cabellonews.com","description":"Con Cobertura En Tamaulipas Y norte de Veracruz","potentialAction":[{"@type":"SearchAction","target":{"@type":"EntryPoint","urlTemplate":"https:\/\/cabellonews.com\/?s={search_term_string}"},"query-input":"required name=search_term_string"}],"inLanguage":"en-US"},{"@type":"Person","@id":"https:\/\/cabellonews.com\/#\/schema\/person\/7afe73bafa6cc5a24fd4c67dfd4379d8","name":"cabellonews.com","image":{"@type":"ImageObject","inLanguage":"en-US","@id":"https:\/\/cabellonews.com\/#\/schema\/person\/image\/","url":"https:\/\/secure.gravatar.com\/avatar\/8d6324fc2806389aad4cd38639618406?s=96&d=mm&r=g","contentUrl":"https:\/\/secure.gravatar.com\/avatar\/8d6324fc2806389aad4cd38639618406?s=96&d=mm&r=g","caption":"cabellonews.com"},"sameAs":["http:\/\/cabellonews.com"],"url":"https:\/\/cabellonews.com\/?author=1"}]}},"_links":{"self":[{"href":"https:\/\/cabellonews.com\/index.php?rest_route=\/wp\/v2\/posts\/1480"}],"collection":[{"href":"https:\/\/cabellonews.com\/index.php?rest_route=\/wp\/v2\/posts"}],"about":[{"href":"https:\/\/cabellonews.com\/index.php?rest_route=\/wp\/v2\/types\/post"}],"author":[{"embeddable":true,"href":"https:\/\/cabellonews.com\/index.php?rest_route=\/wp\/v2\/users\/1"}],"replies":[{"embeddable":true,"href":"https:\/\/cabellonews.com\/index.php?rest_route=%2Fwp%2Fv2%2Fcomments&post=1480"}],"version-history":[{"count":1,"href":"https:\/\/cabellonews.com\/index.php?rest_route=\/wp\/v2\/posts\/1480\/revisions"}],"predecessor-version":[{"id":1482,"href":"https:\/\/cabellonews.com\/index.php?rest_route=\/wp\/v2\/posts\/1480\/revisions\/1482"}],"wp:featuredmedia":[{"embeddable":true,"href":"https:\/\/cabellonews.com\/index.php?rest_route=\/wp\/v2\/media\/1481"}],"wp:attachment":[{"href":"https:\/\/cabellonews.com\/index.php?rest_route=%2Fwp%2Fv2%2Fmedia&parent=1480"}],"wp:term":[{"taxonomy":"category","embeddable":true,"href":"https:\/\/cabellonews.com\/index.php?rest_route=%2Fwp%2Fv2%2Fcategories&post=1480"},{"taxonomy":"post_tag","embeddable":true,"href":"https:\/\/cabellonews.com\/index.php?rest_route=%2Fwp%2Fv2%2Ftags&post=1480"}],"curies":[{"name":"wp","href":"https:\/\/api.w.org\/{rel}","templated":true}]}}