{"id":1477,"date":"2025-02-21T03:01:53","date_gmt":"2025-02-21T03:01:53","guid":{"rendered":"https:\/\/cabellonews.com\/?p=1477"},"modified":"2025-03-05T03:02:30","modified_gmt":"2025-03-05T03:02:30","slug":"promueve-utnl-su-oferta-educativa-a-estudiantes-de-preparatoria","status":"publish","type":"post","link":"https:\/\/cabellonews.com\/?p=1477","title":{"rendered":"Promueve UTNL su oferta educativa a estudiantes de preparatoria"},"content":{"rendered":"\n<p>-J\u00f3venes de las tres preparatorias municipales recorrieron las instalaciones de la Universidad Tecnol\u00f3gica de Nuevo Laredo<\/p>\n\n\n<figure class=\"wp-block-post-featured-image\"><img width=\"240\" height=\"172\" src=\"https:\/\/cabellonews.com\/wp-content\/uploads\/2025\/03\/6b323830-947a-4512-b026-39dc63efa761-240x172.jpeg\" class=\"attachment-post-thumbnail size-post-thumbnail wp-post-image\" alt=\"\" decoding=\"async\" loading=\"lazy\" \/><\/figure>\n\n\n<p>Febrero 21 de 2025<\/p>\n\n\n\n<p>Nuevo Laredo, Tamaulipas.\u2013 Como parte de las actividades de promoci\u00f3n, estudiantes de las tres preparatorias municipales de la ciudad, visitaron las instalaciones de la Universidad Tecnol\u00f3gica de Nuevo Laredo (UTNL) para conocer de primera mano las distintas carreras y programas acad\u00e9micos que ofrece la Universidad.<\/p>\n\n\n\n<p>El rector de la UTNL, Jos\u00e9 Antonio Tovar Lara, inform\u00f3 que la instituci\u00f3n recibi\u00f3 a alrededor de 180 alumnas y alumnos que cursan el sexto semestre de las preparatorias \u201cManuel G\u00f3mez Mor\u00edn\u201d, \u201cElena Poniatowska\u201d y \u201cJos\u00e9 Vasconcelos\u201d, quienes conocieron la oferta acad\u00e9mica del plantel.<\/p>\n\n\n\n<p>Indic\u00f3 que la UTNL contin\u00faa en crecimiento, tanto en infraestructura como en sus programas acad\u00e9micos, por lo que cuenta con la capacidad para recibir en sus aulas y laboratorios a las y los j\u00f3venes que egresar\u00e1n del nivel medio superior y que deseen seguir con sus estudios universitarios.<\/p>\n\n\n\n<p>Record\u00f3 que actualmente, la Universidad tiene abierto el proceso de preinscripciones, por lo que las y los interesados pueden realizarlo en l\u00ednea, a trav\u00e9s del portal www.utnuevolaredo.edu.mx,<br>en donde se detallan los pasos a seguir.<\/p>\n\n\n\n<p>Adem\u00e1s reiter\u00f3 que como parte de la expansi\u00f3n de la UTNL, para el pr\u00f3ximo ciclo escolar se aperturar\u00e1 la carrera en Inteligencia Artificial, adem\u00e1s de un nuevo laboratorio especializado para este campo, como prueba de que la instituci\u00f3n se encuentra a la vanguardia de las necesidades de la sociedad actual.<\/p>\n\n\n\n<p>Reconoci\u00f3 que estas mejoras son posibles gracias al compromiso humanista y transformador del gobernador Am\u00e9rico Villarreal Anaya, quien a trav\u00e9s del dise\u00f1o de pol\u00edticas educativas eficientes, y su aplicaci\u00f3n por parte de la Secretar\u00eda de Educaci\u00f3n de Tamaulipas, se consolida una educaci\u00f3n superior integral y de excelencia.<\/p>\n\n\n\n<pre class=\"wp-block-code\"><code>      *     *    *<\/code><\/pre>\n","protected":false},"excerpt":{"rendered":"<p>-J\u00f3venes de las tres preparatorias municipales recorrieron las instalaciones de la Universidad Tecnol\u00f3gica de Nuevo Laredo Febrero 21 de 2025 Nuevo Laredo, Tamaulipas.\u2013 Como parte de las actividades de promoci\u00f3n, estudiantes de las tres preparatorias municipales de la ciudad, visitaron las instalaciones de la Universidad Tecnol\u00f3gica de Nuevo Laredo (UTNL) para conocer de primera mano las distintas carreras y programas acad\u00e9micos que ofrece la Universidad. El rector de la UTNL, Jos\u00e9 Antonio Tovar Lara, inform\u00f3 que la instituci\u00f3n recibi\u00f3 a alrededor de 180 alumnas y alumnos que cursan el sexto&hellip;<\/p>\n","protected":false},"author":1,"featured_media":1478,"comment_status":"open","ping_status":"open","sticky":false,"template":"","format":"standard","meta":[],"categories":[1],"tags":[],"gutentor_comment":0,"yoast_head":"<!-- This site is optimized with the Yoast SEO plugin v20.10 - https:\/\/yoast.com\/wordpress\/plugins\/seo\/ -->\n<title>Promueve UTNL su oferta educativa a estudiantes de preparatoria - cabellonews.com<\/title>\n<meta name=\"robots\" content=\"index, follow, max-snippet:-1, max-image-preview:large, max-video-preview:-1\" \/>\n<link rel=\"canonical\" href=\"https:\/\/cabellonews.com\/?p=1477\" \/>\n<meta property=\"og:locale\" content=\"en_US\" \/>\n<meta property=\"og:type\" content=\"article\" \/>\n<meta property=\"og:title\" content=\"Promueve UTNL su oferta educativa a estudiantes de preparatoria - cabellonews.com\" \/>\n<meta property=\"og:description\" content=\"-J\u00f3venes de las tres preparatorias municipales recorrieron las instalaciones de la Universidad Tecnol\u00f3gica de Nuevo Laredo Febrero 21 de 2025 Nuevo Laredo, Tamaulipas.\u2013 Como parte de las actividades de promoci\u00f3n, estudiantes de las tres preparatorias municipales de la ciudad, visitaron las instalaciones de la Universidad Tecnol\u00f3gica de Nuevo Laredo (UTNL) para conocer de primera mano las distintas carreras y programas acad\u00e9micos que ofrece la Universidad. El rector de la UTNL, Jos\u00e9 Antonio Tovar Lara, inform\u00f3 que la instituci\u00f3n recibi\u00f3 a alrededor de 180 alumnas y alumnos que cursan el sexto&hellip;\" \/>\n<meta property=\"og:url\" content=\"https:\/\/cabellonews.com\/?p=1477\" \/>\n<meta property=\"og:site_name\" content=\"cabellonews.com\" \/>\n<meta property=\"article:published_time\" content=\"2025-02-21T03:01:53+00:00\" \/>\n<meta property=\"article:modified_time\" content=\"2025-03-05T03:02:30+00:00\" \/>\n<meta property=\"og:image\" content=\"http:\/\/cabellonews.com\/wp-content\/uploads\/2025\/03\/6b323830-947a-4512-b026-39dc63efa761.jpeg\" \/>\n\t<meta property=\"og:image:width\" content=\"1600\" \/>\n\t<meta property=\"og:image:height\" content=\"1200\" \/>\n\t<meta property=\"og:image:type\" content=\"image\/jpeg\" \/>\n<meta name=\"author\" content=\"cabellonews.com\" \/>\n<meta name=\"twitter:card\" content=\"summary_large_image\" \/>\n<meta name=\"twitter:label1\" content=\"Written by\" \/>\n\t<meta name=\"twitter:data1\" content=\"cabellonews.com\" \/>\n\t<meta name=\"twitter:label2\" content=\"Est. reading time\" \/>\n\t<meta name=\"twitter:data2\" content=\"2 minutes\" \/>\n<script type=\"application\/ld+json\" class=\"yoast-schema-graph\">{\"@context\":\"https:\/\/schema.org\",\"@graph\":[{\"@type\":\"WebPage\",\"@id\":\"https:\/\/cabellonews.com\/?p=1477\",\"url\":\"https:\/\/cabellonews.com\/?p=1477\",\"name\":\"Promueve UTNL su oferta educativa a estudiantes de preparatoria - cabellonews.com\",\"isPartOf\":{\"@id\":\"https:\/\/cabellonews.com\/#website\"},\"datePublished\":\"2025-02-21T03:01:53+00:00\",\"dateModified\":\"2025-03-05T03:02:30+00:00\",\"author\":{\"@id\":\"https:\/\/cabellonews.com\/#\/schema\/person\/7afe73bafa6cc5a24fd4c67dfd4379d8\"},\"breadcrumb\":{\"@id\":\"https:\/\/cabellonews.com\/?p=1477#breadcrumb\"},\"inLanguage\":\"en-US\",\"potentialAction\":[{\"@type\":\"ReadAction\",\"target\":[\"https:\/\/cabellonews.com\/?p=1477\"]}]},{\"@type\":\"BreadcrumbList\",\"@id\":\"https:\/\/cabellonews.com\/?p=1477#breadcrumb\",\"itemListElement\":[{\"@type\":\"ListItem\",\"position\":1,\"name\":\"Inicio\",\"item\":\"https:\/\/cabellonews.com\/\"},{\"@type\":\"ListItem\",\"position\":2,\"name\":\"Promueve UTNL su oferta educativa a estudiantes de preparatoria\"}]},{\"@type\":\"WebSite\",\"@id\":\"https:\/\/cabellonews.com\/#website\",\"url\":\"https:\/\/cabellonews.com\/\",\"name\":\"cabellonews.com\",\"description\":\"Con Cobertura En Tamaulipas Y norte de Veracruz\",\"potentialAction\":[{\"@type\":\"SearchAction\",\"target\":{\"@type\":\"EntryPoint\",\"urlTemplate\":\"https:\/\/cabellonews.com\/?s={search_term_string}\"},\"query-input\":\"required name=search_term_string\"}],\"inLanguage\":\"en-US\"},{\"@type\":\"Person\",\"@id\":\"https:\/\/cabellonews.com\/#\/schema\/person\/7afe73bafa6cc5a24fd4c67dfd4379d8\",\"name\":\"cabellonews.com\",\"image\":{\"@type\":\"ImageObject\",\"inLanguage\":\"en-US\",\"@id\":\"https:\/\/cabellonews.com\/#\/schema\/person\/image\/\",\"url\":\"https:\/\/secure.gravatar.com\/avatar\/8d6324fc2806389aad4cd38639618406?s=96&d=mm&r=g\",\"contentUrl\":\"https:\/\/secure.gravatar.com\/avatar\/8d6324fc2806389aad4cd38639618406?s=96&d=mm&r=g\",\"caption\":\"cabellonews.com\"},\"sameAs\":[\"http:\/\/cabellonews.com\"],\"url\":\"https:\/\/cabellonews.com\/?author=1\"}]}<\/script>\n<!-- \/ Yoast SEO plugin. -->","yoast_head_json":{"title":"Promueve UTNL su oferta educativa a estudiantes de preparatoria - cabellonews.com","robots":{"index":"index","follow":"follow","max-snippet":"max-snippet:-1","max-image-preview":"max-image-preview:large","max-video-preview":"max-video-preview:-1"},"canonical":"https:\/\/cabellonews.com\/?p=1477","og_locale":"en_US","og_type":"article","og_title":"Promueve UTNL su oferta educativa a estudiantes de preparatoria - cabellonews.com","og_description":"-J\u00f3venes de las tres preparatorias municipales recorrieron las instalaciones de la Universidad Tecnol\u00f3gica de Nuevo Laredo Febrero 21 de 2025 Nuevo Laredo, Tamaulipas.\u2013 Como parte de las actividades de promoci\u00f3n, estudiantes de las tres preparatorias municipales de la ciudad, visitaron las instalaciones de la Universidad Tecnol\u00f3gica de Nuevo Laredo (UTNL) para conocer de primera mano las distintas carreras y programas acad\u00e9micos que ofrece la Universidad. El rector de la UTNL, Jos\u00e9 Antonio Tovar Lara, inform\u00f3 que la instituci\u00f3n recibi\u00f3 a alrededor de 180 alumnas y alumnos que cursan el sexto&hellip;","og_url":"https:\/\/cabellonews.com\/?p=1477","og_site_name":"cabellonews.com","article_published_time":"2025-02-21T03:01:53+00:00","article_modified_time":"2025-03-05T03:02:30+00:00","og_image":[{"width":1600,"height":1200,"url":"http:\/\/cabellonews.com\/wp-content\/uploads\/2025\/03\/6b323830-947a-4512-b026-39dc63efa761.jpeg","type":"image\/jpeg"}],"author":"cabellonews.com","twitter_card":"summary_large_image","twitter_misc":{"Written by":"cabellonews.com","Est. reading time":"2 minutes"},"schema":{"@context":"https:\/\/schema.org","@graph":[{"@type":"WebPage","@id":"https:\/\/cabellonews.com\/?p=1477","url":"https:\/\/cabellonews.com\/?p=1477","name":"Promueve UTNL su oferta educativa a estudiantes de preparatoria - cabellonews.com","isPartOf":{"@id":"https:\/\/cabellonews.com\/#website"},"datePublished":"2025-02-21T03:01:53+00:00","dateModified":"2025-03-05T03:02:30+00:00","author":{"@id":"https:\/\/cabellonews.com\/#\/schema\/person\/7afe73bafa6cc5a24fd4c67dfd4379d8"},"breadcrumb":{"@id":"https:\/\/cabellonews.com\/?p=1477#breadcrumb"},"inLanguage":"en-US","potentialAction":[{"@type":"ReadAction","target":["https:\/\/cabellonews.com\/?p=1477"]}]},{"@type":"BreadcrumbList","@id":"https:\/\/cabellonews.com\/?p=1477#breadcrumb","itemListElement":[{"@type":"ListItem","position":1,"name":"Inicio","item":"https:\/\/cabellonews.com\/"},{"@type":"ListItem","position":2,"name":"Promueve UTNL su oferta educativa a estudiantes de preparatoria"}]},{"@type":"WebSite","@id":"https:\/\/cabellonews.com\/#website","url":"https:\/\/cabellonews.com\/","name":"cabellonews.com","description":"Con Cobertura En Tamaulipas Y norte de Veracruz","potentialAction":[{"@type":"SearchAction","target":{"@type":"EntryPoint","urlTemplate":"https:\/\/cabellonews.com\/?s={search_term_string}"},"query-input":"required name=search_term_string"}],"inLanguage":"en-US"},{"@type":"Person","@id":"https:\/\/cabellonews.com\/#\/schema\/person\/7afe73bafa6cc5a24fd4c67dfd4379d8","name":"cabellonews.com","image":{"@type":"ImageObject","inLanguage":"en-US","@id":"https:\/\/cabellonews.com\/#\/schema\/person\/image\/","url":"https:\/\/secure.gravatar.com\/avatar\/8d6324fc2806389aad4cd38639618406?s=96&d=mm&r=g","contentUrl":"https:\/\/secure.gravatar.com\/avatar\/8d6324fc2806389aad4cd38639618406?s=96&d=mm&r=g","caption":"cabellonews.com"},"sameAs":["http:\/\/cabellonews.com"],"url":"https:\/\/cabellonews.com\/?author=1"}]}},"_links":{"self":[{"href":"https:\/\/cabellonews.com\/index.php?rest_route=\/wp\/v2\/posts\/1477"}],"collection":[{"href":"https:\/\/cabellonews.com\/index.php?rest_route=\/wp\/v2\/posts"}],"about":[{"href":"https:\/\/cabellonews.com\/index.php?rest_route=\/wp\/v2\/types\/post"}],"author":[{"embeddable":true,"href":"https:\/\/cabellonews.com\/index.php?rest_route=\/wp\/v2\/users\/1"}],"replies":[{"embeddable":true,"href":"https:\/\/cabellonews.com\/index.php?rest_route=%2Fwp%2Fv2%2Fcomments&post=1477"}],"version-history":[{"count":1,"href":"https:\/\/cabellonews.com\/index.php?rest_route=\/wp\/v2\/posts\/1477\/revisions"}],"predecessor-version":[{"id":1479,"href":"https:\/\/cabellonews.com\/index.php?rest_route=\/wp\/v2\/posts\/1477\/revisions\/1479"}],"wp:featuredmedia":[{"embeddable":true,"href":"https:\/\/cabellonews.com\/index.php?rest_route=\/wp\/v2\/media\/1478"}],"wp:attachment":[{"href":"https:\/\/cabellonews.com\/index.php?rest_route=%2Fwp%2Fv2%2Fmedia&parent=1477"}],"wp:term":[{"taxonomy":"category","embeddable":true,"href":"https:\/\/cabellonews.com\/index.php?rest_route=%2Fwp%2Fv2%2Fcategories&post=1477"},{"taxonomy":"post_tag","embeddable":true,"href":"https:\/\/cabellonews.com\/index.php?rest_route=%2Fwp%2Fv2%2Ftags&post=1477"}],"curies":[{"name":"wp","href":"https:\/\/api.w.org\/{rel}","templated":true}]}}